{"id":89395,"date":"2025-10-16T15:32:43","date_gmt":"2025-10-16T15:32:43","guid":{"rendered":"https:\/\/www.africa-press.net\/niger\/politique\/rentree-academique-2025-2026-a-dosso-pour-550-027-eleves"},"modified":"2025-10-16T15:40:01","modified_gmt":"2025-10-16T15:40:01","slug":"rentree-academique-2025-2026-a-dosso-pour-550-027-eleves","status":"publish","type":"post","link":"https:\/\/www.africa-press.net\/niger\/culture-et-art\/rentree-academique-2025-2026-a-dosso-pour-550-027-eleves","title":{"rendered":"Rentr\u00e9e Acad\u00e9mique 2025-2026 \u00e0 Dosso Pour 550 027 \u00c9l\u00e8ves"},"content":{"rendered":"<p><span style=\"color: #ff6600\"><strong>Africa-Press &#8211; Niger. <\/strong><\/span>La rentre\u0301e acade\u0301mique 2025-2026 au niveau des cycles primaire et secondaire a e\u0301te\u0301 effective ce mercredi 15 octobre a\u0300 Dosso. Elle a e\u0301te\u0301 officiellement lance\u0301e par le Gouverneur de la Re\u0301gion, le Colonel-major Bana Alhassane, entoure\u0301 du Secre\u0301taire ge\u0301ne\u0301ral de la Re\u0301gion, du Pre\u0301fet du De\u0301partement de Dosso, des responsables des Forces de De\u0301fense et de Se\u0301curite\u0301, ainsi que des cadres techniques, centraux et des partenaires du secteur e\u0301ducatif.<\/p>\n<p>La ce\u0301re\u0301monie s\u2019est de\u0301roule\u0301e a\u0300 l\u2019e\u0301cole Humanite\u0301 ou\u0300 la de\u0301le\u0301gation a assiste\u0301 a\u0300 la monte\u0301e des couleurs, marque\u0301e par l\u2019exe\u0301cution de l\u2019hymne national du Niger. Le Gouverneur de la re\u0301gion de Dosso a prodigue\u0301 des sages conseils aux e\u0301le\u0300ves, les invitant a\u0300 se remettre se\u0301rieusement au travail apre\u0300s les vacances.<\/p>\n<p>\u00ab Les vacances sont termine\u0301es. C\u2019est le moment de se mettre a\u0300 l\u2019\u0153uvre neuf mois sur neuf, car une anne\u0301e scolaire se pre\u0301pare de\u0300s le jour de la rentre\u0301e. L\u2019E\u0301tat a re\u0301uni toutes les conditions pour vous assurer une bonne anne\u0301e acade\u0301mique, le reste vous revient en travaillant avec discipline \u00bb, a de\u0301clare\u0301 le Gouverneur de la Re\u0301gion de Dosso.<\/p>\n<p>Le Colonel-major Bana Alhassane a insiste\u0301 sur la discipline, la perse\u0301ve\u0301rance et le respect des enseignants et des parents comme gages de re\u0301ussite avant d\u2019appeler les e\u0301le\u0300ves a\u0300 e\u0301viter la distraction et l\u2019usage excessif des te\u0301le\u0301phones portables, a\u0300 e\u0302tre attentifs, a\u0300 travailler dur et a\u0300 e\u0301couter leurs enseignants, car c\u2019est ainsi qu\u2019ils ba\u0302tiront leur avenir.<\/p>\n<p>Le Gouverneur de Dosso a e\u0301galement lance\u0301 un appel aux parents d\u2019e\u0301le\u0300ves afin qu\u2019ils s\u2019impliquent davantage dans le suivi scolaire de leurs enfants. Il a enfin donne\u0301 rendez-vous a\u0300 la fin de l\u2019anne\u0301e scolaire pour, espe\u0300re-t-il, ce\u0301le\u0301brer la re\u0301gion de Dosso comme premie\u0300re sur le plan e\u0301ducatif national.<\/p>\n<p>Au cours de cette journe\u0301e, la de\u0301le\u0301gation a visite\u0301 plusieurs e\u0301tablissements scolaires dont l\u2019e\u0301cole primaire Boukar, le CFTP de Dosso et le centre de formation Mazayaki. Partout, le me\u0302me message a e\u0301te\u0301 de\u0301livre\u0301: travail, discipline et engagement pour la re\u0301ussite<\/p>\n<p>Le Directeur Re\u0301gional de l\u2019E\u0301ducation Nationale, de l\u2019Alphabe\u0301tisation et de la Promotion des Langues, M. Issa Maidanda a, pour sa part, salue\u0301 les efforts du Gouvernement dans l\u2019ame\u0301lioration des conditions d\u2019enseignement.<\/p>\n<p>Cette anne\u0301e, note-t-on, la Re\u0301gion de Dosso compte 550 027 e\u0301le\u0300ves. Une particularite\u0301 distingue cette rentre\u0301e: la mise a\u0300 disposition de plus de 120 tonnes de fournitures scolaires ainsi que la dotation comple\u0300te en manuels scolaires, du pre\u0301scolaire a\u0300 la terminale, une premie\u0300re dans l\u2019histoire e\u0301ducative de la re\u0301gion.<\/p>\n<p>Le slogan retenu pour cette anne\u0301e acade\u0301mique est \u00ab 100 F pour la patrie, un geste pour l\u2019avenir \u00bb. Dans cet esprit, plusieurs e\u0301tablissements ont tenu a\u0300 marquer leur engagement patriotique en remettant au Gouverneur de la re\u0301gion de Dosso leurs cotisations du mois d\u2019octobre des e\u0301le\u0300ves et celles des enseignants, en guise de contribution symbolique a\u0300 cette initiative nationale.<\/p>\n<p>A\u0300 l\u2019issue des visites, le Gouverneur de la Re\u0301gion de Dosso s\u2019est dit satisfait de l\u2019e\u0301tat de pre\u0301paration observe\u0301 dans les diffe\u0301rents e\u0301tablissements. \u00ab J\u2019ai trouve\u0301 des e\u0301le\u0300ves enthousiastes, pre\u0302ts a\u0300 affronter l\u2019anne\u0301e acade\u0301mique 2025-2026, et un corps enseignant mobilise\u0301 et motive\u0301. Toutes les conditions sont re\u0301unies pour garantir une rentre\u0301e re\u0301ussie. Les fournitures attribue\u0301es a\u0300 la re\u0301gion ont e\u0301te\u0301 distribue\u0301es et chaque e\u0301le\u0300ve dispose du mate\u0301riel ne\u0301cessaire \u00bb, a-t-il de\u0301clare\u0301.<br \/>\n<b> <\/b><\/p>\n<p><strong>Pour plus d&rsquo;informations et d&rsquo;analyses sur la <span style=\"color: #ff6600\">Niger<\/span>, suivez <span style=\"color: #ff6600\">Africa-Press<\/span><\/strong><\/p>\n","protected":false},"excerpt":{"rendered":"<p>Africa-Press &#8211; Niger. La rentre\u0301e acade\u0301mique 2025-2026 au niveau des cycles primaire et secondaire a e\u0301te\u0301 effective ce mercredi 15 octobre a\u0300 Dosso. Elle a e\u0301te\u0301 officiellement lance\u0301e par le Gouverneur de la Re\u0301gion, le Colonel-major Bana Alhassane, entoure\u0301 du Secre\u0301taire ge\u0301ne\u0301ral de la Re\u0301gion, du Pre\u0301fet du De\u0301partement de Dosso, des responsables des Forces [&hellip;]<\/p>\n","protected":false},"author":82,"featured_media":89394,"comment_status":"open","ping_status":"closed","sticky":false,"template":"","format":"standard","meta":{"footnotes":""},"categories":[5,10],"tags":[29],"class_list":["post-89395","post","type-post","status-publish","format-standard","has-post-thumbnail","hentry","category-culture-et-art","category-toutes-les-actualites","tag-niger"],"yoast_head":"<!-- This site is optimized with the Yoast SEO Premium plugin v26.1 (Yoast SEO v27.0) - https:\/\/yoast.com\/product\/yoast-seo-premium-wordpress\/ -->\n<title>Rentr\u00e9e Acad\u00e9mique 2025-2026 \u00e0 Dosso Pour 550 027 \u00c9l\u00e8ves - niger<\/title>\n<meta name=\"description\" content=\"La rentre\u0301e acade\u0301mique 2025-2026 au niveau des cycles primaire et secondaire a e\u0301te\u0301 effective ce mercredi 15 octobre a ...\" \/>\n<meta name=\"robots\" content=\"index, follow, max-snippet:-1, max-image-preview:large, max-video-preview:-1\" \/>\n<link rel=\"canonical\" href=\"https:\/\/www.africa-press.net\/niger\/culture-et-art\/rentree-academique-2025-2026-a-dosso-pour-550-027-eleves\" \/>\n<meta property=\"og:locale\" content=\"fr_FR\" \/>\n<meta property=\"og:type\" content=\"article\" \/>\n<meta property=\"og:title\" content=\"Rentr\u00e9e Acad\u00e9mique 2025-2026 \u00e0 Dosso Pour 550 027 \u00c9l\u00e8ves\" \/>\n<meta property=\"og:description\" content=\"La rentre\u0301e acade\u0301mique 2025-2026 au niveau des cycles primaire et secondaire a e\u0301te\u0301 effective ce mercredi 15 octobre a ...\" \/>\n<meta property=\"og:url\" content=\"https:\/\/www.africa-press.net\/niger\/culture-et-art\/rentree-academique-2025-2026-a-dosso-pour-550-027-eleves\" \/>\n<meta property=\"og:site_name\" content=\"niger\" \/>\n<meta property=\"article:published_time\" content=\"2025-10-16T15:32:43+00:00\" \/>\n<meta property=\"article:modified_time\" content=\"2025-10-16T15:40:01+00:00\" \/>\n<meta property=\"og:image\" content=\"https:\/\/static.africa-press.net\/niger\/sites\/40\/2025\/10\/sm_1760616552.428919.jpg\" \/>\n\t<meta property=\"og:image:width\" content=\"600\" \/>\n\t<meta property=\"og:image:height\" content=\"257\" \/>\n\t<meta property=\"og:image:type\" content=\"image\/jpeg\" \/>\n<meta name=\"author\" content=\"cfeditorfr\" \/>\n<meta name=\"twitter:card\" content=\"summary_large_image\" \/>\n<meta name=\"twitter:label1\" content=\"\u00c9crit par\" \/>\n\t<meta name=\"twitter:data1\" content=\"cfeditorfr\" \/>\n\t<meta name=\"twitter:label2\" content=\"Dur\u00e9e de lecture estim\u00e9e\" \/>\n\t<meta name=\"twitter:data2\" content=\"3 minutes\" \/>\n<script type=\"application\/ld+json\" class=\"yoast-schema-graph\">{\"@context\":\"https:\/\/schema.org\",\"@graph\":[{\"@type\":\"Article\",\"@id\":\"https:\/\/www.africa-press.net\/niger\/culture-et-art\/rentree-academique-2025-2026-a-dosso-pour-550-027-eleves#article\",\"isPartOf\":{\"@id\":\"https:\/\/www.africa-press.net\/niger\/culture-et-art\/rentree-academique-2025-2026-a-dosso-pour-550-027-eleves\"},\"author\":{\"name\":\"cfeditorfr\",\"@id\":\"https:\/\/www.africa-press.net\/niger\/#\/schema\/person\/2b1cf3cd81a31e3cd26889ca66d677f1\"},\"headline\":\"Rentr\u00e9e Acad\u00e9mique 2025-2026 \u00e0 Dosso Pour 550 027 \u00c9l\u00e8ves\",\"datePublished\":\"2025-10-16T15:32:43+00:00\",\"dateModified\":\"2025-10-16T15:40:01+00:00\",\"mainEntityOfPage\":{\"@id\":\"https:\/\/www.africa-press.net\/niger\/culture-et-art\/rentree-academique-2025-2026-a-dosso-pour-550-027-eleves\"},\"wordCount\":687,\"commentCount\":1,\"image\":{\"@id\":\"https:\/\/www.africa-press.net\/niger\/culture-et-art\/rentree-academique-2025-2026-a-dosso-pour-550-027-eleves#primaryimage\"},\"thumbnailUrl\":\"https:\/\/static.africa-press.net\/niger\/sites\/40\/2025\/10\/sm_1760616552.428919.jpg\",\"keywords\":[\"Niger\"],\"articleSection\":[\"Culture et Art\",\"Toutes les actualit\u00e9s\"],\"inLanguage\":\"fr-FR\",\"potentialAction\":[{\"@type\":\"CommentAction\",\"name\":\"Comment\",\"target\":[\"https:\/\/www.africa-press.net\/niger\/culture-et-art\/rentree-academique-2025-2026-a-dosso-pour-550-027-eleves#respond\"]}]},{\"@type\":\"WebPage\",\"@id\":\"https:\/\/www.africa-press.net\/niger\/culture-et-art\/rentree-academique-2025-2026-a-dosso-pour-550-027-eleves\",\"url\":\"https:\/\/www.africa-press.net\/niger\/culture-et-art\/rentree-academique-2025-2026-a-dosso-pour-550-027-eleves\",\"name\":\"Rentr\u00e9e Acad\u00e9mique 2025-2026 \u00e0 Dosso Pour 550 027 \u00c9l\u00e8ves - niger\",\"isPartOf\":{\"@id\":\"https:\/\/www.africa-press.net\/niger\/#website\"},\"primaryImageOfPage\":{\"@id\":\"https:\/\/www.africa-press.net\/niger\/culture-et-art\/rentree-academique-2025-2026-a-dosso-pour-550-027-eleves#primaryimage\"},\"image\":{\"@id\":\"https:\/\/www.africa-press.net\/niger\/culture-et-art\/rentree-academique-2025-2026-a-dosso-pour-550-027-eleves#primaryimage\"},\"thumbnailUrl\":\"https:\/\/static.africa-press.net\/niger\/sites\/40\/2025\/10\/sm_1760616552.428919.jpg\",\"datePublished\":\"2025-10-16T15:32:43+00:00\",\"dateModified\":\"2025-10-16T15:40:01+00:00\",\"author\":{\"@id\":\"https:\/\/www.africa-press.net\/niger\/#\/schema\/person\/2b1cf3cd81a31e3cd26889ca66d677f1\"},\"description\":\"La rentre\u0301e acade\u0301mique 2025-2026 au niveau des cycles primaire et secondaire a e\u0301te\u0301 effective ce mercredi 15 octobre a ...\",\"breadcrumb\":{\"@id\":\"https:\/\/www.africa-press.net\/niger\/culture-et-art\/rentree-academique-2025-2026-a-dosso-pour-550-027-eleves#breadcrumb\"},\"inLanguage\":\"fr-FR\",\"potentialAction\":[{\"@type\":\"ReadAction\",\"target\":[\"https:\/\/www.africa-press.net\/niger\/culture-et-art\/rentree-academique-2025-2026-a-dosso-pour-550-027-eleves\"]}]},{\"@type\":\"ImageObject\",\"inLanguage\":\"fr-FR\",\"@id\":\"https:\/\/www.africa-press.net\/niger\/culture-et-art\/rentree-academique-2025-2026-a-dosso-pour-550-027-eleves#primaryimage\",\"url\":\"https:\/\/static.africa-press.net\/niger\/sites\/40\/2025\/10\/sm_1760616552.428919.jpg\",\"contentUrl\":\"https:\/\/static.africa-press.net\/niger\/sites\/40\/2025\/10\/sm_1760616552.428919.jpg\",\"width\":600,\"height\":257,\"caption\":\"Rentr\u00e9e Acad\u00e9mique 2025-2026 \u00e0 Dosso Pour 550 027 \u00c9l\u00e8ves\"},{\"@type\":\"BreadcrumbList\",\"@id\":\"https:\/\/www.africa-press.net\/niger\/culture-et-art\/rentree-academique-2025-2026-a-dosso-pour-550-027-eleves#breadcrumb\",\"itemListElement\":[{\"@type\":\"ListItem\",\"position\":1,\"name\":\"Accueil\",\"item\":\"https:\/\/www.africa-press.net\/niger\/\"},{\"@type\":\"ListItem\",\"position\":2,\"name\":\"Rentr\u00e9e Acad\u00e9mique 2025-2026 \u00e0 Dosso Pour 550 027 \u00c9l\u00e8ves\"}]},{\"@type\":\"WebSite\",\"@id\":\"https:\/\/www.africa-press.net\/niger\/#website\",\"url\":\"https:\/\/www.africa-press.net\/niger\/\",\"name\":\"niger\",\"description\":\"Just another Africa News Agency Sites site\",\"potentialAction\":[{\"@type\":\"SearchAction\",\"target\":{\"@type\":\"EntryPoint\",\"urlTemplate\":\"https:\/\/www.africa-press.net\/niger\/?s={search_term_string}\"},\"query-input\":{\"@type\":\"PropertyValueSpecification\",\"valueRequired\":true,\"valueName\":\"search_term_string\"}}],\"inLanguage\":\"fr-FR\"},{\"@type\":\"Person\",\"@id\":\"https:\/\/www.africa-press.net\/niger\/#\/schema\/person\/2b1cf3cd81a31e3cd26889ca66d677f1\",\"name\":\"cfeditorfr\"}]}<\/script>\n<!-- \/ Yoast SEO Premium plugin. -->","yoast_head_json":{"title":"Rentr\u00e9e Acad\u00e9mique 2025-2026 \u00e0 Dosso Pour 550 027 \u00c9l\u00e8ves - niger","description":"La rentre\u0301e acade\u0301mique 2025-2026 au niveau des cycles primaire et secondaire a e\u0301te\u0301 effective ce mercredi 15 octobre a ...","robots":{"index":"index","follow":"follow","max-snippet":"max-snippet:-1","max-image-preview":"max-image-preview:large","max-video-preview":"max-video-preview:-1"},"canonical":"https:\/\/www.africa-press.net\/niger\/culture-et-art\/rentree-academique-2025-2026-a-dosso-pour-550-027-eleves","og_locale":"fr_FR","og_type":"article","og_title":"Rentr\u00e9e Acad\u00e9mique 2025-2026 \u00e0 Dosso Pour 550 027 \u00c9l\u00e8ves","og_description":"La rentre\u0301e acade\u0301mique 2025-2026 au niveau des cycles primaire et secondaire a e\u0301te\u0301 effective ce mercredi 15 octobre a ...","og_url":"https:\/\/www.africa-press.net\/niger\/culture-et-art\/rentree-academique-2025-2026-a-dosso-pour-550-027-eleves","og_site_name":"niger","article_published_time":"2025-10-16T15:32:43+00:00","article_modified_time":"2025-10-16T15:40:01+00:00","og_image":[{"width":600,"height":257,"url":"https:\/\/static.africa-press.net\/niger\/sites\/40\/2025\/10\/sm_1760616552.428919.jpg","type":"image\/jpeg"}],"author":"cfeditorfr","twitter_card":"summary_large_image","twitter_misc":{"\u00c9crit par":"cfeditorfr","Dur\u00e9e de lecture estim\u00e9e":"3 minutes"},"schema":{"@context":"https:\/\/schema.org","@graph":[{"@type":"Article","@id":"https:\/\/www.africa-press.net\/niger\/culture-et-art\/rentree-academique-2025-2026-a-dosso-pour-550-027-eleves#article","isPartOf":{"@id":"https:\/\/www.africa-press.net\/niger\/culture-et-art\/rentree-academique-2025-2026-a-dosso-pour-550-027-eleves"},"author":{"name":"cfeditorfr","@id":"https:\/\/www.africa-press.net\/niger\/#\/schema\/person\/2b1cf3cd81a31e3cd26889ca66d677f1"},"headline":"Rentr\u00e9e Acad\u00e9mique 2025-2026 \u00e0 Dosso Pour 550 027 \u00c9l\u00e8ves","datePublished":"2025-10-16T15:32:43+00:00","dateModified":"2025-10-16T15:40:01+00:00","mainEntityOfPage":{"@id":"https:\/\/www.africa-press.net\/niger\/culture-et-art\/rentree-academique-2025-2026-a-dosso-pour-550-027-eleves"},"wordCount":687,"commentCount":1,"image":{"@id":"https:\/\/www.africa-press.net\/niger\/culture-et-art\/rentree-academique-2025-2026-a-dosso-pour-550-027-eleves#primaryimage"},"thumbnailUrl":"https:\/\/static.africa-press.net\/niger\/sites\/40\/2025\/10\/sm_1760616552.428919.jpg","keywords":["Niger"],"articleSection":["Culture et Art","Toutes les actualit\u00e9s"],"inLanguage":"fr-FR","potentialAction":[{"@type":"CommentAction","name":"Comment","target":["https:\/\/www.africa-press.net\/niger\/culture-et-art\/rentree-academique-2025-2026-a-dosso-pour-550-027-eleves#respond"]}]},{"@type":"WebPage","@id":"https:\/\/www.africa-press.net\/niger\/culture-et-art\/rentree-academique-2025-2026-a-dosso-pour-550-027-eleves","url":"https:\/\/www.africa-press.net\/niger\/culture-et-art\/rentree-academique-2025-2026-a-dosso-pour-550-027-eleves","name":"Rentr\u00e9e Acad\u00e9mique 2025-2026 \u00e0 Dosso Pour 550 027 \u00c9l\u00e8ves - niger","isPartOf":{"@id":"https:\/\/www.africa-press.net\/niger\/#website"},"primaryImageOfPage":{"@id":"https:\/\/www.africa-press.net\/niger\/culture-et-art\/rentree-academique-2025-2026-a-dosso-pour-550-027-eleves#primaryimage"},"image":{"@id":"https:\/\/www.africa-press.net\/niger\/culture-et-art\/rentree-academique-2025-2026-a-dosso-pour-550-027-eleves#primaryimage"},"thumbnailUrl":"https:\/\/static.africa-press.net\/niger\/sites\/40\/2025\/10\/sm_1760616552.428919.jpg","datePublished":"2025-10-16T15:32:43+00:00","dateModified":"2025-10-16T15:40:01+00:00","author":{"@id":"https:\/\/www.africa-press.net\/niger\/#\/schema\/person\/2b1cf3cd81a31e3cd26889ca66d677f1"},"description":"La rentre\u0301e acade\u0301mique 2025-2026 au niveau des cycles primaire et secondaire a e\u0301te\u0301 effective ce mercredi 15 octobre a ...","breadcrumb":{"@id":"https:\/\/www.africa-press.net\/niger\/culture-et-art\/rentree-academique-2025-2026-a-dosso-pour-550-027-eleves#breadcrumb"},"inLanguage":"fr-FR","potentialAction":[{"@type":"ReadAction","target":["https:\/\/www.africa-press.net\/niger\/culture-et-art\/rentree-academique-2025-2026-a-dosso-pour-550-027-eleves"]}]},{"@type":"ImageObject","inLanguage":"fr-FR","@id":"https:\/\/www.africa-press.net\/niger\/culture-et-art\/rentree-academique-2025-2026-a-dosso-pour-550-027-eleves#primaryimage","url":"https:\/\/static.africa-press.net\/niger\/sites\/40\/2025\/10\/sm_1760616552.428919.jpg","contentUrl":"https:\/\/static.africa-press.net\/niger\/sites\/40\/2025\/10\/sm_1760616552.428919.jpg","width":600,"height":257,"caption":"Rentr\u00e9e Acad\u00e9mique 2025-2026 \u00e0 Dosso Pour 550 027 \u00c9l\u00e8ves"},{"@type":"BreadcrumbList","@id":"https:\/\/www.africa-press.net\/niger\/culture-et-art\/rentree-academique-2025-2026-a-dosso-pour-550-027-eleves#breadcrumb","itemListElement":[{"@type":"ListItem","position":1,"name":"Accueil","item":"https:\/\/www.africa-press.net\/niger\/"},{"@type":"ListItem","position":2,"name":"Rentr\u00e9e Acad\u00e9mique 2025-2026 \u00e0 Dosso Pour 550 027 \u00c9l\u00e8ves"}]},{"@type":"WebSite","@id":"https:\/\/www.africa-press.net\/niger\/#website","url":"https:\/\/www.africa-press.net\/niger\/","name":"niger","description":"Just another Africa News Agency Sites site","potentialAction":[{"@type":"SearchAction","target":{"@type":"EntryPoint","urlTemplate":"https:\/\/www.africa-press.net\/niger\/?s={search_term_string}"},"query-input":{"@type":"PropertyValueSpecification","valueRequired":true,"valueName":"search_term_string"}}],"inLanguage":"fr-FR"},{"@type":"Person","@id":"https:\/\/www.africa-press.net\/niger\/#\/schema\/person\/2b1cf3cd81a31e3cd26889ca66d677f1","name":"cfeditorfr"}]}},"_links":{"self":[{"href":"https:\/\/www.africa-press.net\/niger\/wp-json\/wp\/v2\/posts\/89395","targetHints":{"allow":["GET"]}}],"collection":[{"href":"https:\/\/www.africa-press.net\/niger\/wp-json\/wp\/v2\/posts"}],"about":[{"href":"https:\/\/www.africa-press.net\/niger\/wp-json\/wp\/v2\/types\/post"}],"author":[{"embeddable":true,"href":"https:\/\/www.africa-press.net\/niger\/wp-json\/wp\/v2\/users\/82"}],"replies":[{"embeddable":true,"href":"https:\/\/www.africa-press.net\/niger\/wp-json\/wp\/v2\/comments?post=89395"}],"version-history":[{"count":0,"href":"https:\/\/www.africa-press.net\/niger\/wp-json\/wp\/v2\/posts\/89395\/revisions"}],"wp:featuredmedia":[{"embeddable":true,"href":"https:\/\/www.africa-press.net\/niger\/wp-json\/wp\/v2\/media\/89394"}],"wp:attachment":[{"href":"https:\/\/www.africa-press.net\/niger\/wp-json\/wp\/v2\/media?parent=89395"}],"wp:term":[{"taxonomy":"category","embeddable":true,"href":"https:\/\/www.africa-press.net\/niger\/wp-json\/wp\/v2\/categories?post=89395"},{"taxonomy":"post_tag","embeddable":true,"href":"https:\/\/www.africa-press.net\/niger\/wp-json\/wp\/v2\/tags?post=89395"}],"curies":[{"name":"wp","href":"https:\/\/api.w.org\/{rel}","templated":true}]}}