{"id":9032,"date":"2021-07-22T16:30:24","date_gmt":"2021-07-22T16:30:24","guid":{"rendered":"https:\/\/www.africa-press.net\/niger\/?p=9032"},"modified":"2021-07-22T19:00:54","modified_gmt":"2021-07-22T19:00:54","slug":"dosso-a-fete-dans-la-ferveur-la-fete-de-la-tabaski","status":"publish","type":"post","link":"https:\/\/www.africa-press.net\/niger\/culture-et-art\/dosso-a-fete-dans-la-ferveur-la-fete-de-la-tabaski","title":{"rendered":"Dosso a f\u00eat\u00e9 dans la ferveur la f\u00eate de la Tabaski"},"content":{"rendered":"<p><span style=\"color: #ff6600\"><strong><a href=\"https:\/\/www.africa-press.net\/\">Africa-Press<\/a> &#8211; <a href=\"https:\/\/www.africa-press.net\/niger\">Niger<\/a>.\u00a0 <\/strong><\/span>\u00a0La communaut\u00e9 musulmane de Dosso a f\u00eat\u00e9, le mardi 20 juillet 2021, dans la ferveur religieuse, la f\u00eate de Tabaski ou f\u00eate du mouton.<\/p>\n<p>Dans les diff\u00e9rentes mosqu\u00e9es de vendredi, les fid\u00e8les se sont rassembl\u00e9s pour accomplir leur devoir religieux.<\/p>\n<p>A la grande mosqu\u00e9e de Dosso, la pri\u00e8re a \u00e9t\u00e9 dirig\u00e9e par l\u2019Imam, check ibrahim Marafa en pr\u00e9sence du secr\u00e9taire g\u00e9n\u00e9ral de la r\u00e9gion de Dosso, M. Assoumana Amadou, des autorit\u00e9s administratives et coutumi\u00e8res, des d\u00e9put\u00e9s nationaux de la r\u00e9gion et plusieurs personnalit\u00e9s civiles et militaires.<\/p>\n<p>Apr\u00e8s les deux RAKAAS, l\u2019iman de Dosso a prononc\u00e9 la koutouba au cours de laquelle il a longuement expliqu\u00e9 le sens de la pr\u00e9sente manifestation avant de proc\u00e9der \u00e0 l\u2019immolation de son mouton donnant ainsi le coup d\u2019envoi \u00e0 travers toute la ville.<\/p>\n<p>Quelques instants apr\u00e8s le secr\u00e9taire g\u00e9n\u00e9ral de la r\u00e9gion et les personnalit\u00e9s qui l\u2019accompagnent se sont rendus au sultanat pour souhaiter bonne f\u00eate \u00e0 l\u2019honorable sultan de Dosso Ma\u00efdanda Seydou Djermakoye.<\/p>\n<p>Le secr\u00e9taire g\u00e9n\u00e9ral de la r\u00e9gion de Dosso a saisi l\u2019opportunit\u00e9 pour \u00e9voquer certaines questions de l\u2019heure \u00e0 savoir la s\u00e9curit\u00e9 des personnes et des biens, la coh\u00e9sion sociale ainsi que le d\u00e9roulement de la campagne agricole.<\/p>\n<p>Le sultan de Dosso a, pour sa part, remerci\u00e9 le secr\u00e9taire g\u00e9n\u00e9ral de la r\u00e9gion pour cette marque d\u2019int\u00e9r\u00eat qui honore le sultanat de Dosso.<\/p>\n<p>Djermakoye Ma\u00efdanda Seydou a, par la m\u00eame occasion, souhait\u00e9 une bonne saison des pluies pour l\u2019ensemble du pays tout en esp\u00e9rant que \u2018\u2019les forces de d\u00e9fense et de s\u00e9curit\u00e9 remportent davantage des victoires sur les terroristes\u2019\u2019. La f\u00eate s\u2019est poursuivie aujourd\u2019hui avec notamment la traditionnelle distribution de viande aux parents, amis et connaissances et autres n\u00e9cessiteux.<\/p>\n","protected":false},"excerpt":{"rendered":"<p>Africa-Press &#8211; Niger.\u00a0 \u00a0La communaut\u00e9 musulmane de Dosso a f\u00eat\u00e9, le mardi 20 juillet 2021, dans la ferveur religieuse, la f\u00eate de Tabaski ou f\u00eate du mouton. Dans les diff\u00e9rentes mosqu\u00e9es de vendredi, les fid\u00e8les se sont rassembl\u00e9s pour accomplir leur devoir religieux. A la grande mosqu\u00e9e de Dosso, la pri\u00e8re a \u00e9t\u00e9 dirig\u00e9e par [&hellip;]<\/p>\n","protected":false},"author":82,"featured_media":9031,"comment_status":"open","ping_status":"closed","sticky":false,"template":"","format":"standard","meta":{"footnotes":""},"categories":[5,11,10],"tags":[55,60,29],"class_list":["post-9032","post","type-post","status-publish","format-standard","has-post-thumbnail","hentry","category-culture-et-art","category-homepage-french","category-toutes-les-actualites","tag-africa-press","tag-africa-press-niger","tag-niger"],"yoast_head":"<!-- This site is optimized with the Yoast SEO Premium plugin v26.1 (Yoast SEO v27.0) - https:\/\/yoast.com\/product\/yoast-seo-premium-wordpress\/ -->\n<title>Dosso a f\u00eat\u00e9 dans la ferveur la f\u00eate de la Tabaski - niger<\/title>\n<meta name=\"description\" content=\"21 Juillet (ANP) - La communaut\u00e9 musulmane de Dosso a f\u00eat\u00e9, le mardi 20 juillet 2021, dans la ferveur religieuse, la f\u00eat ...\" \/>\n<meta name=\"robots\" content=\"index, follow, max-snippet:-1, max-image-preview:large, max-video-preview:-1\" \/>\n<link rel=\"canonical\" href=\"https:\/\/www.africa-press.net\/niger\/culture-et-art\/dosso-a-fete-dans-la-ferveur-la-fete-de-la-tabaski\" \/>\n<meta property=\"og:locale\" content=\"fr_FR\" \/>\n<meta property=\"og:type\" content=\"article\" \/>\n<meta property=\"og:title\" content=\"Dosso a f\u00eat\u00e9 dans la ferveur la f\u00eate de la Tabaski\" \/>\n<meta property=\"og:description\" content=\"21 Juillet (ANP) - La communaut\u00e9 musulmane de Dosso a f\u00eat\u00e9, le mardi 20 juillet 2021, dans la ferveur religieuse, la f\u00eat ...\" \/>\n<meta property=\"og:url\" content=\"https:\/\/www.africa-press.net\/niger\/culture-et-art\/dosso-a-fete-dans-la-ferveur-la-fete-de-la-tabaski\" \/>\n<meta property=\"og:site_name\" content=\"niger\" \/>\n<meta property=\"article:published_time\" content=\"2021-07-22T16:30:24+00:00\" \/>\n<meta property=\"article:modified_time\" content=\"2021-07-22T19:00:54+00:00\" \/>\n<meta property=\"og:image\" content=\"https:\/\/static.africa-press.net\/niger\/sites\/40\/2021\/07\/img-60f99af4eba24.jpg\" \/>\n\t<meta property=\"og:image:width\" content=\"985\" \/>\n\t<meta property=\"og:image:height\" content=\"576\" \/>\n\t<meta property=\"og:image:type\" content=\"image\/jpeg\" \/>\n<meta name=\"author\" content=\"cfeditorfr\" \/>\n<meta name=\"twitter:card\" content=\"summary_large_image\" \/>\n<meta name=\"twitter:label1\" content=\"\u00c9crit par\" \/>\n\t<meta name=\"twitter:data1\" content=\"cfeditorfr\" \/>\n\t<meta name=\"twitter:label2\" content=\"Dur\u00e9e de lecture estim\u00e9e\" \/>\n\t<meta name=\"twitter:data2\" content=\"2 minutes\" \/>\n<script type=\"application\/ld+json\" class=\"yoast-schema-graph\">{\"@context\":\"https:\/\/schema.org\",\"@graph\":[{\"@type\":\"Article\",\"@id\":\"https:\/\/www.africa-press.net\/niger\/culture-et-art\/dosso-a-fete-dans-la-ferveur-la-fete-de-la-tabaski#article\",\"isPartOf\":{\"@id\":\"https:\/\/www.africa-press.net\/niger\/culture-et-art\/dosso-a-fete-dans-la-ferveur-la-fete-de-la-tabaski\"},\"author\":{\"name\":\"cfeditorfr\",\"@id\":\"https:\/\/www.africa-press.net\/niger\/#\/schema\/person\/2b1cf3cd81a31e3cd26889ca66d677f1\"},\"headline\":\"Dosso a f\u00eat\u00e9 dans la ferveur la f\u00eate de la Tabaski\",\"datePublished\":\"2021-07-22T16:30:24+00:00\",\"dateModified\":\"2021-07-22T19:00:54+00:00\",\"mainEntityOfPage\":{\"@id\":\"https:\/\/www.africa-press.net\/niger\/culture-et-art\/dosso-a-fete-dans-la-ferveur-la-fete-de-la-tabaski\"},\"wordCount\":352,\"commentCount\":0,\"image\":{\"@id\":\"https:\/\/www.africa-press.net\/niger\/culture-et-art\/dosso-a-fete-dans-la-ferveur-la-fete-de-la-tabaski#primaryimage\"},\"thumbnailUrl\":\"https:\/\/static.africa-press.net\/niger\/sites\/40\/2021\/07\/img-60f99af4eba24.jpg\",\"keywords\":[\"Africa Press\",\"Africa Press-Niger\",\"Niger\"],\"articleSection\":[\"Culture et Art\",\"homepage-french\",\"Toutes les actualit\u00e9s\"],\"inLanguage\":\"fr-FR\",\"potentialAction\":[{\"@type\":\"CommentAction\",\"name\":\"Comment\",\"target\":[\"https:\/\/www.africa-press.net\/niger\/culture-et-art\/dosso-a-fete-dans-la-ferveur-la-fete-de-la-tabaski#respond\"]}]},{\"@type\":\"WebPage\",\"@id\":\"https:\/\/www.africa-press.net\/niger\/culture-et-art\/dosso-a-fete-dans-la-ferveur-la-fete-de-la-tabaski\",\"url\":\"https:\/\/www.africa-press.net\/niger\/culture-et-art\/dosso-a-fete-dans-la-ferveur-la-fete-de-la-tabaski\",\"name\":\"Dosso a f\u00eat\u00e9 dans la ferveur la f\u00eate de la Tabaski - niger\",\"isPartOf\":{\"@id\":\"https:\/\/www.africa-press.net\/niger\/#website\"},\"primaryImageOfPage\":{\"@id\":\"https:\/\/www.africa-press.net\/niger\/culture-et-art\/dosso-a-fete-dans-la-ferveur-la-fete-de-la-tabaski#primaryimage\"},\"image\":{\"@id\":\"https:\/\/www.africa-press.net\/niger\/culture-et-art\/dosso-a-fete-dans-la-ferveur-la-fete-de-la-tabaski#primaryimage\"},\"thumbnailUrl\":\"https:\/\/static.africa-press.net\/niger\/sites\/40\/2021\/07\/img-60f99af4eba24.jpg\",\"datePublished\":\"2021-07-22T16:30:24+00:00\",\"dateModified\":\"2021-07-22T19:00:54+00:00\",\"author\":{\"@id\":\"https:\/\/www.africa-press.net\/niger\/#\/schema\/person\/2b1cf3cd81a31e3cd26889ca66d677f1\"},\"description\":\"21 Juillet (ANP) - La communaut\u00e9 musulmane de Dosso a f\u00eat\u00e9, le mardi 20 juillet 2021, dans la ferveur religieuse, la f\u00eat ...\",\"breadcrumb\":{\"@id\":\"https:\/\/www.africa-press.net\/niger\/culture-et-art\/dosso-a-fete-dans-la-ferveur-la-fete-de-la-tabaski#breadcrumb\"},\"inLanguage\":\"fr-FR\",\"potentialAction\":[{\"@type\":\"ReadAction\",\"target\":[\"https:\/\/www.africa-press.net\/niger\/culture-et-art\/dosso-a-fete-dans-la-ferveur-la-fete-de-la-tabaski\"]}]},{\"@type\":\"ImageObject\",\"inLanguage\":\"fr-FR\",\"@id\":\"https:\/\/www.africa-press.net\/niger\/culture-et-art\/dosso-a-fete-dans-la-ferveur-la-fete-de-la-tabaski#primaryimage\",\"url\":\"https:\/\/static.africa-press.net\/niger\/sites\/40\/2021\/07\/img-60f99af4eba24.jpg\",\"contentUrl\":\"https:\/\/static.africa-press.net\/niger\/sites\/40\/2021\/07\/img-60f99af4eba24.jpg\",\"width\":985,\"height\":576,\"caption\":\"Dosso a f\u00eat\u00e9 dans la ferveur la f\u00eate de la Tabaski\"},{\"@type\":\"BreadcrumbList\",\"@id\":\"https:\/\/www.africa-press.net\/niger\/culture-et-art\/dosso-a-fete-dans-la-ferveur-la-fete-de-la-tabaski#breadcrumb\",\"itemListElement\":[{\"@type\":\"ListItem\",\"position\":1,\"name\":\"Accueil\",\"item\":\"https:\/\/www.africa-press.net\/niger\/\"},{\"@type\":\"ListItem\",\"position\":2,\"name\":\"Dosso a f\u00eat\u00e9 dans la ferveur la f\u00eate de la Tabaski\"}]},{\"@type\":\"WebSite\",\"@id\":\"https:\/\/www.africa-press.net\/niger\/#website\",\"url\":\"https:\/\/www.africa-press.net\/niger\/\",\"name\":\"niger\",\"description\":\"Just another Africa News Agency Sites site\",\"potentialAction\":[{\"@type\":\"SearchAction\",\"target\":{\"@type\":\"EntryPoint\",\"urlTemplate\":\"https:\/\/www.africa-press.net\/niger\/?s={search_term_string}\"},\"query-input\":{\"@type\":\"PropertyValueSpecification\",\"valueRequired\":true,\"valueName\":\"search_term_string\"}}],\"inLanguage\":\"fr-FR\"},{\"@type\":\"Person\",\"@id\":\"https:\/\/www.africa-press.net\/niger\/#\/schema\/person\/2b1cf3cd81a31e3cd26889ca66d677f1\",\"name\":\"cfeditorfr\"}]}<\/script>\n<!-- \/ Yoast SEO Premium plugin. -->","yoast_head_json":{"title":"Dosso a f\u00eat\u00e9 dans la ferveur la f\u00eate de la Tabaski - niger","description":"21 Juillet (ANP) - La communaut\u00e9 musulmane de Dosso a f\u00eat\u00e9, le mardi 20 juillet 2021, dans la ferveur religieuse, la f\u00eat ...","robots":{"index":"index","follow":"follow","max-snippet":"max-snippet:-1","max-image-preview":"max-image-preview:large","max-video-preview":"max-video-preview:-1"},"canonical":"https:\/\/www.africa-press.net\/niger\/culture-et-art\/dosso-a-fete-dans-la-ferveur-la-fete-de-la-tabaski","og_locale":"fr_FR","og_type":"article","og_title":"Dosso a f\u00eat\u00e9 dans la ferveur la f\u00eate de la Tabaski","og_description":"21 Juillet (ANP) - La communaut\u00e9 musulmane de Dosso a f\u00eat\u00e9, le mardi 20 juillet 2021, dans la ferveur religieuse, la f\u00eat ...","og_url":"https:\/\/www.africa-press.net\/niger\/culture-et-art\/dosso-a-fete-dans-la-ferveur-la-fete-de-la-tabaski","og_site_name":"niger","article_published_time":"2021-07-22T16:30:24+00:00","article_modified_time":"2021-07-22T19:00:54+00:00","og_image":[{"width":985,"height":576,"url":"https:\/\/static.africa-press.net\/niger\/sites\/40\/2021\/07\/img-60f99af4eba24.jpg","type":"image\/jpeg"}],"author":"cfeditorfr","twitter_card":"summary_large_image","twitter_misc":{"\u00c9crit par":"cfeditorfr","Dur\u00e9e de lecture estim\u00e9e":"2 minutes"},"schema":{"@context":"https:\/\/schema.org","@graph":[{"@type":"Article","@id":"https:\/\/www.africa-press.net\/niger\/culture-et-art\/dosso-a-fete-dans-la-ferveur-la-fete-de-la-tabaski#article","isPartOf":{"@id":"https:\/\/www.africa-press.net\/niger\/culture-et-art\/dosso-a-fete-dans-la-ferveur-la-fete-de-la-tabaski"},"author":{"name":"cfeditorfr","@id":"https:\/\/www.africa-press.net\/niger\/#\/schema\/person\/2b1cf3cd81a31e3cd26889ca66d677f1"},"headline":"Dosso a f\u00eat\u00e9 dans la ferveur la f\u00eate de la Tabaski","datePublished":"2021-07-22T16:30:24+00:00","dateModified":"2021-07-22T19:00:54+00:00","mainEntityOfPage":{"@id":"https:\/\/www.africa-press.net\/niger\/culture-et-art\/dosso-a-fete-dans-la-ferveur-la-fete-de-la-tabaski"},"wordCount":352,"commentCount":0,"image":{"@id":"https:\/\/www.africa-press.net\/niger\/culture-et-art\/dosso-a-fete-dans-la-ferveur-la-fete-de-la-tabaski#primaryimage"},"thumbnailUrl":"https:\/\/static.africa-press.net\/niger\/sites\/40\/2021\/07\/img-60f99af4eba24.jpg","keywords":["Africa Press","Africa Press-Niger","Niger"],"articleSection":["Culture et Art","homepage-french","Toutes les actualit\u00e9s"],"inLanguage":"fr-FR","potentialAction":[{"@type":"CommentAction","name":"Comment","target":["https:\/\/www.africa-press.net\/niger\/culture-et-art\/dosso-a-fete-dans-la-ferveur-la-fete-de-la-tabaski#respond"]}]},{"@type":"WebPage","@id":"https:\/\/www.africa-press.net\/niger\/culture-et-art\/dosso-a-fete-dans-la-ferveur-la-fete-de-la-tabaski","url":"https:\/\/www.africa-press.net\/niger\/culture-et-art\/dosso-a-fete-dans-la-ferveur-la-fete-de-la-tabaski","name":"Dosso a f\u00eat\u00e9 dans la ferveur la f\u00eate de la Tabaski - niger","isPartOf":{"@id":"https:\/\/www.africa-press.net\/niger\/#website"},"primaryImageOfPage":{"@id":"https:\/\/www.africa-press.net\/niger\/culture-et-art\/dosso-a-fete-dans-la-ferveur-la-fete-de-la-tabaski#primaryimage"},"image":{"@id":"https:\/\/www.africa-press.net\/niger\/culture-et-art\/dosso-a-fete-dans-la-ferveur-la-fete-de-la-tabaski#primaryimage"},"thumbnailUrl":"https:\/\/static.africa-press.net\/niger\/sites\/40\/2021\/07\/img-60f99af4eba24.jpg","datePublished":"2021-07-22T16:30:24+00:00","dateModified":"2021-07-22T19:00:54+00:00","author":{"@id":"https:\/\/www.africa-press.net\/niger\/#\/schema\/person\/2b1cf3cd81a31e3cd26889ca66d677f1"},"description":"21 Juillet (ANP) - La communaut\u00e9 musulmane de Dosso a f\u00eat\u00e9, le mardi 20 juillet 2021, dans la ferveur religieuse, la f\u00eat ...","breadcrumb":{"@id":"https:\/\/www.africa-press.net\/niger\/culture-et-art\/dosso-a-fete-dans-la-ferveur-la-fete-de-la-tabaski#breadcrumb"},"inLanguage":"fr-FR","potentialAction":[{"@type":"ReadAction","target":["https:\/\/www.africa-press.net\/niger\/culture-et-art\/dosso-a-fete-dans-la-ferveur-la-fete-de-la-tabaski"]}]},{"@type":"ImageObject","inLanguage":"fr-FR","@id":"https:\/\/www.africa-press.net\/niger\/culture-et-art\/dosso-a-fete-dans-la-ferveur-la-fete-de-la-tabaski#primaryimage","url":"https:\/\/static.africa-press.net\/niger\/sites\/40\/2021\/07\/img-60f99af4eba24.jpg","contentUrl":"https:\/\/static.africa-press.net\/niger\/sites\/40\/2021\/07\/img-60f99af4eba24.jpg","width":985,"height":576,"caption":"Dosso a f\u00eat\u00e9 dans la ferveur la f\u00eate de la Tabaski"},{"@type":"BreadcrumbList","@id":"https:\/\/www.africa-press.net\/niger\/culture-et-art\/dosso-a-fete-dans-la-ferveur-la-fete-de-la-tabaski#breadcrumb","itemListElement":[{"@type":"ListItem","position":1,"name":"Accueil","item":"https:\/\/www.africa-press.net\/niger\/"},{"@type":"ListItem","position":2,"name":"Dosso a f\u00eat\u00e9 dans la ferveur la f\u00eate de la Tabaski"}]},{"@type":"WebSite","@id":"https:\/\/www.africa-press.net\/niger\/#website","url":"https:\/\/www.africa-press.net\/niger\/","name":"niger","description":"Just another Africa News Agency Sites site","potentialAction":[{"@type":"SearchAction","target":{"@type":"EntryPoint","urlTemplate":"https:\/\/www.africa-press.net\/niger\/?s={search_term_string}"},"query-input":{"@type":"PropertyValueSpecification","valueRequired":true,"valueName":"search_term_string"}}],"inLanguage":"fr-FR"},{"@type":"Person","@id":"https:\/\/www.africa-press.net\/niger\/#\/schema\/person\/2b1cf3cd81a31e3cd26889ca66d677f1","name":"cfeditorfr"}]}},"_links":{"self":[{"href":"https:\/\/www.africa-press.net\/niger\/wp-json\/wp\/v2\/posts\/9032","targetHints":{"allow":["GET"]}}],"collection":[{"href":"https:\/\/www.africa-press.net\/niger\/wp-json\/wp\/v2\/posts"}],"about":[{"href":"https:\/\/www.africa-press.net\/niger\/wp-json\/wp\/v2\/types\/post"}],"author":[{"embeddable":true,"href":"https:\/\/www.africa-press.net\/niger\/wp-json\/wp\/v2\/users\/82"}],"replies":[{"embeddable":true,"href":"https:\/\/www.africa-press.net\/niger\/wp-json\/wp\/v2\/comments?post=9032"}],"version-history":[{"count":0,"href":"https:\/\/www.africa-press.net\/niger\/wp-json\/wp\/v2\/posts\/9032\/revisions"}],"wp:featuredmedia":[{"embeddable":true,"href":"https:\/\/www.africa-press.net\/niger\/wp-json\/wp\/v2\/media\/9031"}],"wp:attachment":[{"href":"https:\/\/www.africa-press.net\/niger\/wp-json\/wp\/v2\/media?parent=9032"}],"wp:term":[{"taxonomy":"category","embeddable":true,"href":"https:\/\/www.africa-press.net\/niger\/wp-json\/wp\/v2\/categories?post=9032"},{"taxonomy":"post_tag","embeddable":true,"href":"https:\/\/www.africa-press.net\/niger\/wp-json\/wp\/v2\/tags?post=9032"}],"curies":[{"name":"wp","href":"https:\/\/api.w.org\/{rel}","templated":true}]}}