{"id":9424,"date":"2021-07-31T13:07:22","date_gmt":"2021-07-31T13:07:22","guid":{"rendered":"https:\/\/www.africa-press.net\/niger\/?p=9424"},"modified":"2021-07-31T19:07:07","modified_gmt":"2021-07-31T19:07:07","slug":"le-president-bazoum-donne-le-coup-denvoi-de-la-fete-de-larbre-a-zinder","status":"publish","type":"post","link":"https:\/\/www.africa-press.net\/niger\/culture-et-art\/le-president-bazoum-donne-le-coup-denvoi-de-la-fete-de-larbre-a-zinder","title":{"rendered":"Le Pr\u00e9sident Bazoum donne le coup d\u2019envoi de la f\u00eate de l\u2019arbre \u00e0 Zinder"},"content":{"rendered":"<p><span style=\"color: #ff6600\"><strong><a href=\"https:\/\/www.africa-press.net\/\">Africa-Press<\/a> &#8211; <a href=\"https:\/\/www.africa-press.net\/niger\">Niger<\/a>. <\/strong><\/span>Le pr\u00e9sident de la R\u00e9publique Mohamed Bazoum donnera, le 3 ao\u00fbt prochain, le coup d\u2019envoi des festivit\u00e9s entrant dans le cadre la f\u00eate de l\u2019ind\u00e9pendance ou f\u00eate de l\u2019arbre \u00e0 Zinder.<\/p>\n<p>La R\u00e9gion de Zinder qui accueille, cette ann\u00e9e, les festivit\u00e9s de la f\u00eate de l\u2019arbre regorge d\u2019\u00e9normes potentialit\u00e9s en ressources naturelles notamment foresti\u00e8res, fauniques, halieutiques et apicoles qui contribuent au d\u00e9veloppement socio-\u00e9conomique des populations.<\/p>\n<p>Dans le cadre de la f\u00eate de l\u2019arbre, un site a \u00e9t\u00e9 retenu dans la ville de Zinder o\u00f9 il est pr\u00e9vu la plantation de 5600 plants essentiellement des esp\u00e8ces locales dont l\u2019acacia s\u00e9n\u00e9gal, le neem et le manguier dont le coup d\u2019envoi sera donn\u00e9 par le Pr\u00e9sident de la R\u00e9publique, Mohamed Bazoum le 3 Ao\u00fbt prochain.<\/p>\n<p>A l\u2019\u00e9chelle r\u00e9gionale, il est pr\u00e9vu la plantation d\u20191 Million 300.000 plants.<\/p>\n<p>\u2018\u2019Valorisons le moringa\u2019\u2019 constitue le th\u00e8me central de l\u2019\u00e9dition 2021 la f\u00eate de l\u2019arbre, occasion saisie par le Chef de l\u2019Etat pour concr\u00e9tiser son engagement de booster la production de cette esp\u00e8ce pour accroitre les revenus du monde rural, indique-t-on.<\/p>\n","protected":false},"excerpt":{"rendered":"<p>Africa-Press &#8211; Niger. Le pr\u00e9sident de la R\u00e9publique Mohamed Bazoum donnera, le 3 ao\u00fbt prochain, le coup d\u2019envoi des festivit\u00e9s entrant dans le cadre la f\u00eate de l\u2019ind\u00e9pendance ou f\u00eate de l\u2019arbre \u00e0 Zinder. La R\u00e9gion de Zinder qui accueille, cette ann\u00e9e, les festivit\u00e9s de la f\u00eate de l\u2019arbre regorge d\u2019\u00e9normes potentialit\u00e9s en ressources naturelles [&hellip;]<\/p>\n","protected":false},"author":82,"featured_media":9423,"comment_status":"open","ping_status":"closed","sticky":false,"template":"","format":"standard","meta":{"footnotes":""},"categories":[5,11,10],"tags":[55,60,29],"class_list":["post-9424","post","type-post","status-publish","format-standard","has-post-thumbnail","hentry","category-culture-et-art","category-homepage-french","category-toutes-les-actualites","tag-africa-press","tag-africa-press-niger","tag-niger"],"yoast_head":"<!-- This site is optimized with the Yoast SEO Premium plugin v26.1 (Yoast SEO v27.0) - https:\/\/yoast.com\/product\/yoast-seo-premium-wordpress\/ -->\n<title>Le Pr\u00e9sident Bazoum donne le coup d\u2019envoi de la f\u00eate de l\u2019arbre \u00e0 Zinder - niger<\/title>\n<meta name=\"description\" content=\", 30 Juil(ANP)-Le pr\u00e9sident de la R\u00e9publique Mohamed Bazoum donnera, le 3 ao\u00fbt prochain, le coup d\u2019envoi des festivit\u00e9s ...\" \/>\n<meta name=\"robots\" content=\"index, follow, max-snippet:-1, max-image-preview:large, max-video-preview:-1\" \/>\n<link rel=\"canonical\" href=\"https:\/\/www.africa-press.net\/niger\/culture-et-art\/le-president-bazoum-donne-le-coup-denvoi-de-la-fete-de-larbre-a-zinder\" \/>\n<meta property=\"og:locale\" content=\"fr_FR\" \/>\n<meta property=\"og:type\" content=\"article\" \/>\n<meta property=\"og:title\" content=\"Le Pr\u00e9sident Bazoum donne le coup d\u2019envoi de la f\u00eate de l\u2019arbre \u00e0 Zinder\" \/>\n<meta property=\"og:description\" content=\", 30 Juil(ANP)-Le pr\u00e9sident de la R\u00e9publique Mohamed Bazoum donnera, le 3 ao\u00fbt prochain, le coup d\u2019envoi des festivit\u00e9s ...\" \/>\n<meta property=\"og:url\" content=\"https:\/\/www.africa-press.net\/niger\/culture-et-art\/le-president-bazoum-donne-le-coup-denvoi-de-la-fete-de-larbre-a-zinder\" \/>\n<meta property=\"og:site_name\" content=\"niger\" \/>\n<meta property=\"article:published_time\" content=\"2021-07-31T13:07:22+00:00\" \/>\n<meta property=\"article:modified_time\" content=\"2021-07-31T19:07:07+00:00\" \/>\n<meta property=\"og:image\" content=\"https:\/\/static.africa-press.net\/niger\/sites\/40\/2021\/07\/img-610543f707cf3.jpg\" \/>\n\t<meta property=\"og:image:width\" content=\"720\" \/>\n\t<meta property=\"og:image:height\" content=\"539\" \/>\n\t<meta property=\"og:image:type\" content=\"image\/jpeg\" \/>\n<meta name=\"author\" content=\"cfeditorfr\" \/>\n<meta name=\"twitter:card\" content=\"summary_large_image\" \/>\n<meta name=\"twitter:label1\" content=\"\u00c9crit par\" \/>\n\t<meta name=\"twitter:data1\" content=\"cfeditorfr\" \/>\n\t<meta name=\"twitter:label2\" content=\"Dur\u00e9e de lecture estim\u00e9e\" \/>\n\t<meta name=\"twitter:data2\" content=\"1 minute\" \/>\n<script type=\"application\/ld+json\" class=\"yoast-schema-graph\">{\"@context\":\"https:\/\/schema.org\",\"@graph\":[{\"@type\":\"Article\",\"@id\":\"https:\/\/www.africa-press.net\/niger\/culture-et-art\/le-president-bazoum-donne-le-coup-denvoi-de-la-fete-de-larbre-a-zinder#article\",\"isPartOf\":{\"@id\":\"https:\/\/www.africa-press.net\/niger\/culture-et-art\/le-president-bazoum-donne-le-coup-denvoi-de-la-fete-de-larbre-a-zinder\"},\"author\":{\"name\":\"cfeditorfr\",\"@id\":\"https:\/\/www.africa-press.net\/niger\/#\/schema\/person\/2b1cf3cd81a31e3cd26889ca66d677f1\"},\"headline\":\"Le Pr\u00e9sident Bazoum donne le coup d\u2019envoi de la f\u00eate de l\u2019arbre \u00e0 Zinder\",\"datePublished\":\"2021-07-31T13:07:22+00:00\",\"dateModified\":\"2021-07-31T19:07:07+00:00\",\"mainEntityOfPage\":{\"@id\":\"https:\/\/www.africa-press.net\/niger\/culture-et-art\/le-president-bazoum-donne-le-coup-denvoi-de-la-fete-de-larbre-a-zinder\"},\"wordCount\":229,\"commentCount\":0,\"image\":{\"@id\":\"https:\/\/www.africa-press.net\/niger\/culture-et-art\/le-president-bazoum-donne-le-coup-denvoi-de-la-fete-de-larbre-a-zinder#primaryimage\"},\"thumbnailUrl\":\"https:\/\/static.africa-press.net\/niger\/sites\/40\/2021\/07\/img-610543f707cf3.jpg\",\"keywords\":[\"Africa Press\",\"Africa Press-Niger\",\"Niger\"],\"articleSection\":[\"Culture et Art\",\"homepage-french\",\"Toutes les actualit\u00e9s\"],\"inLanguage\":\"fr-FR\",\"potentialAction\":[{\"@type\":\"CommentAction\",\"name\":\"Comment\",\"target\":[\"https:\/\/www.africa-press.net\/niger\/culture-et-art\/le-president-bazoum-donne-le-coup-denvoi-de-la-fete-de-larbre-a-zinder#respond\"]}]},{\"@type\":\"WebPage\",\"@id\":\"https:\/\/www.africa-press.net\/niger\/culture-et-art\/le-president-bazoum-donne-le-coup-denvoi-de-la-fete-de-larbre-a-zinder\",\"url\":\"https:\/\/www.africa-press.net\/niger\/culture-et-art\/le-president-bazoum-donne-le-coup-denvoi-de-la-fete-de-larbre-a-zinder\",\"name\":\"Le Pr\u00e9sident Bazoum donne le coup d\u2019envoi de la f\u00eate de l\u2019arbre \u00e0 Zinder - niger\",\"isPartOf\":{\"@id\":\"https:\/\/www.africa-press.net\/niger\/#website\"},\"primaryImageOfPage\":{\"@id\":\"https:\/\/www.africa-press.net\/niger\/culture-et-art\/le-president-bazoum-donne-le-coup-denvoi-de-la-fete-de-larbre-a-zinder#primaryimage\"},\"image\":{\"@id\":\"https:\/\/www.africa-press.net\/niger\/culture-et-art\/le-president-bazoum-donne-le-coup-denvoi-de-la-fete-de-larbre-a-zinder#primaryimage\"},\"thumbnailUrl\":\"https:\/\/static.africa-press.net\/niger\/sites\/40\/2021\/07\/img-610543f707cf3.jpg\",\"datePublished\":\"2021-07-31T13:07:22+00:00\",\"dateModified\":\"2021-07-31T19:07:07+00:00\",\"author\":{\"@id\":\"https:\/\/www.africa-press.net\/niger\/#\/schema\/person\/2b1cf3cd81a31e3cd26889ca66d677f1\"},\"description\":\", 30 Juil(ANP)-Le pr\u00e9sident de la R\u00e9publique Mohamed Bazoum donnera, le 3 ao\u00fbt prochain, le coup d\u2019envoi des festivit\u00e9s ...\",\"breadcrumb\":{\"@id\":\"https:\/\/www.africa-press.net\/niger\/culture-et-art\/le-president-bazoum-donne-le-coup-denvoi-de-la-fete-de-larbre-a-zinder#breadcrumb\"},\"inLanguage\":\"fr-FR\",\"potentialAction\":[{\"@type\":\"ReadAction\",\"target\":[\"https:\/\/www.africa-press.net\/niger\/culture-et-art\/le-president-bazoum-donne-le-coup-denvoi-de-la-fete-de-larbre-a-zinder\"]}]},{\"@type\":\"ImageObject\",\"inLanguage\":\"fr-FR\",\"@id\":\"https:\/\/www.africa-press.net\/niger\/culture-et-art\/le-president-bazoum-donne-le-coup-denvoi-de-la-fete-de-larbre-a-zinder#primaryimage\",\"url\":\"https:\/\/static.africa-press.net\/niger\/sites\/40\/2021\/07\/img-610543f707cf3.jpg\",\"contentUrl\":\"https:\/\/static.africa-press.net\/niger\/sites\/40\/2021\/07\/img-610543f707cf3.jpg\",\"width\":720,\"height\":539,\"caption\":\"Le Pr\u00e9sident Bazoum donne le coup d\u2019envoi de la f\u00eate de l\u2019arbre \u00e0 Zinder\"},{\"@type\":\"BreadcrumbList\",\"@id\":\"https:\/\/www.africa-press.net\/niger\/culture-et-art\/le-president-bazoum-donne-le-coup-denvoi-de-la-fete-de-larbre-a-zinder#breadcrumb\",\"itemListElement\":[{\"@type\":\"ListItem\",\"position\":1,\"name\":\"Accueil\",\"item\":\"https:\/\/www.africa-press.net\/niger\/\"},{\"@type\":\"ListItem\",\"position\":2,\"name\":\"Le Pr\u00e9sident Bazoum donne le coup d\u2019envoi de la f\u00eate de l\u2019arbre \u00e0 Zinder\"}]},{\"@type\":\"WebSite\",\"@id\":\"https:\/\/www.africa-press.net\/niger\/#website\",\"url\":\"https:\/\/www.africa-press.net\/niger\/\",\"name\":\"niger\",\"description\":\"Just another Africa News Agency Sites site\",\"potentialAction\":[{\"@type\":\"SearchAction\",\"target\":{\"@type\":\"EntryPoint\",\"urlTemplate\":\"https:\/\/www.africa-press.net\/niger\/?s={search_term_string}\"},\"query-input\":{\"@type\":\"PropertyValueSpecification\",\"valueRequired\":true,\"valueName\":\"search_term_string\"}}],\"inLanguage\":\"fr-FR\"},{\"@type\":\"Person\",\"@id\":\"https:\/\/www.africa-press.net\/niger\/#\/schema\/person\/2b1cf3cd81a31e3cd26889ca66d677f1\",\"name\":\"cfeditorfr\"}]}<\/script>\n<!-- \/ Yoast SEO Premium plugin. -->","yoast_head_json":{"title":"Le Pr\u00e9sident Bazoum donne le coup d\u2019envoi de la f\u00eate de l\u2019arbre \u00e0 Zinder - niger","description":", 30 Juil(ANP)-Le pr\u00e9sident de la R\u00e9publique Mohamed Bazoum donnera, le 3 ao\u00fbt prochain, le coup d\u2019envoi des festivit\u00e9s ...","robots":{"index":"index","follow":"follow","max-snippet":"max-snippet:-1","max-image-preview":"max-image-preview:large","max-video-preview":"max-video-preview:-1"},"canonical":"https:\/\/www.africa-press.net\/niger\/culture-et-art\/le-president-bazoum-donne-le-coup-denvoi-de-la-fete-de-larbre-a-zinder","og_locale":"fr_FR","og_type":"article","og_title":"Le Pr\u00e9sident Bazoum donne le coup d\u2019envoi de la f\u00eate de l\u2019arbre \u00e0 Zinder","og_description":", 30 Juil(ANP)-Le pr\u00e9sident de la R\u00e9publique Mohamed Bazoum donnera, le 3 ao\u00fbt prochain, le coup d\u2019envoi des festivit\u00e9s ...","og_url":"https:\/\/www.africa-press.net\/niger\/culture-et-art\/le-president-bazoum-donne-le-coup-denvoi-de-la-fete-de-larbre-a-zinder","og_site_name":"niger","article_published_time":"2021-07-31T13:07:22+00:00","article_modified_time":"2021-07-31T19:07:07+00:00","og_image":[{"width":720,"height":539,"url":"https:\/\/static.africa-press.net\/niger\/sites\/40\/2021\/07\/img-610543f707cf3.jpg","type":"image\/jpeg"}],"author":"cfeditorfr","twitter_card":"summary_large_image","twitter_misc":{"\u00c9crit par":"cfeditorfr","Dur\u00e9e de lecture estim\u00e9e":"1 minute"},"schema":{"@context":"https:\/\/schema.org","@graph":[{"@type":"Article","@id":"https:\/\/www.africa-press.net\/niger\/culture-et-art\/le-president-bazoum-donne-le-coup-denvoi-de-la-fete-de-larbre-a-zinder#article","isPartOf":{"@id":"https:\/\/www.africa-press.net\/niger\/culture-et-art\/le-president-bazoum-donne-le-coup-denvoi-de-la-fete-de-larbre-a-zinder"},"author":{"name":"cfeditorfr","@id":"https:\/\/www.africa-press.net\/niger\/#\/schema\/person\/2b1cf3cd81a31e3cd26889ca66d677f1"},"headline":"Le Pr\u00e9sident Bazoum donne le coup d\u2019envoi de la f\u00eate de l\u2019arbre \u00e0 Zinder","datePublished":"2021-07-31T13:07:22+00:00","dateModified":"2021-07-31T19:07:07+00:00","mainEntityOfPage":{"@id":"https:\/\/www.africa-press.net\/niger\/culture-et-art\/le-president-bazoum-donne-le-coup-denvoi-de-la-fete-de-larbre-a-zinder"},"wordCount":229,"commentCount":0,"image":{"@id":"https:\/\/www.africa-press.net\/niger\/culture-et-art\/le-president-bazoum-donne-le-coup-denvoi-de-la-fete-de-larbre-a-zinder#primaryimage"},"thumbnailUrl":"https:\/\/static.africa-press.net\/niger\/sites\/40\/2021\/07\/img-610543f707cf3.jpg","keywords":["Africa Press","Africa Press-Niger","Niger"],"articleSection":["Culture et Art","homepage-french","Toutes les actualit\u00e9s"],"inLanguage":"fr-FR","potentialAction":[{"@type":"CommentAction","name":"Comment","target":["https:\/\/www.africa-press.net\/niger\/culture-et-art\/le-president-bazoum-donne-le-coup-denvoi-de-la-fete-de-larbre-a-zinder#respond"]}]},{"@type":"WebPage","@id":"https:\/\/www.africa-press.net\/niger\/culture-et-art\/le-president-bazoum-donne-le-coup-denvoi-de-la-fete-de-larbre-a-zinder","url":"https:\/\/www.africa-press.net\/niger\/culture-et-art\/le-president-bazoum-donne-le-coup-denvoi-de-la-fete-de-larbre-a-zinder","name":"Le Pr\u00e9sident Bazoum donne le coup d\u2019envoi de la f\u00eate de l\u2019arbre \u00e0 Zinder - niger","isPartOf":{"@id":"https:\/\/www.africa-press.net\/niger\/#website"},"primaryImageOfPage":{"@id":"https:\/\/www.africa-press.net\/niger\/culture-et-art\/le-president-bazoum-donne-le-coup-denvoi-de-la-fete-de-larbre-a-zinder#primaryimage"},"image":{"@id":"https:\/\/www.africa-press.net\/niger\/culture-et-art\/le-president-bazoum-donne-le-coup-denvoi-de-la-fete-de-larbre-a-zinder#primaryimage"},"thumbnailUrl":"https:\/\/static.africa-press.net\/niger\/sites\/40\/2021\/07\/img-610543f707cf3.jpg","datePublished":"2021-07-31T13:07:22+00:00","dateModified":"2021-07-31T19:07:07+00:00","author":{"@id":"https:\/\/www.africa-press.net\/niger\/#\/schema\/person\/2b1cf3cd81a31e3cd26889ca66d677f1"},"description":", 30 Juil(ANP)-Le pr\u00e9sident de la R\u00e9publique Mohamed Bazoum donnera, le 3 ao\u00fbt prochain, le coup d\u2019envoi des festivit\u00e9s ...","breadcrumb":{"@id":"https:\/\/www.africa-press.net\/niger\/culture-et-art\/le-president-bazoum-donne-le-coup-denvoi-de-la-fete-de-larbre-a-zinder#breadcrumb"},"inLanguage":"fr-FR","potentialAction":[{"@type":"ReadAction","target":["https:\/\/www.africa-press.net\/niger\/culture-et-art\/le-president-bazoum-donne-le-coup-denvoi-de-la-fete-de-larbre-a-zinder"]}]},{"@type":"ImageObject","inLanguage":"fr-FR","@id":"https:\/\/www.africa-press.net\/niger\/culture-et-art\/le-president-bazoum-donne-le-coup-denvoi-de-la-fete-de-larbre-a-zinder#primaryimage","url":"https:\/\/static.africa-press.net\/niger\/sites\/40\/2021\/07\/img-610543f707cf3.jpg","contentUrl":"https:\/\/static.africa-press.net\/niger\/sites\/40\/2021\/07\/img-610543f707cf3.jpg","width":720,"height":539,"caption":"Le Pr\u00e9sident Bazoum donne le coup d\u2019envoi de la f\u00eate de l\u2019arbre \u00e0 Zinder"},{"@type":"BreadcrumbList","@id":"https:\/\/www.africa-press.net\/niger\/culture-et-art\/le-president-bazoum-donne-le-coup-denvoi-de-la-fete-de-larbre-a-zinder#breadcrumb","itemListElement":[{"@type":"ListItem","position":1,"name":"Accueil","item":"https:\/\/www.africa-press.net\/niger\/"},{"@type":"ListItem","position":2,"name":"Le Pr\u00e9sident Bazoum donne le coup d\u2019envoi de la f\u00eate de l\u2019arbre \u00e0 Zinder"}]},{"@type":"WebSite","@id":"https:\/\/www.africa-press.net\/niger\/#website","url":"https:\/\/www.africa-press.net\/niger\/","name":"niger","description":"Just another Africa News Agency Sites site","potentialAction":[{"@type":"SearchAction","target":{"@type":"EntryPoint","urlTemplate":"https:\/\/www.africa-press.net\/niger\/?s={search_term_string}"},"query-input":{"@type":"PropertyValueSpecification","valueRequired":true,"valueName":"search_term_string"}}],"inLanguage":"fr-FR"},{"@type":"Person","@id":"https:\/\/www.africa-press.net\/niger\/#\/schema\/person\/2b1cf3cd81a31e3cd26889ca66d677f1","name":"cfeditorfr"}]}},"_links":{"self":[{"href":"https:\/\/www.africa-press.net\/niger\/wp-json\/wp\/v2\/posts\/9424","targetHints":{"allow":["GET"]}}],"collection":[{"href":"https:\/\/www.africa-press.net\/niger\/wp-json\/wp\/v2\/posts"}],"about":[{"href":"https:\/\/www.africa-press.net\/niger\/wp-json\/wp\/v2\/types\/post"}],"author":[{"embeddable":true,"href":"https:\/\/www.africa-press.net\/niger\/wp-json\/wp\/v2\/users\/82"}],"replies":[{"embeddable":true,"href":"https:\/\/www.africa-press.net\/niger\/wp-json\/wp\/v2\/comments?post=9424"}],"version-history":[{"count":0,"href":"https:\/\/www.africa-press.net\/niger\/wp-json\/wp\/v2\/posts\/9424\/revisions"}],"wp:featuredmedia":[{"embeddable":true,"href":"https:\/\/www.africa-press.net\/niger\/wp-json\/wp\/v2\/media\/9423"}],"wp:attachment":[{"href":"https:\/\/www.africa-press.net\/niger\/wp-json\/wp\/v2\/media?parent=9424"}],"wp:term":[{"taxonomy":"category","embeddable":true,"href":"https:\/\/www.africa-press.net\/niger\/wp-json\/wp\/v2\/categories?post=9424"},{"taxonomy":"post_tag","embeddable":true,"href":"https:\/\/www.africa-press.net\/niger\/wp-json\/wp\/v2\/tags?post=9424"}],"curies":[{"name":"wp","href":"https:\/\/api.w.org\/{rel}","templated":true}]}}