{"id":95245,"date":"2026-02-12T17:20:46","date_gmt":"2026-02-12T17:20:46","guid":{"rendered":"https:\/\/www.africa-press.net\/niger\/politique\/mobilisation-generale-a-lere-de-la-refondation-niger"},"modified":"2026-02-12T17:58:19","modified_gmt":"2026-02-12T17:58:19","slug":"mobilisation-generale-a-lere-de-la-refondation-niger","status":"publish","type":"post","link":"https:\/\/www.africa-press.net\/niger\/dossiers\/mobilisation-generale-a-lere-de-la-refondation-niger","title":{"rendered":"Mobilisation G\u00e9n\u00e9rale \u00e0 l&rsquo;\u00c8re de la Refondation Niger"},"content":{"rendered":"<p><span style=\"color: #ff6600\"><strong>Africa-Press &#8211; Niger. <\/strong><\/span>L\u2019e\u0300re de la Refondation engage\u0301e au Niger marque une e\u0301tape de\u0301cisive de l\u2019histoire nationale. Elle se veut une re\u0301ponse souveraine aux de\u0301fis multidimensionnels se\u0301curitaires, e\u0301conomiques, sociaux, institutionnels et identitaires qui menacent la stabilite\u0301 et l\u2019avenir du pays. Dans ce contexte, la mobilisation ge\u0301ne\u0301rale apparai\u0302t non pas comme un simple mot d\u2019ordre, mais comme une ne\u0301cessite\u0301 strate\u0301gique, un impe\u0301ratif patriotique et un levier de transformation profonde de la Nation.<\/p>\n<p>\u2013 Sens et porte\u0301e de la mobilisation ge\u0301ne\u0301rale<\/p>\n<p>La mobilisation ge\u0301ne\u0301rale renvoie a\u0300 l\u2019engagement conscient, volontaire et coordonne\u0301 de toutes les forces vives de la Nation \u2014 citoyens, institutions, forces de de\u0301fense et de se\u0301curite\u0301, autorite\u0301s traditionnelles et religieuses, socie\u0301te\u0301 civile, diaspora \u2014 autour d\u2019un projet national commun.<\/p>\n<p>Elle de\u0301passe la seule dimension militaire pour englober: la mobilisation des consciences, la mobilisation citoyenne, la mobilisation e\u0301conomique et sociale, la mobilisation morale et culturelle.<\/p>\n<p>A\u0300 l\u2019e\u0300re de la Refondation, elle vise a\u0300 restaurer la souverainete\u0301 nationale, renforcer l\u2019unite\u0301 du peuple nige\u0301rien et refonder l\u2019E\u0301tat sur des bases de justice, d\u2019e\u0301quite\u0301, de responsabilite\u0301 et de patriotisme.<\/p>\n<p>\u2013 La mobilisation ge\u0301ne\u0301rale comme re\u0301ponse aux de\u0301fis actuels<\/p>\n<p>Face aux menaces se\u0301curitaires persistantes, aux tentatives de de\u0301stabilisation interne et externe, a\u0300 la de\u0301sinformation et aux pressions multiformes, le Niger ne peut compter uniquement sur l\u2019action de l\u2019E\u0301tat. La mobilisation ge\u0301ne\u0301rale permet:<\/p>\n<p>\u2013 de soutenir les Forces de De\u0301fense et de Se\u0301curite\u0301, en renforc\u0327ant l\u2019esprit de re\u0301silience, de vigilance et de collaboration avec les populations ;<\/p>\n<p>\u2013 de lutter contre la de\u0301sinformation et la manipulation, par une citoyennete\u0301 e\u0301claire\u0301e et responsable ;<\/p>\n<p>de consolider la cohe\u0301sion sociale, en de\u0301passant les clivages ethniques, re\u0301gionaux ou politiques ;<\/p>\n<p>\u2013 de renforcer l\u2019e\u0301conomie nationale, par la promotion du travail, de la production locale et de la solidarite\u0301.<\/p>\n<p>\u2013 le ro\u0302le central du citoyen dans la Refondation<\/p>\n<p>Dans cette dynamique, le citoyen n\u2019est plus un spectateur, mais un acteur cle\u0301 de la Refondation. La mobilisation ge\u0301ne\u0301rale implique:<\/p>\n<p>\u2013 le respect des lois et des institutions de la Re\u0301publique ;<\/p>\n<p>\u2013 l\u2019engagement civique et communautaire ;<\/p>\n<p>\u2013 la promotion des valeurs de paix, de discipline, de solidarite\u0301 et d\u2019inte\u0301grite\u0301 ;<\/p>\n<p>-la de\u0301nonciation des comportements contraires a\u0300 l\u2019inte\u0301re\u0302t ge\u0301ne\u0301ral.<\/p>\n<p>Chaque Nige\u0301rien, a\u0300 son niveau, de\u0301tient une part de responsabilite\u0301 dans la re\u0301ussite ou l\u2019e\u0301chec du processus de Refondation.<\/p>\n<p>\u2013 Conditions de re\u0301ussite de la mobilisation ge\u0301ne\u0301rale<\/p>\n<p>Pour e\u0302tre efficace et durable, la mobilisation ge\u0301ne\u0301rale doit reposer sur: une communication transparente et inclusive des autorite\u0301s ; une justice e\u0301quitable et cre\u0301dible, socle de la confiance citoyenne ; la valorisation des leaders communautaires, coutumiers et religieux comme relais de sensibilisation ; l\u2019exemplarite\u0301 des dirigeants, condition essentielle de l\u2019adhe\u0301sion populaire.<\/p>\n<p>La mobilisation ge\u0301ne\u0301rale a\u0300 l\u2019e\u0300re de la Refondation n\u2019est ni une contrainte ni une injonction passage\u0300re. Elle est un choix historique, une re\u0301ponse collective aux de\u0301fis du pre\u0301sent et un investissement pour l\u2019avenir du Niger. Elle exige discipline, sacrifice, patriotisme et foi en la capacite\u0301 du peuple nige\u0301rien a\u0300 e\u0301crire lui-me\u0302me son destin.<\/p>\n<p>La Refondation ne se de\u0301cre\u0300te pas: elle se construit, ensemble, par l\u2019engagement de tous.<\/p>\n<p><b>SOULEYMANE SEINI SANDI, Doctorant en Administration Publique<\/b><\/p>\n<p><b>Source: lesahel<\/b><\/p>\n<p><strong>Pour plus d&rsquo;informations et d&rsquo;analyses sur la <span style=\"color: #ff6600\">Niger<\/span>, suivez <span style=\"color: #ff6600\">Africa-Press<\/span><\/strong><\/p>\n","protected":false},"excerpt":{"rendered":"<p>Africa-Press &#8211; Niger. L\u2019e\u0300re de la Refondation engage\u0301e au Niger marque une e\u0301tape de\u0301cisive de l\u2019histoire nationale. Elle se veut une re\u0301ponse souveraine aux de\u0301fis multidimensionnels se\u0301curitaires, e\u0301conomiques, sociaux, institutionnels et identitaires qui menacent la stabilite\u0301 et l\u2019avenir du pays. Dans ce contexte, la mobilisation ge\u0301ne\u0301rale apparai\u0302t non pas comme un simple mot d\u2019ordre, mais [&hellip;]<\/p>\n","protected":false},"author":82,"featured_media":95244,"comment_status":"open","ping_status":"closed","sticky":false,"template":"","format":"standard","meta":{"footnotes":""},"categories":[7,10],"tags":[29],"class_list":["post-95245","post","type-post","status-publish","format-standard","has-post-thumbnail","hentry","category-dossiers","category-toutes-les-actualites","tag-niger"],"yoast_head":"<!-- This site is optimized with the Yoast SEO Premium plugin v26.1 (Yoast SEO v27.0) - https:\/\/yoast.com\/product\/yoast-seo-premium-wordpress\/ -->\n<title>Mobilisation G\u00e9n\u00e9rale \u00e0 l&#039;\u00c8re de la Refondation Niger - niger<\/title>\n<meta name=\"description\" content=\"L\u2019e\u0300re de la Refondation engage\u0301e au Niger marque une e\u0301tape de\u0301cisive de l\u2019histoire nationale. Elle se veut une re\u0301pons ...\" \/>\n<meta name=\"robots\" content=\"index, follow, max-snippet:-1, max-image-preview:large, max-video-preview:-1\" \/>\n<link rel=\"canonical\" href=\"https:\/\/www.africa-press.net\/niger\/dossiers\/mobilisation-generale-a-lere-de-la-refondation-niger\" \/>\n<meta property=\"og:locale\" content=\"fr_FR\" \/>\n<meta property=\"og:type\" content=\"article\" \/>\n<meta property=\"og:title\" content=\"Mobilisation G\u00e9n\u00e9rale \u00e0 l&#039;\u00c8re de la Refondation Niger\" \/>\n<meta property=\"og:description\" content=\"L\u2019e\u0300re de la Refondation engage\u0301e au Niger marque une e\u0301tape de\u0301cisive de l\u2019histoire nationale. Elle se veut une re\u0301pons ...\" \/>\n<meta property=\"og:url\" content=\"https:\/\/www.africa-press.net\/niger\/dossiers\/mobilisation-generale-a-lere-de-la-refondation-niger\" \/>\n<meta property=\"og:site_name\" content=\"niger\" \/>\n<meta property=\"article:published_time\" content=\"2026-02-12T17:20:46+00:00\" \/>\n<meta property=\"article:modified_time\" content=\"2026-02-12T17:58:19+00:00\" \/>\n<meta property=\"og:image\" content=\"https:\/\/static.africa-press.net\/niger\/sites\/40\/2026\/02\/sm_1770906468.186745.jpg\" \/>\n\t<meta property=\"og:image:width\" content=\"1280\" \/>\n\t<meta property=\"og:image:height\" content=\"720\" \/>\n\t<meta property=\"og:image:type\" content=\"image\/jpeg\" \/>\n<meta name=\"author\" content=\"cfeditorfr\" \/>\n<meta name=\"twitter:card\" content=\"summary_large_image\" \/>\n<meta name=\"twitter:label1\" content=\"\u00c9crit par\" \/>\n\t<meta name=\"twitter:data1\" content=\"cfeditorfr\" \/>\n\t<meta name=\"twitter:label2\" content=\"Dur\u00e9e de lecture estim\u00e9e\" \/>\n\t<meta name=\"twitter:data2\" content=\"3 minutes\" \/>\n<script type=\"application\/ld+json\" class=\"yoast-schema-graph\">{\"@context\":\"https:\/\/schema.org\",\"@graph\":[{\"@type\":\"Article\",\"@id\":\"https:\/\/www.africa-press.net\/niger\/dossiers\/mobilisation-generale-a-lere-de-la-refondation-niger#article\",\"isPartOf\":{\"@id\":\"https:\/\/www.africa-press.net\/niger\/dossiers\/mobilisation-generale-a-lere-de-la-refondation-niger\"},\"author\":{\"name\":\"cfeditorfr\",\"@id\":\"https:\/\/www.africa-press.net\/niger\/#\/schema\/person\/2b1cf3cd81a31e3cd26889ca66d677f1\"},\"headline\":\"Mobilisation G\u00e9n\u00e9rale \u00e0 l&rsquo;\u00c8re de la Refondation Niger\",\"datePublished\":\"2026-02-12T17:20:46+00:00\",\"dateModified\":\"2026-02-12T17:58:19+00:00\",\"mainEntityOfPage\":{\"@id\":\"https:\/\/www.africa-press.net\/niger\/dossiers\/mobilisation-generale-a-lere-de-la-refondation-niger\"},\"wordCount\":624,\"commentCount\":0,\"image\":{\"@id\":\"https:\/\/www.africa-press.net\/niger\/dossiers\/mobilisation-generale-a-lere-de-la-refondation-niger#primaryimage\"},\"thumbnailUrl\":\"https:\/\/static.africa-press.net\/niger\/sites\/40\/2026\/02\/sm_1770906468.186745.jpg\",\"keywords\":[\"Niger\"],\"articleSection\":[\"Dossiers\",\"Toutes les actualit\u00e9s\"],\"inLanguage\":\"fr-FR\",\"potentialAction\":[{\"@type\":\"CommentAction\",\"name\":\"Comment\",\"target\":[\"https:\/\/www.africa-press.net\/niger\/dossiers\/mobilisation-generale-a-lere-de-la-refondation-niger#respond\"]}]},{\"@type\":\"WebPage\",\"@id\":\"https:\/\/www.africa-press.net\/niger\/dossiers\/mobilisation-generale-a-lere-de-la-refondation-niger\",\"url\":\"https:\/\/www.africa-press.net\/niger\/dossiers\/mobilisation-generale-a-lere-de-la-refondation-niger\",\"name\":\"Mobilisation G\u00e9n\u00e9rale \u00e0 l'\u00c8re de la Refondation Niger - niger\",\"isPartOf\":{\"@id\":\"https:\/\/www.africa-press.net\/niger\/#website\"},\"primaryImageOfPage\":{\"@id\":\"https:\/\/www.africa-press.net\/niger\/dossiers\/mobilisation-generale-a-lere-de-la-refondation-niger#primaryimage\"},\"image\":{\"@id\":\"https:\/\/www.africa-press.net\/niger\/dossiers\/mobilisation-generale-a-lere-de-la-refondation-niger#primaryimage\"},\"thumbnailUrl\":\"https:\/\/static.africa-press.net\/niger\/sites\/40\/2026\/02\/sm_1770906468.186745.jpg\",\"datePublished\":\"2026-02-12T17:20:46+00:00\",\"dateModified\":\"2026-02-12T17:58:19+00:00\",\"author\":{\"@id\":\"https:\/\/www.africa-press.net\/niger\/#\/schema\/person\/2b1cf3cd81a31e3cd26889ca66d677f1\"},\"description\":\"L\u2019e\u0300re de la Refondation engage\u0301e au Niger marque une e\u0301tape de\u0301cisive de l\u2019histoire nationale. Elle se veut une re\u0301pons ...\",\"breadcrumb\":{\"@id\":\"https:\/\/www.africa-press.net\/niger\/dossiers\/mobilisation-generale-a-lere-de-la-refondation-niger#breadcrumb\"},\"inLanguage\":\"fr-FR\",\"potentialAction\":[{\"@type\":\"ReadAction\",\"target\":[\"https:\/\/www.africa-press.net\/niger\/dossiers\/mobilisation-generale-a-lere-de-la-refondation-niger\"]}]},{\"@type\":\"ImageObject\",\"inLanguage\":\"fr-FR\",\"@id\":\"https:\/\/www.africa-press.net\/niger\/dossiers\/mobilisation-generale-a-lere-de-la-refondation-niger#primaryimage\",\"url\":\"https:\/\/static.africa-press.net\/niger\/sites\/40\/2026\/02\/sm_1770906468.186745.jpg\",\"contentUrl\":\"https:\/\/static.africa-press.net\/niger\/sites\/40\/2026\/02\/sm_1770906468.186745.jpg\",\"width\":1280,\"height\":720,\"caption\":\"Mobilisation G\u00e9n\u00e9rale \u00e0 l'\u00c8re de la Refondation Niger\"},{\"@type\":\"BreadcrumbList\",\"@id\":\"https:\/\/www.africa-press.net\/niger\/dossiers\/mobilisation-generale-a-lere-de-la-refondation-niger#breadcrumb\",\"itemListElement\":[{\"@type\":\"ListItem\",\"position\":1,\"name\":\"Accueil\",\"item\":\"https:\/\/www.africa-press.net\/niger\/\"},{\"@type\":\"ListItem\",\"position\":2,\"name\":\"Mobilisation G\u00e9n\u00e9rale \u00e0 l&#8217;\u00c8re de la Refondation Niger\"}]},{\"@type\":\"WebSite\",\"@id\":\"https:\/\/www.africa-press.net\/niger\/#website\",\"url\":\"https:\/\/www.africa-press.net\/niger\/\",\"name\":\"niger\",\"description\":\"Just another Africa News Agency Sites site\",\"potentialAction\":[{\"@type\":\"SearchAction\",\"target\":{\"@type\":\"EntryPoint\",\"urlTemplate\":\"https:\/\/www.africa-press.net\/niger\/?s={search_term_string}\"},\"query-input\":{\"@type\":\"PropertyValueSpecification\",\"valueRequired\":true,\"valueName\":\"search_term_string\"}}],\"inLanguage\":\"fr-FR\"},{\"@type\":\"Person\",\"@id\":\"https:\/\/www.africa-press.net\/niger\/#\/schema\/person\/2b1cf3cd81a31e3cd26889ca66d677f1\",\"name\":\"cfeditorfr\"}]}<\/script>\n<!-- \/ Yoast SEO Premium plugin. -->","yoast_head_json":{"title":"Mobilisation G\u00e9n\u00e9rale \u00e0 l'\u00c8re de la Refondation Niger - niger","description":"L\u2019e\u0300re de la Refondation engage\u0301e au Niger marque une e\u0301tape de\u0301cisive de l\u2019histoire nationale. Elle se veut une re\u0301pons ...","robots":{"index":"index","follow":"follow","max-snippet":"max-snippet:-1","max-image-preview":"max-image-preview:large","max-video-preview":"max-video-preview:-1"},"canonical":"https:\/\/www.africa-press.net\/niger\/dossiers\/mobilisation-generale-a-lere-de-la-refondation-niger","og_locale":"fr_FR","og_type":"article","og_title":"Mobilisation G\u00e9n\u00e9rale \u00e0 l'\u00c8re de la Refondation Niger","og_description":"L\u2019e\u0300re de la Refondation engage\u0301e au Niger marque une e\u0301tape de\u0301cisive de l\u2019histoire nationale. Elle se veut une re\u0301pons ...","og_url":"https:\/\/www.africa-press.net\/niger\/dossiers\/mobilisation-generale-a-lere-de-la-refondation-niger","og_site_name":"niger","article_published_time":"2026-02-12T17:20:46+00:00","article_modified_time":"2026-02-12T17:58:19+00:00","og_image":[{"width":1280,"height":720,"url":"https:\/\/static.africa-press.net\/niger\/sites\/40\/2026\/02\/sm_1770906468.186745.jpg","type":"image\/jpeg"}],"author":"cfeditorfr","twitter_card":"summary_large_image","twitter_misc":{"\u00c9crit par":"cfeditorfr","Dur\u00e9e de lecture estim\u00e9e":"3 minutes"},"schema":{"@context":"https:\/\/schema.org","@graph":[{"@type":"Article","@id":"https:\/\/www.africa-press.net\/niger\/dossiers\/mobilisation-generale-a-lere-de-la-refondation-niger#article","isPartOf":{"@id":"https:\/\/www.africa-press.net\/niger\/dossiers\/mobilisation-generale-a-lere-de-la-refondation-niger"},"author":{"name":"cfeditorfr","@id":"https:\/\/www.africa-press.net\/niger\/#\/schema\/person\/2b1cf3cd81a31e3cd26889ca66d677f1"},"headline":"Mobilisation G\u00e9n\u00e9rale \u00e0 l&rsquo;\u00c8re de la Refondation Niger","datePublished":"2026-02-12T17:20:46+00:00","dateModified":"2026-02-12T17:58:19+00:00","mainEntityOfPage":{"@id":"https:\/\/www.africa-press.net\/niger\/dossiers\/mobilisation-generale-a-lere-de-la-refondation-niger"},"wordCount":624,"commentCount":0,"image":{"@id":"https:\/\/www.africa-press.net\/niger\/dossiers\/mobilisation-generale-a-lere-de-la-refondation-niger#primaryimage"},"thumbnailUrl":"https:\/\/static.africa-press.net\/niger\/sites\/40\/2026\/02\/sm_1770906468.186745.jpg","keywords":["Niger"],"articleSection":["Dossiers","Toutes les actualit\u00e9s"],"inLanguage":"fr-FR","potentialAction":[{"@type":"CommentAction","name":"Comment","target":["https:\/\/www.africa-press.net\/niger\/dossiers\/mobilisation-generale-a-lere-de-la-refondation-niger#respond"]}]},{"@type":"WebPage","@id":"https:\/\/www.africa-press.net\/niger\/dossiers\/mobilisation-generale-a-lere-de-la-refondation-niger","url":"https:\/\/www.africa-press.net\/niger\/dossiers\/mobilisation-generale-a-lere-de-la-refondation-niger","name":"Mobilisation G\u00e9n\u00e9rale \u00e0 l'\u00c8re de la Refondation Niger - niger","isPartOf":{"@id":"https:\/\/www.africa-press.net\/niger\/#website"},"primaryImageOfPage":{"@id":"https:\/\/www.africa-press.net\/niger\/dossiers\/mobilisation-generale-a-lere-de-la-refondation-niger#primaryimage"},"image":{"@id":"https:\/\/www.africa-press.net\/niger\/dossiers\/mobilisation-generale-a-lere-de-la-refondation-niger#primaryimage"},"thumbnailUrl":"https:\/\/static.africa-press.net\/niger\/sites\/40\/2026\/02\/sm_1770906468.186745.jpg","datePublished":"2026-02-12T17:20:46+00:00","dateModified":"2026-02-12T17:58:19+00:00","author":{"@id":"https:\/\/www.africa-press.net\/niger\/#\/schema\/person\/2b1cf3cd81a31e3cd26889ca66d677f1"},"description":"L\u2019e\u0300re de la Refondation engage\u0301e au Niger marque une e\u0301tape de\u0301cisive de l\u2019histoire nationale. Elle se veut une re\u0301pons ...","breadcrumb":{"@id":"https:\/\/www.africa-press.net\/niger\/dossiers\/mobilisation-generale-a-lere-de-la-refondation-niger#breadcrumb"},"inLanguage":"fr-FR","potentialAction":[{"@type":"ReadAction","target":["https:\/\/www.africa-press.net\/niger\/dossiers\/mobilisation-generale-a-lere-de-la-refondation-niger"]}]},{"@type":"ImageObject","inLanguage":"fr-FR","@id":"https:\/\/www.africa-press.net\/niger\/dossiers\/mobilisation-generale-a-lere-de-la-refondation-niger#primaryimage","url":"https:\/\/static.africa-press.net\/niger\/sites\/40\/2026\/02\/sm_1770906468.186745.jpg","contentUrl":"https:\/\/static.africa-press.net\/niger\/sites\/40\/2026\/02\/sm_1770906468.186745.jpg","width":1280,"height":720,"caption":"Mobilisation G\u00e9n\u00e9rale \u00e0 l'\u00c8re de la Refondation Niger"},{"@type":"BreadcrumbList","@id":"https:\/\/www.africa-press.net\/niger\/dossiers\/mobilisation-generale-a-lere-de-la-refondation-niger#breadcrumb","itemListElement":[{"@type":"ListItem","position":1,"name":"Accueil","item":"https:\/\/www.africa-press.net\/niger\/"},{"@type":"ListItem","position":2,"name":"Mobilisation G\u00e9n\u00e9rale \u00e0 l&#8217;\u00c8re de la Refondation Niger"}]},{"@type":"WebSite","@id":"https:\/\/www.africa-press.net\/niger\/#website","url":"https:\/\/www.africa-press.net\/niger\/","name":"niger","description":"Just another Africa News Agency Sites site","potentialAction":[{"@type":"SearchAction","target":{"@type":"EntryPoint","urlTemplate":"https:\/\/www.africa-press.net\/niger\/?s={search_term_string}"},"query-input":{"@type":"PropertyValueSpecification","valueRequired":true,"valueName":"search_term_string"}}],"inLanguage":"fr-FR"},{"@type":"Person","@id":"https:\/\/www.africa-press.net\/niger\/#\/schema\/person\/2b1cf3cd81a31e3cd26889ca66d677f1","name":"cfeditorfr"}]}},"_links":{"self":[{"href":"https:\/\/www.africa-press.net\/niger\/wp-json\/wp\/v2\/posts\/95245","targetHints":{"allow":["GET"]}}],"collection":[{"href":"https:\/\/www.africa-press.net\/niger\/wp-json\/wp\/v2\/posts"}],"about":[{"href":"https:\/\/www.africa-press.net\/niger\/wp-json\/wp\/v2\/types\/post"}],"author":[{"embeddable":true,"href":"https:\/\/www.africa-press.net\/niger\/wp-json\/wp\/v2\/users\/82"}],"replies":[{"embeddable":true,"href":"https:\/\/www.africa-press.net\/niger\/wp-json\/wp\/v2\/comments?post=95245"}],"version-history":[{"count":0,"href":"https:\/\/www.africa-press.net\/niger\/wp-json\/wp\/v2\/posts\/95245\/revisions"}],"wp:featuredmedia":[{"embeddable":true,"href":"https:\/\/www.africa-press.net\/niger\/wp-json\/wp\/v2\/media\/95244"}],"wp:attachment":[{"href":"https:\/\/www.africa-press.net\/niger\/wp-json\/wp\/v2\/media?parent=95245"}],"wp:term":[{"taxonomy":"category","embeddable":true,"href":"https:\/\/www.africa-press.net\/niger\/wp-json\/wp\/v2\/categories?post=95245"},{"taxonomy":"post_tag","embeddable":true,"href":"https:\/\/www.africa-press.net\/niger\/wp-json\/wp\/v2\/tags?post=95245"}],"curies":[{"name":"wp","href":"https:\/\/api.w.org\/{rel}","templated":true}]}}