{"id":95418,"date":"2026-02-15T18:26:18","date_gmt":"2026-02-15T18:26:18","guid":{"rendered":"https:\/\/www.africa-press.net\/niger\/politique\/reca-tient-son-assemblee-generale-a-tahoua-2026"},"modified":"2026-02-15T19:00:38","modified_gmt":"2026-02-15T19:00:38","slug":"reca-tient-son-assemblee-generale-a-tahoua-2026","status":"publish","type":"post","link":"https:\/\/www.africa-press.net\/niger\/economie\/reca-tient-son-assemblee-generale-a-tahoua-2026","title":{"rendered":"RECA Tient Son Assembl\u00e9e G\u00e9n\u00e9rale \u00e0 Tahoua 2026"},"content":{"rendered":"<p><span style=\"color: #ff6600\"><strong>Africa-Press &#8211; Niger. <\/strong><\/span>Le Gouverneur de la Re\u0301gion de Tahoua Colonel-Major Souleymane Amadou Moussa a pre\u0301side\u0301, ce jeudi 12 fe\u0301vrier 2026 dans la salle des re\u0301unions de la Chambre re\u0301gionale d\u2019agriculture (CRA) de Tahoua, la ce\u0301re\u0301monie d\u2019ouverture de la re\u0301union ordinaire du bureau du Re\u0301seau National des Chambres d\u2019Agriculture (RECA), e\u0301largie aux pre\u0301sidents et Secre\u0301taires ge\u0301ne\u0301raux des Chambres Re\u0301gionales d\u2019Agriculture (CRA) des 8 Re\u0301gions du Niger.<\/p>\n<p>Cette ce\u0301re\u0301monie s\u2019est de\u0301roule\u0301e en pre\u0301sence du Secre\u0301taire Ge\u0301ne\u0301ral du Gouvernorat de Tahoua, des Directeurs re\u0301gionaux des services, des organisations faitie\u0300res, des autorite\u0301s coutumie\u0300res, ainsi que les Responsables re\u0301gionaux des FDS.<\/p>\n<p>A l\u2019agenda de la rencontre figurent plusieurs activite\u0301s, a\u0300 savoir: dresser le bilan des activite\u0301s mene\u0301es au cours de l\u2019anne\u0301e e\u0301coule\u0301e (2025), tirer les lec\u0327ons et faire des recommandations sur les politiques nationales agricoles dans le pays.<\/p>\n<p>A l\u2019entame de son allocution, le Gouverneur de Tahoua a exprime\u0301 toute sa gratitude et sa reconnaissance a\u0300 la population de la re\u0301gion de Tahoua et aux vaillantes forces de l\u2019ordre pour leur engagement sans faille et leur abne\u0301gation dans la de\u0301fense du territoire national. Aux repre\u0301sentants de la profession agricole, le Gouverneur Souleymane leur a demande\u0301 de continuer, en dehors des missions re\u0301galiennes de RECA et des CRA, de redoubler d\u2019efforts inlassables de concertation, d\u2019information et de sensibilisation afin que tous les producteurs du pays puissent, a\u0300 travers leurs actions de tous les jours, \u0153uvrer dans le sens de la sauvegarde de la patrie.<\/p>\n<p>Le Gouverneur Souleymane Amadou Moussa a fait savoir que le RECA repre\u0301sente l\u2019inte\u0301re\u0302t de l\u2019ensemble de la profession agricole du Niger aupre\u0300s des pouvoirs publics, soulignant les missions principales de celle-ci, qui consistent a\u0300 faire connai\u0302tre les pre\u0301occupations des diverses cate\u0301gories de producteurs ruraux, informer les producteurs ruraux dans tous les domaines qui les concernent, entre autres.<\/p>\n<p>Le Gouverneur de Tahoua a explique\u0301 rappeler ces missions pour souligner la concordance et l\u2019ade\u0301quation de ces missions avec l\u2019engagement de l\u2019Etat a\u0300 faire du secteur agricole un moteur de la croissance e\u0301conomique du pays, traduit par la mise en \u0153uvre de la Politique de Grande Irrigation au Niger, intensifie\u0301e via le Programme de la Grande Irrigation (PGI) 2024-2027 du CNSP, qui pro\u0302ne la souverainete\u0301 alimentaire du Niger.<\/p>\n<p>Le Gouverneur Souleymane a rendu un hommage me\u0301rite\u0301 au RECA qui, au fil des anne\u0301es, a construit des capacite\u0301s, de\u0301veloppe\u0301 des services ayant permis des avance\u0301es notoires pour le rayonnement du mouvement paysan nige\u0301rien, et qui fait de cette institution une re\u0301fe\u0301rence nationale dans la sous-re\u0301gion et au-dela\u0300 a\u0300 l\u2019international.<\/p>\n<p>Pour illustrer ses propos, le Gouverneur de Tahoua a rappele\u0301 les services du RECA, qui sont, entre autres, le renforcement des dispositifs d\u2019encadrement des producteurs, l\u2019information professionnelle, la participation dans la de\u0301finition et les orientations des politiques rurales du Niger. Ce qui lui a valu une confiance aussi bien des institutions publiques nationales que des partenaires techniques et financiers.<\/p>\n<p>Compte tenu des de\u0301fis e\u0301conomiques, climatiques et se\u0301curitaires qui se dressent sur le chemin de la transformation de l\u2019agriculture et de la professionnalisation des acteurs des chaines de valeur au Niger, le Gouverneur de Tahoua a lance\u0301 un vibrant appel aux producteurs ruraux a\u0300 se professionnaliser, a\u0300 se structurer, a\u0300 moderniser leurs exploitations pour assurer la souverainete\u0301 alimentaire du Niger.<\/p>\n<p>Auparavant, le pre\u0301sident national du RECA, M. Abdou Maidagi a pris la parole pour adresser ses remerciements aux autorite\u0301s re\u0301gionales pour leur accueil, avant de souhaiter la chaleureuse bienvenue aux participants et un bon de\u0301roulement des travaux. Il a saisi cette occasion pour pre\u0301senter le contenu de la rencontre et remercier tous les partenaires qui les appuient.<\/p>\n<p>Le pre\u0301sident du RECA a demande\u0301 au Gouverneur de Tahoua d\u2019e\u0302tre leur porte-parole aupre\u0300s des plus hautes autorite\u0301s nationales pour que le RECA puisse atteindre ses objectifs, celui de nourrir l\u2019ensemble du peuple nige\u0301rien, d\u2019aider a\u0300 participer au de\u0301veloppement du pays, surtout dans le contexte actuel de la refondation.<\/p>\n<p>Le pre\u0301sident du RECA a remercie\u0301 les cadres re\u0301gionaux du CRA de Tahoua, qui accompagnent la re\u0301gion et de\u0301veloppent des strate\u0301gies de formation et d\u2019encadrement des producteurs ruraux.<\/p>\n<p>Il faut noter qu\u2019auparavant l\u2019AD de la Ville de Tahoua M. Sahabi Moussa, le Chef du Canton de Tahoua Honorable Mahamadou Moussa et celui du Groupement peulh de Tahoua Honorable Boubacar Deye ont tour a\u0300 tour pris la parole pour se fe\u0301liciter de la tenue de cette re\u0301union dans leur entite\u0301 administrative, avant de saluer les actions du RECA au profit du monde rural.<b> <\/b><\/p>\n<p><strong>Pour plus d&rsquo;informations et d&rsquo;analyses sur la <span style=\"color: #ff6600\">Niger<\/span>, suivez <span style=\"color: #ff6600\">Africa-Press<\/span><\/strong><\/p>\n","protected":false},"excerpt":{"rendered":"<p>Africa-Press &#8211; Niger. Le Gouverneur de la Re\u0301gion de Tahoua Colonel-Major Souleymane Amadou Moussa a pre\u0301side\u0301, ce jeudi 12 fe\u0301vrier 2026 dans la salle des re\u0301unions de la Chambre re\u0301gionale d\u2019agriculture (CRA) de Tahoua, la ce\u0301re\u0301monie d\u2019ouverture de la re\u0301union ordinaire du bureau du Re\u0301seau National des Chambres d\u2019Agriculture (RECA), e\u0301largie aux pre\u0301sidents et Secre\u0301taires [&hellip;]<\/p>\n","protected":false},"author":82,"featured_media":95417,"comment_status":"open","ping_status":"closed","sticky":false,"template":"","format":"standard","meta":{"footnotes":""},"categories":[3,10],"tags":[29],"class_list":["post-95418","post","type-post","status-publish","format-standard","has-post-thumbnail","hentry","category-economie","category-toutes-les-actualites","tag-niger"],"yoast_head":"<!-- This site is optimized with the Yoast SEO Premium plugin v26.1 (Yoast SEO v27.0) - https:\/\/yoast.com\/product\/yoast-seo-premium-wordpress\/ -->\n<title>RECA Tient Son Assembl\u00e9e G\u00e9n\u00e9rale \u00e0 Tahoua 2026 - niger<\/title>\n<meta name=\"description\" content=\"Le Gouverneur de la Re\u0301gion de Tahoua Colonel-Major Souleymane Amadou Moussa a pre\u0301side\u0301, ce jeudi 12 fe\u0301vrier 2026 dans ...\" \/>\n<meta name=\"robots\" content=\"index, follow, max-snippet:-1, max-image-preview:large, max-video-preview:-1\" \/>\n<link rel=\"canonical\" href=\"https:\/\/www.africa-press.net\/niger\/economie\/reca-tient-son-assemblee-generale-a-tahoua-2026\" \/>\n<meta property=\"og:locale\" content=\"fr_FR\" \/>\n<meta property=\"og:type\" content=\"article\" \/>\n<meta property=\"og:title\" content=\"RECA Tient Son Assembl\u00e9e G\u00e9n\u00e9rale \u00e0 Tahoua 2026\" \/>\n<meta property=\"og:description\" content=\"Le Gouverneur de la Re\u0301gion de Tahoua Colonel-Major Souleymane Amadou Moussa a pre\u0301side\u0301, ce jeudi 12 fe\u0301vrier 2026 dans ...\" \/>\n<meta property=\"og:url\" content=\"https:\/\/www.africa-press.net\/niger\/economie\/reca-tient-son-assemblee-generale-a-tahoua-2026\" \/>\n<meta property=\"og:site_name\" content=\"niger\" \/>\n<meta property=\"article:published_time\" content=\"2026-02-15T18:26:18+00:00\" \/>\n<meta property=\"article:modified_time\" content=\"2026-02-15T19:00:38+00:00\" \/>\n<meta property=\"og:image\" content=\"https:\/\/static.africa-press.net\/niger\/sites\/40\/2026\/02\/sm_1771169382.872146.jpg\" \/>\n\t<meta property=\"og:image:width\" content=\"837\" \/>\n\t<meta property=\"og:image:height\" content=\"365\" \/>\n\t<meta property=\"og:image:type\" content=\"image\/jpeg\" \/>\n<meta name=\"author\" content=\"cfeditorfr\" \/>\n<meta name=\"twitter:card\" content=\"summary_large_image\" \/>\n<meta name=\"twitter:label1\" content=\"\u00c9crit par\" \/>\n\t<meta name=\"twitter:data1\" content=\"cfeditorfr\" \/>\n\t<meta name=\"twitter:label2\" content=\"Dur\u00e9e de lecture estim\u00e9e\" \/>\n\t<meta name=\"twitter:data2\" content=\"4 minutes\" \/>\n<script type=\"application\/ld+json\" class=\"yoast-schema-graph\">{\"@context\":\"https:\/\/schema.org\",\"@graph\":[{\"@type\":\"Article\",\"@id\":\"https:\/\/www.africa-press.net\/niger\/economie\/reca-tient-son-assemblee-generale-a-tahoua-2026#article\",\"isPartOf\":{\"@id\":\"https:\/\/www.africa-press.net\/niger\/economie\/reca-tient-son-assemblee-generale-a-tahoua-2026\"},\"author\":{\"name\":\"cfeditorfr\",\"@id\":\"https:\/\/www.africa-press.net\/niger\/#\/schema\/person\/2b1cf3cd81a31e3cd26889ca66d677f1\"},\"headline\":\"RECA Tient Son Assembl\u00e9e G\u00e9n\u00e9rale \u00e0 Tahoua 2026\",\"datePublished\":\"2026-02-15T18:26:18+00:00\",\"dateModified\":\"2026-02-15T19:00:38+00:00\",\"mainEntityOfPage\":{\"@id\":\"https:\/\/www.africa-press.net\/niger\/economie\/reca-tient-son-assemblee-generale-a-tahoua-2026\"},\"wordCount\":857,\"commentCount\":0,\"image\":{\"@id\":\"https:\/\/www.africa-press.net\/niger\/economie\/reca-tient-son-assemblee-generale-a-tahoua-2026#primaryimage\"},\"thumbnailUrl\":\"https:\/\/static.africa-press.net\/niger\/sites\/40\/2026\/02\/sm_1771169382.872146.jpg\",\"keywords\":[\"Niger\"],\"articleSection\":[\"\u00c9conomie\",\"Toutes les actualit\u00e9s\"],\"inLanguage\":\"fr-FR\",\"potentialAction\":[{\"@type\":\"CommentAction\",\"name\":\"Comment\",\"target\":[\"https:\/\/www.africa-press.net\/niger\/economie\/reca-tient-son-assemblee-generale-a-tahoua-2026#respond\"]}]},{\"@type\":\"WebPage\",\"@id\":\"https:\/\/www.africa-press.net\/niger\/economie\/reca-tient-son-assemblee-generale-a-tahoua-2026\",\"url\":\"https:\/\/www.africa-press.net\/niger\/economie\/reca-tient-son-assemblee-generale-a-tahoua-2026\",\"name\":\"RECA Tient Son Assembl\u00e9e G\u00e9n\u00e9rale \u00e0 Tahoua 2026 - niger\",\"isPartOf\":{\"@id\":\"https:\/\/www.africa-press.net\/niger\/#website\"},\"primaryImageOfPage\":{\"@id\":\"https:\/\/www.africa-press.net\/niger\/economie\/reca-tient-son-assemblee-generale-a-tahoua-2026#primaryimage\"},\"image\":{\"@id\":\"https:\/\/www.africa-press.net\/niger\/economie\/reca-tient-son-assemblee-generale-a-tahoua-2026#primaryimage\"},\"thumbnailUrl\":\"https:\/\/static.africa-press.net\/niger\/sites\/40\/2026\/02\/sm_1771169382.872146.jpg\",\"datePublished\":\"2026-02-15T18:26:18+00:00\",\"dateModified\":\"2026-02-15T19:00:38+00:00\",\"author\":{\"@id\":\"https:\/\/www.africa-press.net\/niger\/#\/schema\/person\/2b1cf3cd81a31e3cd26889ca66d677f1\"},\"description\":\"Le Gouverneur de la Re\u0301gion de Tahoua Colonel-Major Souleymane Amadou Moussa a pre\u0301side\u0301, ce jeudi 12 fe\u0301vrier 2026 dans ...\",\"breadcrumb\":{\"@id\":\"https:\/\/www.africa-press.net\/niger\/economie\/reca-tient-son-assemblee-generale-a-tahoua-2026#breadcrumb\"},\"inLanguage\":\"fr-FR\",\"potentialAction\":[{\"@type\":\"ReadAction\",\"target\":[\"https:\/\/www.africa-press.net\/niger\/economie\/reca-tient-son-assemblee-generale-a-tahoua-2026\"]}]},{\"@type\":\"ImageObject\",\"inLanguage\":\"fr-FR\",\"@id\":\"https:\/\/www.africa-press.net\/niger\/economie\/reca-tient-son-assemblee-generale-a-tahoua-2026#primaryimage\",\"url\":\"https:\/\/static.africa-press.net\/niger\/sites\/40\/2026\/02\/sm_1771169382.872146.jpg\",\"contentUrl\":\"https:\/\/static.africa-press.net\/niger\/sites\/40\/2026\/02\/sm_1771169382.872146.jpg\",\"width\":837,\"height\":365,\"caption\":\"RECA Tient Son Assembl\u00e9e G\u00e9n\u00e9rale \u00e0 Tahoua 2026\"},{\"@type\":\"BreadcrumbList\",\"@id\":\"https:\/\/www.africa-press.net\/niger\/economie\/reca-tient-son-assemblee-generale-a-tahoua-2026#breadcrumb\",\"itemListElement\":[{\"@type\":\"ListItem\",\"position\":1,\"name\":\"Accueil\",\"item\":\"https:\/\/www.africa-press.net\/niger\/\"},{\"@type\":\"ListItem\",\"position\":2,\"name\":\"RECA Tient Son Assembl\u00e9e G\u00e9n\u00e9rale \u00e0 Tahoua 2026\"}]},{\"@type\":\"WebSite\",\"@id\":\"https:\/\/www.africa-press.net\/niger\/#website\",\"url\":\"https:\/\/www.africa-press.net\/niger\/\",\"name\":\"niger\",\"description\":\"Just another Africa News Agency Sites site\",\"potentialAction\":[{\"@type\":\"SearchAction\",\"target\":{\"@type\":\"EntryPoint\",\"urlTemplate\":\"https:\/\/www.africa-press.net\/niger\/?s={search_term_string}\"},\"query-input\":{\"@type\":\"PropertyValueSpecification\",\"valueRequired\":true,\"valueName\":\"search_term_string\"}}],\"inLanguage\":\"fr-FR\"},{\"@type\":\"Person\",\"@id\":\"https:\/\/www.africa-press.net\/niger\/#\/schema\/person\/2b1cf3cd81a31e3cd26889ca66d677f1\",\"name\":\"cfeditorfr\"}]}<\/script>\n<!-- \/ Yoast SEO Premium plugin. -->","yoast_head_json":{"title":"RECA Tient Son Assembl\u00e9e G\u00e9n\u00e9rale \u00e0 Tahoua 2026 - niger","description":"Le Gouverneur de la Re\u0301gion de Tahoua Colonel-Major Souleymane Amadou Moussa a pre\u0301side\u0301, ce jeudi 12 fe\u0301vrier 2026 dans ...","robots":{"index":"index","follow":"follow","max-snippet":"max-snippet:-1","max-image-preview":"max-image-preview:large","max-video-preview":"max-video-preview:-1"},"canonical":"https:\/\/www.africa-press.net\/niger\/economie\/reca-tient-son-assemblee-generale-a-tahoua-2026","og_locale":"fr_FR","og_type":"article","og_title":"RECA Tient Son Assembl\u00e9e G\u00e9n\u00e9rale \u00e0 Tahoua 2026","og_description":"Le Gouverneur de la Re\u0301gion de Tahoua Colonel-Major Souleymane Amadou Moussa a pre\u0301side\u0301, ce jeudi 12 fe\u0301vrier 2026 dans ...","og_url":"https:\/\/www.africa-press.net\/niger\/economie\/reca-tient-son-assemblee-generale-a-tahoua-2026","og_site_name":"niger","article_published_time":"2026-02-15T18:26:18+00:00","article_modified_time":"2026-02-15T19:00:38+00:00","og_image":[{"width":837,"height":365,"url":"https:\/\/static.africa-press.net\/niger\/sites\/40\/2026\/02\/sm_1771169382.872146.jpg","type":"image\/jpeg"}],"author":"cfeditorfr","twitter_card":"summary_large_image","twitter_misc":{"\u00c9crit par":"cfeditorfr","Dur\u00e9e de lecture estim\u00e9e":"4 minutes"},"schema":{"@context":"https:\/\/schema.org","@graph":[{"@type":"Article","@id":"https:\/\/www.africa-press.net\/niger\/economie\/reca-tient-son-assemblee-generale-a-tahoua-2026#article","isPartOf":{"@id":"https:\/\/www.africa-press.net\/niger\/economie\/reca-tient-son-assemblee-generale-a-tahoua-2026"},"author":{"name":"cfeditorfr","@id":"https:\/\/www.africa-press.net\/niger\/#\/schema\/person\/2b1cf3cd81a31e3cd26889ca66d677f1"},"headline":"RECA Tient Son Assembl\u00e9e G\u00e9n\u00e9rale \u00e0 Tahoua 2026","datePublished":"2026-02-15T18:26:18+00:00","dateModified":"2026-02-15T19:00:38+00:00","mainEntityOfPage":{"@id":"https:\/\/www.africa-press.net\/niger\/economie\/reca-tient-son-assemblee-generale-a-tahoua-2026"},"wordCount":857,"commentCount":0,"image":{"@id":"https:\/\/www.africa-press.net\/niger\/economie\/reca-tient-son-assemblee-generale-a-tahoua-2026#primaryimage"},"thumbnailUrl":"https:\/\/static.africa-press.net\/niger\/sites\/40\/2026\/02\/sm_1771169382.872146.jpg","keywords":["Niger"],"articleSection":["\u00c9conomie","Toutes les actualit\u00e9s"],"inLanguage":"fr-FR","potentialAction":[{"@type":"CommentAction","name":"Comment","target":["https:\/\/www.africa-press.net\/niger\/economie\/reca-tient-son-assemblee-generale-a-tahoua-2026#respond"]}]},{"@type":"WebPage","@id":"https:\/\/www.africa-press.net\/niger\/economie\/reca-tient-son-assemblee-generale-a-tahoua-2026","url":"https:\/\/www.africa-press.net\/niger\/economie\/reca-tient-son-assemblee-generale-a-tahoua-2026","name":"RECA Tient Son Assembl\u00e9e G\u00e9n\u00e9rale \u00e0 Tahoua 2026 - niger","isPartOf":{"@id":"https:\/\/www.africa-press.net\/niger\/#website"},"primaryImageOfPage":{"@id":"https:\/\/www.africa-press.net\/niger\/economie\/reca-tient-son-assemblee-generale-a-tahoua-2026#primaryimage"},"image":{"@id":"https:\/\/www.africa-press.net\/niger\/economie\/reca-tient-son-assemblee-generale-a-tahoua-2026#primaryimage"},"thumbnailUrl":"https:\/\/static.africa-press.net\/niger\/sites\/40\/2026\/02\/sm_1771169382.872146.jpg","datePublished":"2026-02-15T18:26:18+00:00","dateModified":"2026-02-15T19:00:38+00:00","author":{"@id":"https:\/\/www.africa-press.net\/niger\/#\/schema\/person\/2b1cf3cd81a31e3cd26889ca66d677f1"},"description":"Le Gouverneur de la Re\u0301gion de Tahoua Colonel-Major Souleymane Amadou Moussa a pre\u0301side\u0301, ce jeudi 12 fe\u0301vrier 2026 dans ...","breadcrumb":{"@id":"https:\/\/www.africa-press.net\/niger\/economie\/reca-tient-son-assemblee-generale-a-tahoua-2026#breadcrumb"},"inLanguage":"fr-FR","potentialAction":[{"@type":"ReadAction","target":["https:\/\/www.africa-press.net\/niger\/economie\/reca-tient-son-assemblee-generale-a-tahoua-2026"]}]},{"@type":"ImageObject","inLanguage":"fr-FR","@id":"https:\/\/www.africa-press.net\/niger\/economie\/reca-tient-son-assemblee-generale-a-tahoua-2026#primaryimage","url":"https:\/\/static.africa-press.net\/niger\/sites\/40\/2026\/02\/sm_1771169382.872146.jpg","contentUrl":"https:\/\/static.africa-press.net\/niger\/sites\/40\/2026\/02\/sm_1771169382.872146.jpg","width":837,"height":365,"caption":"RECA Tient Son Assembl\u00e9e G\u00e9n\u00e9rale \u00e0 Tahoua 2026"},{"@type":"BreadcrumbList","@id":"https:\/\/www.africa-press.net\/niger\/economie\/reca-tient-son-assemblee-generale-a-tahoua-2026#breadcrumb","itemListElement":[{"@type":"ListItem","position":1,"name":"Accueil","item":"https:\/\/www.africa-press.net\/niger\/"},{"@type":"ListItem","position":2,"name":"RECA Tient Son Assembl\u00e9e G\u00e9n\u00e9rale \u00e0 Tahoua 2026"}]},{"@type":"WebSite","@id":"https:\/\/www.africa-press.net\/niger\/#website","url":"https:\/\/www.africa-press.net\/niger\/","name":"niger","description":"Just another Africa News Agency Sites site","potentialAction":[{"@type":"SearchAction","target":{"@type":"EntryPoint","urlTemplate":"https:\/\/www.africa-press.net\/niger\/?s={search_term_string}"},"query-input":{"@type":"PropertyValueSpecification","valueRequired":true,"valueName":"search_term_string"}}],"inLanguage":"fr-FR"},{"@type":"Person","@id":"https:\/\/www.africa-press.net\/niger\/#\/schema\/person\/2b1cf3cd81a31e3cd26889ca66d677f1","name":"cfeditorfr"}]}},"_links":{"self":[{"href":"https:\/\/www.africa-press.net\/niger\/wp-json\/wp\/v2\/posts\/95418","targetHints":{"allow":["GET"]}}],"collection":[{"href":"https:\/\/www.africa-press.net\/niger\/wp-json\/wp\/v2\/posts"}],"about":[{"href":"https:\/\/www.africa-press.net\/niger\/wp-json\/wp\/v2\/types\/post"}],"author":[{"embeddable":true,"href":"https:\/\/www.africa-press.net\/niger\/wp-json\/wp\/v2\/users\/82"}],"replies":[{"embeddable":true,"href":"https:\/\/www.africa-press.net\/niger\/wp-json\/wp\/v2\/comments?post=95418"}],"version-history":[{"count":0,"href":"https:\/\/www.africa-press.net\/niger\/wp-json\/wp\/v2\/posts\/95418\/revisions"}],"wp:featuredmedia":[{"embeddable":true,"href":"https:\/\/www.africa-press.net\/niger\/wp-json\/wp\/v2\/media\/95417"}],"wp:attachment":[{"href":"https:\/\/www.africa-press.net\/niger\/wp-json\/wp\/v2\/media?parent=95418"}],"wp:term":[{"taxonomy":"category","embeddable":true,"href":"https:\/\/www.africa-press.net\/niger\/wp-json\/wp\/v2\/categories?post=95418"},{"taxonomy":"post_tag","embeddable":true,"href":"https:\/\/www.africa-press.net\/niger\/wp-json\/wp\/v2\/tags?post=95418"}],"curies":[{"name":"wp","href":"https:\/\/api.w.org\/{rel}","templated":true}]}}