{"id":9548,"date":"2021-08-03T15:03:30","date_gmt":"2021-08-03T15:03:30","guid":{"rendered":"https:\/\/www.africa-press.net\/niger\/?p=9548"},"modified":"2021-08-03T19:04:48","modified_gmt":"2021-08-03T19:04:48","slug":"lex-president-du-niger-mahamadou-issoufou-prix-ibrahim-mo-2020-en-visite-privee-en-cote-divoire","status":"publish","type":"post","link":"https:\/\/www.africa-press.net\/niger\/politique\/lex-president-du-niger-mahamadou-issoufou-prix-ibrahim-mo-2020-en-visite-privee-en-cote-divoire","title":{"rendered":"L\u2019ex pr\u00e9sident du Niger Mahamadou Issoufou, Prix Ibrahim Mo 2020, en visite priv\u00e9e en C\u00f4te-d\u2019Ivoire"},"content":{"rendered":"<p><span style=\"color: #ff6600\"><strong><a href=\"https:\/\/www.africa-press.net\/\">Africa-Press<\/a> &#8211; <a href=\"https:\/\/www.africa-press.net\/niger\">Niger<\/a>. <\/strong><\/span>L\u2019ex pr\u00e9sident du Niger Issoufou Mahamadou est depuis le lundi 2 ao\u00fbt en visite priv\u00e9e \u00e0 Abidjan en C\u00f4te-d\u2019Ivoire.<\/p>\n<p>Avant d\u2019entamer la suite de leur programme [rencontres, vacances etc], Issoufou et son \u00e9pouse Dr. Lalla Malika Issoufou ont \u00e9t\u00e9 re\u00e7us pour un d\u00e9jeuner par le pr\u00e9sident ivoirien Alassane Ouattara et son \u00e9pouse Dominique Ouattara, \u00e0 leur domicile d\u2019Abidjan Riviera Golf.<\/p>\n<p>Des liens d\u2019amiti\u00e9 tr\u00e8s forts unissent Alassane Ouattara et Mahamadou Issoufou depuis de longues ann\u00e9es.<\/p>\n<p>Mahamadou Issoufou qui a quitt\u00e9 le pouvoir apr\u00e8s deux mandats au Niger est le dernier laur\u00e9at du Prix Ibrahim Mo 2020 pour la Bonne Gouvernance.<\/p>\n<p>Selon nos informations le couple Issoufou rencontrera aussi l\u2019ancien pr\u00e9sident ivoirien Laurent Gbagbo. Mahamadou Issoufou et Laurent Gbagbo partagent en effet leur appartenance \u00e0 l\u2019Internationale socialiste. Les deux anciens pr\u00e9sidents sont aussi tous deux de grands amis \u00e0 Guy Labertit, ancien conseiller Afrique du parti socialiste en France.<\/p>\n<p>&nbsp;<\/p>\n","protected":false},"excerpt":{"rendered":"<p>Africa-Press &#8211; Niger. L\u2019ex pr\u00e9sident du Niger Issoufou Mahamadou est depuis le lundi 2 ao\u00fbt en visite priv\u00e9e \u00e0 Abidjan en C\u00f4te-d\u2019Ivoire. Avant d\u2019entamer la suite de leur programme [rencontres, vacances etc], Issoufou et son \u00e9pouse Dr. Lalla Malika Issoufou ont \u00e9t\u00e9 re\u00e7us pour un d\u00e9jeuner par le pr\u00e9sident ivoirien Alassane Ouattara et son \u00e9pouse [&hellip;]<\/p>\n","protected":false},"author":82,"featured_media":9547,"comment_status":"open","ping_status":"closed","sticky":false,"template":"","format":"standard","meta":{"footnotes":""},"categories":[11,2,20,10],"tags":[55,60,29],"class_list":["post-9548","post","type-post","status-publish","format-standard","has-post-thumbnail","hentry","category-homepage-french","category-politique","category-top-nouvelles","category-toutes-les-actualites","tag-africa-press","tag-africa-press-niger","tag-niger"],"yoast_head":"<!-- This site is optimized with the Yoast SEO Premium plugin v26.1 (Yoast SEO v27.0) - https:\/\/yoast.com\/product\/yoast-seo-premium-wordpress\/ -->\n<title>L\u2019ex pr\u00e9sident du Niger Mahamadou Issoufou, Prix Ibrahim Mo 2020, en visite priv\u00e9e en C\u00f4te-d\u2019Ivoire - niger<\/title>\n<meta name=\"description\" content=\"L\u2019ex pr\u00e9sident du Niger Issoufou Mahamadou est depuis le lundi 2 ao\u00fbt en visite priv\u00e9e \u00e0 Abidjan en C\u00f4te-d\u2019Ivoire. Avan ...\" \/>\n<meta name=\"robots\" content=\"index, follow, max-snippet:-1, max-image-preview:large, max-video-preview:-1\" \/>\n<link rel=\"canonical\" href=\"https:\/\/www.africa-press.net\/niger\/politique\/lex-president-du-niger-mahamadou-issoufou-prix-ibrahim-mo-2020-en-visite-privee-en-cote-divoire\" \/>\n<meta property=\"og:locale\" content=\"fr_FR\" \/>\n<meta property=\"og:type\" content=\"article\" \/>\n<meta property=\"og:title\" content=\"L\u2019ex pr\u00e9sident du Niger Mahamadou Issoufou, Prix Ibrahim Mo 2020, en visite priv\u00e9e en C\u00f4te-d\u2019Ivoire\" \/>\n<meta property=\"og:description\" content=\"L\u2019ex pr\u00e9sident du Niger Issoufou Mahamadou est depuis le lundi 2 ao\u00fbt en visite priv\u00e9e \u00e0 Abidjan en C\u00f4te-d\u2019Ivoire. Avan ...\" \/>\n<meta property=\"og:url\" content=\"https:\/\/www.africa-press.net\/niger\/politique\/lex-president-du-niger-mahamadou-issoufou-prix-ibrahim-mo-2020-en-visite-privee-en-cote-divoire\" \/>\n<meta property=\"og:site_name\" content=\"niger\" \/>\n<meta property=\"article:published_time\" content=\"2021-08-03T15:03:30+00:00\" \/>\n<meta property=\"article:modified_time\" content=\"2021-08-03T19:04:48+00:00\" \/>\n<meta property=\"og:image\" content=\"https:\/\/static.africa-press.net\/niger\/sites\/40\/2021\/08\/img-610948311e4bd.jpg\" \/>\n\t<meta property=\"og:image:width\" content=\"960\" \/>\n\t<meta property=\"og:image:height\" content=\"640\" \/>\n\t<meta property=\"og:image:type\" content=\"image\/jpeg\" \/>\n<meta name=\"author\" content=\"cfeditorfr\" \/>\n<meta name=\"twitter:card\" content=\"summary_large_image\" \/>\n<meta name=\"twitter:label1\" content=\"\u00c9crit par\" \/>\n\t<meta name=\"twitter:data1\" content=\"cfeditorfr\" \/>\n\t<meta name=\"twitter:label2\" content=\"Dur\u00e9e de lecture estim\u00e9e\" \/>\n\t<meta name=\"twitter:data2\" content=\"1 minute\" \/>\n<script type=\"application\/ld+json\" class=\"yoast-schema-graph\">{\"@context\":\"https:\/\/schema.org\",\"@graph\":[{\"@type\":\"Article\",\"@id\":\"https:\/\/www.africa-press.net\/niger\/politique\/lex-president-du-niger-mahamadou-issoufou-prix-ibrahim-mo-2020-en-visite-privee-en-cote-divoire#article\",\"isPartOf\":{\"@id\":\"https:\/\/www.africa-press.net\/niger\/politique\/lex-president-du-niger-mahamadou-issoufou-prix-ibrahim-mo-2020-en-visite-privee-en-cote-divoire\"},\"author\":{\"name\":\"cfeditorfr\",\"@id\":\"https:\/\/www.africa-press.net\/niger\/#\/schema\/person\/2b1cf3cd81a31e3cd26889ca66d677f1\"},\"headline\":\"L\u2019ex pr\u00e9sident du Niger Mahamadou Issoufou, Prix Ibrahim Mo 2020, en visite priv\u00e9e en C\u00f4te-d\u2019Ivoire\",\"datePublished\":\"2021-08-03T15:03:30+00:00\",\"dateModified\":\"2021-08-03T19:04:48+00:00\",\"mainEntityOfPage\":{\"@id\":\"https:\/\/www.africa-press.net\/niger\/politique\/lex-president-du-niger-mahamadou-issoufou-prix-ibrahim-mo-2020-en-visite-privee-en-cote-divoire\"},\"wordCount\":185,\"commentCount\":0,\"image\":{\"@id\":\"https:\/\/www.africa-press.net\/niger\/politique\/lex-president-du-niger-mahamadou-issoufou-prix-ibrahim-mo-2020-en-visite-privee-en-cote-divoire#primaryimage\"},\"thumbnailUrl\":\"https:\/\/static.africa-press.net\/niger\/sites\/40\/2021\/08\/img-610948311e4bd.jpg\",\"keywords\":[\"Africa Press\",\"Africa Press-Niger\",\"Niger\"],\"articleSection\":[\"homepage-french\",\"Politique\",\"Top Nouvelles\",\"Toutes les actualit\u00e9s\"],\"inLanguage\":\"fr-FR\",\"potentialAction\":[{\"@type\":\"CommentAction\",\"name\":\"Comment\",\"target\":[\"https:\/\/www.africa-press.net\/niger\/politique\/lex-president-du-niger-mahamadou-issoufou-prix-ibrahim-mo-2020-en-visite-privee-en-cote-divoire#respond\"]}]},{\"@type\":\"WebPage\",\"@id\":\"https:\/\/www.africa-press.net\/niger\/politique\/lex-president-du-niger-mahamadou-issoufou-prix-ibrahim-mo-2020-en-visite-privee-en-cote-divoire\",\"url\":\"https:\/\/www.africa-press.net\/niger\/politique\/lex-president-du-niger-mahamadou-issoufou-prix-ibrahim-mo-2020-en-visite-privee-en-cote-divoire\",\"name\":\"L\u2019ex pr\u00e9sident du Niger Mahamadou Issoufou, Prix Ibrahim Mo 2020, en visite priv\u00e9e en C\u00f4te-d\u2019Ivoire - niger\",\"isPartOf\":{\"@id\":\"https:\/\/www.africa-press.net\/niger\/#website\"},\"primaryImageOfPage\":{\"@id\":\"https:\/\/www.africa-press.net\/niger\/politique\/lex-president-du-niger-mahamadou-issoufou-prix-ibrahim-mo-2020-en-visite-privee-en-cote-divoire#primaryimage\"},\"image\":{\"@id\":\"https:\/\/www.africa-press.net\/niger\/politique\/lex-president-du-niger-mahamadou-issoufou-prix-ibrahim-mo-2020-en-visite-privee-en-cote-divoire#primaryimage\"},\"thumbnailUrl\":\"https:\/\/static.africa-press.net\/niger\/sites\/40\/2021\/08\/img-610948311e4bd.jpg\",\"datePublished\":\"2021-08-03T15:03:30+00:00\",\"dateModified\":\"2021-08-03T19:04:48+00:00\",\"author\":{\"@id\":\"https:\/\/www.africa-press.net\/niger\/#\/schema\/person\/2b1cf3cd81a31e3cd26889ca66d677f1\"},\"description\":\"L\u2019ex pr\u00e9sident du Niger Issoufou Mahamadou est depuis le lundi 2 ao\u00fbt en visite priv\u00e9e \u00e0 Abidjan en C\u00f4te-d\u2019Ivoire. Avan ...\",\"breadcrumb\":{\"@id\":\"https:\/\/www.africa-press.net\/niger\/politique\/lex-president-du-niger-mahamadou-issoufou-prix-ibrahim-mo-2020-en-visite-privee-en-cote-divoire#breadcrumb\"},\"inLanguage\":\"fr-FR\",\"potentialAction\":[{\"@type\":\"ReadAction\",\"target\":[\"https:\/\/www.africa-press.net\/niger\/politique\/lex-president-du-niger-mahamadou-issoufou-prix-ibrahim-mo-2020-en-visite-privee-en-cote-divoire\"]}]},{\"@type\":\"ImageObject\",\"inLanguage\":\"fr-FR\",\"@id\":\"https:\/\/www.africa-press.net\/niger\/politique\/lex-president-du-niger-mahamadou-issoufou-prix-ibrahim-mo-2020-en-visite-privee-en-cote-divoire#primaryimage\",\"url\":\"https:\/\/static.africa-press.net\/niger\/sites\/40\/2021\/08\/img-610948311e4bd.jpg\",\"contentUrl\":\"https:\/\/static.africa-press.net\/niger\/sites\/40\/2021\/08\/img-610948311e4bd.jpg\",\"width\":960,\"height\":640,\"caption\":\"L\u2019ex pr\u00e9sident du Niger Mahamadou Issoufou, Prix Ibrahim Mo 2020, en visite priv\u00e9e en C\u00f4te-d\u2019Ivoire\"},{\"@type\":\"BreadcrumbList\",\"@id\":\"https:\/\/www.africa-press.net\/niger\/politique\/lex-president-du-niger-mahamadou-issoufou-prix-ibrahim-mo-2020-en-visite-privee-en-cote-divoire#breadcrumb\",\"itemListElement\":[{\"@type\":\"ListItem\",\"position\":1,\"name\":\"Accueil\",\"item\":\"https:\/\/www.africa-press.net\/niger\/\"},{\"@type\":\"ListItem\",\"position\":2,\"name\":\"L\u2019ex pr\u00e9sident du Niger Mahamadou Issoufou, Prix Ibrahim Mo 2020, en visite priv\u00e9e en C\u00f4te-d\u2019Ivoire\"}]},{\"@type\":\"WebSite\",\"@id\":\"https:\/\/www.africa-press.net\/niger\/#website\",\"url\":\"https:\/\/www.africa-press.net\/niger\/\",\"name\":\"niger\",\"description\":\"Just another Africa News Agency Sites site\",\"potentialAction\":[{\"@type\":\"SearchAction\",\"target\":{\"@type\":\"EntryPoint\",\"urlTemplate\":\"https:\/\/www.africa-press.net\/niger\/?s={search_term_string}\"},\"query-input\":{\"@type\":\"PropertyValueSpecification\",\"valueRequired\":true,\"valueName\":\"search_term_string\"}}],\"inLanguage\":\"fr-FR\"},{\"@type\":\"Person\",\"@id\":\"https:\/\/www.africa-press.net\/niger\/#\/schema\/person\/2b1cf3cd81a31e3cd26889ca66d677f1\",\"name\":\"cfeditorfr\"}]}<\/script>\n<!-- \/ Yoast SEO Premium plugin. -->","yoast_head_json":{"title":"L\u2019ex pr\u00e9sident du Niger Mahamadou Issoufou, Prix Ibrahim Mo 2020, en visite priv\u00e9e en C\u00f4te-d\u2019Ivoire - niger","description":"L\u2019ex pr\u00e9sident du Niger Issoufou Mahamadou est depuis le lundi 2 ao\u00fbt en visite priv\u00e9e \u00e0 Abidjan en C\u00f4te-d\u2019Ivoire. Avan ...","robots":{"index":"index","follow":"follow","max-snippet":"max-snippet:-1","max-image-preview":"max-image-preview:large","max-video-preview":"max-video-preview:-1"},"canonical":"https:\/\/www.africa-press.net\/niger\/politique\/lex-president-du-niger-mahamadou-issoufou-prix-ibrahim-mo-2020-en-visite-privee-en-cote-divoire","og_locale":"fr_FR","og_type":"article","og_title":"L\u2019ex pr\u00e9sident du Niger Mahamadou Issoufou, Prix Ibrahim Mo 2020, en visite priv\u00e9e en C\u00f4te-d\u2019Ivoire","og_description":"L\u2019ex pr\u00e9sident du Niger Issoufou Mahamadou est depuis le lundi 2 ao\u00fbt en visite priv\u00e9e \u00e0 Abidjan en C\u00f4te-d\u2019Ivoire. Avan ...","og_url":"https:\/\/www.africa-press.net\/niger\/politique\/lex-president-du-niger-mahamadou-issoufou-prix-ibrahim-mo-2020-en-visite-privee-en-cote-divoire","og_site_name":"niger","article_published_time":"2021-08-03T15:03:30+00:00","article_modified_time":"2021-08-03T19:04:48+00:00","og_image":[{"width":960,"height":640,"url":"https:\/\/static.africa-press.net\/niger\/sites\/40\/2021\/08\/img-610948311e4bd.jpg","type":"image\/jpeg"}],"author":"cfeditorfr","twitter_card":"summary_large_image","twitter_misc":{"\u00c9crit par":"cfeditorfr","Dur\u00e9e de lecture estim\u00e9e":"1 minute"},"schema":{"@context":"https:\/\/schema.org","@graph":[{"@type":"Article","@id":"https:\/\/www.africa-press.net\/niger\/politique\/lex-president-du-niger-mahamadou-issoufou-prix-ibrahim-mo-2020-en-visite-privee-en-cote-divoire#article","isPartOf":{"@id":"https:\/\/www.africa-press.net\/niger\/politique\/lex-president-du-niger-mahamadou-issoufou-prix-ibrahim-mo-2020-en-visite-privee-en-cote-divoire"},"author":{"name":"cfeditorfr","@id":"https:\/\/www.africa-press.net\/niger\/#\/schema\/person\/2b1cf3cd81a31e3cd26889ca66d677f1"},"headline":"L\u2019ex pr\u00e9sident du Niger Mahamadou Issoufou, Prix Ibrahim Mo 2020, en visite priv\u00e9e en C\u00f4te-d\u2019Ivoire","datePublished":"2021-08-03T15:03:30+00:00","dateModified":"2021-08-03T19:04:48+00:00","mainEntityOfPage":{"@id":"https:\/\/www.africa-press.net\/niger\/politique\/lex-president-du-niger-mahamadou-issoufou-prix-ibrahim-mo-2020-en-visite-privee-en-cote-divoire"},"wordCount":185,"commentCount":0,"image":{"@id":"https:\/\/www.africa-press.net\/niger\/politique\/lex-president-du-niger-mahamadou-issoufou-prix-ibrahim-mo-2020-en-visite-privee-en-cote-divoire#primaryimage"},"thumbnailUrl":"https:\/\/static.africa-press.net\/niger\/sites\/40\/2021\/08\/img-610948311e4bd.jpg","keywords":["Africa Press","Africa Press-Niger","Niger"],"articleSection":["homepage-french","Politique","Top Nouvelles","Toutes les actualit\u00e9s"],"inLanguage":"fr-FR","potentialAction":[{"@type":"CommentAction","name":"Comment","target":["https:\/\/www.africa-press.net\/niger\/politique\/lex-president-du-niger-mahamadou-issoufou-prix-ibrahim-mo-2020-en-visite-privee-en-cote-divoire#respond"]}]},{"@type":"WebPage","@id":"https:\/\/www.africa-press.net\/niger\/politique\/lex-president-du-niger-mahamadou-issoufou-prix-ibrahim-mo-2020-en-visite-privee-en-cote-divoire","url":"https:\/\/www.africa-press.net\/niger\/politique\/lex-president-du-niger-mahamadou-issoufou-prix-ibrahim-mo-2020-en-visite-privee-en-cote-divoire","name":"L\u2019ex pr\u00e9sident du Niger Mahamadou Issoufou, Prix Ibrahim Mo 2020, en visite priv\u00e9e en C\u00f4te-d\u2019Ivoire - niger","isPartOf":{"@id":"https:\/\/www.africa-press.net\/niger\/#website"},"primaryImageOfPage":{"@id":"https:\/\/www.africa-press.net\/niger\/politique\/lex-president-du-niger-mahamadou-issoufou-prix-ibrahim-mo-2020-en-visite-privee-en-cote-divoire#primaryimage"},"image":{"@id":"https:\/\/www.africa-press.net\/niger\/politique\/lex-president-du-niger-mahamadou-issoufou-prix-ibrahim-mo-2020-en-visite-privee-en-cote-divoire#primaryimage"},"thumbnailUrl":"https:\/\/static.africa-press.net\/niger\/sites\/40\/2021\/08\/img-610948311e4bd.jpg","datePublished":"2021-08-03T15:03:30+00:00","dateModified":"2021-08-03T19:04:48+00:00","author":{"@id":"https:\/\/www.africa-press.net\/niger\/#\/schema\/person\/2b1cf3cd81a31e3cd26889ca66d677f1"},"description":"L\u2019ex pr\u00e9sident du Niger Issoufou Mahamadou est depuis le lundi 2 ao\u00fbt en visite priv\u00e9e \u00e0 Abidjan en C\u00f4te-d\u2019Ivoire. Avan ...","breadcrumb":{"@id":"https:\/\/www.africa-press.net\/niger\/politique\/lex-president-du-niger-mahamadou-issoufou-prix-ibrahim-mo-2020-en-visite-privee-en-cote-divoire#breadcrumb"},"inLanguage":"fr-FR","potentialAction":[{"@type":"ReadAction","target":["https:\/\/www.africa-press.net\/niger\/politique\/lex-president-du-niger-mahamadou-issoufou-prix-ibrahim-mo-2020-en-visite-privee-en-cote-divoire"]}]},{"@type":"ImageObject","inLanguage":"fr-FR","@id":"https:\/\/www.africa-press.net\/niger\/politique\/lex-president-du-niger-mahamadou-issoufou-prix-ibrahim-mo-2020-en-visite-privee-en-cote-divoire#primaryimage","url":"https:\/\/static.africa-press.net\/niger\/sites\/40\/2021\/08\/img-610948311e4bd.jpg","contentUrl":"https:\/\/static.africa-press.net\/niger\/sites\/40\/2021\/08\/img-610948311e4bd.jpg","width":960,"height":640,"caption":"L\u2019ex pr\u00e9sident du Niger Mahamadou Issoufou, Prix Ibrahim Mo 2020, en visite priv\u00e9e en C\u00f4te-d\u2019Ivoire"},{"@type":"BreadcrumbList","@id":"https:\/\/www.africa-press.net\/niger\/politique\/lex-president-du-niger-mahamadou-issoufou-prix-ibrahim-mo-2020-en-visite-privee-en-cote-divoire#breadcrumb","itemListElement":[{"@type":"ListItem","position":1,"name":"Accueil","item":"https:\/\/www.africa-press.net\/niger\/"},{"@type":"ListItem","position":2,"name":"L\u2019ex pr\u00e9sident du Niger Mahamadou Issoufou, Prix Ibrahim Mo 2020, en visite priv\u00e9e en C\u00f4te-d\u2019Ivoire"}]},{"@type":"WebSite","@id":"https:\/\/www.africa-press.net\/niger\/#website","url":"https:\/\/www.africa-press.net\/niger\/","name":"niger","description":"Just another Africa News Agency Sites site","potentialAction":[{"@type":"SearchAction","target":{"@type":"EntryPoint","urlTemplate":"https:\/\/www.africa-press.net\/niger\/?s={search_term_string}"},"query-input":{"@type":"PropertyValueSpecification","valueRequired":true,"valueName":"search_term_string"}}],"inLanguage":"fr-FR"},{"@type":"Person","@id":"https:\/\/www.africa-press.net\/niger\/#\/schema\/person\/2b1cf3cd81a31e3cd26889ca66d677f1","name":"cfeditorfr"}]}},"_links":{"self":[{"href":"https:\/\/www.africa-press.net\/niger\/wp-json\/wp\/v2\/posts\/9548","targetHints":{"allow":["GET"]}}],"collection":[{"href":"https:\/\/www.africa-press.net\/niger\/wp-json\/wp\/v2\/posts"}],"about":[{"href":"https:\/\/www.africa-press.net\/niger\/wp-json\/wp\/v2\/types\/post"}],"author":[{"embeddable":true,"href":"https:\/\/www.africa-press.net\/niger\/wp-json\/wp\/v2\/users\/82"}],"replies":[{"embeddable":true,"href":"https:\/\/www.africa-press.net\/niger\/wp-json\/wp\/v2\/comments?post=9548"}],"version-history":[{"count":0,"href":"https:\/\/www.africa-press.net\/niger\/wp-json\/wp\/v2\/posts\/9548\/revisions"}],"wp:featuredmedia":[{"embeddable":true,"href":"https:\/\/www.africa-press.net\/niger\/wp-json\/wp\/v2\/media\/9547"}],"wp:attachment":[{"href":"https:\/\/www.africa-press.net\/niger\/wp-json\/wp\/v2\/media?parent=9548"}],"wp:term":[{"taxonomy":"category","embeddable":true,"href":"https:\/\/www.africa-press.net\/niger\/wp-json\/wp\/v2\/categories?post=9548"},{"taxonomy":"post_tag","embeddable":true,"href":"https:\/\/www.africa-press.net\/niger\/wp-json\/wp\/v2\/tags?post=9548"}],"curies":[{"name":"wp","href":"https:\/\/api.w.org\/{rel}","templated":true}]}}