{"id":9588,"date":"2021-08-04T09:18:27","date_gmt":"2021-08-04T09:18:27","guid":{"rendered":"https:\/\/www.africa-press.net\/niger\/?p=9588"},"modified":"2021-08-04T17:03:54","modified_gmt":"2021-08-04T17:03:54","slug":"pose-de-la-premiere-pierre-dune-nouvelle-centrale-electrique-de-22-megawatts-a-zinder","status":"publish","type":"post","link":"https:\/\/www.africa-press.net\/niger\/economie\/pose-de-la-premiere-pierre-dune-nouvelle-centrale-electrique-de-22-megawatts-a-zinder","title":{"rendered":"Pose de la premi\u00e8re pierre d\u2019une Nouvelle centrale \u00e9lectrique de 22 M\u00e9gawatts \u00e0 Zinder"},"content":{"rendered":"<p><span style=\"color: #ff6600\"><strong><a href=\"https:\/\/www.africa-press.net\/\">Africa-Press<\/a> &#8211; <a href=\"https:\/\/www.africa-press.net\/niger\">Niger<\/a>.\u00a0 <\/strong><\/span>\u00a0Le Pr\u00e9sident de la R\u00e9publique, Mohamed Bazoum a pr\u00e9sid\u00e9, ce mardi 3 ao\u00fbt 2021 \u00e0 la centrale Nigelec de Zinder, la c\u00e9r\u00e9monie de pose de la premi\u00e8re pierre d\u2019une centrale \u00e9lectrique de 22 MW.<\/p>\n<p>Cette r\u00e9alisation est le r\u00e9sultat d\u2019un Partenariat Public Priv\u00e9 (PPP) entre le gouvernement du Niger et la soci\u00e9t\u00e9 mauritanienne ISTITHMAR WEST AFRICA, pour un co\u00fbt global de 14,4 milliards de francs CFA.<\/p>\n<p>Dans le discours qu\u2019il a lu, \u00e0 cet effet, le Ministre du P\u00e9trole, de l\u2019Energie et des Energies Renouvelables, Mahaman Sani Mahamadou a annonc\u00e9 que \u2018\u2019la pr\u00e9sence du Pr\u00e9sident de la R\u00e9publique \u00e0 cette c\u00e9r\u00e9monie exprime avec force, votre d\u00e9termination \u00e0 faire du secteur de l\u2019\u00e9nergie, l\u2019un des moteurs de notre d\u00e9veloppement \u00e9conomique et social, et ce, \u00e0 travers la mise en valeur de nos ressources \u00e9nerg\u00e9tiques nationales\u2019\u2019.<\/p>\n<p>\u2018\u2019La mise en \u0153uvre du projet Energie du Programme de Renaissance acte 3 s\u2019inscrit dans la continuit\u00e9 des r\u00e9alisations des Programmes pass\u00e9s, et connait sous votre impulsion, des d\u00e9buts prometteurs, en atteste le raccordement de pr\u00e8s de 30.000 m\u00e9nages et l\u2019\u00e9lectrification de 100 localit\u00e9s en 100 jours\u2019\u2019 a ajout\u00e9 le Ministre Mahaman Sani Mahamadou.<\/p>\n<p>Il a aussi indiqu\u00e9 que \u2018\u2019nous sommes convaincus qu\u2019avec votre soutien, nous pourrons atteindre la cible de 30% de taux d\u2019acc\u00e8s des m\u00e9nages \u00e0 l\u2019\u00e9lectricit\u00e9 \u00e0 l\u2019horizon 2026, \u00e0 travers la r\u00e9alisation de plusieurs projets \u00e0 l\u2019image de celui-ci\u2019\u2019.<\/p>\n<p>Avec la construction de cette centrale \u00e9lectrique, ajoute-t-il, la r\u00e9gion de Zinder se verra \u00e0 nouveau dot\u00e9e d\u2019une infrastructure structurante ayant trois vocations dont \u2018\u2019la premi\u00e8re sera de garantir une autonomie suffisante pour couvrir la demande de la ville de Zinder ainsi que les chefs-lieux des d\u00e9partements de Mirriah, Magaria, Matam\u00e8ye, Tanout, Takieta, Gour\u00e9 et Damagaram Takaya, ainsi que les 110 autres localit\u00e9s qui sont raccord\u00e9es au r\u00e9seau interconnect\u00e9 et aliment\u00e9 \u00e0 partir du poste de Zinder, plus celles \u00e0 venir\u2019\u2019.<\/p>\n<p>La capacit\u00e9 de 22 MW de cette centrale \u2018\u2019suffira largement, m\u00eame en l\u2019absence de la ligne d\u2019interconnexion avec le Nig\u00e9ria, \u00e0 couvrir la demande de l\u2019ensemble de la r\u00e9gion de Zinder dont la pointe cette ann\u00e9e a \u00e9t\u00e9 de 16,22 MW\u2019\u2019 a-t-il ajout\u00e9.<\/p>\n<p>La deuxi\u00e8me vocation de la centrale sera d\u2019appuyer les r\u00e9gions de Tahoua et Maradi \u00e0 travers les lignes 132 Kv Zinder-Gazaoua-Maradi-Malbaza, desservant ainsi l\u2019ensemble du r\u00e9seau de la zone dite Niger-centre-est.<\/p>\n<p>La troisi\u00e8me vocation sera de contribuer \u00e0 am\u00e9liorer la continuit\u00e9 de la desserte \u00e9lectrique dans toute la zone Niger-centre-est en stabilisant la tension qui se caract\u00e9rise actuellement par de nombreuses fluctuations, en particulier pendant les p\u00e9riodes de forte demande.<\/p>\n<p>Pour sa part, le PDG de la Soci\u00e9t\u00e9 ISTITHMAR WEST AFRICA Baba Ainina Moulaye, la premi\u00e8re centrale \u00e9lectrique de Niamey d\u2019une capacit\u00e9 de 89 MW a d\u00e9j\u00e0 \u00e9t\u00e9 mise en service et a pu participer de \u2018\u2019mani\u00e8re significative \u00e0 l\u2019all\u00e8gement des difficult\u00e9s r\u00e9currentes des d\u00e9lestages pendant la p\u00e9riode de grande chaleur\u2019\u2019.<\/p>\n<p>\u2018\u2019Nous sommes fiers de participer \u00e0 l\u2019effort de d\u00e9veloppement et de bien-\u00eatre du peuple nig\u00e9rien \u00e0 travers des r\u00e9alisations d\u2019infrastructures dont le niveau de technicit\u00e9 \u00e9tait jadis r\u00e9serv\u00e9 \u00e0 d\u2019autres r\u00e9gions du monde\u2019\u2019 a-t-il laiss\u00e9 entendre.<\/p>\n<p>Cette centrale \u00e9lectrique est \u00e9quip\u00e9e de deux moteurs diesel de marque Caterpillar d\u2019une puissance de 11 MW chacun, con\u00e7ue pour fonctionner au p\u00e9trole brut nig\u00e9rien, la centrale pourra produire en cas de besoin, plus de la moiti\u00e9 de la consommation du r\u00e9seau centre-est qui relie Zinder-Maradi-Malbaza et Tahoua, elle sera connect\u00e9e \u00e0 ce r\u00e9seau en haute tension de 132 kv \u00e0 travers des transformateurs \u00e9l\u00e9vateurs reli\u00e9s \u00e0 l\u2019association Nigelec.<\/p>\n<p>\u2018\u2019Cette centrale pourra donc en p\u00e9riode de pointe, particuli\u00e8rement les mois de grande chaleur, apporter un compl\u00e9ment n\u00e9cessaire pour satisfaire la demande en \u00e9lectricit\u00e9 sur les r\u00e9seaux NCE et ainsi, elle pourra aider \u00e0 \u00e9liminer les d\u00e9ficits structurels du r\u00e9seau NCE en termes de puissance\u2019\u2019 a indiqu\u00e9 Baba Ainina.<\/p>\n<p>Tous les \u00e9quipements lourds et importants sont d\u00e9j\u00e0 livr\u00e9s sur site, l\u2019installation compl\u00e8te est pr\u00e9vue se terminer avant le prochain mois de ramadan.<\/p>\n<p>Le Pr\u00e9sident de la R\u00e9publique Mohamed Bazoum a ensuite proc\u00e9d\u00e9 \u00e0 la pose de la premi\u00e8re pierre, marquant le d\u00e9but de l\u2019installation de cette centrale \u00e9lectrique. Il a aussi d\u00e9voil\u00e9 la plaque comm\u00e9morative du lancement des travaux.<\/p>\n","protected":false},"excerpt":{"rendered":"<p>Africa-Press &#8211; Niger.\u00a0 \u00a0Le Pr\u00e9sident de la R\u00e9publique, Mohamed Bazoum a pr\u00e9sid\u00e9, ce mardi 3 ao\u00fbt 2021 \u00e0 la centrale Nigelec de Zinder, la c\u00e9r\u00e9monie de pose de la premi\u00e8re pierre d\u2019une centrale \u00e9lectrique de 22 MW. Cette r\u00e9alisation est le r\u00e9sultat d\u2019un Partenariat Public Priv\u00e9 (PPP) entre le gouvernement du Niger et la soci\u00e9t\u00e9 [&hellip;]<\/p>\n","protected":false},"author":82,"featured_media":9587,"comment_status":"open","ping_status":"closed","sticky":false,"template":"","format":"standard","meta":{"footnotes":""},"categories":[3,11,10],"tags":[55,60,29],"class_list":["post-9588","post","type-post","status-publish","format-standard","has-post-thumbnail","hentry","category-economie","category-homepage-french","category-toutes-les-actualites","tag-africa-press","tag-africa-press-niger","tag-niger"],"yoast_head":"<!-- This site is optimized with the Yoast SEO Premium plugin v26.1 (Yoast SEO v27.0) - https:\/\/yoast.com\/product\/yoast-seo-premium-wordpress\/ -->\n<title>Pose de la premi\u00e8re pierre d\u2019une Nouvelle centrale \u00e9lectrique de 22 M\u00e9gawatts \u00e0 Zinder - niger<\/title>\n<meta name=\"description\" content=\", 3 ao\u00fbt (ANP) \u2013 Le Pr\u00e9sident de la R\u00e9publique, Mohamed Bazoum a pr\u00e9sid\u00e9, ce mardi 3 ao\u00fbt 2021 \u00e0 la centrale Nigelec de ...\" \/>\n<meta name=\"robots\" content=\"index, follow, max-snippet:-1, max-image-preview:large, max-video-preview:-1\" \/>\n<link rel=\"canonical\" href=\"https:\/\/www.africa-press.net\/niger\/economie\/pose-de-la-premiere-pierre-dune-nouvelle-centrale-electrique-de-22-megawatts-a-zinder\" \/>\n<meta property=\"og:locale\" content=\"fr_FR\" \/>\n<meta property=\"og:type\" content=\"article\" \/>\n<meta property=\"og:title\" content=\"Pose de la premi\u00e8re pierre d\u2019une Nouvelle centrale \u00e9lectrique de 22 M\u00e9gawatts \u00e0 Zinder\" \/>\n<meta property=\"og:description\" content=\", 3 ao\u00fbt (ANP) \u2013 Le Pr\u00e9sident de la R\u00e9publique, Mohamed Bazoum a pr\u00e9sid\u00e9, ce mardi 3 ao\u00fbt 2021 \u00e0 la centrale Nigelec de ...\" \/>\n<meta property=\"og:url\" content=\"https:\/\/www.africa-press.net\/niger\/economie\/pose-de-la-premiere-pierre-dune-nouvelle-centrale-electrique-de-22-megawatts-a-zinder\" \/>\n<meta property=\"og:site_name\" content=\"niger\" \/>\n<meta property=\"article:published_time\" content=\"2021-08-04T09:18:27+00:00\" \/>\n<meta property=\"article:modified_time\" content=\"2021-08-04T17:03:54+00:00\" \/>\n<meta property=\"og:image\" content=\"https:\/\/static.africa-press.net\/niger\/sites\/40\/2021\/08\/img-610a5579d9f71.jpg\" \/>\n\t<meta property=\"og:image:width\" content=\"1080\" \/>\n\t<meta property=\"og:image:height\" content=\"720\" \/>\n\t<meta property=\"og:image:type\" content=\"image\/jpeg\" \/>\n<meta name=\"author\" content=\"cfeditorfr\" \/>\n<meta name=\"twitter:card\" content=\"summary_large_image\" \/>\n<meta name=\"twitter:label1\" content=\"\u00c9crit par\" \/>\n\t<meta name=\"twitter:data1\" content=\"cfeditorfr\" \/>\n\t<meta name=\"twitter:label2\" content=\"Dur\u00e9e de lecture estim\u00e9e\" \/>\n\t<meta name=\"twitter:data2\" content=\"4 minutes\" \/>\n<script type=\"application\/ld+json\" class=\"yoast-schema-graph\">{\"@context\":\"https:\/\/schema.org\",\"@graph\":[{\"@type\":\"Article\",\"@id\":\"https:\/\/www.africa-press.net\/niger\/economie\/pose-de-la-premiere-pierre-dune-nouvelle-centrale-electrique-de-22-megawatts-a-zinder#article\",\"isPartOf\":{\"@id\":\"https:\/\/www.africa-press.net\/niger\/economie\/pose-de-la-premiere-pierre-dune-nouvelle-centrale-electrique-de-22-megawatts-a-zinder\"},\"author\":{\"name\":\"cfeditorfr\",\"@id\":\"https:\/\/www.africa-press.net\/niger\/#\/schema\/person\/2b1cf3cd81a31e3cd26889ca66d677f1\"},\"headline\":\"Pose de la premi\u00e8re pierre d\u2019une Nouvelle centrale \u00e9lectrique de 22 M\u00e9gawatts \u00e0 Zinder\",\"datePublished\":\"2021-08-04T09:18:27+00:00\",\"dateModified\":\"2021-08-04T17:03:54+00:00\",\"mainEntityOfPage\":{\"@id\":\"https:\/\/www.africa-press.net\/niger\/economie\/pose-de-la-premiere-pierre-dune-nouvelle-centrale-electrique-de-22-megawatts-a-zinder\"},\"wordCount\":781,\"commentCount\":0,\"image\":{\"@id\":\"https:\/\/www.africa-press.net\/niger\/economie\/pose-de-la-premiere-pierre-dune-nouvelle-centrale-electrique-de-22-megawatts-a-zinder#primaryimage\"},\"thumbnailUrl\":\"https:\/\/static.africa-press.net\/niger\/sites\/40\/2021\/08\/img-610a5579d9f71.jpg\",\"keywords\":[\"Africa Press\",\"Africa Press-Niger\",\"Niger\"],\"articleSection\":[\"\u00c9conomie\",\"homepage-french\",\"Toutes les actualit\u00e9s\"],\"inLanguage\":\"fr-FR\",\"potentialAction\":[{\"@type\":\"CommentAction\",\"name\":\"Comment\",\"target\":[\"https:\/\/www.africa-press.net\/niger\/economie\/pose-de-la-premiere-pierre-dune-nouvelle-centrale-electrique-de-22-megawatts-a-zinder#respond\"]}]},{\"@type\":\"WebPage\",\"@id\":\"https:\/\/www.africa-press.net\/niger\/economie\/pose-de-la-premiere-pierre-dune-nouvelle-centrale-electrique-de-22-megawatts-a-zinder\",\"url\":\"https:\/\/www.africa-press.net\/niger\/economie\/pose-de-la-premiere-pierre-dune-nouvelle-centrale-electrique-de-22-megawatts-a-zinder\",\"name\":\"Pose de la premi\u00e8re pierre d\u2019une Nouvelle centrale \u00e9lectrique de 22 M\u00e9gawatts \u00e0 Zinder - niger\",\"isPartOf\":{\"@id\":\"https:\/\/www.africa-press.net\/niger\/#website\"},\"primaryImageOfPage\":{\"@id\":\"https:\/\/www.africa-press.net\/niger\/economie\/pose-de-la-premiere-pierre-dune-nouvelle-centrale-electrique-de-22-megawatts-a-zinder#primaryimage\"},\"image\":{\"@id\":\"https:\/\/www.africa-press.net\/niger\/economie\/pose-de-la-premiere-pierre-dune-nouvelle-centrale-electrique-de-22-megawatts-a-zinder#primaryimage\"},\"thumbnailUrl\":\"https:\/\/static.africa-press.net\/niger\/sites\/40\/2021\/08\/img-610a5579d9f71.jpg\",\"datePublished\":\"2021-08-04T09:18:27+00:00\",\"dateModified\":\"2021-08-04T17:03:54+00:00\",\"author\":{\"@id\":\"https:\/\/www.africa-press.net\/niger\/#\/schema\/person\/2b1cf3cd81a31e3cd26889ca66d677f1\"},\"description\":\", 3 ao\u00fbt (ANP) \u2013 Le Pr\u00e9sident de la R\u00e9publique, Mohamed Bazoum a pr\u00e9sid\u00e9, ce mardi 3 ao\u00fbt 2021 \u00e0 la centrale Nigelec de ...\",\"breadcrumb\":{\"@id\":\"https:\/\/www.africa-press.net\/niger\/economie\/pose-de-la-premiere-pierre-dune-nouvelle-centrale-electrique-de-22-megawatts-a-zinder#breadcrumb\"},\"inLanguage\":\"fr-FR\",\"potentialAction\":[{\"@type\":\"ReadAction\",\"target\":[\"https:\/\/www.africa-press.net\/niger\/economie\/pose-de-la-premiere-pierre-dune-nouvelle-centrale-electrique-de-22-megawatts-a-zinder\"]}]},{\"@type\":\"ImageObject\",\"inLanguage\":\"fr-FR\",\"@id\":\"https:\/\/www.africa-press.net\/niger\/economie\/pose-de-la-premiere-pierre-dune-nouvelle-centrale-electrique-de-22-megawatts-a-zinder#primaryimage\",\"url\":\"https:\/\/static.africa-press.net\/niger\/sites\/40\/2021\/08\/img-610a5579d9f71.jpg\",\"contentUrl\":\"https:\/\/static.africa-press.net\/niger\/sites\/40\/2021\/08\/img-610a5579d9f71.jpg\",\"width\":1080,\"height\":720,\"caption\":\"Pose de la premi\u00e8re pierre d\u2019une Nouvelle centrale \u00e9lectrique de 22 M\u00e9gawatts \u00e0 Zinder\"},{\"@type\":\"BreadcrumbList\",\"@id\":\"https:\/\/www.africa-press.net\/niger\/economie\/pose-de-la-premiere-pierre-dune-nouvelle-centrale-electrique-de-22-megawatts-a-zinder#breadcrumb\",\"itemListElement\":[{\"@type\":\"ListItem\",\"position\":1,\"name\":\"Accueil\",\"item\":\"https:\/\/www.africa-press.net\/niger\/\"},{\"@type\":\"ListItem\",\"position\":2,\"name\":\"Pose de la premi\u00e8re pierre d\u2019une Nouvelle centrale \u00e9lectrique de 22 M\u00e9gawatts \u00e0 Zinder\"}]},{\"@type\":\"WebSite\",\"@id\":\"https:\/\/www.africa-press.net\/niger\/#website\",\"url\":\"https:\/\/www.africa-press.net\/niger\/\",\"name\":\"niger\",\"description\":\"Just another Africa News Agency Sites site\",\"potentialAction\":[{\"@type\":\"SearchAction\",\"target\":{\"@type\":\"EntryPoint\",\"urlTemplate\":\"https:\/\/www.africa-press.net\/niger\/?s={search_term_string}\"},\"query-input\":{\"@type\":\"PropertyValueSpecification\",\"valueRequired\":true,\"valueName\":\"search_term_string\"}}],\"inLanguage\":\"fr-FR\"},{\"@type\":\"Person\",\"@id\":\"https:\/\/www.africa-press.net\/niger\/#\/schema\/person\/2b1cf3cd81a31e3cd26889ca66d677f1\",\"name\":\"cfeditorfr\"}]}<\/script>\n<!-- \/ Yoast SEO Premium plugin. -->","yoast_head_json":{"title":"Pose de la premi\u00e8re pierre d\u2019une Nouvelle centrale \u00e9lectrique de 22 M\u00e9gawatts \u00e0 Zinder - niger","description":", 3 ao\u00fbt (ANP) \u2013 Le Pr\u00e9sident de la R\u00e9publique, Mohamed Bazoum a pr\u00e9sid\u00e9, ce mardi 3 ao\u00fbt 2021 \u00e0 la centrale Nigelec de ...","robots":{"index":"index","follow":"follow","max-snippet":"max-snippet:-1","max-image-preview":"max-image-preview:large","max-video-preview":"max-video-preview:-1"},"canonical":"https:\/\/www.africa-press.net\/niger\/economie\/pose-de-la-premiere-pierre-dune-nouvelle-centrale-electrique-de-22-megawatts-a-zinder","og_locale":"fr_FR","og_type":"article","og_title":"Pose de la premi\u00e8re pierre d\u2019une Nouvelle centrale \u00e9lectrique de 22 M\u00e9gawatts \u00e0 Zinder","og_description":", 3 ao\u00fbt (ANP) \u2013 Le Pr\u00e9sident de la R\u00e9publique, Mohamed Bazoum a pr\u00e9sid\u00e9, ce mardi 3 ao\u00fbt 2021 \u00e0 la centrale Nigelec de ...","og_url":"https:\/\/www.africa-press.net\/niger\/economie\/pose-de-la-premiere-pierre-dune-nouvelle-centrale-electrique-de-22-megawatts-a-zinder","og_site_name":"niger","article_published_time":"2021-08-04T09:18:27+00:00","article_modified_time":"2021-08-04T17:03:54+00:00","og_image":[{"width":1080,"height":720,"url":"https:\/\/static.africa-press.net\/niger\/sites\/40\/2021\/08\/img-610a5579d9f71.jpg","type":"image\/jpeg"}],"author":"cfeditorfr","twitter_card":"summary_large_image","twitter_misc":{"\u00c9crit par":"cfeditorfr","Dur\u00e9e de lecture estim\u00e9e":"4 minutes"},"schema":{"@context":"https:\/\/schema.org","@graph":[{"@type":"Article","@id":"https:\/\/www.africa-press.net\/niger\/economie\/pose-de-la-premiere-pierre-dune-nouvelle-centrale-electrique-de-22-megawatts-a-zinder#article","isPartOf":{"@id":"https:\/\/www.africa-press.net\/niger\/economie\/pose-de-la-premiere-pierre-dune-nouvelle-centrale-electrique-de-22-megawatts-a-zinder"},"author":{"name":"cfeditorfr","@id":"https:\/\/www.africa-press.net\/niger\/#\/schema\/person\/2b1cf3cd81a31e3cd26889ca66d677f1"},"headline":"Pose de la premi\u00e8re pierre d\u2019une Nouvelle centrale \u00e9lectrique de 22 M\u00e9gawatts \u00e0 Zinder","datePublished":"2021-08-04T09:18:27+00:00","dateModified":"2021-08-04T17:03:54+00:00","mainEntityOfPage":{"@id":"https:\/\/www.africa-press.net\/niger\/economie\/pose-de-la-premiere-pierre-dune-nouvelle-centrale-electrique-de-22-megawatts-a-zinder"},"wordCount":781,"commentCount":0,"image":{"@id":"https:\/\/www.africa-press.net\/niger\/economie\/pose-de-la-premiere-pierre-dune-nouvelle-centrale-electrique-de-22-megawatts-a-zinder#primaryimage"},"thumbnailUrl":"https:\/\/static.africa-press.net\/niger\/sites\/40\/2021\/08\/img-610a5579d9f71.jpg","keywords":["Africa Press","Africa Press-Niger","Niger"],"articleSection":["\u00c9conomie","homepage-french","Toutes les actualit\u00e9s"],"inLanguage":"fr-FR","potentialAction":[{"@type":"CommentAction","name":"Comment","target":["https:\/\/www.africa-press.net\/niger\/economie\/pose-de-la-premiere-pierre-dune-nouvelle-centrale-electrique-de-22-megawatts-a-zinder#respond"]}]},{"@type":"WebPage","@id":"https:\/\/www.africa-press.net\/niger\/economie\/pose-de-la-premiere-pierre-dune-nouvelle-centrale-electrique-de-22-megawatts-a-zinder","url":"https:\/\/www.africa-press.net\/niger\/economie\/pose-de-la-premiere-pierre-dune-nouvelle-centrale-electrique-de-22-megawatts-a-zinder","name":"Pose de la premi\u00e8re pierre d\u2019une Nouvelle centrale \u00e9lectrique de 22 M\u00e9gawatts \u00e0 Zinder - niger","isPartOf":{"@id":"https:\/\/www.africa-press.net\/niger\/#website"},"primaryImageOfPage":{"@id":"https:\/\/www.africa-press.net\/niger\/economie\/pose-de-la-premiere-pierre-dune-nouvelle-centrale-electrique-de-22-megawatts-a-zinder#primaryimage"},"image":{"@id":"https:\/\/www.africa-press.net\/niger\/economie\/pose-de-la-premiere-pierre-dune-nouvelle-centrale-electrique-de-22-megawatts-a-zinder#primaryimage"},"thumbnailUrl":"https:\/\/static.africa-press.net\/niger\/sites\/40\/2021\/08\/img-610a5579d9f71.jpg","datePublished":"2021-08-04T09:18:27+00:00","dateModified":"2021-08-04T17:03:54+00:00","author":{"@id":"https:\/\/www.africa-press.net\/niger\/#\/schema\/person\/2b1cf3cd81a31e3cd26889ca66d677f1"},"description":", 3 ao\u00fbt (ANP) \u2013 Le Pr\u00e9sident de la R\u00e9publique, Mohamed Bazoum a pr\u00e9sid\u00e9, ce mardi 3 ao\u00fbt 2021 \u00e0 la centrale Nigelec de ...","breadcrumb":{"@id":"https:\/\/www.africa-press.net\/niger\/economie\/pose-de-la-premiere-pierre-dune-nouvelle-centrale-electrique-de-22-megawatts-a-zinder#breadcrumb"},"inLanguage":"fr-FR","potentialAction":[{"@type":"ReadAction","target":["https:\/\/www.africa-press.net\/niger\/economie\/pose-de-la-premiere-pierre-dune-nouvelle-centrale-electrique-de-22-megawatts-a-zinder"]}]},{"@type":"ImageObject","inLanguage":"fr-FR","@id":"https:\/\/www.africa-press.net\/niger\/economie\/pose-de-la-premiere-pierre-dune-nouvelle-centrale-electrique-de-22-megawatts-a-zinder#primaryimage","url":"https:\/\/static.africa-press.net\/niger\/sites\/40\/2021\/08\/img-610a5579d9f71.jpg","contentUrl":"https:\/\/static.africa-press.net\/niger\/sites\/40\/2021\/08\/img-610a5579d9f71.jpg","width":1080,"height":720,"caption":"Pose de la premi\u00e8re pierre d\u2019une Nouvelle centrale \u00e9lectrique de 22 M\u00e9gawatts \u00e0 Zinder"},{"@type":"BreadcrumbList","@id":"https:\/\/www.africa-press.net\/niger\/economie\/pose-de-la-premiere-pierre-dune-nouvelle-centrale-electrique-de-22-megawatts-a-zinder#breadcrumb","itemListElement":[{"@type":"ListItem","position":1,"name":"Accueil","item":"https:\/\/www.africa-press.net\/niger\/"},{"@type":"ListItem","position":2,"name":"Pose de la premi\u00e8re pierre d\u2019une Nouvelle centrale \u00e9lectrique de 22 M\u00e9gawatts \u00e0 Zinder"}]},{"@type":"WebSite","@id":"https:\/\/www.africa-press.net\/niger\/#website","url":"https:\/\/www.africa-press.net\/niger\/","name":"niger","description":"Just another Africa News Agency Sites site","potentialAction":[{"@type":"SearchAction","target":{"@type":"EntryPoint","urlTemplate":"https:\/\/www.africa-press.net\/niger\/?s={search_term_string}"},"query-input":{"@type":"PropertyValueSpecification","valueRequired":true,"valueName":"search_term_string"}}],"inLanguage":"fr-FR"},{"@type":"Person","@id":"https:\/\/www.africa-press.net\/niger\/#\/schema\/person\/2b1cf3cd81a31e3cd26889ca66d677f1","name":"cfeditorfr"}]}},"_links":{"self":[{"href":"https:\/\/www.africa-press.net\/niger\/wp-json\/wp\/v2\/posts\/9588","targetHints":{"allow":["GET"]}}],"collection":[{"href":"https:\/\/www.africa-press.net\/niger\/wp-json\/wp\/v2\/posts"}],"about":[{"href":"https:\/\/www.africa-press.net\/niger\/wp-json\/wp\/v2\/types\/post"}],"author":[{"embeddable":true,"href":"https:\/\/www.africa-press.net\/niger\/wp-json\/wp\/v2\/users\/82"}],"replies":[{"embeddable":true,"href":"https:\/\/www.africa-press.net\/niger\/wp-json\/wp\/v2\/comments?post=9588"}],"version-history":[{"count":0,"href":"https:\/\/www.africa-press.net\/niger\/wp-json\/wp\/v2\/posts\/9588\/revisions"}],"wp:featuredmedia":[{"embeddable":true,"href":"https:\/\/www.africa-press.net\/niger\/wp-json\/wp\/v2\/media\/9587"}],"wp:attachment":[{"href":"https:\/\/www.africa-press.net\/niger\/wp-json\/wp\/v2\/media?parent=9588"}],"wp:term":[{"taxonomy":"category","embeddable":true,"href":"https:\/\/www.africa-press.net\/niger\/wp-json\/wp\/v2\/categories?post=9588"},{"taxonomy":"post_tag","embeddable":true,"href":"https:\/\/www.africa-press.net\/niger\/wp-json\/wp\/v2\/tags?post=9588"}],"curies":[{"name":"wp","href":"https:\/\/api.w.org\/{rel}","templated":true}]}}