{"id":95882,"date":"2026-02-23T11:22:16","date_gmt":"2026-02-23T11:22:16","guid":{"rendered":"https:\/\/www.africa-press.net\/niger\/politique\/orano-appelle-a-des-discussions-avec-le-niger"},"modified":"2026-02-23T11:41:55","modified_gmt":"2026-02-23T11:41:55","slug":"orano-appelle-a-des-discussions-avec-le-niger","status":"publish","type":"post","link":"https:\/\/www.africa-press.net\/niger\/politique\/orano-appelle-a-des-discussions-avec-le-niger","title":{"rendered":"Orano Appelle \u00e0 Des Discussions Avec Le Niger"},"content":{"rendered":"<p><span style=\"color: #ff6600\"><strong>Africa-Press &#8211; Niger. <\/strong><\/span>Le groupe nucle\u0301aire franc\u0327ais Orano a appele\u0301, vendredi, a\u0300 des discussions avec les autorite\u0301s nige\u0301riennes par rapport au bras-de-fer qui les oppose au sujet de l&rsquo;exploitation de l&rsquo;uranium nige\u0301rien.<\/p>\n<p>\u00ab\u00a0Il faut qu&rsquo;on se mette autour d&rsquo;une table pour discuter, parce qu&rsquo;il y a beaucoup de fac\u0327ons d&rsquo;envisager le sujet\u00a0\u00bb, a indique\u0301 le directeur ge\u0301ne\u0301ral d&rsquo;Orano Nicolas Maes, lors d&rsquo;un entretien avec des me\u0301dias franc\u0327ais a\u0300 l&rsquo;occasion de la pre\u0301sentation des re\u0301sultats annuels de son groupe.<\/p>\n<p>\u00ab\u00a0On pense que la meilleure solution pour le Niger, pour nous et pour les mines, pour les salarie\u0301s (&#8230;), c&rsquo;est de trouver des solutions ne\u0301gocie\u0301es\u00a0\u00bb, a insiste\u0301 le responsable d&rsquo;Orano dans des propos rapporte\u0301s par la chai\u0302ne franc\u0327aise TV5.<\/p>\n<p>Depuis plusieurs mois le Niger et le groupe franc\u0327ais sont engage\u0301s dans un bras-de-fer au sujet de l&rsquo;exploitation de l&rsquo;uranium nige\u0301rien dont Orano de\u0301tenait le monopole.<\/p>\n<p>Tout a change\u0301 quand les autorite\u0301s nige\u0301riennes issues du coup d&rsquo;Etat du 26 juillet 2026 ont rompu les accords miniers la France et de\u0301cide\u0301 de nationaliser la Socie\u0301te\u0301 minie\u0300re de l&rsquo;Ai\u0308r (SOMAI\u0308R), exploitante de l&rsquo;uranium et de\u0301tenue a\u0300 63,40% par Orano.<\/p>\n<p>S&rsquo;estimant le\u0301se\u0301 par ces mesures, le groupe franc\u0327ais a engage\u0301 plusieurs proce\u0301dures en arbitrage au niveau des instances internationales compe\u0301tentes. Aucune re\u0301action officielle n&rsquo;a e\u0301te\u0301 enregistre\u0301e du co\u0302te\u0301 des autorite\u0301s nige\u0301riennes suite a\u0300 l&rsquo;appel aux discussions lance\u0301 par Orano, samedi a\u0300 12h GMT.<\/p>\n<p><strong>Pour plus d&rsquo;informations et d&rsquo;analyses sur la <span style=\"color: #ff6600\">Niger<\/span>, suivez <span style=\"color: #ff6600\">Africa-Press<\/span><\/strong><\/p>\n","protected":false},"excerpt":{"rendered":"<p>Africa-Press &#8211; Niger. Le groupe nucle\u0301aire franc\u0327ais Orano a appele\u0301, vendredi, a\u0300 des discussions avec les autorite\u0301s nige\u0301riennes par rapport au bras-de-fer qui les oppose au sujet de l&rsquo;exploitation de l&rsquo;uranium nige\u0301rien. \u00ab\u00a0Il faut qu&rsquo;on se mette autour d&rsquo;une table pour discuter, parce qu&rsquo;il y a beaucoup de fac\u0327ons d&rsquo;envisager le sujet\u00a0\u00bb, a indique\u0301 le [&hellip;]<\/p>\n","protected":false},"author":82,"featured_media":95881,"comment_status":"open","ping_status":"closed","sticky":false,"template":"","format":"standard","meta":{"footnotes":""},"categories":[2,73,20,10],"tags":[2448,1676,29],"class_list":["post-95882","post","type-post","status-publish","format-standard","has-post-thumbnail","hentry","category-politique","category-to-homepage","category-top-nouvelles","category-toutes-les-actualites","tag-france-2","tag-le-groupe-francais-orano","tag-niger"],"yoast_head":"<!-- This site is optimized with the Yoast SEO Premium plugin v26.1 (Yoast SEO v27.0) - https:\/\/yoast.com\/product\/yoast-seo-premium-wordpress\/ -->\n<title>Orano Appelle \u00e0 Des Discussions Avec Le Niger - niger<\/title>\n<meta name=\"description\" content=\"Le groupe nucle\u0301aire franc\u0327ais Orano a appele\u0301, vendredi, a\u0300 des discussions avec les autorite\u0301s nige\u0301riennes par rappor ...\" \/>\n<meta name=\"robots\" content=\"index, follow, max-snippet:-1, max-image-preview:large, max-video-preview:-1\" \/>\n<link rel=\"canonical\" href=\"https:\/\/www.africa-press.net\/niger\/politique\/orano-appelle-a-des-discussions-avec-le-niger\" \/>\n<meta property=\"og:locale\" content=\"fr_FR\" \/>\n<meta property=\"og:type\" content=\"article\" \/>\n<meta property=\"og:title\" content=\"Orano Appelle \u00e0 Des Discussions Avec Le Niger\" \/>\n<meta property=\"og:description\" content=\"Le groupe nucle\u0301aire franc\u0327ais Orano a appele\u0301, vendredi, a\u0300 des discussions avec les autorite\u0301s nige\u0301riennes par rappor ...\" \/>\n<meta property=\"og:url\" content=\"https:\/\/www.africa-press.net\/niger\/politique\/orano-appelle-a-des-discussions-avec-le-niger\" \/>\n<meta property=\"og:site_name\" content=\"niger\" \/>\n<meta property=\"article:published_time\" content=\"2026-02-23T11:22:16+00:00\" \/>\n<meta property=\"article:modified_time\" content=\"2026-02-23T11:41:55+00:00\" \/>\n<meta property=\"og:image\" content=\"https:\/\/static.africa-press.net\/niger\/sites\/40\/2026\/02\/sm_1771834263.514817.jpg\" \/>\n\t<meta property=\"og:image:width\" content=\"720\" \/>\n\t<meta property=\"og:image:height\" content=\"405\" \/>\n\t<meta property=\"og:image:type\" content=\"image\/jpeg\" \/>\n<meta name=\"author\" content=\"cfeditorfr\" \/>\n<meta name=\"twitter:card\" content=\"summary_large_image\" \/>\n<meta name=\"twitter:label1\" content=\"\u00c9crit par\" \/>\n\t<meta name=\"twitter:data1\" content=\"cfeditorfr\" \/>\n\t<meta name=\"twitter:label2\" content=\"Dur\u00e9e de lecture estim\u00e9e\" \/>\n\t<meta name=\"twitter:data2\" content=\"2 minutes\" \/>\n<script type=\"application\/ld+json\" class=\"yoast-schema-graph\">{\"@context\":\"https:\/\/schema.org\",\"@graph\":[{\"@type\":\"Article\",\"@id\":\"https:\/\/www.africa-press.net\/niger\/politique\/orano-appelle-a-des-discussions-avec-le-niger#article\",\"isPartOf\":{\"@id\":\"https:\/\/www.africa-press.net\/niger\/politique\/orano-appelle-a-des-discussions-avec-le-niger\"},\"author\":{\"name\":\"cfeditorfr\",\"@id\":\"https:\/\/www.africa-press.net\/niger\/#\/schema\/person\/2b1cf3cd81a31e3cd26889ca66d677f1\"},\"headline\":\"Orano Appelle \u00e0 Des Discussions Avec Le Niger\",\"datePublished\":\"2026-02-23T11:22:16+00:00\",\"dateModified\":\"2026-02-23T11:41:55+00:00\",\"mainEntityOfPage\":{\"@id\":\"https:\/\/www.africa-press.net\/niger\/politique\/orano-appelle-a-des-discussions-avec-le-niger\"},\"wordCount\":301,\"commentCount\":0,\"image\":{\"@id\":\"https:\/\/www.africa-press.net\/niger\/politique\/orano-appelle-a-des-discussions-avec-le-niger#primaryimage\"},\"thumbnailUrl\":\"https:\/\/static.africa-press.net\/niger\/sites\/40\/2026\/02\/sm_1771834263.514817.jpg\",\"keywords\":[\"- France\",\"le groupe fran\u00e7ais Orano\",\"Niger\"],\"articleSection\":[\"Politique\",\"to-homepage\",\"Top Nouvelles\",\"Toutes les actualit\u00e9s\"],\"inLanguage\":\"fr-FR\",\"potentialAction\":[{\"@type\":\"CommentAction\",\"name\":\"Comment\",\"target\":[\"https:\/\/www.africa-press.net\/niger\/politique\/orano-appelle-a-des-discussions-avec-le-niger#respond\"]}]},{\"@type\":\"WebPage\",\"@id\":\"https:\/\/www.africa-press.net\/niger\/politique\/orano-appelle-a-des-discussions-avec-le-niger\",\"url\":\"https:\/\/www.africa-press.net\/niger\/politique\/orano-appelle-a-des-discussions-avec-le-niger\",\"name\":\"Orano Appelle \u00e0 Des Discussions Avec Le Niger - niger\",\"isPartOf\":{\"@id\":\"https:\/\/www.africa-press.net\/niger\/#website\"},\"primaryImageOfPage\":{\"@id\":\"https:\/\/www.africa-press.net\/niger\/politique\/orano-appelle-a-des-discussions-avec-le-niger#primaryimage\"},\"image\":{\"@id\":\"https:\/\/www.africa-press.net\/niger\/politique\/orano-appelle-a-des-discussions-avec-le-niger#primaryimage\"},\"thumbnailUrl\":\"https:\/\/static.africa-press.net\/niger\/sites\/40\/2026\/02\/sm_1771834263.514817.jpg\",\"datePublished\":\"2026-02-23T11:22:16+00:00\",\"dateModified\":\"2026-02-23T11:41:55+00:00\",\"author\":{\"@id\":\"https:\/\/www.africa-press.net\/niger\/#\/schema\/person\/2b1cf3cd81a31e3cd26889ca66d677f1\"},\"description\":\"Le groupe nucle\u0301aire franc\u0327ais Orano a appele\u0301, vendredi, a\u0300 des discussions avec les autorite\u0301s nige\u0301riennes par rappor ...\",\"breadcrumb\":{\"@id\":\"https:\/\/www.africa-press.net\/niger\/politique\/orano-appelle-a-des-discussions-avec-le-niger#breadcrumb\"},\"inLanguage\":\"fr-FR\",\"potentialAction\":[{\"@type\":\"ReadAction\",\"target\":[\"https:\/\/www.africa-press.net\/niger\/politique\/orano-appelle-a-des-discussions-avec-le-niger\"]}]},{\"@type\":\"ImageObject\",\"inLanguage\":\"fr-FR\",\"@id\":\"https:\/\/www.africa-press.net\/niger\/politique\/orano-appelle-a-des-discussions-avec-le-niger#primaryimage\",\"url\":\"https:\/\/static.africa-press.net\/niger\/sites\/40\/2026\/02\/sm_1771834263.514817.jpg\",\"contentUrl\":\"https:\/\/static.africa-press.net\/niger\/sites\/40\/2026\/02\/sm_1771834263.514817.jpg\",\"width\":720,\"height\":405,\"caption\":\"Orano Appelle \u00e0 Des Discussions Avec Le Niger\"},{\"@type\":\"BreadcrumbList\",\"@id\":\"https:\/\/www.africa-press.net\/niger\/politique\/orano-appelle-a-des-discussions-avec-le-niger#breadcrumb\",\"itemListElement\":[{\"@type\":\"ListItem\",\"position\":1,\"name\":\"Accueil\",\"item\":\"https:\/\/www.africa-press.net\/niger\/\"},{\"@type\":\"ListItem\",\"position\":2,\"name\":\"Orano Appelle \u00e0 Des Discussions Avec Le Niger\"}]},{\"@type\":\"WebSite\",\"@id\":\"https:\/\/www.africa-press.net\/niger\/#website\",\"url\":\"https:\/\/www.africa-press.net\/niger\/\",\"name\":\"niger\",\"description\":\"Just another Africa News Agency Sites site\",\"potentialAction\":[{\"@type\":\"SearchAction\",\"target\":{\"@type\":\"EntryPoint\",\"urlTemplate\":\"https:\/\/www.africa-press.net\/niger\/?s={search_term_string}\"},\"query-input\":{\"@type\":\"PropertyValueSpecification\",\"valueRequired\":true,\"valueName\":\"search_term_string\"}}],\"inLanguage\":\"fr-FR\"},{\"@type\":\"Person\",\"@id\":\"https:\/\/www.africa-press.net\/niger\/#\/schema\/person\/2b1cf3cd81a31e3cd26889ca66d677f1\",\"name\":\"cfeditorfr\"}]}<\/script>\n<!-- \/ Yoast SEO Premium plugin. -->","yoast_head_json":{"title":"Orano Appelle \u00e0 Des Discussions Avec Le Niger - niger","description":"Le groupe nucle\u0301aire franc\u0327ais Orano a appele\u0301, vendredi, a\u0300 des discussions avec les autorite\u0301s nige\u0301riennes par rappor ...","robots":{"index":"index","follow":"follow","max-snippet":"max-snippet:-1","max-image-preview":"max-image-preview:large","max-video-preview":"max-video-preview:-1"},"canonical":"https:\/\/www.africa-press.net\/niger\/politique\/orano-appelle-a-des-discussions-avec-le-niger","og_locale":"fr_FR","og_type":"article","og_title":"Orano Appelle \u00e0 Des Discussions Avec Le Niger","og_description":"Le groupe nucle\u0301aire franc\u0327ais Orano a appele\u0301, vendredi, a\u0300 des discussions avec les autorite\u0301s nige\u0301riennes par rappor ...","og_url":"https:\/\/www.africa-press.net\/niger\/politique\/orano-appelle-a-des-discussions-avec-le-niger","og_site_name":"niger","article_published_time":"2026-02-23T11:22:16+00:00","article_modified_time":"2026-02-23T11:41:55+00:00","og_image":[{"width":720,"height":405,"url":"https:\/\/static.africa-press.net\/niger\/sites\/40\/2026\/02\/sm_1771834263.514817.jpg","type":"image\/jpeg"}],"author":"cfeditorfr","twitter_card":"summary_large_image","twitter_misc":{"\u00c9crit par":"cfeditorfr","Dur\u00e9e de lecture estim\u00e9e":"2 minutes"},"schema":{"@context":"https:\/\/schema.org","@graph":[{"@type":"Article","@id":"https:\/\/www.africa-press.net\/niger\/politique\/orano-appelle-a-des-discussions-avec-le-niger#article","isPartOf":{"@id":"https:\/\/www.africa-press.net\/niger\/politique\/orano-appelle-a-des-discussions-avec-le-niger"},"author":{"name":"cfeditorfr","@id":"https:\/\/www.africa-press.net\/niger\/#\/schema\/person\/2b1cf3cd81a31e3cd26889ca66d677f1"},"headline":"Orano Appelle \u00e0 Des Discussions Avec Le Niger","datePublished":"2026-02-23T11:22:16+00:00","dateModified":"2026-02-23T11:41:55+00:00","mainEntityOfPage":{"@id":"https:\/\/www.africa-press.net\/niger\/politique\/orano-appelle-a-des-discussions-avec-le-niger"},"wordCount":301,"commentCount":0,"image":{"@id":"https:\/\/www.africa-press.net\/niger\/politique\/orano-appelle-a-des-discussions-avec-le-niger#primaryimage"},"thumbnailUrl":"https:\/\/static.africa-press.net\/niger\/sites\/40\/2026\/02\/sm_1771834263.514817.jpg","keywords":["- France","le groupe fran\u00e7ais Orano","Niger"],"articleSection":["Politique","to-homepage","Top Nouvelles","Toutes les actualit\u00e9s"],"inLanguage":"fr-FR","potentialAction":[{"@type":"CommentAction","name":"Comment","target":["https:\/\/www.africa-press.net\/niger\/politique\/orano-appelle-a-des-discussions-avec-le-niger#respond"]}]},{"@type":"WebPage","@id":"https:\/\/www.africa-press.net\/niger\/politique\/orano-appelle-a-des-discussions-avec-le-niger","url":"https:\/\/www.africa-press.net\/niger\/politique\/orano-appelle-a-des-discussions-avec-le-niger","name":"Orano Appelle \u00e0 Des Discussions Avec Le Niger - niger","isPartOf":{"@id":"https:\/\/www.africa-press.net\/niger\/#website"},"primaryImageOfPage":{"@id":"https:\/\/www.africa-press.net\/niger\/politique\/orano-appelle-a-des-discussions-avec-le-niger#primaryimage"},"image":{"@id":"https:\/\/www.africa-press.net\/niger\/politique\/orano-appelle-a-des-discussions-avec-le-niger#primaryimage"},"thumbnailUrl":"https:\/\/static.africa-press.net\/niger\/sites\/40\/2026\/02\/sm_1771834263.514817.jpg","datePublished":"2026-02-23T11:22:16+00:00","dateModified":"2026-02-23T11:41:55+00:00","author":{"@id":"https:\/\/www.africa-press.net\/niger\/#\/schema\/person\/2b1cf3cd81a31e3cd26889ca66d677f1"},"description":"Le groupe nucle\u0301aire franc\u0327ais Orano a appele\u0301, vendredi, a\u0300 des discussions avec les autorite\u0301s nige\u0301riennes par rappor ...","breadcrumb":{"@id":"https:\/\/www.africa-press.net\/niger\/politique\/orano-appelle-a-des-discussions-avec-le-niger#breadcrumb"},"inLanguage":"fr-FR","potentialAction":[{"@type":"ReadAction","target":["https:\/\/www.africa-press.net\/niger\/politique\/orano-appelle-a-des-discussions-avec-le-niger"]}]},{"@type":"ImageObject","inLanguage":"fr-FR","@id":"https:\/\/www.africa-press.net\/niger\/politique\/orano-appelle-a-des-discussions-avec-le-niger#primaryimage","url":"https:\/\/static.africa-press.net\/niger\/sites\/40\/2026\/02\/sm_1771834263.514817.jpg","contentUrl":"https:\/\/static.africa-press.net\/niger\/sites\/40\/2026\/02\/sm_1771834263.514817.jpg","width":720,"height":405,"caption":"Orano Appelle \u00e0 Des Discussions Avec Le Niger"},{"@type":"BreadcrumbList","@id":"https:\/\/www.africa-press.net\/niger\/politique\/orano-appelle-a-des-discussions-avec-le-niger#breadcrumb","itemListElement":[{"@type":"ListItem","position":1,"name":"Accueil","item":"https:\/\/www.africa-press.net\/niger\/"},{"@type":"ListItem","position":2,"name":"Orano Appelle \u00e0 Des Discussions Avec Le Niger"}]},{"@type":"WebSite","@id":"https:\/\/www.africa-press.net\/niger\/#website","url":"https:\/\/www.africa-press.net\/niger\/","name":"niger","description":"Just another Africa News Agency Sites site","potentialAction":[{"@type":"SearchAction","target":{"@type":"EntryPoint","urlTemplate":"https:\/\/www.africa-press.net\/niger\/?s={search_term_string}"},"query-input":{"@type":"PropertyValueSpecification","valueRequired":true,"valueName":"search_term_string"}}],"inLanguage":"fr-FR"},{"@type":"Person","@id":"https:\/\/www.africa-press.net\/niger\/#\/schema\/person\/2b1cf3cd81a31e3cd26889ca66d677f1","name":"cfeditorfr"}]}},"_links":{"self":[{"href":"https:\/\/www.africa-press.net\/niger\/wp-json\/wp\/v2\/posts\/95882","targetHints":{"allow":["GET"]}}],"collection":[{"href":"https:\/\/www.africa-press.net\/niger\/wp-json\/wp\/v2\/posts"}],"about":[{"href":"https:\/\/www.africa-press.net\/niger\/wp-json\/wp\/v2\/types\/post"}],"author":[{"embeddable":true,"href":"https:\/\/www.africa-press.net\/niger\/wp-json\/wp\/v2\/users\/82"}],"replies":[{"embeddable":true,"href":"https:\/\/www.africa-press.net\/niger\/wp-json\/wp\/v2\/comments?post=95882"}],"version-history":[{"count":0,"href":"https:\/\/www.africa-press.net\/niger\/wp-json\/wp\/v2\/posts\/95882\/revisions"}],"wp:featuredmedia":[{"embeddable":true,"href":"https:\/\/www.africa-press.net\/niger\/wp-json\/wp\/v2\/media\/95881"}],"wp:attachment":[{"href":"https:\/\/www.africa-press.net\/niger\/wp-json\/wp\/v2\/media?parent=95882"}],"wp:term":[{"taxonomy":"category","embeddable":true,"href":"https:\/\/www.africa-press.net\/niger\/wp-json\/wp\/v2\/categories?post=95882"},{"taxonomy":"post_tag","embeddable":true,"href":"https:\/\/www.africa-press.net\/niger\/wp-json\/wp\/v2\/tags?post=95882"}],"curies":[{"name":"wp","href":"https:\/\/api.w.org\/{rel}","templated":true}]}}