{"id":9591,"date":"2021-08-04T09:24:03","date_gmt":"2021-08-04T09:24:03","guid":{"rendered":"https:\/\/www.africa-press.net\/niger\/?p=9591"},"modified":"2021-08-04T17:04:06","modified_gmt":"2021-08-04T17:04:06","slug":"fete-de-larbre-a-zinder-le-president-bazoum-mohamed-plante-son-arbre","status":"publish","type":"post","link":"https:\/\/www.africa-press.net\/niger\/culture-et-art\/fete-de-larbre-a-zinder-le-president-bazoum-mohamed-plante-son-arbre","title":{"rendered":"F\u00eate de l\u2019arbre \u00e0 Zinder : Le Pr\u00e9sident Bazoum Mohamed plante son arbre"},"content":{"rendered":"<p><span style=\"color: #ff6600\"><strong><a href=\"https:\/\/www.africa-press.net\/\">Africa-Press<\/a> &#8211; <a href=\"https:\/\/www.africa-press.net\/niger\">Niger<\/a>.\u00a0 <\/strong><\/span>\u00a0Le Pr\u00e9sident de la R\u00e9publique Bazoum Mohamed a pr\u00e9sid\u00e9 la c\u00e9r\u00e9monie de plantation d\u2019arbres, ce mardi 3 ao\u00fbt 2021 au Commandement de la circonscription de la Garde Nationale o\u00f9 il a plant\u00e9 un arbre.<\/p>\n<p>La f\u00eate de l\u2019ind\u00e9pendance c\u00e9l\u00e9br\u00e9e au Niger chaque 3 ao\u00fbt depuis 1960 est d\u00e9di\u00e9e depuis 46 ans \u00e0 la plantation d\u2019arbre \u00e0 travers le pays.<\/p>\n<p>Le Pr\u00e9sident de la R\u00e9publique a proc\u00e9d\u00e9, cette ann\u00e9e, \u00e0 la plantation d\u2019arbres \u00e0 Zinder pour cette \u00e9dition dont le th\u00e8me est \u2018\u2019valorisons le Moringa pour am\u00e9liorer l\u2019\u00e9conomie\u2019\u2019.<\/p>\n<p>Auparavant, Mme Garama Saratou Rabiou Inoussa, Ministre de l\u2019Environnement et la Lutte contre la d\u00e9sertification a rappel\u00e9 que l\u2019institutionnalisation de la f\u00eate nationale de l\u2019arbre \u2018\u2019traduit la prise de conscience de notre peuple depuis plusieurs d\u00e9cennies, pour faire face aux d\u00e9fis de la d\u00e9sertification et des changements climatiques dont les r\u00e9percussions sur la vie de nos concitoyens, de nos activit\u00e9s socio\u00e9conomiques, sur notre environnement sont des plus n\u00e9fastes\u2019\u2019.<\/p>\n<p>Le Moringa commun\u00e9ment appel\u00e9 \u2018\u2019arbre de vie ou arbre du paradis\u2019\u2019 contribue particuli\u00e8rement \u00e0 travers ses feuilles, \u00e0 l\u2019am\u00e9lioration des conditions de vie socio\u00e9conomiques des producteurs, soit directement par leur consommations ou indirectement par le revenu g\u00e9n\u00e9r\u00e9 et par leur commercialisation.<\/p>\n<p>C\u2019est entre autres pour les vertus et opportunit\u00e9s qu\u2019offre cette esp\u00e8ce que \u2018\u2019le th\u00e8me de cette ann\u00e9e a \u00e9t\u00e9 retenu pour c\u00e9l\u00e9brer l\u2019\u00e9dition 2021 de la f\u00eate nationale de l\u2019arbre. Et \u00e0 travers ce th\u00e8me, il s\u2019agit de mobiliser les producteurs, les op\u00e9rateurs priv\u00e9s et les services techniques pour promouvoir la production, la transformation, la commercialisation du Moringa partout o\u00f9 cela est possible, notamment dans les jardins, les concessions, les \u00e9coles et les lieux de travail\u2019\u2019 a indiqu\u00e9 la Ministre de l\u2019Environnement.<\/p>\n<p>Selon elle, les statistiques de production de Moringa font ressortir pour l\u2019ann\u00e9e 2020, \u2018\u2019une production de 58.185 tonnes pour une valeur mon\u00e9taire minimale estim\u00e9e \u00e0 plus de 11 milliards de francs CFA\u2019\u2019.<\/p>\n<p>Sous les conseils avis\u00e9s des services du Minist\u00e8re de l\u2019environnement, les principales zones de production que sont Dosso, Tillab\u00e9ry, Maradi et Zinder, sont en cours d\u2019extension avec le d\u00e9veloppement de nouveau bassin de production dans les r\u00e9gions de Tahoua, Niamey et Agadez. Des dispositions sont \u00e9galement en train d\u2019\u00eatre prises pour am\u00e9liorer l\u2019offre d\u2019encadrement des services et pour assurer la disponibilit\u00e9 et l\u2019accessibilit\u00e9 des semences de qualit\u00e9.<\/p>\n<p>De m\u00eame, en collaboration avec les partenaires, le minist\u00e8re de l\u2019Environnement et de la Lutte contre la D\u00e9sertification est \u00e0 pied d\u2019\u0153uvre pour l\u2019organisation de la premi\u00e8re \u00e9dition de la semaine de Moringa au cours du prochain mois.<\/p>\n<p>Aussi, le minist\u00e8re de l\u2019Environnement et de la lutte contre la D\u00e9sertification soumettra dans les prochains mois, la strat\u00e9gie nationale des produits forestiers non ligneux et son plan d\u2019action \u00e0 l\u2019adoption du gouvernement.<\/p>\n<p>\u2018\u2019Ensemble, nous r\u00e9ussirons \u00e0 promouvoir la production du Moringa, l\u2019exporter au-del\u00e0 de nos fronti\u00e8res et faire de cette esp\u00e8ce notre \u2018\u2019caf\u00e9 et cacao\u2019\u2019\u2019\u2019 a indiqu\u00e9 Mme Garama Saratou.<\/p>\n<p>Le Pr\u00e9sident de la R\u00e9publique a, ensuite, proc\u00e9d\u00e9 \u00e0 la plantation de son arbre pour lancer une campagne massive de plantation par l\u2019ensemble des officiels pr\u00e9sents \u00e0 cette c\u00e9r\u00e9monie dont la Premi\u00e8re Dame Mme Bazoum Hadiza.<\/p>\n<p>Auparavant, le Pr\u00e9sident Mohamed Bazoum a d\u00e9cor\u00e9 19 officiels du Niger et de la R\u00e9publique f\u00e9d\u00e9rale du Nig\u00e9ria, pour leurs efforts inestimables dans le d\u00e9veloppement socio\u00e9conomique du Niger.<\/p>\n<p>Cette c\u00e9r\u00e9monie s\u2019est d\u00e9roul\u00e9e en pr\u00e9sence du Gouverneur de la r\u00e9gion de Zinder Issa Moussa.<\/p>\n","protected":false},"excerpt":{"rendered":"<p>Africa-Press &#8211; Niger.\u00a0 \u00a0Le Pr\u00e9sident de la R\u00e9publique Bazoum Mohamed a pr\u00e9sid\u00e9 la c\u00e9r\u00e9monie de plantation d\u2019arbres, ce mardi 3 ao\u00fbt 2021 au Commandement de la circonscription de la Garde Nationale o\u00f9 il a plant\u00e9 un arbre. La f\u00eate de l\u2019ind\u00e9pendance c\u00e9l\u00e9br\u00e9e au Niger chaque 3 ao\u00fbt depuis 1960 est d\u00e9di\u00e9e depuis 46 ans \u00e0 [&hellip;]<\/p>\n","protected":false},"author":82,"featured_media":9590,"comment_status":"open","ping_status":"closed","sticky":false,"template":"","format":"standard","meta":{"footnotes":""},"categories":[5,11,10],"tags":[55,60,29],"class_list":["post-9591","post","type-post","status-publish","format-standard","has-post-thumbnail","hentry","category-culture-et-art","category-homepage-french","category-toutes-les-actualites","tag-africa-press","tag-africa-press-niger","tag-niger"],"yoast_head":"<!-- This site is optimized with the Yoast SEO Premium plugin v26.1 (Yoast SEO v27.0) - https:\/\/yoast.com\/product\/yoast-seo-premium-wordpress\/ -->\n<title>F\u00eate de l\u2019arbre \u00e0 Zinder : Le Pr\u00e9sident Bazoum Mohamed plante son arbre - niger<\/title>\n<meta name=\"description\" content=\", 3 ao\u00fbt (ANP) \u2013 Le Pr\u00e9sident de la R\u00e9publique Bazoum Mohamed a pr\u00e9sid\u00e9 la c\u00e9r\u00e9monie de plantation d\u2019arbres, ce mardi 3 ...\" \/>\n<meta name=\"robots\" content=\"index, follow, max-snippet:-1, max-image-preview:large, max-video-preview:-1\" \/>\n<link rel=\"canonical\" href=\"https:\/\/www.africa-press.net\/niger\/culture-et-art\/fete-de-larbre-a-zinder-le-president-bazoum-mohamed-plante-son-arbre\" \/>\n<meta property=\"og:locale\" content=\"fr_FR\" \/>\n<meta property=\"og:type\" content=\"article\" \/>\n<meta property=\"og:title\" content=\"F\u00eate de l\u2019arbre \u00e0 Zinder : Le Pr\u00e9sident Bazoum Mohamed plante son arbre\" \/>\n<meta property=\"og:description\" content=\", 3 ao\u00fbt (ANP) \u2013 Le Pr\u00e9sident de la R\u00e9publique Bazoum Mohamed a pr\u00e9sid\u00e9 la c\u00e9r\u00e9monie de plantation d\u2019arbres, ce mardi 3 ...\" \/>\n<meta property=\"og:url\" content=\"https:\/\/www.africa-press.net\/niger\/culture-et-art\/fete-de-larbre-a-zinder-le-president-bazoum-mohamed-plante-son-arbre\" \/>\n<meta property=\"og:site_name\" content=\"niger\" \/>\n<meta property=\"article:published_time\" content=\"2021-08-04T09:24:03+00:00\" \/>\n<meta property=\"article:modified_time\" content=\"2021-08-04T17:04:06+00:00\" \/>\n<meta property=\"og:image\" content=\"https:\/\/static.africa-press.net\/niger\/sites\/40\/2021\/08\/img-610a559e9f560.jpg\" \/>\n\t<meta property=\"og:image:width\" content=\"1080\" \/>\n\t<meta property=\"og:image:height\" content=\"720\" \/>\n\t<meta property=\"og:image:type\" content=\"image\/jpeg\" \/>\n<meta name=\"author\" content=\"cfeditorfr\" \/>\n<meta name=\"twitter:card\" content=\"summary_large_image\" \/>\n<meta name=\"twitter:label1\" content=\"\u00c9crit par\" \/>\n\t<meta name=\"twitter:data1\" content=\"cfeditorfr\" \/>\n\t<meta name=\"twitter:label2\" content=\"Dur\u00e9e de lecture estim\u00e9e\" \/>\n\t<meta name=\"twitter:data2\" content=\"3 minutes\" \/>\n<script type=\"application\/ld+json\" class=\"yoast-schema-graph\">{\"@context\":\"https:\/\/schema.org\",\"@graph\":[{\"@type\":\"Article\",\"@id\":\"https:\/\/www.africa-press.net\/niger\/culture-et-art\/fete-de-larbre-a-zinder-le-president-bazoum-mohamed-plante-son-arbre#article\",\"isPartOf\":{\"@id\":\"https:\/\/www.africa-press.net\/niger\/culture-et-art\/fete-de-larbre-a-zinder-le-president-bazoum-mohamed-plante-son-arbre\"},\"author\":{\"name\":\"cfeditorfr\",\"@id\":\"https:\/\/www.africa-press.net\/niger\/#\/schema\/person\/2b1cf3cd81a31e3cd26889ca66d677f1\"},\"headline\":\"F\u00eate de l\u2019arbre \u00e0 Zinder : Le Pr\u00e9sident Bazoum Mohamed plante son arbre\",\"datePublished\":\"2021-08-04T09:24:03+00:00\",\"dateModified\":\"2021-08-04T17:04:06+00:00\",\"mainEntityOfPage\":{\"@id\":\"https:\/\/www.africa-press.net\/niger\/culture-et-art\/fete-de-larbre-a-zinder-le-president-bazoum-mohamed-plante-son-arbre\"},\"wordCount\":665,\"commentCount\":0,\"image\":{\"@id\":\"https:\/\/www.africa-press.net\/niger\/culture-et-art\/fete-de-larbre-a-zinder-le-president-bazoum-mohamed-plante-son-arbre#primaryimage\"},\"thumbnailUrl\":\"https:\/\/static.africa-press.net\/niger\/sites\/40\/2021\/08\/img-610a559e9f560.jpg\",\"keywords\":[\"Africa Press\",\"Africa Press-Niger\",\"Niger\"],\"articleSection\":[\"Culture et Art\",\"homepage-french\",\"Toutes les actualit\u00e9s\"],\"inLanguage\":\"fr-FR\",\"potentialAction\":[{\"@type\":\"CommentAction\",\"name\":\"Comment\",\"target\":[\"https:\/\/www.africa-press.net\/niger\/culture-et-art\/fete-de-larbre-a-zinder-le-president-bazoum-mohamed-plante-son-arbre#respond\"]}]},{\"@type\":\"WebPage\",\"@id\":\"https:\/\/www.africa-press.net\/niger\/culture-et-art\/fete-de-larbre-a-zinder-le-president-bazoum-mohamed-plante-son-arbre\",\"url\":\"https:\/\/www.africa-press.net\/niger\/culture-et-art\/fete-de-larbre-a-zinder-le-president-bazoum-mohamed-plante-son-arbre\",\"name\":\"F\u00eate de l\u2019arbre \u00e0 Zinder : Le Pr\u00e9sident Bazoum Mohamed plante son arbre - niger\",\"isPartOf\":{\"@id\":\"https:\/\/www.africa-press.net\/niger\/#website\"},\"primaryImageOfPage\":{\"@id\":\"https:\/\/www.africa-press.net\/niger\/culture-et-art\/fete-de-larbre-a-zinder-le-president-bazoum-mohamed-plante-son-arbre#primaryimage\"},\"image\":{\"@id\":\"https:\/\/www.africa-press.net\/niger\/culture-et-art\/fete-de-larbre-a-zinder-le-president-bazoum-mohamed-plante-son-arbre#primaryimage\"},\"thumbnailUrl\":\"https:\/\/static.africa-press.net\/niger\/sites\/40\/2021\/08\/img-610a559e9f560.jpg\",\"datePublished\":\"2021-08-04T09:24:03+00:00\",\"dateModified\":\"2021-08-04T17:04:06+00:00\",\"author\":{\"@id\":\"https:\/\/www.africa-press.net\/niger\/#\/schema\/person\/2b1cf3cd81a31e3cd26889ca66d677f1\"},\"description\":\", 3 ao\u00fbt (ANP) \u2013 Le Pr\u00e9sident de la R\u00e9publique Bazoum Mohamed a pr\u00e9sid\u00e9 la c\u00e9r\u00e9monie de plantation d\u2019arbres, ce mardi 3 ...\",\"breadcrumb\":{\"@id\":\"https:\/\/www.africa-press.net\/niger\/culture-et-art\/fete-de-larbre-a-zinder-le-president-bazoum-mohamed-plante-son-arbre#breadcrumb\"},\"inLanguage\":\"fr-FR\",\"potentialAction\":[{\"@type\":\"ReadAction\",\"target\":[\"https:\/\/www.africa-press.net\/niger\/culture-et-art\/fete-de-larbre-a-zinder-le-president-bazoum-mohamed-plante-son-arbre\"]}]},{\"@type\":\"ImageObject\",\"inLanguage\":\"fr-FR\",\"@id\":\"https:\/\/www.africa-press.net\/niger\/culture-et-art\/fete-de-larbre-a-zinder-le-president-bazoum-mohamed-plante-son-arbre#primaryimage\",\"url\":\"https:\/\/static.africa-press.net\/niger\/sites\/40\/2021\/08\/img-610a559e9f560.jpg\",\"contentUrl\":\"https:\/\/static.africa-press.net\/niger\/sites\/40\/2021\/08\/img-610a559e9f560.jpg\",\"width\":1080,\"height\":720,\"caption\":\"F\u00eate de l\u2019arbre \u00e0 Zinder : Le Pr\u00e9sident Bazoum Mohamed plante son arbre\"},{\"@type\":\"BreadcrumbList\",\"@id\":\"https:\/\/www.africa-press.net\/niger\/culture-et-art\/fete-de-larbre-a-zinder-le-president-bazoum-mohamed-plante-son-arbre#breadcrumb\",\"itemListElement\":[{\"@type\":\"ListItem\",\"position\":1,\"name\":\"Accueil\",\"item\":\"https:\/\/www.africa-press.net\/niger\/\"},{\"@type\":\"ListItem\",\"position\":2,\"name\":\"F\u00eate de l\u2019arbre \u00e0 Zinder : Le Pr\u00e9sident Bazoum Mohamed plante son arbre\"}]},{\"@type\":\"WebSite\",\"@id\":\"https:\/\/www.africa-press.net\/niger\/#website\",\"url\":\"https:\/\/www.africa-press.net\/niger\/\",\"name\":\"niger\",\"description\":\"Just another Africa News Agency Sites site\",\"potentialAction\":[{\"@type\":\"SearchAction\",\"target\":{\"@type\":\"EntryPoint\",\"urlTemplate\":\"https:\/\/www.africa-press.net\/niger\/?s={search_term_string}\"},\"query-input\":{\"@type\":\"PropertyValueSpecification\",\"valueRequired\":true,\"valueName\":\"search_term_string\"}}],\"inLanguage\":\"fr-FR\"},{\"@type\":\"Person\",\"@id\":\"https:\/\/www.africa-press.net\/niger\/#\/schema\/person\/2b1cf3cd81a31e3cd26889ca66d677f1\",\"name\":\"cfeditorfr\"}]}<\/script>\n<!-- \/ Yoast SEO Premium plugin. -->","yoast_head_json":{"title":"F\u00eate de l\u2019arbre \u00e0 Zinder : Le Pr\u00e9sident Bazoum Mohamed plante son arbre - niger","description":", 3 ao\u00fbt (ANP) \u2013 Le Pr\u00e9sident de la R\u00e9publique Bazoum Mohamed a pr\u00e9sid\u00e9 la c\u00e9r\u00e9monie de plantation d\u2019arbres, ce mardi 3 ...","robots":{"index":"index","follow":"follow","max-snippet":"max-snippet:-1","max-image-preview":"max-image-preview:large","max-video-preview":"max-video-preview:-1"},"canonical":"https:\/\/www.africa-press.net\/niger\/culture-et-art\/fete-de-larbre-a-zinder-le-president-bazoum-mohamed-plante-son-arbre","og_locale":"fr_FR","og_type":"article","og_title":"F\u00eate de l\u2019arbre \u00e0 Zinder : Le Pr\u00e9sident Bazoum Mohamed plante son arbre","og_description":", 3 ao\u00fbt (ANP) \u2013 Le Pr\u00e9sident de la R\u00e9publique Bazoum Mohamed a pr\u00e9sid\u00e9 la c\u00e9r\u00e9monie de plantation d\u2019arbres, ce mardi 3 ...","og_url":"https:\/\/www.africa-press.net\/niger\/culture-et-art\/fete-de-larbre-a-zinder-le-president-bazoum-mohamed-plante-son-arbre","og_site_name":"niger","article_published_time":"2021-08-04T09:24:03+00:00","article_modified_time":"2021-08-04T17:04:06+00:00","og_image":[{"width":1080,"height":720,"url":"https:\/\/static.africa-press.net\/niger\/sites\/40\/2021\/08\/img-610a559e9f560.jpg","type":"image\/jpeg"}],"author":"cfeditorfr","twitter_card":"summary_large_image","twitter_misc":{"\u00c9crit par":"cfeditorfr","Dur\u00e9e de lecture estim\u00e9e":"3 minutes"},"schema":{"@context":"https:\/\/schema.org","@graph":[{"@type":"Article","@id":"https:\/\/www.africa-press.net\/niger\/culture-et-art\/fete-de-larbre-a-zinder-le-president-bazoum-mohamed-plante-son-arbre#article","isPartOf":{"@id":"https:\/\/www.africa-press.net\/niger\/culture-et-art\/fete-de-larbre-a-zinder-le-president-bazoum-mohamed-plante-son-arbre"},"author":{"name":"cfeditorfr","@id":"https:\/\/www.africa-press.net\/niger\/#\/schema\/person\/2b1cf3cd81a31e3cd26889ca66d677f1"},"headline":"F\u00eate de l\u2019arbre \u00e0 Zinder : Le Pr\u00e9sident Bazoum Mohamed plante son arbre","datePublished":"2021-08-04T09:24:03+00:00","dateModified":"2021-08-04T17:04:06+00:00","mainEntityOfPage":{"@id":"https:\/\/www.africa-press.net\/niger\/culture-et-art\/fete-de-larbre-a-zinder-le-president-bazoum-mohamed-plante-son-arbre"},"wordCount":665,"commentCount":0,"image":{"@id":"https:\/\/www.africa-press.net\/niger\/culture-et-art\/fete-de-larbre-a-zinder-le-president-bazoum-mohamed-plante-son-arbre#primaryimage"},"thumbnailUrl":"https:\/\/static.africa-press.net\/niger\/sites\/40\/2021\/08\/img-610a559e9f560.jpg","keywords":["Africa Press","Africa Press-Niger","Niger"],"articleSection":["Culture et Art","homepage-french","Toutes les actualit\u00e9s"],"inLanguage":"fr-FR","potentialAction":[{"@type":"CommentAction","name":"Comment","target":["https:\/\/www.africa-press.net\/niger\/culture-et-art\/fete-de-larbre-a-zinder-le-president-bazoum-mohamed-plante-son-arbre#respond"]}]},{"@type":"WebPage","@id":"https:\/\/www.africa-press.net\/niger\/culture-et-art\/fete-de-larbre-a-zinder-le-president-bazoum-mohamed-plante-son-arbre","url":"https:\/\/www.africa-press.net\/niger\/culture-et-art\/fete-de-larbre-a-zinder-le-president-bazoum-mohamed-plante-son-arbre","name":"F\u00eate de l\u2019arbre \u00e0 Zinder : Le Pr\u00e9sident Bazoum Mohamed plante son arbre - niger","isPartOf":{"@id":"https:\/\/www.africa-press.net\/niger\/#website"},"primaryImageOfPage":{"@id":"https:\/\/www.africa-press.net\/niger\/culture-et-art\/fete-de-larbre-a-zinder-le-president-bazoum-mohamed-plante-son-arbre#primaryimage"},"image":{"@id":"https:\/\/www.africa-press.net\/niger\/culture-et-art\/fete-de-larbre-a-zinder-le-president-bazoum-mohamed-plante-son-arbre#primaryimage"},"thumbnailUrl":"https:\/\/static.africa-press.net\/niger\/sites\/40\/2021\/08\/img-610a559e9f560.jpg","datePublished":"2021-08-04T09:24:03+00:00","dateModified":"2021-08-04T17:04:06+00:00","author":{"@id":"https:\/\/www.africa-press.net\/niger\/#\/schema\/person\/2b1cf3cd81a31e3cd26889ca66d677f1"},"description":", 3 ao\u00fbt (ANP) \u2013 Le Pr\u00e9sident de la R\u00e9publique Bazoum Mohamed a pr\u00e9sid\u00e9 la c\u00e9r\u00e9monie de plantation d\u2019arbres, ce mardi 3 ...","breadcrumb":{"@id":"https:\/\/www.africa-press.net\/niger\/culture-et-art\/fete-de-larbre-a-zinder-le-president-bazoum-mohamed-plante-son-arbre#breadcrumb"},"inLanguage":"fr-FR","potentialAction":[{"@type":"ReadAction","target":["https:\/\/www.africa-press.net\/niger\/culture-et-art\/fete-de-larbre-a-zinder-le-president-bazoum-mohamed-plante-son-arbre"]}]},{"@type":"ImageObject","inLanguage":"fr-FR","@id":"https:\/\/www.africa-press.net\/niger\/culture-et-art\/fete-de-larbre-a-zinder-le-president-bazoum-mohamed-plante-son-arbre#primaryimage","url":"https:\/\/static.africa-press.net\/niger\/sites\/40\/2021\/08\/img-610a559e9f560.jpg","contentUrl":"https:\/\/static.africa-press.net\/niger\/sites\/40\/2021\/08\/img-610a559e9f560.jpg","width":1080,"height":720,"caption":"F\u00eate de l\u2019arbre \u00e0 Zinder : Le Pr\u00e9sident Bazoum Mohamed plante son arbre"},{"@type":"BreadcrumbList","@id":"https:\/\/www.africa-press.net\/niger\/culture-et-art\/fete-de-larbre-a-zinder-le-president-bazoum-mohamed-plante-son-arbre#breadcrumb","itemListElement":[{"@type":"ListItem","position":1,"name":"Accueil","item":"https:\/\/www.africa-press.net\/niger\/"},{"@type":"ListItem","position":2,"name":"F\u00eate de l\u2019arbre \u00e0 Zinder : Le Pr\u00e9sident Bazoum Mohamed plante son arbre"}]},{"@type":"WebSite","@id":"https:\/\/www.africa-press.net\/niger\/#website","url":"https:\/\/www.africa-press.net\/niger\/","name":"niger","description":"Just another Africa News Agency Sites site","potentialAction":[{"@type":"SearchAction","target":{"@type":"EntryPoint","urlTemplate":"https:\/\/www.africa-press.net\/niger\/?s={search_term_string}"},"query-input":{"@type":"PropertyValueSpecification","valueRequired":true,"valueName":"search_term_string"}}],"inLanguage":"fr-FR"},{"@type":"Person","@id":"https:\/\/www.africa-press.net\/niger\/#\/schema\/person\/2b1cf3cd81a31e3cd26889ca66d677f1","name":"cfeditorfr"}]}},"_links":{"self":[{"href":"https:\/\/www.africa-press.net\/niger\/wp-json\/wp\/v2\/posts\/9591","targetHints":{"allow":["GET"]}}],"collection":[{"href":"https:\/\/www.africa-press.net\/niger\/wp-json\/wp\/v2\/posts"}],"about":[{"href":"https:\/\/www.africa-press.net\/niger\/wp-json\/wp\/v2\/types\/post"}],"author":[{"embeddable":true,"href":"https:\/\/www.africa-press.net\/niger\/wp-json\/wp\/v2\/users\/82"}],"replies":[{"embeddable":true,"href":"https:\/\/www.africa-press.net\/niger\/wp-json\/wp\/v2\/comments?post=9591"}],"version-history":[{"count":0,"href":"https:\/\/www.africa-press.net\/niger\/wp-json\/wp\/v2\/posts\/9591\/revisions"}],"wp:featuredmedia":[{"embeddable":true,"href":"https:\/\/www.africa-press.net\/niger\/wp-json\/wp\/v2\/media\/9590"}],"wp:attachment":[{"href":"https:\/\/www.africa-press.net\/niger\/wp-json\/wp\/v2\/media?parent=9591"}],"wp:term":[{"taxonomy":"category","embeddable":true,"href":"https:\/\/www.africa-press.net\/niger\/wp-json\/wp\/v2\/categories?post=9591"},{"taxonomy":"post_tag","embeddable":true,"href":"https:\/\/www.africa-press.net\/niger\/wp-json\/wp\/v2\/tags?post=9591"}],"curies":[{"name":"wp","href":"https:\/\/api.w.org\/{rel}","templated":true}]}}