{"id":9597,"date":"2021-08-04T09:41:10","date_gmt":"2021-08-04T09:41:10","guid":{"rendered":"https:\/\/www.africa-press.net\/niger\/?p=9597"},"modified":"2021-08-04T17:04:35","modified_gmt":"2021-08-04T17:04:35","slug":"tillaberi-celebre-le-61eme-anniversaire-de-lindependance-du-niger-ou-fete-de-larbre","status":"publish","type":"post","link":"https:\/\/www.africa-press.net\/niger\/politique\/tillaberi-celebre-le-61eme-anniversaire-de-lindependance-du-niger-ou-fete-de-larbre","title":{"rendered":"Tillab\u00e9ri c\u00e9l\u00e8bre le 61\u00e8me  anniversaire de l\u2019ind\u00e9pendance du Niger  ou f\u00eate de l\u2019arbre"},"content":{"rendered":"<p><span style=\"color: #ff6600\"><strong><a href=\"https:\/\/www.africa-press.net\/\">Africa-Press<\/a> &#8211; <a href=\"https:\/\/www.africa-press.net\/niger\">Niger<\/a>. <\/strong><\/span>A l\u2019instar des autres r\u00e9gions du Niger, Tillab\u00e9ri a c\u00e9l\u00e9br\u00e9, ce mardi 03 ao\u00fbt 2021, le 61\u00e8me anniversaire de l\u2019ind\u00e9pendance du Niger coupl\u00e9e \u00e0 la 47\u00e8me Edition de la f\u00eate nationale de l\u2019arbre institu\u00e9e en 1975 par les plus hautes autorit\u00e9s du pays.<\/p>\n<p>C\u2019est le Gouverneur de la R\u00e9gion, M. Ibrahim Tidjani Katiella qui a donn\u00e9 le coup d\u2019envoi des activit\u00e9s entrant dans le cadre de la c\u00e9l\u00e9bration de cette f\u00eate dans l\u2019enceinte de l\u2019\u00e9cole Bilingue (Djerma) de Tillab\u00e9ri.<\/p>\n<p>Le th\u00e8me retenu pour l\u2019Edition 2021est \u2018\u2019 Valorisons le moringa pour am\u00e9liorer l\u2019\u00e9conomie locale\u2019\u2019.<\/p>\n<p>\u2018\u2019A travers le choix de ce th\u00e8me, les autorit\u00e9s de la 7\u00e8me R\u00e9publique visent \u00e0 responsabiliser les populations, notamment les producteurs sur l\u2019importance de cette esp\u00e8ce\u2019\u2019 a indiqu\u00e9 le Gouverneur de la r\u00e9gion, pr\u00e9cisant que, \u2018\u2019le moringa constitue une ressource tr\u00e8s pr\u00e9cieuse et pr\u00e9sente un int\u00e9r\u00eat alimentaire, \u00e9conomique, social, scientifique et environnemental pour les populations rurales et urbaines\u2019\u2019.<\/p>\n<p>Ce produit forestier non ligneux, a-t-il dit, contribue \u00e0 l\u2019\u00e9conomie nationale et locale.<\/p>\n<p>\u2018\u2019C\u2019est assur\u00e9ment l\u00e0, une opportunit\u00e9 \u00e0 saisir pour d\u00e9velopper des actions de promotion d\u2019une gestion participative durable et assurer une production soutenue de ce produit qui fait l\u2019objet d\u2019\u00e9changes commerciaux de grande envergure sur les march\u00e9s locaux et parfois avec des pays voisins, constituant ainsi de sources diverses de revenus pour les populations notamment rurales\u2019\u2019 a expliqu\u00e9 M. Ibrahim Tidjani Katiella.<\/p>\n<p>A titre illustratif, a-t-il poursuivi, cent (100) grammes de feuilles fra\u00eeches de Moringa apportent autant de prot\u00e9ines qu\u2019un \u0153uf, autant de calcium qu\u2019un grand verre de lait et autant de fer qu\u2019un morceau de viande, ajoutant que, \u2018\u2019cette ann\u00e9e, pr\u00e8s de 1.850 tonnes de moringa sont exploit\u00e9es g\u00e9n\u00e9rant un chiffre d\u2019affaire de 693.750.000F aux producteurs de la r\u00e9gion de Tillab\u00e9ri\u2019\u2019.<\/p>\n<p>C\u2019est pourquoi, le Gouverneur de la r\u00e9gion a invit\u00e9 toute la population de la r\u00e9gion de Tillab\u00e9ri en g\u00e9n\u00e9rale et celle de la Commune urbaine \u00e0 \u2018\u2019s\u2019investir pleinement dans la production du moringa pour non seulement lutter contre les effets du changement climatique en prot\u00e9geant et en utilisant judicieusement les maigres ressources foresti\u00e8res mais aussi, pour booster l\u2019\u00e9conomie de la r\u00e9gion\u2019\u2019.<\/p>\n<p>Dans la sauvegarde de l\u2019environnement, le R\u00e9seau des Associations pour l\u2019adaptation au changement climatique et risques de catastrophes \u2018\u2019Tounda Hinay\u2019\u2019 a initi\u00e9 le reverdissement de la station r\u00e9gionale ORTN Tillab\u00e9ri.<\/p>\n<p>Selon le Pr\u00e9sident du Conseil R\u00e9gional, M. Issoufou Oumarou, \u2018\u2019cette initiative est louable car le Niger est un pays sah\u00e9lien et qui dit pays Sah\u00e9lien dit un pays qui fait face aux affres de la d\u00e9sertification, et on n\u2019a pas d\u2019autres solutions qui d\u00e9passent la plantation d\u2019arbres, le reboisement pour contrecarrer l\u2019avanc\u00e9e de ce d\u00e9sert\u2019\u2019.<\/p>\n<p>\u2018\u2019Religieusement parlant, la plantation d\u2019arbres fait partie des actes m\u00e9ritoires en Islam\u2019\u2019 a-t-il ajout\u00e9.<\/p>\n<p>Le Pr\u00e9sident du Conseil R\u00e9gional a, enfin, au nom du Conseil R\u00e9gional de Tillab\u00e9ri, salu\u00e9 et encourag\u00e9 le r\u00e9seau \u00e0 aller de l\u2019avant.<\/p>\n<p>Cette c\u00e9r\u00e9monie s\u2019est sold\u00e9e par des jeux, sketches et plusieurs autres manifestations culturelles.<\/p>\n","protected":false},"excerpt":{"rendered":"<p>Africa-Press &#8211; Niger. A l\u2019instar des autres r\u00e9gions du Niger, Tillab\u00e9ri a c\u00e9l\u00e9br\u00e9, ce mardi 03 ao\u00fbt 2021, le 61\u00e8me anniversaire de l\u2019ind\u00e9pendance du Niger coupl\u00e9e \u00e0 la 47\u00e8me Edition de la f\u00eate nationale de l\u2019arbre institu\u00e9e en 1975 par les plus hautes autorit\u00e9s du pays. C\u2019est le Gouverneur de la R\u00e9gion, M. Ibrahim Tidjani [&hellip;]<\/p>\n","protected":false},"author":82,"featured_media":9596,"comment_status":"open","ping_status":"closed","sticky":false,"template":"","format":"standard","meta":{"footnotes":""},"categories":[11,2,20,10],"tags":[55,60,29],"class_list":["post-9597","post","type-post","status-publish","format-standard","has-post-thumbnail","hentry","category-homepage-french","category-politique","category-top-nouvelles","category-toutes-les-actualites","tag-africa-press","tag-africa-press-niger","tag-niger"],"yoast_head":"<!-- This site is optimized with the Yoast SEO Premium plugin v26.1 (Yoast SEO v27.0) - https:\/\/yoast.com\/product\/yoast-seo-premium-wordpress\/ -->\n<title>Tillab\u00e9ri c\u00e9l\u00e8bre le 61\u00e8me anniversaire de l\u2019ind\u00e9pendance du Niger ou f\u00eate de l\u2019arbre - niger<\/title>\n<meta name=\"description\" content=\"A l\u2019instar des autres r\u00e9gions du Niger, Tillab\u00e9ri a c\u00e9l\u00e9br\u00e9, ce mardi 03 ao\u00fbt 2021, le 61\u00e8me anniversaire de l\u2019ind\u00e9penda ...\" \/>\n<meta name=\"robots\" content=\"index, follow, max-snippet:-1, max-image-preview:large, max-video-preview:-1\" \/>\n<link rel=\"canonical\" href=\"https:\/\/www.africa-press.net\/niger\/politique\/tillaberi-celebre-le-61eme-anniversaire-de-lindependance-du-niger-ou-fete-de-larbre\" \/>\n<meta property=\"og:locale\" content=\"fr_FR\" \/>\n<meta property=\"og:type\" content=\"article\" \/>\n<meta property=\"og:title\" content=\"Tillab\u00e9ri c\u00e9l\u00e8bre le 61\u00e8me anniversaire de l\u2019ind\u00e9pendance du Niger ou f\u00eate de l\u2019arbre\" \/>\n<meta property=\"og:description\" content=\"A l\u2019instar des autres r\u00e9gions du Niger, Tillab\u00e9ri a c\u00e9l\u00e9br\u00e9, ce mardi 03 ao\u00fbt 2021, le 61\u00e8me anniversaire de l\u2019ind\u00e9penda ...\" \/>\n<meta property=\"og:url\" content=\"https:\/\/www.africa-press.net\/niger\/politique\/tillaberi-celebre-le-61eme-anniversaire-de-lindependance-du-niger-ou-fete-de-larbre\" \/>\n<meta property=\"og:site_name\" content=\"niger\" \/>\n<meta property=\"article:published_time\" content=\"2021-08-04T09:41:10+00:00\" \/>\n<meta property=\"article:modified_time\" content=\"2021-08-04T17:04:35+00:00\" \/>\n<meta property=\"og:image\" content=\"https:\/\/static.africa-press.net\/niger\/sites\/40\/2021\/08\/img-610a55e1c7419.jpg\" \/>\n\t<meta property=\"og:image:width\" content=\"1080\" \/>\n\t<meta property=\"og:image:height\" content=\"608\" \/>\n\t<meta property=\"og:image:type\" content=\"image\/jpeg\" \/>\n<meta name=\"author\" content=\"cfeditorfr\" \/>\n<meta name=\"twitter:card\" content=\"summary_large_image\" \/>\n<meta name=\"twitter:label1\" content=\"\u00c9crit par\" \/>\n\t<meta name=\"twitter:data1\" content=\"cfeditorfr\" \/>\n\t<meta name=\"twitter:label2\" content=\"Dur\u00e9e de lecture estim\u00e9e\" \/>\n\t<meta name=\"twitter:data2\" content=\"3 minutes\" \/>\n<script type=\"application\/ld+json\" class=\"yoast-schema-graph\">{\"@context\":\"https:\/\/schema.org\",\"@graph\":[{\"@type\":\"Article\",\"@id\":\"https:\/\/www.africa-press.net\/niger\/politique\/tillaberi-celebre-le-61eme-anniversaire-de-lindependance-du-niger-ou-fete-de-larbre#article\",\"isPartOf\":{\"@id\":\"https:\/\/www.africa-press.net\/niger\/politique\/tillaberi-celebre-le-61eme-anniversaire-de-lindependance-du-niger-ou-fete-de-larbre\"},\"author\":{\"name\":\"cfeditorfr\",\"@id\":\"https:\/\/www.africa-press.net\/niger\/#\/schema\/person\/2b1cf3cd81a31e3cd26889ca66d677f1\"},\"headline\":\"Tillab\u00e9ri c\u00e9l\u00e8bre le 61\u00e8me anniversaire de l\u2019ind\u00e9pendance du Niger ou f\u00eate de l\u2019arbre\",\"datePublished\":\"2021-08-04T09:41:10+00:00\",\"dateModified\":\"2021-08-04T17:04:35+00:00\",\"mainEntityOfPage\":{\"@id\":\"https:\/\/www.africa-press.net\/niger\/politique\/tillaberi-celebre-le-61eme-anniversaire-de-lindependance-du-niger-ou-fete-de-larbre\"},\"wordCount\":592,\"commentCount\":0,\"image\":{\"@id\":\"https:\/\/www.africa-press.net\/niger\/politique\/tillaberi-celebre-le-61eme-anniversaire-de-lindependance-du-niger-ou-fete-de-larbre#primaryimage\"},\"thumbnailUrl\":\"https:\/\/static.africa-press.net\/niger\/sites\/40\/2021\/08\/img-610a55e1c7419.jpg\",\"keywords\":[\"Africa Press\",\"Africa Press-Niger\",\"Niger\"],\"articleSection\":[\"homepage-french\",\"Politique\",\"Top Nouvelles\",\"Toutes les actualit\u00e9s\"],\"inLanguage\":\"fr-FR\",\"potentialAction\":[{\"@type\":\"CommentAction\",\"name\":\"Comment\",\"target\":[\"https:\/\/www.africa-press.net\/niger\/politique\/tillaberi-celebre-le-61eme-anniversaire-de-lindependance-du-niger-ou-fete-de-larbre#respond\"]}]},{\"@type\":\"WebPage\",\"@id\":\"https:\/\/www.africa-press.net\/niger\/politique\/tillaberi-celebre-le-61eme-anniversaire-de-lindependance-du-niger-ou-fete-de-larbre\",\"url\":\"https:\/\/www.africa-press.net\/niger\/politique\/tillaberi-celebre-le-61eme-anniversaire-de-lindependance-du-niger-ou-fete-de-larbre\",\"name\":\"Tillab\u00e9ri c\u00e9l\u00e8bre le 61\u00e8me anniversaire de l\u2019ind\u00e9pendance du Niger ou f\u00eate de l\u2019arbre - niger\",\"isPartOf\":{\"@id\":\"https:\/\/www.africa-press.net\/niger\/#website\"},\"primaryImageOfPage\":{\"@id\":\"https:\/\/www.africa-press.net\/niger\/politique\/tillaberi-celebre-le-61eme-anniversaire-de-lindependance-du-niger-ou-fete-de-larbre#primaryimage\"},\"image\":{\"@id\":\"https:\/\/www.africa-press.net\/niger\/politique\/tillaberi-celebre-le-61eme-anniversaire-de-lindependance-du-niger-ou-fete-de-larbre#primaryimage\"},\"thumbnailUrl\":\"https:\/\/static.africa-press.net\/niger\/sites\/40\/2021\/08\/img-610a55e1c7419.jpg\",\"datePublished\":\"2021-08-04T09:41:10+00:00\",\"dateModified\":\"2021-08-04T17:04:35+00:00\",\"author\":{\"@id\":\"https:\/\/www.africa-press.net\/niger\/#\/schema\/person\/2b1cf3cd81a31e3cd26889ca66d677f1\"},\"description\":\"A l\u2019instar des autres r\u00e9gions du Niger, Tillab\u00e9ri a c\u00e9l\u00e9br\u00e9, ce mardi 03 ao\u00fbt 2021, le 61\u00e8me anniversaire de l\u2019ind\u00e9penda ...\",\"breadcrumb\":{\"@id\":\"https:\/\/www.africa-press.net\/niger\/politique\/tillaberi-celebre-le-61eme-anniversaire-de-lindependance-du-niger-ou-fete-de-larbre#breadcrumb\"},\"inLanguage\":\"fr-FR\",\"potentialAction\":[{\"@type\":\"ReadAction\",\"target\":[\"https:\/\/www.africa-press.net\/niger\/politique\/tillaberi-celebre-le-61eme-anniversaire-de-lindependance-du-niger-ou-fete-de-larbre\"]}]},{\"@type\":\"ImageObject\",\"inLanguage\":\"fr-FR\",\"@id\":\"https:\/\/www.africa-press.net\/niger\/politique\/tillaberi-celebre-le-61eme-anniversaire-de-lindependance-du-niger-ou-fete-de-larbre#primaryimage\",\"url\":\"https:\/\/static.africa-press.net\/niger\/sites\/40\/2021\/08\/img-610a55e1c7419.jpg\",\"contentUrl\":\"https:\/\/static.africa-press.net\/niger\/sites\/40\/2021\/08\/img-610a55e1c7419.jpg\",\"width\":1080,\"height\":608,\"caption\":\"Tillab\u00e9ri c\u00e9l\u00e8bre le 61\u00e8me anniversaire de l\u2019ind\u00e9pendance du Niger ou f\u00eate de l\u2019arbre\"},{\"@type\":\"BreadcrumbList\",\"@id\":\"https:\/\/www.africa-press.net\/niger\/politique\/tillaberi-celebre-le-61eme-anniversaire-de-lindependance-du-niger-ou-fete-de-larbre#breadcrumb\",\"itemListElement\":[{\"@type\":\"ListItem\",\"position\":1,\"name\":\"Accueil\",\"item\":\"https:\/\/www.africa-press.net\/niger\/\"},{\"@type\":\"ListItem\",\"position\":2,\"name\":\"Tillab\u00e9ri c\u00e9l\u00e8bre le 61\u00e8me anniversaire de l\u2019ind\u00e9pendance du Niger ou f\u00eate de l\u2019arbre\"}]},{\"@type\":\"WebSite\",\"@id\":\"https:\/\/www.africa-press.net\/niger\/#website\",\"url\":\"https:\/\/www.africa-press.net\/niger\/\",\"name\":\"niger\",\"description\":\"Just another Africa News Agency Sites site\",\"potentialAction\":[{\"@type\":\"SearchAction\",\"target\":{\"@type\":\"EntryPoint\",\"urlTemplate\":\"https:\/\/www.africa-press.net\/niger\/?s={search_term_string}\"},\"query-input\":{\"@type\":\"PropertyValueSpecification\",\"valueRequired\":true,\"valueName\":\"search_term_string\"}}],\"inLanguage\":\"fr-FR\"},{\"@type\":\"Person\",\"@id\":\"https:\/\/www.africa-press.net\/niger\/#\/schema\/person\/2b1cf3cd81a31e3cd26889ca66d677f1\",\"name\":\"cfeditorfr\"}]}<\/script>\n<!-- \/ Yoast SEO Premium plugin. -->","yoast_head_json":{"title":"Tillab\u00e9ri c\u00e9l\u00e8bre le 61\u00e8me anniversaire de l\u2019ind\u00e9pendance du Niger ou f\u00eate de l\u2019arbre - niger","description":"A l\u2019instar des autres r\u00e9gions du Niger, Tillab\u00e9ri a c\u00e9l\u00e9br\u00e9, ce mardi 03 ao\u00fbt 2021, le 61\u00e8me anniversaire de l\u2019ind\u00e9penda ...","robots":{"index":"index","follow":"follow","max-snippet":"max-snippet:-1","max-image-preview":"max-image-preview:large","max-video-preview":"max-video-preview:-1"},"canonical":"https:\/\/www.africa-press.net\/niger\/politique\/tillaberi-celebre-le-61eme-anniversaire-de-lindependance-du-niger-ou-fete-de-larbre","og_locale":"fr_FR","og_type":"article","og_title":"Tillab\u00e9ri c\u00e9l\u00e8bre le 61\u00e8me anniversaire de l\u2019ind\u00e9pendance du Niger ou f\u00eate de l\u2019arbre","og_description":"A l\u2019instar des autres r\u00e9gions du Niger, Tillab\u00e9ri a c\u00e9l\u00e9br\u00e9, ce mardi 03 ao\u00fbt 2021, le 61\u00e8me anniversaire de l\u2019ind\u00e9penda ...","og_url":"https:\/\/www.africa-press.net\/niger\/politique\/tillaberi-celebre-le-61eme-anniversaire-de-lindependance-du-niger-ou-fete-de-larbre","og_site_name":"niger","article_published_time":"2021-08-04T09:41:10+00:00","article_modified_time":"2021-08-04T17:04:35+00:00","og_image":[{"width":1080,"height":608,"url":"https:\/\/static.africa-press.net\/niger\/sites\/40\/2021\/08\/img-610a55e1c7419.jpg","type":"image\/jpeg"}],"author":"cfeditorfr","twitter_card":"summary_large_image","twitter_misc":{"\u00c9crit par":"cfeditorfr","Dur\u00e9e de lecture estim\u00e9e":"3 minutes"},"schema":{"@context":"https:\/\/schema.org","@graph":[{"@type":"Article","@id":"https:\/\/www.africa-press.net\/niger\/politique\/tillaberi-celebre-le-61eme-anniversaire-de-lindependance-du-niger-ou-fete-de-larbre#article","isPartOf":{"@id":"https:\/\/www.africa-press.net\/niger\/politique\/tillaberi-celebre-le-61eme-anniversaire-de-lindependance-du-niger-ou-fete-de-larbre"},"author":{"name":"cfeditorfr","@id":"https:\/\/www.africa-press.net\/niger\/#\/schema\/person\/2b1cf3cd81a31e3cd26889ca66d677f1"},"headline":"Tillab\u00e9ri c\u00e9l\u00e8bre le 61\u00e8me anniversaire de l\u2019ind\u00e9pendance du Niger ou f\u00eate de l\u2019arbre","datePublished":"2021-08-04T09:41:10+00:00","dateModified":"2021-08-04T17:04:35+00:00","mainEntityOfPage":{"@id":"https:\/\/www.africa-press.net\/niger\/politique\/tillaberi-celebre-le-61eme-anniversaire-de-lindependance-du-niger-ou-fete-de-larbre"},"wordCount":592,"commentCount":0,"image":{"@id":"https:\/\/www.africa-press.net\/niger\/politique\/tillaberi-celebre-le-61eme-anniversaire-de-lindependance-du-niger-ou-fete-de-larbre#primaryimage"},"thumbnailUrl":"https:\/\/static.africa-press.net\/niger\/sites\/40\/2021\/08\/img-610a55e1c7419.jpg","keywords":["Africa Press","Africa Press-Niger","Niger"],"articleSection":["homepage-french","Politique","Top Nouvelles","Toutes les actualit\u00e9s"],"inLanguage":"fr-FR","potentialAction":[{"@type":"CommentAction","name":"Comment","target":["https:\/\/www.africa-press.net\/niger\/politique\/tillaberi-celebre-le-61eme-anniversaire-de-lindependance-du-niger-ou-fete-de-larbre#respond"]}]},{"@type":"WebPage","@id":"https:\/\/www.africa-press.net\/niger\/politique\/tillaberi-celebre-le-61eme-anniversaire-de-lindependance-du-niger-ou-fete-de-larbre","url":"https:\/\/www.africa-press.net\/niger\/politique\/tillaberi-celebre-le-61eme-anniversaire-de-lindependance-du-niger-ou-fete-de-larbre","name":"Tillab\u00e9ri c\u00e9l\u00e8bre le 61\u00e8me anniversaire de l\u2019ind\u00e9pendance du Niger ou f\u00eate de l\u2019arbre - niger","isPartOf":{"@id":"https:\/\/www.africa-press.net\/niger\/#website"},"primaryImageOfPage":{"@id":"https:\/\/www.africa-press.net\/niger\/politique\/tillaberi-celebre-le-61eme-anniversaire-de-lindependance-du-niger-ou-fete-de-larbre#primaryimage"},"image":{"@id":"https:\/\/www.africa-press.net\/niger\/politique\/tillaberi-celebre-le-61eme-anniversaire-de-lindependance-du-niger-ou-fete-de-larbre#primaryimage"},"thumbnailUrl":"https:\/\/static.africa-press.net\/niger\/sites\/40\/2021\/08\/img-610a55e1c7419.jpg","datePublished":"2021-08-04T09:41:10+00:00","dateModified":"2021-08-04T17:04:35+00:00","author":{"@id":"https:\/\/www.africa-press.net\/niger\/#\/schema\/person\/2b1cf3cd81a31e3cd26889ca66d677f1"},"description":"A l\u2019instar des autres r\u00e9gions du Niger, Tillab\u00e9ri a c\u00e9l\u00e9br\u00e9, ce mardi 03 ao\u00fbt 2021, le 61\u00e8me anniversaire de l\u2019ind\u00e9penda ...","breadcrumb":{"@id":"https:\/\/www.africa-press.net\/niger\/politique\/tillaberi-celebre-le-61eme-anniversaire-de-lindependance-du-niger-ou-fete-de-larbre#breadcrumb"},"inLanguage":"fr-FR","potentialAction":[{"@type":"ReadAction","target":["https:\/\/www.africa-press.net\/niger\/politique\/tillaberi-celebre-le-61eme-anniversaire-de-lindependance-du-niger-ou-fete-de-larbre"]}]},{"@type":"ImageObject","inLanguage":"fr-FR","@id":"https:\/\/www.africa-press.net\/niger\/politique\/tillaberi-celebre-le-61eme-anniversaire-de-lindependance-du-niger-ou-fete-de-larbre#primaryimage","url":"https:\/\/static.africa-press.net\/niger\/sites\/40\/2021\/08\/img-610a55e1c7419.jpg","contentUrl":"https:\/\/static.africa-press.net\/niger\/sites\/40\/2021\/08\/img-610a55e1c7419.jpg","width":1080,"height":608,"caption":"Tillab\u00e9ri c\u00e9l\u00e8bre le 61\u00e8me anniversaire de l\u2019ind\u00e9pendance du Niger ou f\u00eate de l\u2019arbre"},{"@type":"BreadcrumbList","@id":"https:\/\/www.africa-press.net\/niger\/politique\/tillaberi-celebre-le-61eme-anniversaire-de-lindependance-du-niger-ou-fete-de-larbre#breadcrumb","itemListElement":[{"@type":"ListItem","position":1,"name":"Accueil","item":"https:\/\/www.africa-press.net\/niger\/"},{"@type":"ListItem","position":2,"name":"Tillab\u00e9ri c\u00e9l\u00e8bre le 61\u00e8me anniversaire de l\u2019ind\u00e9pendance du Niger ou f\u00eate de l\u2019arbre"}]},{"@type":"WebSite","@id":"https:\/\/www.africa-press.net\/niger\/#website","url":"https:\/\/www.africa-press.net\/niger\/","name":"niger","description":"Just another Africa News Agency Sites site","potentialAction":[{"@type":"SearchAction","target":{"@type":"EntryPoint","urlTemplate":"https:\/\/www.africa-press.net\/niger\/?s={search_term_string}"},"query-input":{"@type":"PropertyValueSpecification","valueRequired":true,"valueName":"search_term_string"}}],"inLanguage":"fr-FR"},{"@type":"Person","@id":"https:\/\/www.africa-press.net\/niger\/#\/schema\/person\/2b1cf3cd81a31e3cd26889ca66d677f1","name":"cfeditorfr"}]}},"_links":{"self":[{"href":"https:\/\/www.africa-press.net\/niger\/wp-json\/wp\/v2\/posts\/9597","targetHints":{"allow":["GET"]}}],"collection":[{"href":"https:\/\/www.africa-press.net\/niger\/wp-json\/wp\/v2\/posts"}],"about":[{"href":"https:\/\/www.africa-press.net\/niger\/wp-json\/wp\/v2\/types\/post"}],"author":[{"embeddable":true,"href":"https:\/\/www.africa-press.net\/niger\/wp-json\/wp\/v2\/users\/82"}],"replies":[{"embeddable":true,"href":"https:\/\/www.africa-press.net\/niger\/wp-json\/wp\/v2\/comments?post=9597"}],"version-history":[{"count":0,"href":"https:\/\/www.africa-press.net\/niger\/wp-json\/wp\/v2\/posts\/9597\/revisions"}],"wp:featuredmedia":[{"embeddable":true,"href":"https:\/\/www.africa-press.net\/niger\/wp-json\/wp\/v2\/media\/9596"}],"wp:attachment":[{"href":"https:\/\/www.africa-press.net\/niger\/wp-json\/wp\/v2\/media?parent=9597"}],"wp:term":[{"taxonomy":"category","embeddable":true,"href":"https:\/\/www.africa-press.net\/niger\/wp-json\/wp\/v2\/categories?post=9597"},{"taxonomy":"post_tag","embeddable":true,"href":"https:\/\/www.africa-press.net\/niger\/wp-json\/wp\/v2\/tags?post=9597"}],"curies":[{"name":"wp","href":"https:\/\/api.w.org\/{rel}","templated":true}]}}