{"id":9603,"date":"2021-08-04T09:54:42","date_gmt":"2021-08-04T09:54:42","guid":{"rendered":"https:\/\/www.africa-press.net\/niger\/?p=9603"},"modified":"2021-08-04T17:04:52","modified_gmt":"2021-08-04T17:04:52","slug":"celebration-de-la-fete-de-lindependance-ou-fete-de-larbre-a-dosso","status":"publish","type":"post","link":"https:\/\/www.africa-press.net\/niger\/politique\/celebration-de-la-fete-de-lindependance-ou-fete-de-larbre-a-dosso","title":{"rendered":"C\u00e9l\u00e9bration de la f\u00eate de l\u2019ind\u00e9pendance ou f\u00eate de l\u2019arbre \u00e0 Dosso"},"content":{"rendered":"<p><span style=\"color: #ff6600\"><strong><a href=\"https:\/\/www.africa-press.net\/\">Africa-Press<\/a> &#8211; <a href=\"https:\/\/www.africa-press.net\/niger\">Niger<\/a>.\u00a0 <\/strong><\/span>\u00a0A l\u2019instar des autres r\u00e9gions du pays, Dosso a f\u00eat\u00e9 ce mardi 3 ao\u00fbt 2021, le 61\u00e8me anniversaire de l\u2019ind\u00e9pendance du Niger.<\/p>\n<p>La c\u00e9r\u00e9monie pr\u00e9sid\u00e9e par le secr\u00e9taire g\u00e9n\u00e9ral de la r\u00e9gion de Dosso, M. Assoumana Amadou a \u00e9t\u00e9 marqu\u00e9e par une plantation d\u2019arbres au bureau des Douanes de Dosso, route Gaya.<\/p>\n<p>Les d\u00e9put\u00e9s nationaux, les autorit\u00e9s administratives et coutumi\u00e8res, les cadres techniques, les responsables des forces de s\u00e9curit\u00e9 et ceux des associations socioprofessionnelles ont effectu\u00e9 le d\u00e9placement.<\/p>\n<p>Proc\u00e9dant officiellement au lancement de la pr\u00e9sente campagne r\u00e9gionale de plantation d\u2019arbres, le secr\u00e9taire g\u00e9n\u00e9ral de la r\u00e9gion a exprim\u00e9 sa gratitude \u00e0 tous ceux qui ont r\u00e9pondu \u00e0 ce Rendez-vous.<\/p>\n<p>Cela, a-t-il dit, t\u00e9moigne de leur engagement en faveur de la protection de l\u2019environnement.<\/p>\n<p>Tout au long de son intervention, le secr\u00e9taire g\u00e9n\u00e9ral de la r\u00e9gion de Dosso s\u2019est appesanti sur la signification de la f\u00eate de l\u2019arbre et son objectif.<\/p>\n<p>Parlant du th\u00e8me de la pr\u00e9sente \u00e9dition \u00e0 savoir \u00abvalorisons le moringa pour am\u00e9liorer l\u2019\u00e9conomie locale \u00bb, M. Assoumana a indiqu\u00e9 que \u2018\u2019ce th\u00e8me d\u00e9coule du programme de la renaissance du Niger acte3 qui pr\u00e9voit, entre autres, le choix du moringa pour son potentiel de d\u00e9veloppement, ses qualit\u00e9s alimentaires, nutritionnelles et m\u00e9dicinales et sa forte demande sur le plan national et mondial.<\/p>\n<p>Les potentialit\u00e9s foresti\u00e8res, a soulign\u00e9 M. Assoumana Amadou, font de la r\u00e9gion de Dosso une des r\u00e9gions les plus repr\u00e9sentatives sur le plan de la v\u00e9g\u00e9tation du pays.<\/p>\n<p>Cependant, at-il fait remarquer, que \u2018\u2019ce tableau reluisant ne doit pas nous faire perdre de vue les contraintes environnementales que subissent ces ressources\u2019\u2019.<\/p>\n<p>Pour cette campagne d\u2019importantes r\u00e9alisations ont \u00e9t\u00e9 enregistr\u00e9es en mati\u00e8re de protection de l\u2019environnement. C\u2019est au total pr\u00e8s de 597 200 000 FCFA qui ont \u00e9t\u00e9 per\u00e7us en terme de r\u00e9mun\u00e9ration des populations sous forme de cash for work.<\/p>\n<p>Le secr\u00e9taire g\u00e9n\u00e9ral de la r\u00e9gion de Dosso a exhort\u00e9 les responsables du bureau des douanes de Dosso \u00e0 embo\u00eeter le pas de la garde nationale du Niger de Dosso qui n\u2019a m\u00e9nag\u00e9 aucun effort par rapport \u00e0 l\u2019entretien et la protection du site de plantation officiel \u00e9dition 2017 dont le taux \u00e9logieux de survie de 100% fait honneur \u00e0 la r\u00e9gion.<\/p>\n<p>Notons qu\u2019auparavant le maire de le commune urbaine de Dosso, M. Abdou Madougou a pris la parole pour se r\u00e9jouir du choix port\u00e9 \u00e0 sa commune pour abriter les pr\u00e9sentes manifestations.<\/p>\n<p>Il a, par ailleurs, saisi l\u2019opportunit\u00e9 pour annoncer le d\u00e9marrage d\u2019une vaste op\u00e9ration de reboisement de la commune de Dosso.<\/p>\n<p>Au programme des manifestations, la f\u00e9d\u00e9ration nig\u00e9rienne des sports \u00e9questres a organis\u00e9 dans l\u2019apr\u00e8s-midi une course de chevaux d\u00e9nomm\u00e9e \u00abgrand prix du pr\u00e9sident de l\u2019assembl\u00e9e nationale.<\/p>\n","protected":false},"excerpt":{"rendered":"<p>Africa-Press &#8211; Niger.\u00a0 \u00a0A l\u2019instar des autres r\u00e9gions du pays, Dosso a f\u00eat\u00e9 ce mardi 3 ao\u00fbt 2021, le 61\u00e8me anniversaire de l\u2019ind\u00e9pendance du Niger. La c\u00e9r\u00e9monie pr\u00e9sid\u00e9e par le secr\u00e9taire g\u00e9n\u00e9ral de la r\u00e9gion de Dosso, M. Assoumana Amadou a \u00e9t\u00e9 marqu\u00e9e par une plantation d\u2019arbres au bureau des Douanes de Dosso, route Gaya. [&hellip;]<\/p>\n","protected":false},"author":82,"featured_media":9602,"comment_status":"open","ping_status":"closed","sticky":false,"template":"","format":"standard","meta":{"footnotes":""},"categories":[11,2,10],"tags":[55,60,29],"class_list":["post-9603","post","type-post","status-publish","format-standard","has-post-thumbnail","hentry","category-homepage-french","category-politique","category-toutes-les-actualites","tag-africa-press","tag-africa-press-niger","tag-niger"],"yoast_head":"<!-- This site is optimized with the Yoast SEO Premium plugin v26.1 (Yoast SEO v27.0) - https:\/\/yoast.com\/product\/yoast-seo-premium-wordpress\/ -->\n<title>C\u00e9l\u00e9bration de la f\u00eate de l\u2019ind\u00e9pendance ou f\u00eate de l\u2019arbre \u00e0 Dosso - niger<\/title>\n<meta name=\"description\" content=\"03 aout (ANP) - A l\u2019instar des autres r\u00e9gions du pays, Dosso a f\u00eat\u00e9 ce mardi 3 ao\u00fbt 2021, le 61\u00e8me anniversaire de l\u2019ind ...\" \/>\n<meta name=\"robots\" content=\"index, follow, max-snippet:-1, max-image-preview:large, max-video-preview:-1\" \/>\n<link rel=\"canonical\" href=\"https:\/\/www.africa-press.net\/niger\/politique\/celebration-de-la-fete-de-lindependance-ou-fete-de-larbre-a-dosso\" \/>\n<meta property=\"og:locale\" content=\"fr_FR\" \/>\n<meta property=\"og:type\" content=\"article\" \/>\n<meta property=\"og:title\" content=\"C\u00e9l\u00e9bration de la f\u00eate de l\u2019ind\u00e9pendance ou f\u00eate de l\u2019arbre \u00e0 Dosso\" \/>\n<meta property=\"og:description\" content=\"03 aout (ANP) - A l\u2019instar des autres r\u00e9gions du pays, Dosso a f\u00eat\u00e9 ce mardi 3 ao\u00fbt 2021, le 61\u00e8me anniversaire de l\u2019ind ...\" \/>\n<meta property=\"og:url\" content=\"https:\/\/www.africa-press.net\/niger\/politique\/celebration-de-la-fete-de-lindependance-ou-fete-de-larbre-a-dosso\" \/>\n<meta property=\"og:site_name\" content=\"niger\" \/>\n<meta property=\"article:published_time\" content=\"2021-08-04T09:54:42+00:00\" \/>\n<meta property=\"article:modified_time\" content=\"2021-08-04T17:04:52+00:00\" \/>\n<meta property=\"og:image\" content=\"https:\/\/static.africa-press.net\/niger\/sites\/40\/2021\/08\/img-610a563c8f965.jpg\" \/>\n\t<meta property=\"og:image:width\" content=\"720\" \/>\n\t<meta property=\"og:image:height\" content=\"1640\" \/>\n\t<meta property=\"og:image:type\" content=\"image\/jpeg\" \/>\n<meta name=\"author\" content=\"cfeditorfr\" \/>\n<meta name=\"twitter:card\" content=\"summary_large_image\" \/>\n<meta name=\"twitter:label1\" content=\"\u00c9crit par\" \/>\n\t<meta name=\"twitter:data1\" content=\"cfeditorfr\" \/>\n\t<meta name=\"twitter:label2\" content=\"Dur\u00e9e de lecture estim\u00e9e\" \/>\n\t<meta name=\"twitter:data2\" content=\"2 minutes\" \/>\n<script type=\"application\/ld+json\" class=\"yoast-schema-graph\">{\"@context\":\"https:\/\/schema.org\",\"@graph\":[{\"@type\":\"Article\",\"@id\":\"https:\/\/www.africa-press.net\/niger\/politique\/celebration-de-la-fete-de-lindependance-ou-fete-de-larbre-a-dosso#article\",\"isPartOf\":{\"@id\":\"https:\/\/www.africa-press.net\/niger\/politique\/celebration-de-la-fete-de-lindependance-ou-fete-de-larbre-a-dosso\"},\"author\":{\"name\":\"cfeditorfr\",\"@id\":\"https:\/\/www.africa-press.net\/niger\/#\/schema\/person\/2b1cf3cd81a31e3cd26889ca66d677f1\"},\"headline\":\"C\u00e9l\u00e9bration de la f\u00eate de l\u2019ind\u00e9pendance ou f\u00eate de l\u2019arbre \u00e0 Dosso\",\"datePublished\":\"2021-08-04T09:54:42+00:00\",\"dateModified\":\"2021-08-04T17:04:52+00:00\",\"mainEntityOfPage\":{\"@id\":\"https:\/\/www.africa-press.net\/niger\/politique\/celebration-de-la-fete-de-lindependance-ou-fete-de-larbre-a-dosso\"},\"wordCount\":540,\"commentCount\":0,\"image\":{\"@id\":\"https:\/\/www.africa-press.net\/niger\/politique\/celebration-de-la-fete-de-lindependance-ou-fete-de-larbre-a-dosso#primaryimage\"},\"thumbnailUrl\":\"https:\/\/static.africa-press.net\/niger\/sites\/40\/2021\/08\/img-610a563c8f965.jpg\",\"keywords\":[\"Africa Press\",\"Africa Press-Niger\",\"Niger\"],\"articleSection\":[\"homepage-french\",\"Politique\",\"Toutes les actualit\u00e9s\"],\"inLanguage\":\"fr-FR\",\"potentialAction\":[{\"@type\":\"CommentAction\",\"name\":\"Comment\",\"target\":[\"https:\/\/www.africa-press.net\/niger\/politique\/celebration-de-la-fete-de-lindependance-ou-fete-de-larbre-a-dosso#respond\"]}]},{\"@type\":\"WebPage\",\"@id\":\"https:\/\/www.africa-press.net\/niger\/politique\/celebration-de-la-fete-de-lindependance-ou-fete-de-larbre-a-dosso\",\"url\":\"https:\/\/www.africa-press.net\/niger\/politique\/celebration-de-la-fete-de-lindependance-ou-fete-de-larbre-a-dosso\",\"name\":\"C\u00e9l\u00e9bration de la f\u00eate de l\u2019ind\u00e9pendance ou f\u00eate de l\u2019arbre \u00e0 Dosso - niger\",\"isPartOf\":{\"@id\":\"https:\/\/www.africa-press.net\/niger\/#website\"},\"primaryImageOfPage\":{\"@id\":\"https:\/\/www.africa-press.net\/niger\/politique\/celebration-de-la-fete-de-lindependance-ou-fete-de-larbre-a-dosso#primaryimage\"},\"image\":{\"@id\":\"https:\/\/www.africa-press.net\/niger\/politique\/celebration-de-la-fete-de-lindependance-ou-fete-de-larbre-a-dosso#primaryimage\"},\"thumbnailUrl\":\"https:\/\/static.africa-press.net\/niger\/sites\/40\/2021\/08\/img-610a563c8f965.jpg\",\"datePublished\":\"2021-08-04T09:54:42+00:00\",\"dateModified\":\"2021-08-04T17:04:52+00:00\",\"author\":{\"@id\":\"https:\/\/www.africa-press.net\/niger\/#\/schema\/person\/2b1cf3cd81a31e3cd26889ca66d677f1\"},\"description\":\"03 aout (ANP) - A l\u2019instar des autres r\u00e9gions du pays, Dosso a f\u00eat\u00e9 ce mardi 3 ao\u00fbt 2021, le 61\u00e8me anniversaire de l\u2019ind ...\",\"breadcrumb\":{\"@id\":\"https:\/\/www.africa-press.net\/niger\/politique\/celebration-de-la-fete-de-lindependance-ou-fete-de-larbre-a-dosso#breadcrumb\"},\"inLanguage\":\"fr-FR\",\"potentialAction\":[{\"@type\":\"ReadAction\",\"target\":[\"https:\/\/www.africa-press.net\/niger\/politique\/celebration-de-la-fete-de-lindependance-ou-fete-de-larbre-a-dosso\"]}]},{\"@type\":\"ImageObject\",\"inLanguage\":\"fr-FR\",\"@id\":\"https:\/\/www.africa-press.net\/niger\/politique\/celebration-de-la-fete-de-lindependance-ou-fete-de-larbre-a-dosso#primaryimage\",\"url\":\"https:\/\/static.africa-press.net\/niger\/sites\/40\/2021\/08\/img-610a563c8f965.jpg\",\"contentUrl\":\"https:\/\/static.africa-press.net\/niger\/sites\/40\/2021\/08\/img-610a563c8f965.jpg\",\"width\":720,\"height\":1640,\"caption\":\"C\u00e9l\u00e9bration de la f\u00eate de l\u2019ind\u00e9pendance ou f\u00eate de l\u2019arbre \u00e0 Dosso\"},{\"@type\":\"BreadcrumbList\",\"@id\":\"https:\/\/www.africa-press.net\/niger\/politique\/celebration-de-la-fete-de-lindependance-ou-fete-de-larbre-a-dosso#breadcrumb\",\"itemListElement\":[{\"@type\":\"ListItem\",\"position\":1,\"name\":\"Accueil\",\"item\":\"https:\/\/www.africa-press.net\/niger\/\"},{\"@type\":\"ListItem\",\"position\":2,\"name\":\"C\u00e9l\u00e9bration de la f\u00eate de l\u2019ind\u00e9pendance ou f\u00eate de l\u2019arbre \u00e0 Dosso\"}]},{\"@type\":\"WebSite\",\"@id\":\"https:\/\/www.africa-press.net\/niger\/#website\",\"url\":\"https:\/\/www.africa-press.net\/niger\/\",\"name\":\"niger\",\"description\":\"Just another Africa News Agency Sites site\",\"potentialAction\":[{\"@type\":\"SearchAction\",\"target\":{\"@type\":\"EntryPoint\",\"urlTemplate\":\"https:\/\/www.africa-press.net\/niger\/?s={search_term_string}\"},\"query-input\":{\"@type\":\"PropertyValueSpecification\",\"valueRequired\":true,\"valueName\":\"search_term_string\"}}],\"inLanguage\":\"fr-FR\"},{\"@type\":\"Person\",\"@id\":\"https:\/\/www.africa-press.net\/niger\/#\/schema\/person\/2b1cf3cd81a31e3cd26889ca66d677f1\",\"name\":\"cfeditorfr\"}]}<\/script>\n<!-- \/ Yoast SEO Premium plugin. -->","yoast_head_json":{"title":"C\u00e9l\u00e9bration de la f\u00eate de l\u2019ind\u00e9pendance ou f\u00eate de l\u2019arbre \u00e0 Dosso - niger","description":"03 aout (ANP) - A l\u2019instar des autres r\u00e9gions du pays, Dosso a f\u00eat\u00e9 ce mardi 3 ao\u00fbt 2021, le 61\u00e8me anniversaire de l\u2019ind ...","robots":{"index":"index","follow":"follow","max-snippet":"max-snippet:-1","max-image-preview":"max-image-preview:large","max-video-preview":"max-video-preview:-1"},"canonical":"https:\/\/www.africa-press.net\/niger\/politique\/celebration-de-la-fete-de-lindependance-ou-fete-de-larbre-a-dosso","og_locale":"fr_FR","og_type":"article","og_title":"C\u00e9l\u00e9bration de la f\u00eate de l\u2019ind\u00e9pendance ou f\u00eate de l\u2019arbre \u00e0 Dosso","og_description":"03 aout (ANP) - A l\u2019instar des autres r\u00e9gions du pays, Dosso a f\u00eat\u00e9 ce mardi 3 ao\u00fbt 2021, le 61\u00e8me anniversaire de l\u2019ind ...","og_url":"https:\/\/www.africa-press.net\/niger\/politique\/celebration-de-la-fete-de-lindependance-ou-fete-de-larbre-a-dosso","og_site_name":"niger","article_published_time":"2021-08-04T09:54:42+00:00","article_modified_time":"2021-08-04T17:04:52+00:00","og_image":[{"width":720,"height":1640,"url":"https:\/\/static.africa-press.net\/niger\/sites\/40\/2021\/08\/img-610a563c8f965.jpg","type":"image\/jpeg"}],"author":"cfeditorfr","twitter_card":"summary_large_image","twitter_misc":{"\u00c9crit par":"cfeditorfr","Dur\u00e9e de lecture estim\u00e9e":"2 minutes"},"schema":{"@context":"https:\/\/schema.org","@graph":[{"@type":"Article","@id":"https:\/\/www.africa-press.net\/niger\/politique\/celebration-de-la-fete-de-lindependance-ou-fete-de-larbre-a-dosso#article","isPartOf":{"@id":"https:\/\/www.africa-press.net\/niger\/politique\/celebration-de-la-fete-de-lindependance-ou-fete-de-larbre-a-dosso"},"author":{"name":"cfeditorfr","@id":"https:\/\/www.africa-press.net\/niger\/#\/schema\/person\/2b1cf3cd81a31e3cd26889ca66d677f1"},"headline":"C\u00e9l\u00e9bration de la f\u00eate de l\u2019ind\u00e9pendance ou f\u00eate de l\u2019arbre \u00e0 Dosso","datePublished":"2021-08-04T09:54:42+00:00","dateModified":"2021-08-04T17:04:52+00:00","mainEntityOfPage":{"@id":"https:\/\/www.africa-press.net\/niger\/politique\/celebration-de-la-fete-de-lindependance-ou-fete-de-larbre-a-dosso"},"wordCount":540,"commentCount":0,"image":{"@id":"https:\/\/www.africa-press.net\/niger\/politique\/celebration-de-la-fete-de-lindependance-ou-fete-de-larbre-a-dosso#primaryimage"},"thumbnailUrl":"https:\/\/static.africa-press.net\/niger\/sites\/40\/2021\/08\/img-610a563c8f965.jpg","keywords":["Africa Press","Africa Press-Niger","Niger"],"articleSection":["homepage-french","Politique","Toutes les actualit\u00e9s"],"inLanguage":"fr-FR","potentialAction":[{"@type":"CommentAction","name":"Comment","target":["https:\/\/www.africa-press.net\/niger\/politique\/celebration-de-la-fete-de-lindependance-ou-fete-de-larbre-a-dosso#respond"]}]},{"@type":"WebPage","@id":"https:\/\/www.africa-press.net\/niger\/politique\/celebration-de-la-fete-de-lindependance-ou-fete-de-larbre-a-dosso","url":"https:\/\/www.africa-press.net\/niger\/politique\/celebration-de-la-fete-de-lindependance-ou-fete-de-larbre-a-dosso","name":"C\u00e9l\u00e9bration de la f\u00eate de l\u2019ind\u00e9pendance ou f\u00eate de l\u2019arbre \u00e0 Dosso - niger","isPartOf":{"@id":"https:\/\/www.africa-press.net\/niger\/#website"},"primaryImageOfPage":{"@id":"https:\/\/www.africa-press.net\/niger\/politique\/celebration-de-la-fete-de-lindependance-ou-fete-de-larbre-a-dosso#primaryimage"},"image":{"@id":"https:\/\/www.africa-press.net\/niger\/politique\/celebration-de-la-fete-de-lindependance-ou-fete-de-larbre-a-dosso#primaryimage"},"thumbnailUrl":"https:\/\/static.africa-press.net\/niger\/sites\/40\/2021\/08\/img-610a563c8f965.jpg","datePublished":"2021-08-04T09:54:42+00:00","dateModified":"2021-08-04T17:04:52+00:00","author":{"@id":"https:\/\/www.africa-press.net\/niger\/#\/schema\/person\/2b1cf3cd81a31e3cd26889ca66d677f1"},"description":"03 aout (ANP) - A l\u2019instar des autres r\u00e9gions du pays, Dosso a f\u00eat\u00e9 ce mardi 3 ao\u00fbt 2021, le 61\u00e8me anniversaire de l\u2019ind ...","breadcrumb":{"@id":"https:\/\/www.africa-press.net\/niger\/politique\/celebration-de-la-fete-de-lindependance-ou-fete-de-larbre-a-dosso#breadcrumb"},"inLanguage":"fr-FR","potentialAction":[{"@type":"ReadAction","target":["https:\/\/www.africa-press.net\/niger\/politique\/celebration-de-la-fete-de-lindependance-ou-fete-de-larbre-a-dosso"]}]},{"@type":"ImageObject","inLanguage":"fr-FR","@id":"https:\/\/www.africa-press.net\/niger\/politique\/celebration-de-la-fete-de-lindependance-ou-fete-de-larbre-a-dosso#primaryimage","url":"https:\/\/static.africa-press.net\/niger\/sites\/40\/2021\/08\/img-610a563c8f965.jpg","contentUrl":"https:\/\/static.africa-press.net\/niger\/sites\/40\/2021\/08\/img-610a563c8f965.jpg","width":720,"height":1640,"caption":"C\u00e9l\u00e9bration de la f\u00eate de l\u2019ind\u00e9pendance ou f\u00eate de l\u2019arbre \u00e0 Dosso"},{"@type":"BreadcrumbList","@id":"https:\/\/www.africa-press.net\/niger\/politique\/celebration-de-la-fete-de-lindependance-ou-fete-de-larbre-a-dosso#breadcrumb","itemListElement":[{"@type":"ListItem","position":1,"name":"Accueil","item":"https:\/\/www.africa-press.net\/niger\/"},{"@type":"ListItem","position":2,"name":"C\u00e9l\u00e9bration de la f\u00eate de l\u2019ind\u00e9pendance ou f\u00eate de l\u2019arbre \u00e0 Dosso"}]},{"@type":"WebSite","@id":"https:\/\/www.africa-press.net\/niger\/#website","url":"https:\/\/www.africa-press.net\/niger\/","name":"niger","description":"Just another Africa News Agency Sites site","potentialAction":[{"@type":"SearchAction","target":{"@type":"EntryPoint","urlTemplate":"https:\/\/www.africa-press.net\/niger\/?s={search_term_string}"},"query-input":{"@type":"PropertyValueSpecification","valueRequired":true,"valueName":"search_term_string"}}],"inLanguage":"fr-FR"},{"@type":"Person","@id":"https:\/\/www.africa-press.net\/niger\/#\/schema\/person\/2b1cf3cd81a31e3cd26889ca66d677f1","name":"cfeditorfr"}]}},"_links":{"self":[{"href":"https:\/\/www.africa-press.net\/niger\/wp-json\/wp\/v2\/posts\/9603","targetHints":{"allow":["GET"]}}],"collection":[{"href":"https:\/\/www.africa-press.net\/niger\/wp-json\/wp\/v2\/posts"}],"about":[{"href":"https:\/\/www.africa-press.net\/niger\/wp-json\/wp\/v2\/types\/post"}],"author":[{"embeddable":true,"href":"https:\/\/www.africa-press.net\/niger\/wp-json\/wp\/v2\/users\/82"}],"replies":[{"embeddable":true,"href":"https:\/\/www.africa-press.net\/niger\/wp-json\/wp\/v2\/comments?post=9603"}],"version-history":[{"count":0,"href":"https:\/\/www.africa-press.net\/niger\/wp-json\/wp\/v2\/posts\/9603\/revisions"}],"wp:featuredmedia":[{"embeddable":true,"href":"https:\/\/www.africa-press.net\/niger\/wp-json\/wp\/v2\/media\/9602"}],"wp:attachment":[{"href":"https:\/\/www.africa-press.net\/niger\/wp-json\/wp\/v2\/media?parent=9603"}],"wp:term":[{"taxonomy":"category","embeddable":true,"href":"https:\/\/www.africa-press.net\/niger\/wp-json\/wp\/v2\/categories?post=9603"},{"taxonomy":"post_tag","embeddable":true,"href":"https:\/\/www.africa-press.net\/niger\/wp-json\/wp\/v2\/tags?post=9603"}],"curies":[{"name":"wp","href":"https:\/\/api.w.org\/{rel}","templated":true}]}}