{"id":9621,"date":"2021-08-05T15:44:29","date_gmt":"2021-08-05T15:44:29","guid":{"rendered":"https:\/\/www.africa-press.net\/niger\/?p=9621"},"modified":"2021-08-05T20:05:08","modified_gmt":"2021-08-05T20:05:08","slug":"le-president-de-lassemblee-nationale-en-visite-damitie-et-de-travail-en-iran-et-au-pakistan","status":"publish","type":"post","link":"https:\/\/www.africa-press.net\/niger\/politique\/le-president-de-lassemblee-nationale-en-visite-damitie-et-de-travail-en-iran-et-au-pakistan","title":{"rendered":"Le Pr\u00e9sident de l\u2019Assembl\u00e9e nationale en visite d\u2019amiti\u00e9 et de travail en Iran et au Pakistan"},"content":{"rendered":"<p><span style=\"color: #ff6600\"><strong><a href=\"https:\/\/www.africa-press.net\/\">Africa-Press<\/a> &#8211; <a href=\"https:\/\/www.africa-press.net\/niger\">Niger<\/a>. <\/strong><\/span>Le Pr\u00e9sident de l\u2019Assembl\u00e9e nationale, Se\u00efni Oumarou a quitt\u00e9 Niamey, le mardi 3 ao\u00fbt 2021, pour une visite d\u2019amiti\u00e9 et de travail T\u00e9h\u00e9ran (Iran) et \u00e0 Islamabad (Pakistan) o\u00f9 il va repr\u00e9senter le Pr\u00e9sident de la R\u00e9publique \u00e0 la c\u00e9r\u00e9monie de prestation du Pr\u00e9sident Iranien SEM Ebrahim Ra\u00cfssi.<\/p>\n<p>En Iran, le Pr\u00e9sident du Parlement nig\u00e9rien va repr\u00e9senter le Pr\u00e9sident de la R\u00e9publique, SEM Bazoum Mohamed, \u00e0 la c\u00e9r\u00e9monie de prestation de serment du nouveau pr\u00e9sident iranien, SEM Ebrahim Ra\u00efssi, qui se d\u00e9roulera le jeudi 05 aout 2021 \u00e0 T\u00e9h\u00e9ran.<\/p>\n<p>SEM Ebrahim Ra\u00efssi va donc pr\u00eater serment devant le Parlement auquel il devra pr\u00e9senter ses candidats pour les postes minist\u00e9riels.<\/p>\n<p>Une autre c\u00e9r\u00e9monie, dite d\u2019intronisation, s\u2019est tenue le 03 aout 2021, toujours \u00e0 T\u00e9h\u00e9ran, en pr\u00e9sence de l\u2019Ayatollah Ali Khameini, de l\u2019ancien pr\u00e9sident Hassan Rohani ainsi que d\u2019autres responsables iraniens.<\/p>\n<p>L\u2019intronisation du chef de l\u2019Etat Iranien consacre officiellement son entr\u00e9e en fonction pour un mandat de quatre ans apr\u00e8s la validation de son \u00e9lection par le guide supr\u00eame, l\u2019Ayatollah Ali Khameini.<\/p>\n<p>A Islamabad, o\u00f9 il se rendra le 06 aout 2021, le Pr\u00e9sident de l\u2019Assembl\u00e9e Nationale, SEM Se\u00efni Oumarou, sera l\u2019h\u00f4te de son homologue pakistanais.<\/p>\n<p>Des rencontres et des r\u00e9unions de travail avec les autorit\u00e9s pakistanaises et des partenaires \u00e9conomiques sont pr\u00e9vues \u00e0 l\u2019Agenda de cette visite.<\/p>\n","protected":false},"excerpt":{"rendered":"<p>Africa-Press &#8211; Niger. Le Pr\u00e9sident de l\u2019Assembl\u00e9e nationale, Se\u00efni Oumarou a quitt\u00e9 Niamey, le mardi 3 ao\u00fbt 2021, pour une visite d\u2019amiti\u00e9 et de travail T\u00e9h\u00e9ran (Iran) et \u00e0 Islamabad (Pakistan) o\u00f9 il va repr\u00e9senter le Pr\u00e9sident de la R\u00e9publique \u00e0 la c\u00e9r\u00e9monie de prestation du Pr\u00e9sident Iranien SEM Ebrahim Ra\u00cfssi. En Iran, le Pr\u00e9sident [&hellip;]<\/p>\n","protected":false},"author":82,"featured_media":9620,"comment_status":"open","ping_status":"closed","sticky":false,"template":"","format":"standard","meta":{"footnotes":""},"categories":[11,2,10],"tags":[55,60,29],"class_list":["post-9621","post","type-post","status-publish","format-standard","has-post-thumbnail","hentry","category-homepage-french","category-politique","category-toutes-les-actualites","tag-africa-press","tag-africa-press-niger","tag-niger"],"yoast_head":"<!-- This site is optimized with the Yoast SEO Premium plugin v26.1 (Yoast SEO v27.0) - https:\/\/yoast.com\/product\/yoast-seo-premium-wordpress\/ -->\n<title>Le Pr\u00e9sident de l\u2019Assembl\u00e9e nationale en visite d\u2019amiti\u00e9 et de travail en Iran et au Pakistan - niger<\/title>\n<meta name=\"description\" content=\"Le Pr\u00e9sident de l\u2019Assembl\u00e9e nationale, Se\u00efni Oumarou a quitt\u00e9 Niamey, le mardi 3 ao\u00fbt 2021, pour une visite d\u2019amiti\u00e9 et ...\" \/>\n<meta name=\"robots\" content=\"index, follow, max-snippet:-1, max-image-preview:large, max-video-preview:-1\" \/>\n<link rel=\"canonical\" href=\"https:\/\/www.africa-press.net\/niger\/politique\/le-president-de-lassemblee-nationale-en-visite-damitie-et-de-travail-en-iran-et-au-pakistan\" \/>\n<meta property=\"og:locale\" content=\"fr_FR\" \/>\n<meta property=\"og:type\" content=\"article\" \/>\n<meta property=\"og:title\" content=\"Le Pr\u00e9sident de l\u2019Assembl\u00e9e nationale en visite d\u2019amiti\u00e9 et de travail en Iran et au Pakistan\" \/>\n<meta property=\"og:description\" content=\"Le Pr\u00e9sident de l\u2019Assembl\u00e9e nationale, Se\u00efni Oumarou a quitt\u00e9 Niamey, le mardi 3 ao\u00fbt 2021, pour une visite d\u2019amiti\u00e9 et ...\" \/>\n<meta property=\"og:url\" content=\"https:\/\/www.africa-press.net\/niger\/politique\/le-president-de-lassemblee-nationale-en-visite-damitie-et-de-travail-en-iran-et-au-pakistan\" \/>\n<meta property=\"og:site_name\" content=\"niger\" \/>\n<meta property=\"article:published_time\" content=\"2021-08-05T15:44:29+00:00\" \/>\n<meta property=\"article:modified_time\" content=\"2021-08-05T20:05:08+00:00\" \/>\n<meta property=\"og:image\" content=\"https:\/\/static.africa-press.net\/niger\/sites\/40\/2021\/08\/img-610c0482516c8.jpg\" \/>\n\t<meta property=\"og:image:width\" content=\"720\" \/>\n\t<meta property=\"og:image:height\" content=\"479\" \/>\n\t<meta property=\"og:image:type\" content=\"image\/jpeg\" \/>\n<meta name=\"author\" content=\"cfeditorfr\" \/>\n<meta name=\"twitter:card\" content=\"summary_large_image\" \/>\n<meta name=\"twitter:label1\" content=\"\u00c9crit par\" \/>\n\t<meta name=\"twitter:data1\" content=\"cfeditorfr\" \/>\n\t<meta name=\"twitter:label2\" content=\"Dur\u00e9e de lecture estim\u00e9e\" \/>\n\t<meta name=\"twitter:data2\" content=\"1 minute\" \/>\n<script type=\"application\/ld+json\" class=\"yoast-schema-graph\">{\"@context\":\"https:\/\/schema.org\",\"@graph\":[{\"@type\":\"Article\",\"@id\":\"https:\/\/www.africa-press.net\/niger\/politique\/le-president-de-lassemblee-nationale-en-visite-damitie-et-de-travail-en-iran-et-au-pakistan#article\",\"isPartOf\":{\"@id\":\"https:\/\/www.africa-press.net\/niger\/politique\/le-president-de-lassemblee-nationale-en-visite-damitie-et-de-travail-en-iran-et-au-pakistan\"},\"author\":{\"name\":\"cfeditorfr\",\"@id\":\"https:\/\/www.africa-press.net\/niger\/#\/schema\/person\/2b1cf3cd81a31e3cd26889ca66d677f1\"},\"headline\":\"Le Pr\u00e9sident de l\u2019Assembl\u00e9e nationale en visite d\u2019amiti\u00e9 et de travail en Iran et au Pakistan\",\"datePublished\":\"2021-08-05T15:44:29+00:00\",\"dateModified\":\"2021-08-05T20:05:08+00:00\",\"mainEntityOfPage\":{\"@id\":\"https:\/\/www.africa-press.net\/niger\/politique\/le-president-de-lassemblee-nationale-en-visite-damitie-et-de-travail-en-iran-et-au-pakistan\"},\"wordCount\":283,\"commentCount\":0,\"image\":{\"@id\":\"https:\/\/www.africa-press.net\/niger\/politique\/le-president-de-lassemblee-nationale-en-visite-damitie-et-de-travail-en-iran-et-au-pakistan#primaryimage\"},\"thumbnailUrl\":\"https:\/\/static.africa-press.net\/niger\/sites\/40\/2021\/08\/img-610c0482516c8.jpg\",\"keywords\":[\"Africa Press\",\"Africa Press-Niger\",\"Niger\"],\"articleSection\":[\"homepage-french\",\"Politique\",\"Toutes les actualit\u00e9s\"],\"inLanguage\":\"fr-FR\",\"potentialAction\":[{\"@type\":\"CommentAction\",\"name\":\"Comment\",\"target\":[\"https:\/\/www.africa-press.net\/niger\/politique\/le-president-de-lassemblee-nationale-en-visite-damitie-et-de-travail-en-iran-et-au-pakistan#respond\"]}]},{\"@type\":\"WebPage\",\"@id\":\"https:\/\/www.africa-press.net\/niger\/politique\/le-president-de-lassemblee-nationale-en-visite-damitie-et-de-travail-en-iran-et-au-pakistan\",\"url\":\"https:\/\/www.africa-press.net\/niger\/politique\/le-president-de-lassemblee-nationale-en-visite-damitie-et-de-travail-en-iran-et-au-pakistan\",\"name\":\"Le Pr\u00e9sident de l\u2019Assembl\u00e9e nationale en visite d\u2019amiti\u00e9 et de travail en Iran et au Pakistan - niger\",\"isPartOf\":{\"@id\":\"https:\/\/www.africa-press.net\/niger\/#website\"},\"primaryImageOfPage\":{\"@id\":\"https:\/\/www.africa-press.net\/niger\/politique\/le-president-de-lassemblee-nationale-en-visite-damitie-et-de-travail-en-iran-et-au-pakistan#primaryimage\"},\"image\":{\"@id\":\"https:\/\/www.africa-press.net\/niger\/politique\/le-president-de-lassemblee-nationale-en-visite-damitie-et-de-travail-en-iran-et-au-pakistan#primaryimage\"},\"thumbnailUrl\":\"https:\/\/static.africa-press.net\/niger\/sites\/40\/2021\/08\/img-610c0482516c8.jpg\",\"datePublished\":\"2021-08-05T15:44:29+00:00\",\"dateModified\":\"2021-08-05T20:05:08+00:00\",\"author\":{\"@id\":\"https:\/\/www.africa-press.net\/niger\/#\/schema\/person\/2b1cf3cd81a31e3cd26889ca66d677f1\"},\"description\":\"Le Pr\u00e9sident de l\u2019Assembl\u00e9e nationale, Se\u00efni Oumarou a quitt\u00e9 Niamey, le mardi 3 ao\u00fbt 2021, pour une visite d\u2019amiti\u00e9 et ...\",\"breadcrumb\":{\"@id\":\"https:\/\/www.africa-press.net\/niger\/politique\/le-president-de-lassemblee-nationale-en-visite-damitie-et-de-travail-en-iran-et-au-pakistan#breadcrumb\"},\"inLanguage\":\"fr-FR\",\"potentialAction\":[{\"@type\":\"ReadAction\",\"target\":[\"https:\/\/www.africa-press.net\/niger\/politique\/le-president-de-lassemblee-nationale-en-visite-damitie-et-de-travail-en-iran-et-au-pakistan\"]}]},{\"@type\":\"ImageObject\",\"inLanguage\":\"fr-FR\",\"@id\":\"https:\/\/www.africa-press.net\/niger\/politique\/le-president-de-lassemblee-nationale-en-visite-damitie-et-de-travail-en-iran-et-au-pakistan#primaryimage\",\"url\":\"https:\/\/static.africa-press.net\/niger\/sites\/40\/2021\/08\/img-610c0482516c8.jpg\",\"contentUrl\":\"https:\/\/static.africa-press.net\/niger\/sites\/40\/2021\/08\/img-610c0482516c8.jpg\",\"width\":720,\"height\":479,\"caption\":\"Le Pr\u00e9sident de l\u2019Assembl\u00e9e nationale en visite d\u2019amiti\u00e9 et de travail en Iran et au Pakistan\"},{\"@type\":\"BreadcrumbList\",\"@id\":\"https:\/\/www.africa-press.net\/niger\/politique\/le-president-de-lassemblee-nationale-en-visite-damitie-et-de-travail-en-iran-et-au-pakistan#breadcrumb\",\"itemListElement\":[{\"@type\":\"ListItem\",\"position\":1,\"name\":\"Accueil\",\"item\":\"https:\/\/www.africa-press.net\/niger\/\"},{\"@type\":\"ListItem\",\"position\":2,\"name\":\"Le Pr\u00e9sident de l\u2019Assembl\u00e9e nationale en visite d\u2019amiti\u00e9 et de travail en Iran et au Pakistan\"}]},{\"@type\":\"WebSite\",\"@id\":\"https:\/\/www.africa-press.net\/niger\/#website\",\"url\":\"https:\/\/www.africa-press.net\/niger\/\",\"name\":\"niger\",\"description\":\"Just another Africa News Agency Sites site\",\"potentialAction\":[{\"@type\":\"SearchAction\",\"target\":{\"@type\":\"EntryPoint\",\"urlTemplate\":\"https:\/\/www.africa-press.net\/niger\/?s={search_term_string}\"},\"query-input\":{\"@type\":\"PropertyValueSpecification\",\"valueRequired\":true,\"valueName\":\"search_term_string\"}}],\"inLanguage\":\"fr-FR\"},{\"@type\":\"Person\",\"@id\":\"https:\/\/www.africa-press.net\/niger\/#\/schema\/person\/2b1cf3cd81a31e3cd26889ca66d677f1\",\"name\":\"cfeditorfr\"}]}<\/script>\n<!-- \/ Yoast SEO Premium plugin. -->","yoast_head_json":{"title":"Le Pr\u00e9sident de l\u2019Assembl\u00e9e nationale en visite d\u2019amiti\u00e9 et de travail en Iran et au Pakistan - niger","description":"Le Pr\u00e9sident de l\u2019Assembl\u00e9e nationale, Se\u00efni Oumarou a quitt\u00e9 Niamey, le mardi 3 ao\u00fbt 2021, pour une visite d\u2019amiti\u00e9 et ...","robots":{"index":"index","follow":"follow","max-snippet":"max-snippet:-1","max-image-preview":"max-image-preview:large","max-video-preview":"max-video-preview:-1"},"canonical":"https:\/\/www.africa-press.net\/niger\/politique\/le-president-de-lassemblee-nationale-en-visite-damitie-et-de-travail-en-iran-et-au-pakistan","og_locale":"fr_FR","og_type":"article","og_title":"Le Pr\u00e9sident de l\u2019Assembl\u00e9e nationale en visite d\u2019amiti\u00e9 et de travail en Iran et au Pakistan","og_description":"Le Pr\u00e9sident de l\u2019Assembl\u00e9e nationale, Se\u00efni Oumarou a quitt\u00e9 Niamey, le mardi 3 ao\u00fbt 2021, pour une visite d\u2019amiti\u00e9 et ...","og_url":"https:\/\/www.africa-press.net\/niger\/politique\/le-president-de-lassemblee-nationale-en-visite-damitie-et-de-travail-en-iran-et-au-pakistan","og_site_name":"niger","article_published_time":"2021-08-05T15:44:29+00:00","article_modified_time":"2021-08-05T20:05:08+00:00","og_image":[{"width":720,"height":479,"url":"https:\/\/static.africa-press.net\/niger\/sites\/40\/2021\/08\/img-610c0482516c8.jpg","type":"image\/jpeg"}],"author":"cfeditorfr","twitter_card":"summary_large_image","twitter_misc":{"\u00c9crit par":"cfeditorfr","Dur\u00e9e de lecture estim\u00e9e":"1 minute"},"schema":{"@context":"https:\/\/schema.org","@graph":[{"@type":"Article","@id":"https:\/\/www.africa-press.net\/niger\/politique\/le-president-de-lassemblee-nationale-en-visite-damitie-et-de-travail-en-iran-et-au-pakistan#article","isPartOf":{"@id":"https:\/\/www.africa-press.net\/niger\/politique\/le-president-de-lassemblee-nationale-en-visite-damitie-et-de-travail-en-iran-et-au-pakistan"},"author":{"name":"cfeditorfr","@id":"https:\/\/www.africa-press.net\/niger\/#\/schema\/person\/2b1cf3cd81a31e3cd26889ca66d677f1"},"headline":"Le Pr\u00e9sident de l\u2019Assembl\u00e9e nationale en visite d\u2019amiti\u00e9 et de travail en Iran et au Pakistan","datePublished":"2021-08-05T15:44:29+00:00","dateModified":"2021-08-05T20:05:08+00:00","mainEntityOfPage":{"@id":"https:\/\/www.africa-press.net\/niger\/politique\/le-president-de-lassemblee-nationale-en-visite-damitie-et-de-travail-en-iran-et-au-pakistan"},"wordCount":283,"commentCount":0,"image":{"@id":"https:\/\/www.africa-press.net\/niger\/politique\/le-president-de-lassemblee-nationale-en-visite-damitie-et-de-travail-en-iran-et-au-pakistan#primaryimage"},"thumbnailUrl":"https:\/\/static.africa-press.net\/niger\/sites\/40\/2021\/08\/img-610c0482516c8.jpg","keywords":["Africa Press","Africa Press-Niger","Niger"],"articleSection":["homepage-french","Politique","Toutes les actualit\u00e9s"],"inLanguage":"fr-FR","potentialAction":[{"@type":"CommentAction","name":"Comment","target":["https:\/\/www.africa-press.net\/niger\/politique\/le-president-de-lassemblee-nationale-en-visite-damitie-et-de-travail-en-iran-et-au-pakistan#respond"]}]},{"@type":"WebPage","@id":"https:\/\/www.africa-press.net\/niger\/politique\/le-president-de-lassemblee-nationale-en-visite-damitie-et-de-travail-en-iran-et-au-pakistan","url":"https:\/\/www.africa-press.net\/niger\/politique\/le-president-de-lassemblee-nationale-en-visite-damitie-et-de-travail-en-iran-et-au-pakistan","name":"Le Pr\u00e9sident de l\u2019Assembl\u00e9e nationale en visite d\u2019amiti\u00e9 et de travail en Iran et au Pakistan - niger","isPartOf":{"@id":"https:\/\/www.africa-press.net\/niger\/#website"},"primaryImageOfPage":{"@id":"https:\/\/www.africa-press.net\/niger\/politique\/le-president-de-lassemblee-nationale-en-visite-damitie-et-de-travail-en-iran-et-au-pakistan#primaryimage"},"image":{"@id":"https:\/\/www.africa-press.net\/niger\/politique\/le-president-de-lassemblee-nationale-en-visite-damitie-et-de-travail-en-iran-et-au-pakistan#primaryimage"},"thumbnailUrl":"https:\/\/static.africa-press.net\/niger\/sites\/40\/2021\/08\/img-610c0482516c8.jpg","datePublished":"2021-08-05T15:44:29+00:00","dateModified":"2021-08-05T20:05:08+00:00","author":{"@id":"https:\/\/www.africa-press.net\/niger\/#\/schema\/person\/2b1cf3cd81a31e3cd26889ca66d677f1"},"description":"Le Pr\u00e9sident de l\u2019Assembl\u00e9e nationale, Se\u00efni Oumarou a quitt\u00e9 Niamey, le mardi 3 ao\u00fbt 2021, pour une visite d\u2019amiti\u00e9 et ...","breadcrumb":{"@id":"https:\/\/www.africa-press.net\/niger\/politique\/le-president-de-lassemblee-nationale-en-visite-damitie-et-de-travail-en-iran-et-au-pakistan#breadcrumb"},"inLanguage":"fr-FR","potentialAction":[{"@type":"ReadAction","target":["https:\/\/www.africa-press.net\/niger\/politique\/le-president-de-lassemblee-nationale-en-visite-damitie-et-de-travail-en-iran-et-au-pakistan"]}]},{"@type":"ImageObject","inLanguage":"fr-FR","@id":"https:\/\/www.africa-press.net\/niger\/politique\/le-president-de-lassemblee-nationale-en-visite-damitie-et-de-travail-en-iran-et-au-pakistan#primaryimage","url":"https:\/\/static.africa-press.net\/niger\/sites\/40\/2021\/08\/img-610c0482516c8.jpg","contentUrl":"https:\/\/static.africa-press.net\/niger\/sites\/40\/2021\/08\/img-610c0482516c8.jpg","width":720,"height":479,"caption":"Le Pr\u00e9sident de l\u2019Assembl\u00e9e nationale en visite d\u2019amiti\u00e9 et de travail en Iran et au Pakistan"},{"@type":"BreadcrumbList","@id":"https:\/\/www.africa-press.net\/niger\/politique\/le-president-de-lassemblee-nationale-en-visite-damitie-et-de-travail-en-iran-et-au-pakistan#breadcrumb","itemListElement":[{"@type":"ListItem","position":1,"name":"Accueil","item":"https:\/\/www.africa-press.net\/niger\/"},{"@type":"ListItem","position":2,"name":"Le Pr\u00e9sident de l\u2019Assembl\u00e9e nationale en visite d\u2019amiti\u00e9 et de travail en Iran et au Pakistan"}]},{"@type":"WebSite","@id":"https:\/\/www.africa-press.net\/niger\/#website","url":"https:\/\/www.africa-press.net\/niger\/","name":"niger","description":"Just another Africa News Agency Sites site","potentialAction":[{"@type":"SearchAction","target":{"@type":"EntryPoint","urlTemplate":"https:\/\/www.africa-press.net\/niger\/?s={search_term_string}"},"query-input":{"@type":"PropertyValueSpecification","valueRequired":true,"valueName":"search_term_string"}}],"inLanguage":"fr-FR"},{"@type":"Person","@id":"https:\/\/www.africa-press.net\/niger\/#\/schema\/person\/2b1cf3cd81a31e3cd26889ca66d677f1","name":"cfeditorfr"}]}},"_links":{"self":[{"href":"https:\/\/www.africa-press.net\/niger\/wp-json\/wp\/v2\/posts\/9621","targetHints":{"allow":["GET"]}}],"collection":[{"href":"https:\/\/www.africa-press.net\/niger\/wp-json\/wp\/v2\/posts"}],"about":[{"href":"https:\/\/www.africa-press.net\/niger\/wp-json\/wp\/v2\/types\/post"}],"author":[{"embeddable":true,"href":"https:\/\/www.africa-press.net\/niger\/wp-json\/wp\/v2\/users\/82"}],"replies":[{"embeddable":true,"href":"https:\/\/www.africa-press.net\/niger\/wp-json\/wp\/v2\/comments?post=9621"}],"version-history":[{"count":0,"href":"https:\/\/www.africa-press.net\/niger\/wp-json\/wp\/v2\/posts\/9621\/revisions"}],"wp:featuredmedia":[{"embeddable":true,"href":"https:\/\/www.africa-press.net\/niger\/wp-json\/wp\/v2\/media\/9620"}],"wp:attachment":[{"href":"https:\/\/www.africa-press.net\/niger\/wp-json\/wp\/v2\/media?parent=9621"}],"wp:term":[{"taxonomy":"category","embeddable":true,"href":"https:\/\/www.africa-press.net\/niger\/wp-json\/wp\/v2\/categories?post=9621"},{"taxonomy":"post_tag","embeddable":true,"href":"https:\/\/www.africa-press.net\/niger\/wp-json\/wp\/v2\/tags?post=9621"}],"curies":[{"name":"wp","href":"https:\/\/api.w.org\/{rel}","templated":true}]}}