{"id":9624,"date":"2021-08-05T15:50:59","date_gmt":"2021-08-05T15:50:59","guid":{"rendered":"https:\/\/www.africa-press.net\/niger\/?p=9624"},"modified":"2021-08-05T20:05:34","modified_gmt":"2021-08-05T20:05:34","slug":"fin-de-la-visite-de-travail-du-president-de-la-republique-dans-la-region-de-zinder","status":"publish","type":"post","link":"https:\/\/www.africa-press.net\/niger\/politique\/fin-de-la-visite-de-travail-du-president-de-la-republique-dans-la-region-de-zinder","title":{"rendered":"Fin de la visite de travail du Pr\u00e9sident de la R\u00e9publique dans la r\u00e9gion de Zinder"},"content":{"rendered":"<p><span style=\"color: #ff6600\"><strong><a href=\"https:\/\/www.africa-press.net\/\">Africa-Press<\/a> &#8211; <a href=\"https:\/\/www.africa-press.net\/niger\">Niger<\/a>. <\/strong><\/span>Le Pr\u00e9sident de la R\u00e9publique, Mohamed Bazoum a achev\u00e9 sa visite de travail dans la r\u00e9gion de Zinder, mardi 3 ao\u00fbt 2021 dans la soir\u00e9e, par la remise des prix aux diff\u00e9rents laur\u00e9ats du concours national de reboisement organis\u00e9 par le Minist\u00e8re de l\u2019environnement.<\/p>\n<p>Cette visite de travail de 48H dans la r\u00e9gion de Zinder s\u2019inscrit dans le cadre de la f\u00eate nationale de l\u2019arbre marquant le 61\u00e8 Anniversaire de l\u2019ind\u00e9pendance.<\/p>\n<p>Il s\u2019agit \u00e0 travers ce concours au plan national d\u2019encourager les diff\u00e9rentes initiatives priv\u00e9es, individuelles ou communautaires relatives \u00e0 la protection et la gestion efficace et efficiente de la situation environnementale conform\u00e9ment au Programme de Renaissance Acte III du Pr\u00e9sident de la R\u00e9publique ,Mohamed Bazoum qui a tenu personnellement \u00e0 pr\u00e9sider la c\u00e9r\u00e9monie officielle de remise des prix aux cinq laur\u00e9ats priv\u00e9s au cours de cette \u00e9dition 2021.<\/p>\n<p>Il s\u2019agit d\u2019abord du 5e prix, prix de la Ministre de l\u2019environnement d\u2019un montant d\u2019un million de FCFA remport\u00e9 par Adamou Moussa de la commune rurale de Tanda dans la r\u00e9gion de Dosso , le 4e prix, prix du haut repr\u00e9sentant du Pr\u00e9sident de la R\u00e9publique d\u2019un montant d\u2019un million cinq cent mille FCFA d\u00e9croch\u00e9 par Ali Abdou, un producteur priv\u00e9 du d\u00e9partement de Madarounfa dans la r\u00e9gion de Maradi; le 3e prix d\u2019une valeur de deux millions de FCFA, dit prix de son excellence le Premier Ministre a \u00e9t\u00e9 remport\u00e9 par la communaut\u00e9 locale d\u2019Agourouss repr\u00e9sent\u00e9e par un Comit\u00e9 de gestion dans la commune rurale de Tagazar (Balleyara) dans la r\u00e9gion de Tillab\u00e9ry.<\/p>\n<p>Le 2e prix, dit prix du Pr\u00e9sident de l\u2019Assembl\u00e9e Nationale, quant \u00e0 lui, d\u2019un montant de deux millions cinq cent mille est revenu \u00e0 la communaut\u00e9 locale de kougouzoute dans la r\u00e9gion de Tahoua, et enfin, cette ann\u00e9e, c\u2019est la r\u00e9gion de Zinder qui d\u00e9tient le 1er prix, dit prix du Pr\u00e9sident de la R\u00e9publique d\u2019un montant de trois millions de FCFA remport\u00e9 par Mme Zouwey Yahouza, promotrice priv\u00e9e dans la commune rurale de Dogo dans le d\u00e9partement de Mirriah qui a b\u00e9n\u00e9fici\u00e9 des f\u00e9licitations et encouragements de son excellence Mohamed Bazoum.<\/p>\n<p>Pour sa part, la Ministre de l\u2019environnement et de la lutte contre la d\u00e9sertification, Mme Garama Saratou Rabiou Innoussa a saisi l\u2019occasion pour remercier l\u2019ensemble des organisateurs de cet \u00e9v\u00e9nement qui a \u00e9t\u00e9 d\u2019une r\u00e9ussite non discutable.<\/p>\n<p>Cette remise de prix, a-t-elle dit, consacre le regard que le Minist\u00e8re de l\u2019environnement et de la lutte contre la d\u00e9sertification a fait \u00e0 l\u2019endroit d\u2019un certain nombre de concitoyens pour les encourager par rapport \u00e0 leur engagement dans la lutte contre la d\u00e9sertification et la d\u00e9gradation des terres.<\/p>\n<p>Cette c\u00e9r\u00e9monie s\u2019est d\u00e9roul\u00e9e en pr\u00e9sence du gouverneur de la r\u00e9gion de Zinder, Mr. Issa Moussa, des d\u00e9put\u00e9s nationaux, des conseillers \u00e0 la pr\u00e9sidence et de plusieurs invit\u00e9s.<\/p>\n","protected":false},"excerpt":{"rendered":"<p>Africa-Press &#8211; Niger. Le Pr\u00e9sident de la R\u00e9publique, Mohamed Bazoum a achev\u00e9 sa visite de travail dans la r\u00e9gion de Zinder, mardi 3 ao\u00fbt 2021 dans la soir\u00e9e, par la remise des prix aux diff\u00e9rents laur\u00e9ats du concours national de reboisement organis\u00e9 par le Minist\u00e8re de l\u2019environnement. Cette visite de travail de 48H dans la [&hellip;]<\/p>\n","protected":false},"author":82,"featured_media":9623,"comment_status":"open","ping_status":"closed","sticky":false,"template":"","format":"standard","meta":{"footnotes":""},"categories":[11,2,10],"tags":[55,60,29],"class_list":["post-9624","post","type-post","status-publish","format-standard","has-post-thumbnail","hentry","category-homepage-french","category-politique","category-toutes-les-actualites","tag-africa-press","tag-africa-press-niger","tag-niger"],"yoast_head":"<!-- This site is optimized with the Yoast SEO Premium plugin v26.1 (Yoast SEO v27.0) - https:\/\/yoast.com\/product\/yoast-seo-premium-wordpress\/ -->\n<title>Fin de la visite de travail du Pr\u00e9sident de la R\u00e9publique dans la r\u00e9gion de Zinder - niger<\/title>\n<meta name=\"description\" content=\"Le Pr\u00e9sident de la R\u00e9publique, Mohamed Bazoum a achev\u00e9 sa visite de travail dans la r\u00e9gion de Zinder, mardi 3 ao\u00fbt 2021 ...\" \/>\n<meta name=\"robots\" content=\"index, follow, max-snippet:-1, max-image-preview:large, max-video-preview:-1\" \/>\n<link rel=\"canonical\" href=\"https:\/\/www.africa-press.net\/niger\/politique\/fin-de-la-visite-de-travail-du-president-de-la-republique-dans-la-region-de-zinder\" \/>\n<meta property=\"og:locale\" content=\"fr_FR\" \/>\n<meta property=\"og:type\" content=\"article\" \/>\n<meta property=\"og:title\" content=\"Fin de la visite de travail du Pr\u00e9sident de la R\u00e9publique dans la r\u00e9gion de Zinder\" \/>\n<meta property=\"og:description\" content=\"Le Pr\u00e9sident de la R\u00e9publique, Mohamed Bazoum a achev\u00e9 sa visite de travail dans la r\u00e9gion de Zinder, mardi 3 ao\u00fbt 2021 ...\" \/>\n<meta property=\"og:url\" content=\"https:\/\/www.africa-press.net\/niger\/politique\/fin-de-la-visite-de-travail-du-president-de-la-republique-dans-la-region-de-zinder\" \/>\n<meta property=\"og:site_name\" content=\"niger\" \/>\n<meta property=\"article:published_time\" content=\"2021-08-05T15:50:59+00:00\" \/>\n<meta property=\"article:modified_time\" content=\"2021-08-05T20:05:34+00:00\" \/>\n<meta property=\"og:image\" content=\"https:\/\/static.africa-press.net\/niger\/sites\/40\/2021\/08\/img-610c049f95085.jpg\" \/>\n\t<meta property=\"og:image:width\" content=\"1024\" \/>\n\t<meta property=\"og:image:height\" content=\"768\" \/>\n\t<meta property=\"og:image:type\" content=\"image\/jpeg\" \/>\n<meta name=\"author\" content=\"cfeditorfr\" \/>\n<meta name=\"twitter:card\" content=\"summary_large_image\" \/>\n<meta name=\"twitter:label1\" content=\"\u00c9crit par\" \/>\n\t<meta name=\"twitter:data1\" content=\"cfeditorfr\" \/>\n\t<meta name=\"twitter:label2\" content=\"Dur\u00e9e de lecture estim\u00e9e\" \/>\n\t<meta name=\"twitter:data2\" content=\"3 minutes\" \/>\n<script type=\"application\/ld+json\" class=\"yoast-schema-graph\">{\"@context\":\"https:\/\/schema.org\",\"@graph\":[{\"@type\":\"Article\",\"@id\":\"https:\/\/www.africa-press.net\/niger\/politique\/fin-de-la-visite-de-travail-du-president-de-la-republique-dans-la-region-de-zinder#article\",\"isPartOf\":{\"@id\":\"https:\/\/www.africa-press.net\/niger\/politique\/fin-de-la-visite-de-travail-du-president-de-la-republique-dans-la-region-de-zinder\"},\"author\":{\"name\":\"cfeditorfr\",\"@id\":\"https:\/\/www.africa-press.net\/niger\/#\/schema\/person\/2b1cf3cd81a31e3cd26889ca66d677f1\"},\"headline\":\"Fin de la visite de travail du Pr\u00e9sident de la R\u00e9publique dans la r\u00e9gion de Zinder\",\"datePublished\":\"2021-08-05T15:50:59+00:00\",\"dateModified\":\"2021-08-05T20:05:34+00:00\",\"mainEntityOfPage\":{\"@id\":\"https:\/\/www.africa-press.net\/niger\/politique\/fin-de-la-visite-de-travail-du-president-de-la-republique-dans-la-region-de-zinder\"},\"wordCount\":557,\"commentCount\":0,\"image\":{\"@id\":\"https:\/\/www.africa-press.net\/niger\/politique\/fin-de-la-visite-de-travail-du-president-de-la-republique-dans-la-region-de-zinder#primaryimage\"},\"thumbnailUrl\":\"https:\/\/static.africa-press.net\/niger\/sites\/40\/2021\/08\/img-610c049f95085.jpg\",\"keywords\":[\"Africa Press\",\"Africa Press-Niger\",\"Niger\"],\"articleSection\":[\"homepage-french\",\"Politique\",\"Toutes les actualit\u00e9s\"],\"inLanguage\":\"fr-FR\",\"potentialAction\":[{\"@type\":\"CommentAction\",\"name\":\"Comment\",\"target\":[\"https:\/\/www.africa-press.net\/niger\/politique\/fin-de-la-visite-de-travail-du-president-de-la-republique-dans-la-region-de-zinder#respond\"]}]},{\"@type\":\"WebPage\",\"@id\":\"https:\/\/www.africa-press.net\/niger\/politique\/fin-de-la-visite-de-travail-du-president-de-la-republique-dans-la-region-de-zinder\",\"url\":\"https:\/\/www.africa-press.net\/niger\/politique\/fin-de-la-visite-de-travail-du-president-de-la-republique-dans-la-region-de-zinder\",\"name\":\"Fin de la visite de travail du Pr\u00e9sident de la R\u00e9publique dans la r\u00e9gion de Zinder - niger\",\"isPartOf\":{\"@id\":\"https:\/\/www.africa-press.net\/niger\/#website\"},\"primaryImageOfPage\":{\"@id\":\"https:\/\/www.africa-press.net\/niger\/politique\/fin-de-la-visite-de-travail-du-president-de-la-republique-dans-la-region-de-zinder#primaryimage\"},\"image\":{\"@id\":\"https:\/\/www.africa-press.net\/niger\/politique\/fin-de-la-visite-de-travail-du-president-de-la-republique-dans-la-region-de-zinder#primaryimage\"},\"thumbnailUrl\":\"https:\/\/static.africa-press.net\/niger\/sites\/40\/2021\/08\/img-610c049f95085.jpg\",\"datePublished\":\"2021-08-05T15:50:59+00:00\",\"dateModified\":\"2021-08-05T20:05:34+00:00\",\"author\":{\"@id\":\"https:\/\/www.africa-press.net\/niger\/#\/schema\/person\/2b1cf3cd81a31e3cd26889ca66d677f1\"},\"description\":\"Le Pr\u00e9sident de la R\u00e9publique, Mohamed Bazoum a achev\u00e9 sa visite de travail dans la r\u00e9gion de Zinder, mardi 3 ao\u00fbt 2021 ...\",\"breadcrumb\":{\"@id\":\"https:\/\/www.africa-press.net\/niger\/politique\/fin-de-la-visite-de-travail-du-president-de-la-republique-dans-la-region-de-zinder#breadcrumb\"},\"inLanguage\":\"fr-FR\",\"potentialAction\":[{\"@type\":\"ReadAction\",\"target\":[\"https:\/\/www.africa-press.net\/niger\/politique\/fin-de-la-visite-de-travail-du-president-de-la-republique-dans-la-region-de-zinder\"]}]},{\"@type\":\"ImageObject\",\"inLanguage\":\"fr-FR\",\"@id\":\"https:\/\/www.africa-press.net\/niger\/politique\/fin-de-la-visite-de-travail-du-president-de-la-republique-dans-la-region-de-zinder#primaryimage\",\"url\":\"https:\/\/static.africa-press.net\/niger\/sites\/40\/2021\/08\/img-610c049f95085.jpg\",\"contentUrl\":\"https:\/\/static.africa-press.net\/niger\/sites\/40\/2021\/08\/img-610c049f95085.jpg\",\"width\":1024,\"height\":768,\"caption\":\"Fin de la visite de travail du Pr\u00e9sident de la R\u00e9publique dans la r\u00e9gion de Zinder\"},{\"@type\":\"BreadcrumbList\",\"@id\":\"https:\/\/www.africa-press.net\/niger\/politique\/fin-de-la-visite-de-travail-du-president-de-la-republique-dans-la-region-de-zinder#breadcrumb\",\"itemListElement\":[{\"@type\":\"ListItem\",\"position\":1,\"name\":\"Accueil\",\"item\":\"https:\/\/www.africa-press.net\/niger\/\"},{\"@type\":\"ListItem\",\"position\":2,\"name\":\"Fin de la visite de travail du Pr\u00e9sident de la R\u00e9publique dans la r\u00e9gion de Zinder\"}]},{\"@type\":\"WebSite\",\"@id\":\"https:\/\/www.africa-press.net\/niger\/#website\",\"url\":\"https:\/\/www.africa-press.net\/niger\/\",\"name\":\"niger\",\"description\":\"Just another Africa News Agency Sites site\",\"potentialAction\":[{\"@type\":\"SearchAction\",\"target\":{\"@type\":\"EntryPoint\",\"urlTemplate\":\"https:\/\/www.africa-press.net\/niger\/?s={search_term_string}\"},\"query-input\":{\"@type\":\"PropertyValueSpecification\",\"valueRequired\":true,\"valueName\":\"search_term_string\"}}],\"inLanguage\":\"fr-FR\"},{\"@type\":\"Person\",\"@id\":\"https:\/\/www.africa-press.net\/niger\/#\/schema\/person\/2b1cf3cd81a31e3cd26889ca66d677f1\",\"name\":\"cfeditorfr\"}]}<\/script>\n<!-- \/ Yoast SEO Premium plugin. -->","yoast_head_json":{"title":"Fin de la visite de travail du Pr\u00e9sident de la R\u00e9publique dans la r\u00e9gion de Zinder - niger","description":"Le Pr\u00e9sident de la R\u00e9publique, Mohamed Bazoum a achev\u00e9 sa visite de travail dans la r\u00e9gion de Zinder, mardi 3 ao\u00fbt 2021 ...","robots":{"index":"index","follow":"follow","max-snippet":"max-snippet:-1","max-image-preview":"max-image-preview:large","max-video-preview":"max-video-preview:-1"},"canonical":"https:\/\/www.africa-press.net\/niger\/politique\/fin-de-la-visite-de-travail-du-president-de-la-republique-dans-la-region-de-zinder","og_locale":"fr_FR","og_type":"article","og_title":"Fin de la visite de travail du Pr\u00e9sident de la R\u00e9publique dans la r\u00e9gion de Zinder","og_description":"Le Pr\u00e9sident de la R\u00e9publique, Mohamed Bazoum a achev\u00e9 sa visite de travail dans la r\u00e9gion de Zinder, mardi 3 ao\u00fbt 2021 ...","og_url":"https:\/\/www.africa-press.net\/niger\/politique\/fin-de-la-visite-de-travail-du-president-de-la-republique-dans-la-region-de-zinder","og_site_name":"niger","article_published_time":"2021-08-05T15:50:59+00:00","article_modified_time":"2021-08-05T20:05:34+00:00","og_image":[{"width":1024,"height":768,"url":"https:\/\/static.africa-press.net\/niger\/sites\/40\/2021\/08\/img-610c049f95085.jpg","type":"image\/jpeg"}],"author":"cfeditorfr","twitter_card":"summary_large_image","twitter_misc":{"\u00c9crit par":"cfeditorfr","Dur\u00e9e de lecture estim\u00e9e":"3 minutes"},"schema":{"@context":"https:\/\/schema.org","@graph":[{"@type":"Article","@id":"https:\/\/www.africa-press.net\/niger\/politique\/fin-de-la-visite-de-travail-du-president-de-la-republique-dans-la-region-de-zinder#article","isPartOf":{"@id":"https:\/\/www.africa-press.net\/niger\/politique\/fin-de-la-visite-de-travail-du-president-de-la-republique-dans-la-region-de-zinder"},"author":{"name":"cfeditorfr","@id":"https:\/\/www.africa-press.net\/niger\/#\/schema\/person\/2b1cf3cd81a31e3cd26889ca66d677f1"},"headline":"Fin de la visite de travail du Pr\u00e9sident de la R\u00e9publique dans la r\u00e9gion de Zinder","datePublished":"2021-08-05T15:50:59+00:00","dateModified":"2021-08-05T20:05:34+00:00","mainEntityOfPage":{"@id":"https:\/\/www.africa-press.net\/niger\/politique\/fin-de-la-visite-de-travail-du-president-de-la-republique-dans-la-region-de-zinder"},"wordCount":557,"commentCount":0,"image":{"@id":"https:\/\/www.africa-press.net\/niger\/politique\/fin-de-la-visite-de-travail-du-president-de-la-republique-dans-la-region-de-zinder#primaryimage"},"thumbnailUrl":"https:\/\/static.africa-press.net\/niger\/sites\/40\/2021\/08\/img-610c049f95085.jpg","keywords":["Africa Press","Africa Press-Niger","Niger"],"articleSection":["homepage-french","Politique","Toutes les actualit\u00e9s"],"inLanguage":"fr-FR","potentialAction":[{"@type":"CommentAction","name":"Comment","target":["https:\/\/www.africa-press.net\/niger\/politique\/fin-de-la-visite-de-travail-du-president-de-la-republique-dans-la-region-de-zinder#respond"]}]},{"@type":"WebPage","@id":"https:\/\/www.africa-press.net\/niger\/politique\/fin-de-la-visite-de-travail-du-president-de-la-republique-dans-la-region-de-zinder","url":"https:\/\/www.africa-press.net\/niger\/politique\/fin-de-la-visite-de-travail-du-president-de-la-republique-dans-la-region-de-zinder","name":"Fin de la visite de travail du Pr\u00e9sident de la R\u00e9publique dans la r\u00e9gion de Zinder - niger","isPartOf":{"@id":"https:\/\/www.africa-press.net\/niger\/#website"},"primaryImageOfPage":{"@id":"https:\/\/www.africa-press.net\/niger\/politique\/fin-de-la-visite-de-travail-du-president-de-la-republique-dans-la-region-de-zinder#primaryimage"},"image":{"@id":"https:\/\/www.africa-press.net\/niger\/politique\/fin-de-la-visite-de-travail-du-president-de-la-republique-dans-la-region-de-zinder#primaryimage"},"thumbnailUrl":"https:\/\/static.africa-press.net\/niger\/sites\/40\/2021\/08\/img-610c049f95085.jpg","datePublished":"2021-08-05T15:50:59+00:00","dateModified":"2021-08-05T20:05:34+00:00","author":{"@id":"https:\/\/www.africa-press.net\/niger\/#\/schema\/person\/2b1cf3cd81a31e3cd26889ca66d677f1"},"description":"Le Pr\u00e9sident de la R\u00e9publique, Mohamed Bazoum a achev\u00e9 sa visite de travail dans la r\u00e9gion de Zinder, mardi 3 ao\u00fbt 2021 ...","breadcrumb":{"@id":"https:\/\/www.africa-press.net\/niger\/politique\/fin-de-la-visite-de-travail-du-president-de-la-republique-dans-la-region-de-zinder#breadcrumb"},"inLanguage":"fr-FR","potentialAction":[{"@type":"ReadAction","target":["https:\/\/www.africa-press.net\/niger\/politique\/fin-de-la-visite-de-travail-du-president-de-la-republique-dans-la-region-de-zinder"]}]},{"@type":"ImageObject","inLanguage":"fr-FR","@id":"https:\/\/www.africa-press.net\/niger\/politique\/fin-de-la-visite-de-travail-du-president-de-la-republique-dans-la-region-de-zinder#primaryimage","url":"https:\/\/static.africa-press.net\/niger\/sites\/40\/2021\/08\/img-610c049f95085.jpg","contentUrl":"https:\/\/static.africa-press.net\/niger\/sites\/40\/2021\/08\/img-610c049f95085.jpg","width":1024,"height":768,"caption":"Fin de la visite de travail du Pr\u00e9sident de la R\u00e9publique dans la r\u00e9gion de Zinder"},{"@type":"BreadcrumbList","@id":"https:\/\/www.africa-press.net\/niger\/politique\/fin-de-la-visite-de-travail-du-president-de-la-republique-dans-la-region-de-zinder#breadcrumb","itemListElement":[{"@type":"ListItem","position":1,"name":"Accueil","item":"https:\/\/www.africa-press.net\/niger\/"},{"@type":"ListItem","position":2,"name":"Fin de la visite de travail du Pr\u00e9sident de la R\u00e9publique dans la r\u00e9gion de Zinder"}]},{"@type":"WebSite","@id":"https:\/\/www.africa-press.net\/niger\/#website","url":"https:\/\/www.africa-press.net\/niger\/","name":"niger","description":"Just another Africa News Agency Sites site","potentialAction":[{"@type":"SearchAction","target":{"@type":"EntryPoint","urlTemplate":"https:\/\/www.africa-press.net\/niger\/?s={search_term_string}"},"query-input":{"@type":"PropertyValueSpecification","valueRequired":true,"valueName":"search_term_string"}}],"inLanguage":"fr-FR"},{"@type":"Person","@id":"https:\/\/www.africa-press.net\/niger\/#\/schema\/person\/2b1cf3cd81a31e3cd26889ca66d677f1","name":"cfeditorfr"}]}},"_links":{"self":[{"href":"https:\/\/www.africa-press.net\/niger\/wp-json\/wp\/v2\/posts\/9624","targetHints":{"allow":["GET"]}}],"collection":[{"href":"https:\/\/www.africa-press.net\/niger\/wp-json\/wp\/v2\/posts"}],"about":[{"href":"https:\/\/www.africa-press.net\/niger\/wp-json\/wp\/v2\/types\/post"}],"author":[{"embeddable":true,"href":"https:\/\/www.africa-press.net\/niger\/wp-json\/wp\/v2\/users\/82"}],"replies":[{"embeddable":true,"href":"https:\/\/www.africa-press.net\/niger\/wp-json\/wp\/v2\/comments?post=9624"}],"version-history":[{"count":0,"href":"https:\/\/www.africa-press.net\/niger\/wp-json\/wp\/v2\/posts\/9624\/revisions"}],"wp:featuredmedia":[{"embeddable":true,"href":"https:\/\/www.africa-press.net\/niger\/wp-json\/wp\/v2\/media\/9623"}],"wp:attachment":[{"href":"https:\/\/www.africa-press.net\/niger\/wp-json\/wp\/v2\/media?parent=9624"}],"wp:term":[{"taxonomy":"category","embeddable":true,"href":"https:\/\/www.africa-press.net\/niger\/wp-json\/wp\/v2\/categories?post=9624"},{"taxonomy":"post_tag","embeddable":true,"href":"https:\/\/www.africa-press.net\/niger\/wp-json\/wp\/v2\/tags?post=9624"}],"curies":[{"name":"wp","href":"https:\/\/api.w.org\/{rel}","templated":true}]}}