{"id":9630,"date":"2021-08-05T16:07:18","date_gmt":"2021-08-05T16:07:18","guid":{"rendered":"https:\/\/www.africa-press.net\/niger\/?p=9630"},"modified":"2021-08-05T20:05:27","modified_gmt":"2021-08-05T20:05:27","slug":"la-13eme-edition-du-fima-aura-lieu-a-niamey-en-decembre-2021-promoteur-alphadi","status":"publish","type":"post","link":"https:\/\/www.africa-press.net\/niger\/culture-et-art\/la-13eme-edition-du-fima-aura-lieu-a-niamey-en-decembre-2021-promoteur-alphadi","title":{"rendered":"\u2018\u2019La 13\u00e8me \u00e9dition du FIMA aura lieu \u00e0 Niamey en d\u00e9cembre 2021\u2019\u2019 (Promoteur Alphadi)"},"content":{"rendered":"<p><span style=\"color: #ff6600\"><strong><a href=\"https:\/\/www.africa-press.net\/\">Africa-Press<\/a> &#8211; <a href=\"https:\/\/www.africa-press.net\/niger\">Niger<\/a>. <\/strong><\/span>Cette annonce a \u00e9t\u00e9 faite, ce mercredi 4 ao\u00fbt 2021, par Monsieur Seidnaly Sidahmed Alphadi, promoteur du festival de la mode africaine (FIMA) et Ambassadeur de l\u2019UNESCO pour la paix, au sortir d\u2019une entrevue avec le Premier Ministre Ouhoumoudou Mahamadou.<\/p>\n<p>\u2018\u2019Je suis venu rencontrer le premier ministre pour le f\u00e9liciter d\u2019abord pour sa nomination, et je pr\u00e9pare la construction de la premi\u00e8re Ecole Sup\u00e9rieure de la Mode et des Arts au Niger pour laquelle la pose de la 1\u00e9re pierre a \u00e9t\u00e9 faite par Brigi Rafini en novembre dernier\u2019\u2019 a d\u00e9clar\u00e9 \u00e0 la presse \u00e0 sa sortie d\u2019audience, le styliste nig\u00e9rien Alphadi.<\/p>\n<p>Pour Alphadi, \u2018\u2019cette \u00e9cole est une \u00e9cole panafricaine qui doit amener l\u2019Afrique loin et c\u2019est \u00e9galement une \u00e9cole de r\u00e9f\u00e9rence o\u00f9 les jeunes peuvent absolument \u00e9tudier pour comprendre l\u2019art et en m\u00eame temps pour lutter contre la pauvret\u00e9\u2019\u2019.<\/p>\n<p>Le promoteur du festival de la mode africaine (FIMA), M. Aphadi de faire savoir qu\u2019il pr\u00e9pare \u2018\u2019la 13\u00e8me \u00e9dition du FIMA qui va se tenir \u00e0 Niamey, et qui est un festival que tout le monde connait aujourd\u2019hui et qui am\u00e8ne l\u2019Afrique tr\u00e8s loin par rapport \u00e0 la mode et \u00e7a aura lieu du 1er au 5 d\u00e9cembre prochain \u00e0 Niamey\u2019\u2019.<\/p>\n<p>\u2018\u2019Le combat que nous menons avec le gouvernement, c\u2019est de donner une dimension \u00e0 ce que le Niger puisse profiter de ce festival qui est parti dans plusieurs pays mais qui reste toujours nig\u00e9riens\u2019\u2019 a conclu le promoteur du FIMA.<\/p>\n","protected":false},"excerpt":{"rendered":"<p>Africa-Press &#8211; Niger. Cette annonce a \u00e9t\u00e9 faite, ce mercredi 4 ao\u00fbt 2021, par Monsieur Seidnaly Sidahmed Alphadi, promoteur du festival de la mode africaine (FIMA) et Ambassadeur de l\u2019UNESCO pour la paix, au sortir d\u2019une entrevue avec le Premier Ministre Ouhoumoudou Mahamadou. \u2018\u2019Je suis venu rencontrer le premier ministre pour le f\u00e9liciter d\u2019abord pour [&hellip;]<\/p>\n","protected":false},"author":82,"featured_media":9629,"comment_status":"open","ping_status":"closed","sticky":false,"template":"","format":"standard","meta":{"footnotes":""},"categories":[5,11,10],"tags":[55,60,29],"class_list":["post-9630","post","type-post","status-publish","format-standard","has-post-thumbnail","hentry","category-culture-et-art","category-homepage-french","category-toutes-les-actualites","tag-africa-press","tag-africa-press-niger","tag-niger"],"yoast_head":"<!-- This site is optimized with the Yoast SEO Premium plugin v26.1 (Yoast SEO v27.0) - https:\/\/yoast.com\/product\/yoast-seo-premium-wordpress\/ -->\n<title>\u2018\u2019La 13\u00e8me \u00e9dition du FIMA aura lieu \u00e0 Niamey en d\u00e9cembre 2021\u2019\u2019 (Promoteur Alphadi) - niger<\/title>\n<meta name=\"description\" content=\", 04 Aout(ANP)-Cette annonce a \u00e9t\u00e9 faite, ce mercredi 4 ao\u00fbt 2021, par Monsieur Seidnaly Sidahmed Alphadi, promoteur du ...\" \/>\n<meta name=\"robots\" content=\"index, follow, max-snippet:-1, max-image-preview:large, max-video-preview:-1\" \/>\n<link rel=\"canonical\" href=\"https:\/\/www.africa-press.net\/niger\/culture-et-art\/la-13eme-edition-du-fima-aura-lieu-a-niamey-en-decembre-2021-promoteur-alphadi\" \/>\n<meta property=\"og:locale\" content=\"fr_FR\" \/>\n<meta property=\"og:type\" content=\"article\" \/>\n<meta property=\"og:title\" content=\"\u2018\u2019La 13\u00e8me \u00e9dition du FIMA aura lieu \u00e0 Niamey en d\u00e9cembre 2021\u2019\u2019 (Promoteur Alphadi)\" \/>\n<meta property=\"og:description\" content=\", 04 Aout(ANP)-Cette annonce a \u00e9t\u00e9 faite, ce mercredi 4 ao\u00fbt 2021, par Monsieur Seidnaly Sidahmed Alphadi, promoteur du ...\" \/>\n<meta property=\"og:url\" content=\"https:\/\/www.africa-press.net\/niger\/culture-et-art\/la-13eme-edition-du-fima-aura-lieu-a-niamey-en-decembre-2021-promoteur-alphadi\" \/>\n<meta property=\"og:site_name\" content=\"niger\" \/>\n<meta property=\"article:published_time\" content=\"2021-08-05T16:07:18+00:00\" \/>\n<meta property=\"article:modified_time\" content=\"2021-08-05T20:05:27+00:00\" \/>\n<meta property=\"og:image\" content=\"https:\/\/static.africa-press.net\/niger\/sites\/40\/2021\/08\/img-610c04ecdf6fb.jpg\" \/>\n\t<meta property=\"og:image:width\" content=\"1080\" \/>\n\t<meta property=\"og:image:height\" content=\"720\" \/>\n\t<meta property=\"og:image:type\" content=\"image\/jpeg\" \/>\n<meta name=\"author\" content=\"cfeditorfr\" \/>\n<meta name=\"twitter:card\" content=\"summary_large_image\" \/>\n<meta name=\"twitter:label1\" content=\"\u00c9crit par\" \/>\n\t<meta name=\"twitter:data1\" content=\"cfeditorfr\" \/>\n\t<meta name=\"twitter:label2\" content=\"Dur\u00e9e de lecture estim\u00e9e\" \/>\n\t<meta name=\"twitter:data2\" content=\"2 minutes\" \/>\n<script type=\"application\/ld+json\" class=\"yoast-schema-graph\">{\"@context\":\"https:\/\/schema.org\",\"@graph\":[{\"@type\":\"Article\",\"@id\":\"https:\/\/www.africa-press.net\/niger\/culture-et-art\/la-13eme-edition-du-fima-aura-lieu-a-niamey-en-decembre-2021-promoteur-alphadi#article\",\"isPartOf\":{\"@id\":\"https:\/\/www.africa-press.net\/niger\/culture-et-art\/la-13eme-edition-du-fima-aura-lieu-a-niamey-en-decembre-2021-promoteur-alphadi\"},\"author\":{\"name\":\"cfeditorfr\",\"@id\":\"https:\/\/www.africa-press.net\/niger\/#\/schema\/person\/2b1cf3cd81a31e3cd26889ca66d677f1\"},\"headline\":\"\u2018\u2019La 13\u00e8me \u00e9dition du FIMA aura lieu \u00e0 Niamey en d\u00e9cembre 2021\u2019\u2019 (Promoteur Alphadi)\",\"datePublished\":\"2021-08-05T16:07:18+00:00\",\"dateModified\":\"2021-08-05T20:05:27+00:00\",\"mainEntityOfPage\":{\"@id\":\"https:\/\/www.africa-press.net\/niger\/culture-et-art\/la-13eme-edition-du-fima-aura-lieu-a-niamey-en-decembre-2021-promoteur-alphadi\"},\"wordCount\":274,\"commentCount\":0,\"image\":{\"@id\":\"https:\/\/www.africa-press.net\/niger\/culture-et-art\/la-13eme-edition-du-fima-aura-lieu-a-niamey-en-decembre-2021-promoteur-alphadi#primaryimage\"},\"thumbnailUrl\":\"https:\/\/static.africa-press.net\/niger\/sites\/40\/2021\/08\/img-610c04ecdf6fb.jpg\",\"keywords\":[\"Africa Press\",\"Africa Press-Niger\",\"Niger\"],\"articleSection\":[\"Culture et Art\",\"homepage-french\",\"Toutes les actualit\u00e9s\"],\"inLanguage\":\"fr-FR\",\"potentialAction\":[{\"@type\":\"CommentAction\",\"name\":\"Comment\",\"target\":[\"https:\/\/www.africa-press.net\/niger\/culture-et-art\/la-13eme-edition-du-fima-aura-lieu-a-niamey-en-decembre-2021-promoteur-alphadi#respond\"]}]},{\"@type\":\"WebPage\",\"@id\":\"https:\/\/www.africa-press.net\/niger\/culture-et-art\/la-13eme-edition-du-fima-aura-lieu-a-niamey-en-decembre-2021-promoteur-alphadi\",\"url\":\"https:\/\/www.africa-press.net\/niger\/culture-et-art\/la-13eme-edition-du-fima-aura-lieu-a-niamey-en-decembre-2021-promoteur-alphadi\",\"name\":\"\u2018\u2019La 13\u00e8me \u00e9dition du FIMA aura lieu \u00e0 Niamey en d\u00e9cembre 2021\u2019\u2019 (Promoteur Alphadi) - niger\",\"isPartOf\":{\"@id\":\"https:\/\/www.africa-press.net\/niger\/#website\"},\"primaryImageOfPage\":{\"@id\":\"https:\/\/www.africa-press.net\/niger\/culture-et-art\/la-13eme-edition-du-fima-aura-lieu-a-niamey-en-decembre-2021-promoteur-alphadi#primaryimage\"},\"image\":{\"@id\":\"https:\/\/www.africa-press.net\/niger\/culture-et-art\/la-13eme-edition-du-fima-aura-lieu-a-niamey-en-decembre-2021-promoteur-alphadi#primaryimage\"},\"thumbnailUrl\":\"https:\/\/static.africa-press.net\/niger\/sites\/40\/2021\/08\/img-610c04ecdf6fb.jpg\",\"datePublished\":\"2021-08-05T16:07:18+00:00\",\"dateModified\":\"2021-08-05T20:05:27+00:00\",\"author\":{\"@id\":\"https:\/\/www.africa-press.net\/niger\/#\/schema\/person\/2b1cf3cd81a31e3cd26889ca66d677f1\"},\"description\":\", 04 Aout(ANP)-Cette annonce a \u00e9t\u00e9 faite, ce mercredi 4 ao\u00fbt 2021, par Monsieur Seidnaly Sidahmed Alphadi, promoteur du ...\",\"breadcrumb\":{\"@id\":\"https:\/\/www.africa-press.net\/niger\/culture-et-art\/la-13eme-edition-du-fima-aura-lieu-a-niamey-en-decembre-2021-promoteur-alphadi#breadcrumb\"},\"inLanguage\":\"fr-FR\",\"potentialAction\":[{\"@type\":\"ReadAction\",\"target\":[\"https:\/\/www.africa-press.net\/niger\/culture-et-art\/la-13eme-edition-du-fima-aura-lieu-a-niamey-en-decembre-2021-promoteur-alphadi\"]}]},{\"@type\":\"ImageObject\",\"inLanguage\":\"fr-FR\",\"@id\":\"https:\/\/www.africa-press.net\/niger\/culture-et-art\/la-13eme-edition-du-fima-aura-lieu-a-niamey-en-decembre-2021-promoteur-alphadi#primaryimage\",\"url\":\"https:\/\/static.africa-press.net\/niger\/sites\/40\/2021\/08\/img-610c04ecdf6fb.jpg\",\"contentUrl\":\"https:\/\/static.africa-press.net\/niger\/sites\/40\/2021\/08\/img-610c04ecdf6fb.jpg\",\"width\":1080,\"height\":720,\"caption\":\"\u2018\u2019La 13\u00e8me \u00e9dition du FIMA aura lieu \u00e0 Niamey en d\u00e9cembre 2021\u2019\u2019 (Promoteur Alphadi)\"},{\"@type\":\"BreadcrumbList\",\"@id\":\"https:\/\/www.africa-press.net\/niger\/culture-et-art\/la-13eme-edition-du-fima-aura-lieu-a-niamey-en-decembre-2021-promoteur-alphadi#breadcrumb\",\"itemListElement\":[{\"@type\":\"ListItem\",\"position\":1,\"name\":\"Accueil\",\"item\":\"https:\/\/www.africa-press.net\/niger\/\"},{\"@type\":\"ListItem\",\"position\":2,\"name\":\"\u2018\u2019La 13\u00e8me \u00e9dition du FIMA aura lieu \u00e0 Niamey en d\u00e9cembre 2021\u2019\u2019 (Promoteur Alphadi)\"}]},{\"@type\":\"WebSite\",\"@id\":\"https:\/\/www.africa-press.net\/niger\/#website\",\"url\":\"https:\/\/www.africa-press.net\/niger\/\",\"name\":\"niger\",\"description\":\"Just another Africa News Agency Sites site\",\"potentialAction\":[{\"@type\":\"SearchAction\",\"target\":{\"@type\":\"EntryPoint\",\"urlTemplate\":\"https:\/\/www.africa-press.net\/niger\/?s={search_term_string}\"},\"query-input\":{\"@type\":\"PropertyValueSpecification\",\"valueRequired\":true,\"valueName\":\"search_term_string\"}}],\"inLanguage\":\"fr-FR\"},{\"@type\":\"Person\",\"@id\":\"https:\/\/www.africa-press.net\/niger\/#\/schema\/person\/2b1cf3cd81a31e3cd26889ca66d677f1\",\"name\":\"cfeditorfr\"}]}<\/script>\n<!-- \/ Yoast SEO Premium plugin. -->","yoast_head_json":{"title":"\u2018\u2019La 13\u00e8me \u00e9dition du FIMA aura lieu \u00e0 Niamey en d\u00e9cembre 2021\u2019\u2019 (Promoteur Alphadi) - niger","description":", 04 Aout(ANP)-Cette annonce a \u00e9t\u00e9 faite, ce mercredi 4 ao\u00fbt 2021, par Monsieur Seidnaly Sidahmed Alphadi, promoteur du ...","robots":{"index":"index","follow":"follow","max-snippet":"max-snippet:-1","max-image-preview":"max-image-preview:large","max-video-preview":"max-video-preview:-1"},"canonical":"https:\/\/www.africa-press.net\/niger\/culture-et-art\/la-13eme-edition-du-fima-aura-lieu-a-niamey-en-decembre-2021-promoteur-alphadi","og_locale":"fr_FR","og_type":"article","og_title":"\u2018\u2019La 13\u00e8me \u00e9dition du FIMA aura lieu \u00e0 Niamey en d\u00e9cembre 2021\u2019\u2019 (Promoteur Alphadi)","og_description":", 04 Aout(ANP)-Cette annonce a \u00e9t\u00e9 faite, ce mercredi 4 ao\u00fbt 2021, par Monsieur Seidnaly Sidahmed Alphadi, promoteur du ...","og_url":"https:\/\/www.africa-press.net\/niger\/culture-et-art\/la-13eme-edition-du-fima-aura-lieu-a-niamey-en-decembre-2021-promoteur-alphadi","og_site_name":"niger","article_published_time":"2021-08-05T16:07:18+00:00","article_modified_time":"2021-08-05T20:05:27+00:00","og_image":[{"width":1080,"height":720,"url":"https:\/\/static.africa-press.net\/niger\/sites\/40\/2021\/08\/img-610c04ecdf6fb.jpg","type":"image\/jpeg"}],"author":"cfeditorfr","twitter_card":"summary_large_image","twitter_misc":{"\u00c9crit par":"cfeditorfr","Dur\u00e9e de lecture estim\u00e9e":"2 minutes"},"schema":{"@context":"https:\/\/schema.org","@graph":[{"@type":"Article","@id":"https:\/\/www.africa-press.net\/niger\/culture-et-art\/la-13eme-edition-du-fima-aura-lieu-a-niamey-en-decembre-2021-promoteur-alphadi#article","isPartOf":{"@id":"https:\/\/www.africa-press.net\/niger\/culture-et-art\/la-13eme-edition-du-fima-aura-lieu-a-niamey-en-decembre-2021-promoteur-alphadi"},"author":{"name":"cfeditorfr","@id":"https:\/\/www.africa-press.net\/niger\/#\/schema\/person\/2b1cf3cd81a31e3cd26889ca66d677f1"},"headline":"\u2018\u2019La 13\u00e8me \u00e9dition du FIMA aura lieu \u00e0 Niamey en d\u00e9cembre 2021\u2019\u2019 (Promoteur Alphadi)","datePublished":"2021-08-05T16:07:18+00:00","dateModified":"2021-08-05T20:05:27+00:00","mainEntityOfPage":{"@id":"https:\/\/www.africa-press.net\/niger\/culture-et-art\/la-13eme-edition-du-fima-aura-lieu-a-niamey-en-decembre-2021-promoteur-alphadi"},"wordCount":274,"commentCount":0,"image":{"@id":"https:\/\/www.africa-press.net\/niger\/culture-et-art\/la-13eme-edition-du-fima-aura-lieu-a-niamey-en-decembre-2021-promoteur-alphadi#primaryimage"},"thumbnailUrl":"https:\/\/static.africa-press.net\/niger\/sites\/40\/2021\/08\/img-610c04ecdf6fb.jpg","keywords":["Africa Press","Africa Press-Niger","Niger"],"articleSection":["Culture et Art","homepage-french","Toutes les actualit\u00e9s"],"inLanguage":"fr-FR","potentialAction":[{"@type":"CommentAction","name":"Comment","target":["https:\/\/www.africa-press.net\/niger\/culture-et-art\/la-13eme-edition-du-fima-aura-lieu-a-niamey-en-decembre-2021-promoteur-alphadi#respond"]}]},{"@type":"WebPage","@id":"https:\/\/www.africa-press.net\/niger\/culture-et-art\/la-13eme-edition-du-fima-aura-lieu-a-niamey-en-decembre-2021-promoteur-alphadi","url":"https:\/\/www.africa-press.net\/niger\/culture-et-art\/la-13eme-edition-du-fima-aura-lieu-a-niamey-en-decembre-2021-promoteur-alphadi","name":"\u2018\u2019La 13\u00e8me \u00e9dition du FIMA aura lieu \u00e0 Niamey en d\u00e9cembre 2021\u2019\u2019 (Promoteur Alphadi) - niger","isPartOf":{"@id":"https:\/\/www.africa-press.net\/niger\/#website"},"primaryImageOfPage":{"@id":"https:\/\/www.africa-press.net\/niger\/culture-et-art\/la-13eme-edition-du-fima-aura-lieu-a-niamey-en-decembre-2021-promoteur-alphadi#primaryimage"},"image":{"@id":"https:\/\/www.africa-press.net\/niger\/culture-et-art\/la-13eme-edition-du-fima-aura-lieu-a-niamey-en-decembre-2021-promoteur-alphadi#primaryimage"},"thumbnailUrl":"https:\/\/static.africa-press.net\/niger\/sites\/40\/2021\/08\/img-610c04ecdf6fb.jpg","datePublished":"2021-08-05T16:07:18+00:00","dateModified":"2021-08-05T20:05:27+00:00","author":{"@id":"https:\/\/www.africa-press.net\/niger\/#\/schema\/person\/2b1cf3cd81a31e3cd26889ca66d677f1"},"description":", 04 Aout(ANP)-Cette annonce a \u00e9t\u00e9 faite, ce mercredi 4 ao\u00fbt 2021, par Monsieur Seidnaly Sidahmed Alphadi, promoteur du ...","breadcrumb":{"@id":"https:\/\/www.africa-press.net\/niger\/culture-et-art\/la-13eme-edition-du-fima-aura-lieu-a-niamey-en-decembre-2021-promoteur-alphadi#breadcrumb"},"inLanguage":"fr-FR","potentialAction":[{"@type":"ReadAction","target":["https:\/\/www.africa-press.net\/niger\/culture-et-art\/la-13eme-edition-du-fima-aura-lieu-a-niamey-en-decembre-2021-promoteur-alphadi"]}]},{"@type":"ImageObject","inLanguage":"fr-FR","@id":"https:\/\/www.africa-press.net\/niger\/culture-et-art\/la-13eme-edition-du-fima-aura-lieu-a-niamey-en-decembre-2021-promoteur-alphadi#primaryimage","url":"https:\/\/static.africa-press.net\/niger\/sites\/40\/2021\/08\/img-610c04ecdf6fb.jpg","contentUrl":"https:\/\/static.africa-press.net\/niger\/sites\/40\/2021\/08\/img-610c04ecdf6fb.jpg","width":1080,"height":720,"caption":"\u2018\u2019La 13\u00e8me \u00e9dition du FIMA aura lieu \u00e0 Niamey en d\u00e9cembre 2021\u2019\u2019 (Promoteur Alphadi)"},{"@type":"BreadcrumbList","@id":"https:\/\/www.africa-press.net\/niger\/culture-et-art\/la-13eme-edition-du-fima-aura-lieu-a-niamey-en-decembre-2021-promoteur-alphadi#breadcrumb","itemListElement":[{"@type":"ListItem","position":1,"name":"Accueil","item":"https:\/\/www.africa-press.net\/niger\/"},{"@type":"ListItem","position":2,"name":"\u2018\u2019La 13\u00e8me \u00e9dition du FIMA aura lieu \u00e0 Niamey en d\u00e9cembre 2021\u2019\u2019 (Promoteur Alphadi)"}]},{"@type":"WebSite","@id":"https:\/\/www.africa-press.net\/niger\/#website","url":"https:\/\/www.africa-press.net\/niger\/","name":"niger","description":"Just another Africa News Agency Sites site","potentialAction":[{"@type":"SearchAction","target":{"@type":"EntryPoint","urlTemplate":"https:\/\/www.africa-press.net\/niger\/?s={search_term_string}"},"query-input":{"@type":"PropertyValueSpecification","valueRequired":true,"valueName":"search_term_string"}}],"inLanguage":"fr-FR"},{"@type":"Person","@id":"https:\/\/www.africa-press.net\/niger\/#\/schema\/person\/2b1cf3cd81a31e3cd26889ca66d677f1","name":"cfeditorfr"}]}},"_links":{"self":[{"href":"https:\/\/www.africa-press.net\/niger\/wp-json\/wp\/v2\/posts\/9630","targetHints":{"allow":["GET"]}}],"collection":[{"href":"https:\/\/www.africa-press.net\/niger\/wp-json\/wp\/v2\/posts"}],"about":[{"href":"https:\/\/www.africa-press.net\/niger\/wp-json\/wp\/v2\/types\/post"}],"author":[{"embeddable":true,"href":"https:\/\/www.africa-press.net\/niger\/wp-json\/wp\/v2\/users\/82"}],"replies":[{"embeddable":true,"href":"https:\/\/www.africa-press.net\/niger\/wp-json\/wp\/v2\/comments?post=9630"}],"version-history":[{"count":0,"href":"https:\/\/www.africa-press.net\/niger\/wp-json\/wp\/v2\/posts\/9630\/revisions"}],"wp:featuredmedia":[{"embeddable":true,"href":"https:\/\/www.africa-press.net\/niger\/wp-json\/wp\/v2\/media\/9629"}],"wp:attachment":[{"href":"https:\/\/www.africa-press.net\/niger\/wp-json\/wp\/v2\/media?parent=9630"}],"wp:term":[{"taxonomy":"category","embeddable":true,"href":"https:\/\/www.africa-press.net\/niger\/wp-json\/wp\/v2\/categories?post=9630"},{"taxonomy":"post_tag","embeddable":true,"href":"https:\/\/www.africa-press.net\/niger\/wp-json\/wp\/v2\/tags?post=9630"}],"curies":[{"name":"wp","href":"https:\/\/api.w.org\/{rel}","templated":true}]}}