{"id":9645,"date":"2021-08-05T16:42:57","date_gmt":"2021-08-05T16:42:57","guid":{"rendered":"https:\/\/www.africa-press.net\/niger\/?p=9645"},"modified":"2021-08-05T20:06:39","modified_gmt":"2021-08-05T20:06:39","slug":"lancement-du-projet-usaid-kulawa-a-tillaberi","status":"publish","type":"post","link":"https:\/\/www.africa-press.net\/niger\/politique\/lancement-du-projet-usaid-kulawa-a-tillaberi","title":{"rendered":"Lancement du Projet  USAID KULAWA \u00e0 Tillab\u00e9ri"},"content":{"rendered":"<p><span style=\"color: #ff6600\"><strong><a href=\"https:\/\/www.africa-press.net\/\">Africa-Press<\/a> &#8211; <a href=\"https:\/\/www.africa-press.net\/niger\">Niger<\/a>. <\/strong><\/span>Le secr\u00e9taire g\u00e9n\u00e9ral de la r\u00e9gion de Tillab\u00e9ri, M. Kimba Moumouni Seydou a pr\u00e9sid\u00e9, le mercredi 04 ao\u00fbt 2021, la c\u00e9r\u00e9monie officielle de lancement du Projet USAID KULAWA \u00e0 l\u2019h\u00f4tel Djoliba de Tillab\u00e9ri.<\/p>\n<p>La c\u00e9r\u00e9monie s\u2019est d\u00e9roul\u00e9e en pr\u00e9sence du Pr\u00e9sident du Conseil R\u00e9gional, des responsables des diff\u00e9rentes structures, des repr\u00e9sentants des ONG et Associations de la r\u00e9gion et de plusieurs autres invit\u00e9s.<\/p>\n<p>Financ\u00e9 par l\u2019Agence de D\u00e9veloppement International des Etats-Unis (USAID) et mis en \u0153uvre, sous le lead de Save the Children, par un consortium compos\u00e9 de PATHFINDER, PRONTO, VIAMO ainsi que d\u2019autres ONG nationales, ce projet dont l\u2019objectif est d\u2019assurer l\u2019utilisation accrue de services de sant\u00e9 maternelle, n\u00e9onatale et infanto-juv\u00e9nile, de planification familiale et de nutrition de qualit\u00e9 dans les zones d\u2019intervention, vient en appui au Minist\u00e8re de la Sant\u00e9 Publique, de la Population et des Affaires Sociales. Il intervient dans les r\u00e9gions de Maradi, Zinder et Tillab\u00e9ri.<\/p>\n<p>Le Secr\u00e9taire G\u00e9n\u00e9ral de la r\u00e9gion, M. Kimba Moumouni Seydou a, dans son discours de lancement, indiqu\u00e9 qu\u2019en effet, \u2018\u2019ce projet s\u2019aligne parfaitement avec les priorit\u00e9s du gouvernement dans le cadre de la r\u00e9duction de la mortalit\u00e9 maternelle et infanto-juv\u00e9nile et contribuera \u00e0 l\u2019atteinte des Objectifs de d\u00e9veloppement durable 2 et 3\u2019\u2019.<\/p>\n<p>\u2018\u2019Le Minist\u00e8re de la Sant\u00e9 Publique, de la Population et des Affaires Sociales et le Gouvernement Nig\u00e9rien sont tr\u00e8s reconnaissants de tous les appuis techniques et financiers fournis par l\u2019USAID dans le domaine de la sant\u00e9 \u00e0 travers ces diff\u00e9rents projets, dont le projet KULAWA, et bien d\u2019autres auparavant ou en cours\u2019\u2019, a-t-il affirm\u00e9.<\/p>\n<p>M. Kimba Moumouni Seydou d\u2019expliquer que, \u2018\u2019le Projet KULAWA apportera un appui au niveau de cinq Districts Sanitaires de la r\u00e9gion dans la lutte contre la mortalit\u00e9 maternelle, n\u00e9onatale et infanto-juv\u00e9nile dont les interventions visent \u00e0 am\u00e9liorer la cr\u00e9ation de la demande de services de qualit\u00e9 et l&rsquo;adoption de comportements sains au niveau individuel, familial, et communautaire ; \u00e0 am\u00e9liorer aussi la disponibilit\u00e9 et l\u2019accessibilit\u00e9 accrues \u00e0 des services de qualit\u00e9, y compris pour les jeunes ; am\u00e9liorer et renforcer l\u2019Int\u00e9gration dans la prestation des services de sant\u00e9 ; et \u00e0 renforcer les capacit\u00e9s fonctionnelles accrues des organisations locales dans le secteur de la sant\u00e9\u2019\u2019.<\/p>\n<p>\u2018\u2019Ceci t\u00e9moigne de l\u2019approche d\u2019accompagnement des acteurs de l\u2019\u00c9tat, de soutien aux priorit\u00e9s nationales, d\u2019int\u00e9gration des interventions et de coordination avec les autres partenaires\u2019\u2019, a-t-il ajout\u00e9.<\/p>\n<p>Le Secr\u00e9taire G\u00e9n\u00e9ral de la r\u00e9gion a, enfin, remerci\u00e9 l\u2019USAID, le Gouvernement des \u00c9tats-Unis et le Peuple Am\u00e9ricain pour le soutien constant au d\u00e9veloppement socio-\u00e9conomique et sanitaire de la r\u00e9gion et a exhort\u00e9 toutes les Directions r\u00e9gionales et D\u00e9partementales pr\u00e9sentes \u00e0 s\u2019impliquer pleinement dans la mise en \u0153uvre des diff\u00e9rentes activit\u00e9s, \u2018\u2019seul gage pour la r\u00e9ussite de ces interventions\u2019\u2019, a-t-il dit.<\/p>\n<p>\u2018\u2019A travers ce financement du gouvernement Am\u00e9ricain par l\u2019USAID d\u2019une valeur de 54 millions de dollars (soit 29 milliards) pour une p\u00e9riode de 5 ans, le Projet KULAWA permettra d\u2019am\u00e9liorer les conditions de sant\u00e9 de 1,4 million de femmes en \u00e2ge de procr\u00e9er, 1,1 millions d&rsquo;enfants de moins de cinq ans et 2,6 millions de jeunes de 15 \u00e0 35 ans \u00bb, a fait savoir le chef de Bureau de Save The Children Tillab\u00e9ri, M. Anza Sahabi.<\/p>\n<p>M. Anza Sahabi a formul\u00e9 le v\u0153u que, \u2018\u2019ce projet soit un exemple d\u2019int\u00e9gration verticale et horizontale afin de contribuer avec efficacit\u00e9 et efficience \u00e0 l\u2019am\u00e9lioration de la sant\u00e9 maternelle et infanto-juv\u00e9nile \u00bb et a r\u00e9it\u00e9r\u00e9 ses remerciements \u00e0 tous les acteurs et en particulier aux autorit\u00e9s politiques, sanitaires, et \u00e0 l\u2019USAID dont \u2018\u2019les activit\u00e9s port\u00e9es par le Projet KULAWA t\u00e9moignent d\u2019un engagement pour assurer qu\u2019aucune femme ne meurt en donnant la vie et qu\u2019aucun enfant ne meurt de maladies \u00e9vitables au Niger\u2019\u2019.<\/p>\n<p>Le Chef du Projet KULAWA de l&rsquo;USAID, M. Denis Hynes, s\u2018est appesanti sur les r\u00e9sultats du projet notamment, la disponibilit\u00e9 et l\u2019accessibilit\u00e9 accrues \u00e0 des services de qualit\u00e9, y compris pour les jeunes ; le renforcement des capacit\u00e9s accrues des organisations locales dans le secteur de la sant\u00e9.<\/p>\n<p>Le Directeur r\u00e9gional de la Sant\u00e9 publique, de la Population et des Affaires sociales, M. Doudou Souley et le maire de la Commune urbaine de Tillab\u00e9ri, Moussa Douma, ont auparavant pris la parole pour souhaiter la bienvenue \u00e0 l\u2019assistance.<\/p>\n<p>Cette c\u00e9r\u00e9monie a \u00e9t\u00e9 sanctionn\u00e9e par une photo de famille.<\/p>\n<p>Premi\u00e8re organisation non gouvernementale agissant en faveur des enfants dans le monde, Save the Children, est pr\u00e9sente depuis 2005 au Niger, et op\u00e8re \u00e0 Tillab\u00e9ri depuis Octobre 2020. Save the Children met ainsi en \u0153uvre des activit\u00e9s dans les secteurs de l\u2019\u00e9ducation, de la protection de l\u2019enfant, de la s\u00e9curit\u00e9 alimentaire et des moyens d\u2019existence, ainsi que de la sant\u00e9 et de la nutrition.<\/p>\n<p>&nbsp;<\/p>\n","protected":false},"excerpt":{"rendered":"<p>Africa-Press &#8211; Niger. Le secr\u00e9taire g\u00e9n\u00e9ral de la r\u00e9gion de Tillab\u00e9ri, M. Kimba Moumouni Seydou a pr\u00e9sid\u00e9, le mercredi 04 ao\u00fbt 2021, la c\u00e9r\u00e9monie officielle de lancement du Projet USAID KULAWA \u00e0 l\u2019h\u00f4tel Djoliba de Tillab\u00e9ri. La c\u00e9r\u00e9monie s\u2019est d\u00e9roul\u00e9e en pr\u00e9sence du Pr\u00e9sident du Conseil R\u00e9gional, des responsables des diff\u00e9rentes structures, des repr\u00e9sentants des [&hellip;]<\/p>\n","protected":false},"author":82,"featured_media":9644,"comment_status":"open","ping_status":"closed","sticky":false,"template":"","format":"standard","meta":{"footnotes":""},"categories":[11,2,10],"tags":[55,60,29],"class_list":["post-9645","post","type-post","status-publish","format-standard","has-post-thumbnail","hentry","category-homepage-french","category-politique","category-toutes-les-actualites","tag-africa-press","tag-africa-press-niger","tag-niger"],"yoast_head":"<!-- This site is optimized with the Yoast SEO Premium plugin v26.1 (Yoast SEO v27.0) - https:\/\/yoast.com\/product\/yoast-seo-premium-wordpress\/ -->\n<title>Lancement du Projet USAID KULAWA \u00e0 Tillab\u00e9ri - niger<\/title>\n<meta name=\"description\" content=\"Le secr\u00e9taire g\u00e9n\u00e9ral de la r\u00e9gion de Tillab\u00e9ri, M. Kimba Moumouni Seydou a pr\u00e9sid\u00e9, le mercredi 04 ao\u00fbt 2021, la c\u00e9r\u00e9mo ...\" \/>\n<meta name=\"robots\" content=\"index, follow, max-snippet:-1, max-image-preview:large, max-video-preview:-1\" \/>\n<link rel=\"canonical\" href=\"https:\/\/www.africa-press.net\/niger\/politique\/lancement-du-projet-usaid-kulawa-a-tillaberi\" \/>\n<meta property=\"og:locale\" content=\"fr_FR\" \/>\n<meta property=\"og:type\" content=\"article\" \/>\n<meta property=\"og:title\" content=\"Lancement du Projet USAID KULAWA \u00e0 Tillab\u00e9ri\" \/>\n<meta property=\"og:description\" content=\"Le secr\u00e9taire g\u00e9n\u00e9ral de la r\u00e9gion de Tillab\u00e9ri, M. Kimba Moumouni Seydou a pr\u00e9sid\u00e9, le mercredi 04 ao\u00fbt 2021, la c\u00e9r\u00e9mo ...\" \/>\n<meta property=\"og:url\" content=\"https:\/\/www.africa-press.net\/niger\/politique\/lancement-du-projet-usaid-kulawa-a-tillaberi\" \/>\n<meta property=\"og:site_name\" content=\"niger\" \/>\n<meta property=\"article:published_time\" content=\"2021-08-05T16:42:57+00:00\" \/>\n<meta property=\"article:modified_time\" content=\"2021-08-05T20:06:39+00:00\" \/>\n<meta property=\"og:image\" content=\"https:\/\/static.africa-press.net\/niger\/sites\/40\/2021\/08\/img-610c058bed06d.jpg\" \/>\n\t<meta property=\"og:image:width\" content=\"1080\" \/>\n\t<meta property=\"og:image:height\" content=\"809\" \/>\n\t<meta property=\"og:image:type\" content=\"image\/jpeg\" \/>\n<meta name=\"author\" content=\"cfeditorfr\" \/>\n<meta name=\"twitter:card\" content=\"summary_large_image\" \/>\n<meta name=\"twitter:label1\" content=\"\u00c9crit par\" \/>\n\t<meta name=\"twitter:data1\" content=\"cfeditorfr\" \/>\n\t<meta name=\"twitter:label2\" content=\"Dur\u00e9e de lecture estim\u00e9e\" \/>\n\t<meta name=\"twitter:data2\" content=\"4 minutes\" \/>\n<script type=\"application\/ld+json\" class=\"yoast-schema-graph\">{\"@context\":\"https:\/\/schema.org\",\"@graph\":[{\"@type\":\"Article\",\"@id\":\"https:\/\/www.africa-press.net\/niger\/politique\/lancement-du-projet-usaid-kulawa-a-tillaberi#article\",\"isPartOf\":{\"@id\":\"https:\/\/www.africa-press.net\/niger\/politique\/lancement-du-projet-usaid-kulawa-a-tillaberi\"},\"author\":{\"name\":\"cfeditorfr\",\"@id\":\"https:\/\/www.africa-press.net\/niger\/#\/schema\/person\/2b1cf3cd81a31e3cd26889ca66d677f1\"},\"headline\":\"Lancement du Projet USAID KULAWA \u00e0 Tillab\u00e9ri\",\"datePublished\":\"2021-08-05T16:42:57+00:00\",\"dateModified\":\"2021-08-05T20:06:39+00:00\",\"mainEntityOfPage\":{\"@id\":\"https:\/\/www.africa-press.net\/niger\/politique\/lancement-du-projet-usaid-kulawa-a-tillaberi\"},\"wordCount\":879,\"commentCount\":0,\"image\":{\"@id\":\"https:\/\/www.africa-press.net\/niger\/politique\/lancement-du-projet-usaid-kulawa-a-tillaberi#primaryimage\"},\"thumbnailUrl\":\"https:\/\/static.africa-press.net\/niger\/sites\/40\/2021\/08\/img-610c058bed06d.jpg\",\"keywords\":[\"Africa Press\",\"Africa Press-Niger\",\"Niger\"],\"articleSection\":[\"homepage-french\",\"Politique\",\"Toutes les actualit\u00e9s\"],\"inLanguage\":\"fr-FR\",\"potentialAction\":[{\"@type\":\"CommentAction\",\"name\":\"Comment\",\"target\":[\"https:\/\/www.africa-press.net\/niger\/politique\/lancement-du-projet-usaid-kulawa-a-tillaberi#respond\"]}]},{\"@type\":\"WebPage\",\"@id\":\"https:\/\/www.africa-press.net\/niger\/politique\/lancement-du-projet-usaid-kulawa-a-tillaberi\",\"url\":\"https:\/\/www.africa-press.net\/niger\/politique\/lancement-du-projet-usaid-kulawa-a-tillaberi\",\"name\":\"Lancement du Projet USAID KULAWA \u00e0 Tillab\u00e9ri - niger\",\"isPartOf\":{\"@id\":\"https:\/\/www.africa-press.net\/niger\/#website\"},\"primaryImageOfPage\":{\"@id\":\"https:\/\/www.africa-press.net\/niger\/politique\/lancement-du-projet-usaid-kulawa-a-tillaberi#primaryimage\"},\"image\":{\"@id\":\"https:\/\/www.africa-press.net\/niger\/politique\/lancement-du-projet-usaid-kulawa-a-tillaberi#primaryimage\"},\"thumbnailUrl\":\"https:\/\/static.africa-press.net\/niger\/sites\/40\/2021\/08\/img-610c058bed06d.jpg\",\"datePublished\":\"2021-08-05T16:42:57+00:00\",\"dateModified\":\"2021-08-05T20:06:39+00:00\",\"author\":{\"@id\":\"https:\/\/www.africa-press.net\/niger\/#\/schema\/person\/2b1cf3cd81a31e3cd26889ca66d677f1\"},\"description\":\"Le secr\u00e9taire g\u00e9n\u00e9ral de la r\u00e9gion de Tillab\u00e9ri, M. Kimba Moumouni Seydou a pr\u00e9sid\u00e9, le mercredi 04 ao\u00fbt 2021, la c\u00e9r\u00e9mo ...\",\"breadcrumb\":{\"@id\":\"https:\/\/www.africa-press.net\/niger\/politique\/lancement-du-projet-usaid-kulawa-a-tillaberi#breadcrumb\"},\"inLanguage\":\"fr-FR\",\"potentialAction\":[{\"@type\":\"ReadAction\",\"target\":[\"https:\/\/www.africa-press.net\/niger\/politique\/lancement-du-projet-usaid-kulawa-a-tillaberi\"]}]},{\"@type\":\"ImageObject\",\"inLanguage\":\"fr-FR\",\"@id\":\"https:\/\/www.africa-press.net\/niger\/politique\/lancement-du-projet-usaid-kulawa-a-tillaberi#primaryimage\",\"url\":\"https:\/\/static.africa-press.net\/niger\/sites\/40\/2021\/08\/img-610c058bed06d.jpg\",\"contentUrl\":\"https:\/\/static.africa-press.net\/niger\/sites\/40\/2021\/08\/img-610c058bed06d.jpg\",\"width\":1080,\"height\":809,\"caption\":\"Lancement du Projet USAID KULAWA \u00e0 Tillab\u00e9ri\"},{\"@type\":\"BreadcrumbList\",\"@id\":\"https:\/\/www.africa-press.net\/niger\/politique\/lancement-du-projet-usaid-kulawa-a-tillaberi#breadcrumb\",\"itemListElement\":[{\"@type\":\"ListItem\",\"position\":1,\"name\":\"Accueil\",\"item\":\"https:\/\/www.africa-press.net\/niger\/\"},{\"@type\":\"ListItem\",\"position\":2,\"name\":\"Lancement du Projet USAID KULAWA \u00e0 Tillab\u00e9ri\"}]},{\"@type\":\"WebSite\",\"@id\":\"https:\/\/www.africa-press.net\/niger\/#website\",\"url\":\"https:\/\/www.africa-press.net\/niger\/\",\"name\":\"niger\",\"description\":\"Just another Africa News Agency Sites site\",\"potentialAction\":[{\"@type\":\"SearchAction\",\"target\":{\"@type\":\"EntryPoint\",\"urlTemplate\":\"https:\/\/www.africa-press.net\/niger\/?s={search_term_string}\"},\"query-input\":{\"@type\":\"PropertyValueSpecification\",\"valueRequired\":true,\"valueName\":\"search_term_string\"}}],\"inLanguage\":\"fr-FR\"},{\"@type\":\"Person\",\"@id\":\"https:\/\/www.africa-press.net\/niger\/#\/schema\/person\/2b1cf3cd81a31e3cd26889ca66d677f1\",\"name\":\"cfeditorfr\"}]}<\/script>\n<!-- \/ Yoast SEO Premium plugin. -->","yoast_head_json":{"title":"Lancement du Projet USAID KULAWA \u00e0 Tillab\u00e9ri - niger","description":"Le secr\u00e9taire g\u00e9n\u00e9ral de la r\u00e9gion de Tillab\u00e9ri, M. Kimba Moumouni Seydou a pr\u00e9sid\u00e9, le mercredi 04 ao\u00fbt 2021, la c\u00e9r\u00e9mo ...","robots":{"index":"index","follow":"follow","max-snippet":"max-snippet:-1","max-image-preview":"max-image-preview:large","max-video-preview":"max-video-preview:-1"},"canonical":"https:\/\/www.africa-press.net\/niger\/politique\/lancement-du-projet-usaid-kulawa-a-tillaberi","og_locale":"fr_FR","og_type":"article","og_title":"Lancement du Projet USAID KULAWA \u00e0 Tillab\u00e9ri","og_description":"Le secr\u00e9taire g\u00e9n\u00e9ral de la r\u00e9gion de Tillab\u00e9ri, M. Kimba Moumouni Seydou a pr\u00e9sid\u00e9, le mercredi 04 ao\u00fbt 2021, la c\u00e9r\u00e9mo ...","og_url":"https:\/\/www.africa-press.net\/niger\/politique\/lancement-du-projet-usaid-kulawa-a-tillaberi","og_site_name":"niger","article_published_time":"2021-08-05T16:42:57+00:00","article_modified_time":"2021-08-05T20:06:39+00:00","og_image":[{"width":1080,"height":809,"url":"https:\/\/static.africa-press.net\/niger\/sites\/40\/2021\/08\/img-610c058bed06d.jpg","type":"image\/jpeg"}],"author":"cfeditorfr","twitter_card":"summary_large_image","twitter_misc":{"\u00c9crit par":"cfeditorfr","Dur\u00e9e de lecture estim\u00e9e":"4 minutes"},"schema":{"@context":"https:\/\/schema.org","@graph":[{"@type":"Article","@id":"https:\/\/www.africa-press.net\/niger\/politique\/lancement-du-projet-usaid-kulawa-a-tillaberi#article","isPartOf":{"@id":"https:\/\/www.africa-press.net\/niger\/politique\/lancement-du-projet-usaid-kulawa-a-tillaberi"},"author":{"name":"cfeditorfr","@id":"https:\/\/www.africa-press.net\/niger\/#\/schema\/person\/2b1cf3cd81a31e3cd26889ca66d677f1"},"headline":"Lancement du Projet USAID KULAWA \u00e0 Tillab\u00e9ri","datePublished":"2021-08-05T16:42:57+00:00","dateModified":"2021-08-05T20:06:39+00:00","mainEntityOfPage":{"@id":"https:\/\/www.africa-press.net\/niger\/politique\/lancement-du-projet-usaid-kulawa-a-tillaberi"},"wordCount":879,"commentCount":0,"image":{"@id":"https:\/\/www.africa-press.net\/niger\/politique\/lancement-du-projet-usaid-kulawa-a-tillaberi#primaryimage"},"thumbnailUrl":"https:\/\/static.africa-press.net\/niger\/sites\/40\/2021\/08\/img-610c058bed06d.jpg","keywords":["Africa Press","Africa Press-Niger","Niger"],"articleSection":["homepage-french","Politique","Toutes les actualit\u00e9s"],"inLanguage":"fr-FR","potentialAction":[{"@type":"CommentAction","name":"Comment","target":["https:\/\/www.africa-press.net\/niger\/politique\/lancement-du-projet-usaid-kulawa-a-tillaberi#respond"]}]},{"@type":"WebPage","@id":"https:\/\/www.africa-press.net\/niger\/politique\/lancement-du-projet-usaid-kulawa-a-tillaberi","url":"https:\/\/www.africa-press.net\/niger\/politique\/lancement-du-projet-usaid-kulawa-a-tillaberi","name":"Lancement du Projet USAID KULAWA \u00e0 Tillab\u00e9ri - niger","isPartOf":{"@id":"https:\/\/www.africa-press.net\/niger\/#website"},"primaryImageOfPage":{"@id":"https:\/\/www.africa-press.net\/niger\/politique\/lancement-du-projet-usaid-kulawa-a-tillaberi#primaryimage"},"image":{"@id":"https:\/\/www.africa-press.net\/niger\/politique\/lancement-du-projet-usaid-kulawa-a-tillaberi#primaryimage"},"thumbnailUrl":"https:\/\/static.africa-press.net\/niger\/sites\/40\/2021\/08\/img-610c058bed06d.jpg","datePublished":"2021-08-05T16:42:57+00:00","dateModified":"2021-08-05T20:06:39+00:00","author":{"@id":"https:\/\/www.africa-press.net\/niger\/#\/schema\/person\/2b1cf3cd81a31e3cd26889ca66d677f1"},"description":"Le secr\u00e9taire g\u00e9n\u00e9ral de la r\u00e9gion de Tillab\u00e9ri, M. Kimba Moumouni Seydou a pr\u00e9sid\u00e9, le mercredi 04 ao\u00fbt 2021, la c\u00e9r\u00e9mo ...","breadcrumb":{"@id":"https:\/\/www.africa-press.net\/niger\/politique\/lancement-du-projet-usaid-kulawa-a-tillaberi#breadcrumb"},"inLanguage":"fr-FR","potentialAction":[{"@type":"ReadAction","target":["https:\/\/www.africa-press.net\/niger\/politique\/lancement-du-projet-usaid-kulawa-a-tillaberi"]}]},{"@type":"ImageObject","inLanguage":"fr-FR","@id":"https:\/\/www.africa-press.net\/niger\/politique\/lancement-du-projet-usaid-kulawa-a-tillaberi#primaryimage","url":"https:\/\/static.africa-press.net\/niger\/sites\/40\/2021\/08\/img-610c058bed06d.jpg","contentUrl":"https:\/\/static.africa-press.net\/niger\/sites\/40\/2021\/08\/img-610c058bed06d.jpg","width":1080,"height":809,"caption":"Lancement du Projet USAID KULAWA \u00e0 Tillab\u00e9ri"},{"@type":"BreadcrumbList","@id":"https:\/\/www.africa-press.net\/niger\/politique\/lancement-du-projet-usaid-kulawa-a-tillaberi#breadcrumb","itemListElement":[{"@type":"ListItem","position":1,"name":"Accueil","item":"https:\/\/www.africa-press.net\/niger\/"},{"@type":"ListItem","position":2,"name":"Lancement du Projet USAID KULAWA \u00e0 Tillab\u00e9ri"}]},{"@type":"WebSite","@id":"https:\/\/www.africa-press.net\/niger\/#website","url":"https:\/\/www.africa-press.net\/niger\/","name":"niger","description":"Just another Africa News Agency Sites site","potentialAction":[{"@type":"SearchAction","target":{"@type":"EntryPoint","urlTemplate":"https:\/\/www.africa-press.net\/niger\/?s={search_term_string}"},"query-input":{"@type":"PropertyValueSpecification","valueRequired":true,"valueName":"search_term_string"}}],"inLanguage":"fr-FR"},{"@type":"Person","@id":"https:\/\/www.africa-press.net\/niger\/#\/schema\/person\/2b1cf3cd81a31e3cd26889ca66d677f1","name":"cfeditorfr"}]}},"_links":{"self":[{"href":"https:\/\/www.africa-press.net\/niger\/wp-json\/wp\/v2\/posts\/9645","targetHints":{"allow":["GET"]}}],"collection":[{"href":"https:\/\/www.africa-press.net\/niger\/wp-json\/wp\/v2\/posts"}],"about":[{"href":"https:\/\/www.africa-press.net\/niger\/wp-json\/wp\/v2\/types\/post"}],"author":[{"embeddable":true,"href":"https:\/\/www.africa-press.net\/niger\/wp-json\/wp\/v2\/users\/82"}],"replies":[{"embeddable":true,"href":"https:\/\/www.africa-press.net\/niger\/wp-json\/wp\/v2\/comments?post=9645"}],"version-history":[{"count":0,"href":"https:\/\/www.africa-press.net\/niger\/wp-json\/wp\/v2\/posts\/9645\/revisions"}],"wp:featuredmedia":[{"embeddable":true,"href":"https:\/\/www.africa-press.net\/niger\/wp-json\/wp\/v2\/media\/9644"}],"wp:attachment":[{"href":"https:\/\/www.africa-press.net\/niger\/wp-json\/wp\/v2\/media?parent=9645"}],"wp:term":[{"taxonomy":"category","embeddable":true,"href":"https:\/\/www.africa-press.net\/niger\/wp-json\/wp\/v2\/categories?post=9645"},{"taxonomy":"post_tag","embeddable":true,"href":"https:\/\/www.africa-press.net\/niger\/wp-json\/wp\/v2\/tags?post=9645"}],"curies":[{"name":"wp","href":"https:\/\/api.w.org\/{rel}","templated":true}]}}