{"id":9648,"date":"2021-08-05T16:52:29","date_gmt":"2021-08-05T16:52:29","guid":{"rendered":"https:\/\/www.africa-press.net\/niger\/?p=9648"},"modified":"2021-08-05T20:06:47","modified_gmt":"2021-08-05T20:06:47","slug":"au-niger-des-vacances-laborieuses-pour-certains-eleves","status":"publish","type":"post","link":"https:\/\/www.africa-press.net\/niger\/culture-et-art\/au-niger-des-vacances-laborieuses-pour-certains-eleves","title":{"rendered":"des vacances laborieuses pour certains \u00e9l\u00e8ves"},"content":{"rendered":"<p><span style=\"color: #ff6600\"><strong><a href=\"https:\/\/www.africa-press.net\/\">Africa-Press<\/a> &#8211; <a href=\"https:\/\/www.africa-press.net\/niger\">Niger<\/a>. <\/strong><\/span>Pendant ces grandes vacances, de juin \u00e0 septembre, beaucoup d\u2019\u00e9l\u00e8ves de la ville de Niamey, au lieu de rester oisifs, choisissent de s\u2019adonner \u00e0 des activit\u00e9s, souvent, lucratives, histoire de meubler le temps et de se constituer de \u2018\u2019petites bourses\u2019\u2019 pour la rentr\u00e9e, a constat\u00e9 l\u2019ANP.<\/p>\n<p>Les occupations les plus courantes sont des aides ou apprentis dans certains ateliers ou chantiers (couture, menuiserie, b\u00e2timent, garage, etc) mais aussi le petit commerce des fruits saisonniers qui abondent en cette p\u00e9riode d\u2019hivernage.<\/p>\n<p>Abdoul Hayyou Idrissa, 12 ans, vient de finir la classe de CM2 et se pr\u00e9pare \u00e0 la vie de coll\u00e9gien pour la prochaine rentr\u00e9e scolaire : \u2018\u2019Pendant ces grandes vacances, je pars au march\u00e9 avec mon p\u00e8re pour l\u2019aider dans son commerce en m\u00eame temps je fais mon petit commerce de vente de sachets en plastique\u2019\u2019 indique-t-il.<\/p>\n<p>Son petit business lui rapporte \u2018\u2019 par jour 500 \u00e0 1000 francs de b\u00e9n\u00e9fice\u2019\u2019, t\u00e9moigne-t-il.<\/p>\n<p>\u2018\u2019Je mets de c\u00f4t\u00e9 dans une tirelire pour qu\u2019\u00e0 la fin des vacances je m\u2019ach\u00e8te mes uniformes et mes fournitures scolaires\u2019\u2019, encha\u00eene-t-il, l\u2019air satisfait<\/p>\n<p>Pour Hannatou Adamou, 15ans, \u00e9l\u00e8ve en classe de 5\u00e8me, ses vacances sont plut\u00f4t partag\u00e9e : apprentissage coranique, aide familiale et formation \u00e0 la couture.<\/p>\n<p>Elle affirme mettre \u00e0 profit cette p\u00e9riode pour approfondir ses connaissances religieuses mais aussi apprendre la couture et aider sa m\u00e8re dans les t\u00e2ches m\u00e9nag\u00e8res.<\/p>\n<p>\u2018\u2019Durant ces vacances, mes parents m\u2019envoient \u00e0 l\u2019\u00e9cole coranique o\u00f9 j\u2019apprends les fondamentaux de l\u2019Islam\u2019\u2019, confie-t-elle \u00e0 l\u2019ANP, ajoutant qu\u2019en plus \u2018\u2019des \u00e9tudes religieuses, nous apprenons dans cette m\u00eame \u00e9cole la couture\u2019\u2019.<\/p>\n<p>\u2018\u2019Alors que je fais ces cours du lundi au vendredi, ma petite s\u0153ur s\u2019adonne, elle, \u00e0 son petit commerce de madeleines\u2019\u2019, poursuit-elle.<\/p>\n<p>Pour Hannatou, les occupations durant ces vacances ne se limitent pas seulement \u00e0 l\u2019apprentissage. L\u2019adolescente aide aussi ma m\u00e8re dans les t\u00e2ches m\u00e9nag\u00e8res.<\/p>\n<p>\u2018\u2019Les weekends je me consacre aux travaux m\u00e9nagers \u00e0 c\u00f4t\u00e9 de ma m\u00e8re. Je fais la lessive pour moi-m\u00eame et pour mes petits fr\u00e8res et s\u0153urs\u2019\u2019, pr\u00e9cise Hannatou.<\/p>\n<p>On note que ce sont surtout des \u00e9coliers des milieux d\u00e9favoris\u00e9s qui s\u2019adonnent \u00e0 des activit\u00e9s saisonni\u00e8res \u2013 vente des herbes pour le b\u00e9tail, de fruits de cueillette- en cette saison de pluie.<\/p>\n<p>Par contre, des enfants des sph\u00e8res plus nanties s\u2019offrent des colonies de vacances ou des activit\u00e9s ludiques au niveau des nombreux parcs de loisir de la capitale.<\/p>\n<p>M. Soumana Harounna, employ\u00e9 dans un parc de loisir de la capitale a constat\u00e9 une grande affluence des enfants dans son \u00e9tablissement durant ces vacances.<\/p>\n<p>\u2018\u2019Chaque jour, notre parc est plein de monde, notamment des enfants qui viennent en grand nombre\u2019\u2019, t\u00e9moigne-t-il, pr\u00e9cisant qu\u2019avant \u2018\u2019les vacances les visiteurs ne viennent pas en grand nombre. A peine, on voit 50 enfants par jour\u2019\u2019.<\/p>\n<p>Cette grande affluence, note M. Soumana, fait monter leurs chiffres d\u2019affaires.<\/p>\n<p>\u2018\u2019Actuellement, notre recette journali\u00e8re peut aller jusqu\u2019\u00e0 75.000 \u00e0 100. 000 francs CFA, voire 150. 000 francs les weekends, et vraiment on rend gr\u00e2ce \u00e0 Dieu. Tout se d\u00e9roule bien\u2019\u2019, se r\u00e9jouit-il.<\/p>\n","protected":false},"excerpt":{"rendered":"<p>Africa-Press &#8211; Niger. Pendant ces grandes vacances, de juin \u00e0 septembre, beaucoup d\u2019\u00e9l\u00e8ves de la ville de Niamey, au lieu de rester oisifs, choisissent de s\u2019adonner \u00e0 des activit\u00e9s, souvent, lucratives, histoire de meubler le temps et de se constituer de \u2018\u2019petites bourses\u2019\u2019 pour la rentr\u00e9e, a constat\u00e9 l\u2019ANP. Les occupations les plus courantes sont [&hellip;]<\/p>\n","protected":false},"author":82,"featured_media":9647,"comment_status":"open","ping_status":"closed","sticky":false,"template":"","format":"standard","meta":{"footnotes":""},"categories":[5,11,10],"tags":[55,60,29],"class_list":["post-9648","post","type-post","status-publish","format-standard","has-post-thumbnail","hentry","category-culture-et-art","category-homepage-french","category-toutes-les-actualites","tag-africa-press","tag-africa-press-niger","tag-niger"],"yoast_head":"<!-- This site is optimized with the Yoast SEO Premium plugin v26.1 (Yoast SEO v27.0) - https:\/\/yoast.com\/product\/yoast-seo-premium-wordpress\/ -->\n<title>des vacances laborieuses pour certains \u00e9l\u00e8ves - niger<\/title>\n<meta name=\"description\" content=\"Pendant ces grandes vacances, de juin \u00e0 septembre, beaucoup d\u2019\u00e9l\u00e8ves de la ville de Niamey, au lieu de rester oisifs, ch ...\" \/>\n<meta name=\"robots\" content=\"index, follow, max-snippet:-1, max-image-preview:large, max-video-preview:-1\" \/>\n<link rel=\"canonical\" href=\"https:\/\/www.africa-press.net\/niger\/culture-et-art\/au-niger-des-vacances-laborieuses-pour-certains-eleves\" \/>\n<meta property=\"og:locale\" content=\"fr_FR\" \/>\n<meta property=\"og:type\" content=\"article\" \/>\n<meta property=\"og:title\" content=\"des vacances laborieuses pour certains \u00e9l\u00e8ves\" \/>\n<meta property=\"og:description\" content=\"Pendant ces grandes vacances, de juin \u00e0 septembre, beaucoup d\u2019\u00e9l\u00e8ves de la ville de Niamey, au lieu de rester oisifs, ch ...\" \/>\n<meta property=\"og:url\" content=\"https:\/\/www.africa-press.net\/niger\/culture-et-art\/au-niger-des-vacances-laborieuses-pour-certains-eleves\" \/>\n<meta property=\"og:site_name\" content=\"niger\" \/>\n<meta property=\"article:published_time\" content=\"2021-08-05T16:52:29+00:00\" \/>\n<meta property=\"article:modified_time\" content=\"2021-08-05T20:06:47+00:00\" \/>\n<meta property=\"og:image\" content=\"https:\/\/static.africa-press.net\/niger\/sites\/40\/2021\/08\/img-610c05ab4095e.jpg\" \/>\n\t<meta property=\"og:image:width\" content=\"800\" \/>\n\t<meta property=\"og:image:height\" content=\"450\" \/>\n\t<meta property=\"og:image:type\" content=\"image\/jpeg\" \/>\n<meta name=\"author\" content=\"cfeditorfr\" \/>\n<meta name=\"twitter:card\" content=\"summary_large_image\" \/>\n<meta name=\"twitter:label1\" content=\"\u00c9crit par\" \/>\n\t<meta name=\"twitter:data1\" content=\"cfeditorfr\" \/>\n\t<meta name=\"twitter:label2\" content=\"Dur\u00e9e de lecture estim\u00e9e\" \/>\n\t<meta name=\"twitter:data2\" content=\"3 minutes\" \/>\n<script type=\"application\/ld+json\" class=\"yoast-schema-graph\">{\"@context\":\"https:\/\/schema.org\",\"@graph\":[{\"@type\":\"Article\",\"@id\":\"https:\/\/www.africa-press.net\/niger\/culture-et-art\/au-niger-des-vacances-laborieuses-pour-certains-eleves#article\",\"isPartOf\":{\"@id\":\"https:\/\/www.africa-press.net\/niger\/culture-et-art\/au-niger-des-vacances-laborieuses-pour-certains-eleves\"},\"author\":{\"name\":\"cfeditorfr\",\"@id\":\"https:\/\/www.africa-press.net\/niger\/#\/schema\/person\/2b1cf3cd81a31e3cd26889ca66d677f1\"},\"headline\":\"des vacances laborieuses pour certains \u00e9l\u00e8ves\",\"datePublished\":\"2021-08-05T16:52:29+00:00\",\"dateModified\":\"2021-08-05T20:06:47+00:00\",\"mainEntityOfPage\":{\"@id\":\"https:\/\/www.africa-press.net\/niger\/culture-et-art\/au-niger-des-vacances-laborieuses-pour-certains-eleves\"},\"wordCount\":548,\"commentCount\":0,\"image\":{\"@id\":\"https:\/\/www.africa-press.net\/niger\/culture-et-art\/au-niger-des-vacances-laborieuses-pour-certains-eleves#primaryimage\"},\"thumbnailUrl\":\"https:\/\/static.africa-press.net\/niger\/sites\/40\/2021\/08\/img-610c05ab4095e.jpg\",\"keywords\":[\"Africa Press\",\"Africa Press-Niger\",\"Niger\"],\"articleSection\":[\"Culture et Art\",\"homepage-french\",\"Toutes les actualit\u00e9s\"],\"inLanguage\":\"fr-FR\",\"potentialAction\":[{\"@type\":\"CommentAction\",\"name\":\"Comment\",\"target\":[\"https:\/\/www.africa-press.net\/niger\/culture-et-art\/au-niger-des-vacances-laborieuses-pour-certains-eleves#respond\"]}]},{\"@type\":\"WebPage\",\"@id\":\"https:\/\/www.africa-press.net\/niger\/culture-et-art\/au-niger-des-vacances-laborieuses-pour-certains-eleves\",\"url\":\"https:\/\/www.africa-press.net\/niger\/culture-et-art\/au-niger-des-vacances-laborieuses-pour-certains-eleves\",\"name\":\"des vacances laborieuses pour certains \u00e9l\u00e8ves - niger\",\"isPartOf\":{\"@id\":\"https:\/\/www.africa-press.net\/niger\/#website\"},\"primaryImageOfPage\":{\"@id\":\"https:\/\/www.africa-press.net\/niger\/culture-et-art\/au-niger-des-vacances-laborieuses-pour-certains-eleves#primaryimage\"},\"image\":{\"@id\":\"https:\/\/www.africa-press.net\/niger\/culture-et-art\/au-niger-des-vacances-laborieuses-pour-certains-eleves#primaryimage\"},\"thumbnailUrl\":\"https:\/\/static.africa-press.net\/niger\/sites\/40\/2021\/08\/img-610c05ab4095e.jpg\",\"datePublished\":\"2021-08-05T16:52:29+00:00\",\"dateModified\":\"2021-08-05T20:06:47+00:00\",\"author\":{\"@id\":\"https:\/\/www.africa-press.net\/niger\/#\/schema\/person\/2b1cf3cd81a31e3cd26889ca66d677f1\"},\"description\":\"Pendant ces grandes vacances, de juin \u00e0 septembre, beaucoup d\u2019\u00e9l\u00e8ves de la ville de Niamey, au lieu de rester oisifs, ch ...\",\"breadcrumb\":{\"@id\":\"https:\/\/www.africa-press.net\/niger\/culture-et-art\/au-niger-des-vacances-laborieuses-pour-certains-eleves#breadcrumb\"},\"inLanguage\":\"fr-FR\",\"potentialAction\":[{\"@type\":\"ReadAction\",\"target\":[\"https:\/\/www.africa-press.net\/niger\/culture-et-art\/au-niger-des-vacances-laborieuses-pour-certains-eleves\"]}]},{\"@type\":\"ImageObject\",\"inLanguage\":\"fr-FR\",\"@id\":\"https:\/\/www.africa-press.net\/niger\/culture-et-art\/au-niger-des-vacances-laborieuses-pour-certains-eleves#primaryimage\",\"url\":\"https:\/\/static.africa-press.net\/niger\/sites\/40\/2021\/08\/img-610c05ab4095e.jpg\",\"contentUrl\":\"https:\/\/static.africa-press.net\/niger\/sites\/40\/2021\/08\/img-610c05ab4095e.jpg\",\"width\":800,\"height\":450,\"caption\":\"Au Niger, des vacances laborieuses pour certains \u00e9l\u00e8ves\"},{\"@type\":\"BreadcrumbList\",\"@id\":\"https:\/\/www.africa-press.net\/niger\/culture-et-art\/au-niger-des-vacances-laborieuses-pour-certains-eleves#breadcrumb\",\"itemListElement\":[{\"@type\":\"ListItem\",\"position\":1,\"name\":\"Accueil\",\"item\":\"https:\/\/www.africa-press.net\/niger\/\"},{\"@type\":\"ListItem\",\"position\":2,\"name\":\"des vacances laborieuses pour certains \u00e9l\u00e8ves\"}]},{\"@type\":\"WebSite\",\"@id\":\"https:\/\/www.africa-press.net\/niger\/#website\",\"url\":\"https:\/\/www.africa-press.net\/niger\/\",\"name\":\"niger\",\"description\":\"Just another Africa News Agency Sites site\",\"potentialAction\":[{\"@type\":\"SearchAction\",\"target\":{\"@type\":\"EntryPoint\",\"urlTemplate\":\"https:\/\/www.africa-press.net\/niger\/?s={search_term_string}\"},\"query-input\":{\"@type\":\"PropertyValueSpecification\",\"valueRequired\":true,\"valueName\":\"search_term_string\"}}],\"inLanguage\":\"fr-FR\"},{\"@type\":\"Person\",\"@id\":\"https:\/\/www.africa-press.net\/niger\/#\/schema\/person\/2b1cf3cd81a31e3cd26889ca66d677f1\",\"name\":\"cfeditorfr\"}]}<\/script>\n<!-- \/ Yoast SEO Premium plugin. -->","yoast_head_json":{"title":"des vacances laborieuses pour certains \u00e9l\u00e8ves - niger","description":"Pendant ces grandes vacances, de juin \u00e0 septembre, beaucoup d\u2019\u00e9l\u00e8ves de la ville de Niamey, au lieu de rester oisifs, ch ...","robots":{"index":"index","follow":"follow","max-snippet":"max-snippet:-1","max-image-preview":"max-image-preview:large","max-video-preview":"max-video-preview:-1"},"canonical":"https:\/\/www.africa-press.net\/niger\/culture-et-art\/au-niger-des-vacances-laborieuses-pour-certains-eleves","og_locale":"fr_FR","og_type":"article","og_title":"des vacances laborieuses pour certains \u00e9l\u00e8ves","og_description":"Pendant ces grandes vacances, de juin \u00e0 septembre, beaucoup d\u2019\u00e9l\u00e8ves de la ville de Niamey, au lieu de rester oisifs, ch ...","og_url":"https:\/\/www.africa-press.net\/niger\/culture-et-art\/au-niger-des-vacances-laborieuses-pour-certains-eleves","og_site_name":"niger","article_published_time":"2021-08-05T16:52:29+00:00","article_modified_time":"2021-08-05T20:06:47+00:00","og_image":[{"width":800,"height":450,"url":"https:\/\/static.africa-press.net\/niger\/sites\/40\/2021\/08\/img-610c05ab4095e.jpg","type":"image\/jpeg"}],"author":"cfeditorfr","twitter_card":"summary_large_image","twitter_misc":{"\u00c9crit par":"cfeditorfr","Dur\u00e9e de lecture estim\u00e9e":"3 minutes"},"schema":{"@context":"https:\/\/schema.org","@graph":[{"@type":"Article","@id":"https:\/\/www.africa-press.net\/niger\/culture-et-art\/au-niger-des-vacances-laborieuses-pour-certains-eleves#article","isPartOf":{"@id":"https:\/\/www.africa-press.net\/niger\/culture-et-art\/au-niger-des-vacances-laborieuses-pour-certains-eleves"},"author":{"name":"cfeditorfr","@id":"https:\/\/www.africa-press.net\/niger\/#\/schema\/person\/2b1cf3cd81a31e3cd26889ca66d677f1"},"headline":"des vacances laborieuses pour certains \u00e9l\u00e8ves","datePublished":"2021-08-05T16:52:29+00:00","dateModified":"2021-08-05T20:06:47+00:00","mainEntityOfPage":{"@id":"https:\/\/www.africa-press.net\/niger\/culture-et-art\/au-niger-des-vacances-laborieuses-pour-certains-eleves"},"wordCount":548,"commentCount":0,"image":{"@id":"https:\/\/www.africa-press.net\/niger\/culture-et-art\/au-niger-des-vacances-laborieuses-pour-certains-eleves#primaryimage"},"thumbnailUrl":"https:\/\/static.africa-press.net\/niger\/sites\/40\/2021\/08\/img-610c05ab4095e.jpg","keywords":["Africa Press","Africa Press-Niger","Niger"],"articleSection":["Culture et Art","homepage-french","Toutes les actualit\u00e9s"],"inLanguage":"fr-FR","potentialAction":[{"@type":"CommentAction","name":"Comment","target":["https:\/\/www.africa-press.net\/niger\/culture-et-art\/au-niger-des-vacances-laborieuses-pour-certains-eleves#respond"]}]},{"@type":"WebPage","@id":"https:\/\/www.africa-press.net\/niger\/culture-et-art\/au-niger-des-vacances-laborieuses-pour-certains-eleves","url":"https:\/\/www.africa-press.net\/niger\/culture-et-art\/au-niger-des-vacances-laborieuses-pour-certains-eleves","name":"des vacances laborieuses pour certains \u00e9l\u00e8ves - niger","isPartOf":{"@id":"https:\/\/www.africa-press.net\/niger\/#website"},"primaryImageOfPage":{"@id":"https:\/\/www.africa-press.net\/niger\/culture-et-art\/au-niger-des-vacances-laborieuses-pour-certains-eleves#primaryimage"},"image":{"@id":"https:\/\/www.africa-press.net\/niger\/culture-et-art\/au-niger-des-vacances-laborieuses-pour-certains-eleves#primaryimage"},"thumbnailUrl":"https:\/\/static.africa-press.net\/niger\/sites\/40\/2021\/08\/img-610c05ab4095e.jpg","datePublished":"2021-08-05T16:52:29+00:00","dateModified":"2021-08-05T20:06:47+00:00","author":{"@id":"https:\/\/www.africa-press.net\/niger\/#\/schema\/person\/2b1cf3cd81a31e3cd26889ca66d677f1"},"description":"Pendant ces grandes vacances, de juin \u00e0 septembre, beaucoup d\u2019\u00e9l\u00e8ves de la ville de Niamey, au lieu de rester oisifs, ch ...","breadcrumb":{"@id":"https:\/\/www.africa-press.net\/niger\/culture-et-art\/au-niger-des-vacances-laborieuses-pour-certains-eleves#breadcrumb"},"inLanguage":"fr-FR","potentialAction":[{"@type":"ReadAction","target":["https:\/\/www.africa-press.net\/niger\/culture-et-art\/au-niger-des-vacances-laborieuses-pour-certains-eleves"]}]},{"@type":"ImageObject","inLanguage":"fr-FR","@id":"https:\/\/www.africa-press.net\/niger\/culture-et-art\/au-niger-des-vacances-laborieuses-pour-certains-eleves#primaryimage","url":"https:\/\/static.africa-press.net\/niger\/sites\/40\/2021\/08\/img-610c05ab4095e.jpg","contentUrl":"https:\/\/static.africa-press.net\/niger\/sites\/40\/2021\/08\/img-610c05ab4095e.jpg","width":800,"height":450,"caption":"Au Niger, des vacances laborieuses pour certains \u00e9l\u00e8ves"},{"@type":"BreadcrumbList","@id":"https:\/\/www.africa-press.net\/niger\/culture-et-art\/au-niger-des-vacances-laborieuses-pour-certains-eleves#breadcrumb","itemListElement":[{"@type":"ListItem","position":1,"name":"Accueil","item":"https:\/\/www.africa-press.net\/niger\/"},{"@type":"ListItem","position":2,"name":"des vacances laborieuses pour certains \u00e9l\u00e8ves"}]},{"@type":"WebSite","@id":"https:\/\/www.africa-press.net\/niger\/#website","url":"https:\/\/www.africa-press.net\/niger\/","name":"niger","description":"Just another Africa News Agency Sites site","potentialAction":[{"@type":"SearchAction","target":{"@type":"EntryPoint","urlTemplate":"https:\/\/www.africa-press.net\/niger\/?s={search_term_string}"},"query-input":{"@type":"PropertyValueSpecification","valueRequired":true,"valueName":"search_term_string"}}],"inLanguage":"fr-FR"},{"@type":"Person","@id":"https:\/\/www.africa-press.net\/niger\/#\/schema\/person\/2b1cf3cd81a31e3cd26889ca66d677f1","name":"cfeditorfr"}]}},"_links":{"self":[{"href":"https:\/\/www.africa-press.net\/niger\/wp-json\/wp\/v2\/posts\/9648","targetHints":{"allow":["GET"]}}],"collection":[{"href":"https:\/\/www.africa-press.net\/niger\/wp-json\/wp\/v2\/posts"}],"about":[{"href":"https:\/\/www.africa-press.net\/niger\/wp-json\/wp\/v2\/types\/post"}],"author":[{"embeddable":true,"href":"https:\/\/www.africa-press.net\/niger\/wp-json\/wp\/v2\/users\/82"}],"replies":[{"embeddable":true,"href":"https:\/\/www.africa-press.net\/niger\/wp-json\/wp\/v2\/comments?post=9648"}],"version-history":[{"count":0,"href":"https:\/\/www.africa-press.net\/niger\/wp-json\/wp\/v2\/posts\/9648\/revisions"}],"wp:featuredmedia":[{"embeddable":true,"href":"https:\/\/www.africa-press.net\/niger\/wp-json\/wp\/v2\/media\/9647"}],"wp:attachment":[{"href":"https:\/\/www.africa-press.net\/niger\/wp-json\/wp\/v2\/media?parent=9648"}],"wp:term":[{"taxonomy":"category","embeddable":true,"href":"https:\/\/www.africa-press.net\/niger\/wp-json\/wp\/v2\/categories?post=9648"},{"taxonomy":"post_tag","embeddable":true,"href":"https:\/\/www.africa-press.net\/niger\/wp-json\/wp\/v2\/tags?post=9648"}],"curies":[{"name":"wp","href":"https:\/\/api.w.org\/{rel}","templated":true}]}}