{"id":9654,"date":"2021-08-05T17:07:00","date_gmt":"2021-08-05T17:07:00","guid":{"rendered":"https:\/\/www.africa-press.net\/niger\/?p=9654"},"modified":"2021-08-05T20:07:00","modified_gmt":"2021-08-05T20:07:00","slug":"rencontre-entre-le-ministre-des-affaires-etrangeres-du-niger-et-la-sous-secretaire-detat-americaine-chargee-des-affaires-politiques","status":"publish","type":"post","link":"https:\/\/www.africa-press.net\/niger\/politique\/rencontre-entre-le-ministre-des-affaires-etrangeres-du-niger-et-la-sous-secretaire-detat-americaine-chargee-des-affaires-politiques","title":{"rendered":"Rencontre entre le Ministre des Affaires Etrang\u00e8res du Niger et la sous-secr\u00e9taire d\u2019Etat am\u00e9ricaine, charg\u00e9e des Affaires politiques"},"content":{"rendered":"<p><span style=\"color: #ff6600\"><strong><a href=\"https:\/\/www.africa-press.net\/\">Africa-Press<\/a> &#8211; <a href=\"https:\/\/www.africa-press.net\/niger\">Niger<\/a>.\u00a0 <\/strong><\/span>Le Ministre des Affaires Etrang\u00e8res, M. Massaoudou Hassoumi a rencontr\u00e9, ce jeudi 05 Ao\u00fbt 2021 dans la matin\u00e9e, Mme Victoria Nuland, Sous-secr\u00e9taire d\u2019Etat am\u00e9ricaine, charg\u00e9e des Affaires politiques en pr\u00e9sence de l\u2019Ambassadeur des USA au Niger, M. Eric .P. Whitaker.<\/p>\n<p>Cette rencontre entre dans le cadre d\u2019une tourn\u00e9e qu\u2019effectue Mme Victoria Nuland dans quatre (4) pays Africains, \u00e0 savoir l\u2019Afrique du Sud, le Botswana, la Tanzanie et le Niger.<\/p>\n<p>Le centre m\u00e9diatique de Johannesburg du d\u00e9partement d\u2019Etat des Etats-Unis l\u2019accueillera pour un point de presse num\u00e9rique, ce jeudi 05 Ao\u00fbt 2021, pour discuter des activit\u00e9s et des r\u00e9sultats de son d\u00e9placement.<\/p>\n<p>Notons qu\u2019aucune communication n\u2019a \u00e9t\u00e9 faite \u00e0 l\u2019issue de cette rencontre avec le Ministre des affaires \u00e9trang\u00e8res du Niger.<\/p>\n<p>Les USA sont un partenaire strat\u00e9gique du Niger dans de nombreux domaines comme la politique, le d\u00e9veloppement et surtout sur les questions s\u00e9curitaires, rappelle-t-on.<\/p>\n","protected":false},"excerpt":{"rendered":"<p>Africa-Press &#8211; Niger.\u00a0 Le Ministre des Affaires Etrang\u00e8res, M. Massaoudou Hassoumi a rencontr\u00e9, ce jeudi 05 Ao\u00fbt 2021 dans la matin\u00e9e, Mme Victoria Nuland, Sous-secr\u00e9taire d\u2019Etat am\u00e9ricaine, charg\u00e9e des Affaires politiques en pr\u00e9sence de l\u2019Ambassadeur des USA au Niger, M. Eric .P. Whitaker. Cette rencontre entre dans le cadre d\u2019une tourn\u00e9e qu\u2019effectue Mme Victoria Nuland [&hellip;]<\/p>\n","protected":false},"author":82,"featured_media":9653,"comment_status":"open","ping_status":"closed","sticky":false,"template":"","format":"standard","meta":{"footnotes":""},"categories":[11,2,20,10],"tags":[55,60,29],"class_list":["post-9654","post","type-post","status-publish","format-standard","has-post-thumbnail","hentry","category-homepage-french","category-politique","category-top-nouvelles","category-toutes-les-actualites","tag-africa-press","tag-africa-press-niger","tag-niger"],"yoast_head":"<!-- This site is optimized with the Yoast SEO Premium plugin v26.1 (Yoast SEO v27.0) - https:\/\/yoast.com\/product\/yoast-seo-premium-wordpress\/ -->\n<title>Rencontre entre le Ministre des Affaires Etrang\u00e8res du Niger et la sous-secr\u00e9taire d\u2019Etat am\u00e9ricaine, charg\u00e9e des Affaires politiques - niger<\/title>\n<meta name=\"description\" content=\", 05 Ao\u00fbt(ANP)- Le Ministre des Affaires Etrang\u00e8res, M. Massaoudou Hassoumi a rencontr\u00e9, ce jeudi 05 Ao\u00fbt 2021 dans la m ...\" \/>\n<meta name=\"robots\" content=\"index, follow, max-snippet:-1, max-image-preview:large, max-video-preview:-1\" \/>\n<link rel=\"canonical\" href=\"https:\/\/www.africa-press.net\/niger\/politique\/rencontre-entre-le-ministre-des-affaires-etrangeres-du-niger-et-la-sous-secretaire-detat-americaine-chargee-des-affaires-politiques\" \/>\n<meta property=\"og:locale\" content=\"fr_FR\" \/>\n<meta property=\"og:type\" content=\"article\" \/>\n<meta property=\"og:title\" content=\"Rencontre entre le Ministre des Affaires Etrang\u00e8res du Niger et la sous-secr\u00e9taire d\u2019Etat am\u00e9ricaine, charg\u00e9e des Affaires politiques\" \/>\n<meta property=\"og:description\" content=\", 05 Ao\u00fbt(ANP)- Le Ministre des Affaires Etrang\u00e8res, M. Massaoudou Hassoumi a rencontr\u00e9, ce jeudi 05 Ao\u00fbt 2021 dans la m ...\" \/>\n<meta property=\"og:url\" content=\"https:\/\/www.africa-press.net\/niger\/politique\/rencontre-entre-le-ministre-des-affaires-etrangeres-du-niger-et-la-sous-secretaire-detat-americaine-chargee-des-affaires-politiques\" \/>\n<meta property=\"og:site_name\" content=\"niger\" \/>\n<meta property=\"article:published_time\" content=\"2021-08-05T17:07:00+00:00\" \/>\n<meta property=\"article:modified_time\" content=\"2021-08-05T20:07:00+00:00\" \/>\n<meta property=\"og:image\" content=\"https:\/\/static.africa-press.net\/niger\/sites\/40\/2021\/08\/img-610c060646d89.jpg\" \/>\n\t<meta property=\"og:image:width\" content=\"1920\" \/>\n\t<meta property=\"og:image:height\" content=\"1280\" \/>\n\t<meta property=\"og:image:type\" content=\"image\/jpeg\" \/>\n<meta name=\"author\" content=\"cfeditorfr\" \/>\n<meta name=\"twitter:card\" content=\"summary_large_image\" \/>\n<meta name=\"twitter:label1\" content=\"\u00c9crit par\" \/>\n\t<meta name=\"twitter:data1\" content=\"cfeditorfr\" \/>\n\t<meta name=\"twitter:label2\" content=\"Dur\u00e9e de lecture estim\u00e9e\" \/>\n\t<meta name=\"twitter:data2\" content=\"1 minute\" \/>\n<script type=\"application\/ld+json\" class=\"yoast-schema-graph\">{\"@context\":\"https:\/\/schema.org\",\"@graph\":[{\"@type\":\"Article\",\"@id\":\"https:\/\/www.africa-press.net\/niger\/politique\/rencontre-entre-le-ministre-des-affaires-etrangeres-du-niger-et-la-sous-secretaire-detat-americaine-chargee-des-affaires-politiques#article\",\"isPartOf\":{\"@id\":\"https:\/\/www.africa-press.net\/niger\/politique\/rencontre-entre-le-ministre-des-affaires-etrangeres-du-niger-et-la-sous-secretaire-detat-americaine-chargee-des-affaires-politiques\"},\"author\":{\"name\":\"cfeditorfr\",\"@id\":\"https:\/\/www.africa-press.net\/niger\/#\/schema\/person\/2b1cf3cd81a31e3cd26889ca66d677f1\"},\"headline\":\"Rencontre entre le Ministre des Affaires Etrang\u00e8res du Niger et la sous-secr\u00e9taire d\u2019Etat am\u00e9ricaine, charg\u00e9e des Affaires politiques\",\"datePublished\":\"2021-08-05T17:07:00+00:00\",\"dateModified\":\"2021-08-05T20:07:00+00:00\",\"mainEntityOfPage\":{\"@id\":\"https:\/\/www.africa-press.net\/niger\/politique\/rencontre-entre-le-ministre-des-affaires-etrangeres-du-niger-et-la-sous-secretaire-detat-americaine-chargee-des-affaires-politiques\"},\"wordCount\":192,\"commentCount\":0,\"image\":{\"@id\":\"https:\/\/www.africa-press.net\/niger\/politique\/rencontre-entre-le-ministre-des-affaires-etrangeres-du-niger-et-la-sous-secretaire-detat-americaine-chargee-des-affaires-politiques#primaryimage\"},\"thumbnailUrl\":\"https:\/\/static.africa-press.net\/niger\/sites\/40\/2021\/08\/img-610c060646d89.jpg\",\"keywords\":[\"Africa Press\",\"Africa Press-Niger\",\"Niger\"],\"articleSection\":[\"homepage-french\",\"Politique\",\"Top Nouvelles\",\"Toutes les actualit\u00e9s\"],\"inLanguage\":\"fr-FR\",\"potentialAction\":[{\"@type\":\"CommentAction\",\"name\":\"Comment\",\"target\":[\"https:\/\/www.africa-press.net\/niger\/politique\/rencontre-entre-le-ministre-des-affaires-etrangeres-du-niger-et-la-sous-secretaire-detat-americaine-chargee-des-affaires-politiques#respond\"]}]},{\"@type\":\"WebPage\",\"@id\":\"https:\/\/www.africa-press.net\/niger\/politique\/rencontre-entre-le-ministre-des-affaires-etrangeres-du-niger-et-la-sous-secretaire-detat-americaine-chargee-des-affaires-politiques\",\"url\":\"https:\/\/www.africa-press.net\/niger\/politique\/rencontre-entre-le-ministre-des-affaires-etrangeres-du-niger-et-la-sous-secretaire-detat-americaine-chargee-des-affaires-politiques\",\"name\":\"Rencontre entre le Ministre des Affaires Etrang\u00e8res du Niger et la sous-secr\u00e9taire d\u2019Etat am\u00e9ricaine, charg\u00e9e des Affaires politiques - niger\",\"isPartOf\":{\"@id\":\"https:\/\/www.africa-press.net\/niger\/#website\"},\"primaryImageOfPage\":{\"@id\":\"https:\/\/www.africa-press.net\/niger\/politique\/rencontre-entre-le-ministre-des-affaires-etrangeres-du-niger-et-la-sous-secretaire-detat-americaine-chargee-des-affaires-politiques#primaryimage\"},\"image\":{\"@id\":\"https:\/\/www.africa-press.net\/niger\/politique\/rencontre-entre-le-ministre-des-affaires-etrangeres-du-niger-et-la-sous-secretaire-detat-americaine-chargee-des-affaires-politiques#primaryimage\"},\"thumbnailUrl\":\"https:\/\/static.africa-press.net\/niger\/sites\/40\/2021\/08\/img-610c060646d89.jpg\",\"datePublished\":\"2021-08-05T17:07:00+00:00\",\"dateModified\":\"2021-08-05T20:07:00+00:00\",\"author\":{\"@id\":\"https:\/\/www.africa-press.net\/niger\/#\/schema\/person\/2b1cf3cd81a31e3cd26889ca66d677f1\"},\"description\":\", 05 Ao\u00fbt(ANP)- Le Ministre des Affaires Etrang\u00e8res, M. Massaoudou Hassoumi a rencontr\u00e9, ce jeudi 05 Ao\u00fbt 2021 dans la m ...\",\"breadcrumb\":{\"@id\":\"https:\/\/www.africa-press.net\/niger\/politique\/rencontre-entre-le-ministre-des-affaires-etrangeres-du-niger-et-la-sous-secretaire-detat-americaine-chargee-des-affaires-politiques#breadcrumb\"},\"inLanguage\":\"fr-FR\",\"potentialAction\":[{\"@type\":\"ReadAction\",\"target\":[\"https:\/\/www.africa-press.net\/niger\/politique\/rencontre-entre-le-ministre-des-affaires-etrangeres-du-niger-et-la-sous-secretaire-detat-americaine-chargee-des-affaires-politiques\"]}]},{\"@type\":\"ImageObject\",\"inLanguage\":\"fr-FR\",\"@id\":\"https:\/\/www.africa-press.net\/niger\/politique\/rencontre-entre-le-ministre-des-affaires-etrangeres-du-niger-et-la-sous-secretaire-detat-americaine-chargee-des-affaires-politiques#primaryimage\",\"url\":\"https:\/\/static.africa-press.net\/niger\/sites\/40\/2021\/08\/img-610c060646d89.jpg\",\"contentUrl\":\"https:\/\/static.africa-press.net\/niger\/sites\/40\/2021\/08\/img-610c060646d89.jpg\",\"width\":1920,\"height\":1280,\"caption\":\"Rencontre entre le Ministre des Affaires Etrang\u00e8res du Niger et la sous-secr\u00e9taire d\u2019Etat am\u00e9ricaine, charg\u00e9e des Affaires politiques\"},{\"@type\":\"BreadcrumbList\",\"@id\":\"https:\/\/www.africa-press.net\/niger\/politique\/rencontre-entre-le-ministre-des-affaires-etrangeres-du-niger-et-la-sous-secretaire-detat-americaine-chargee-des-affaires-politiques#breadcrumb\",\"itemListElement\":[{\"@type\":\"ListItem\",\"position\":1,\"name\":\"Accueil\",\"item\":\"https:\/\/www.africa-press.net\/niger\/\"},{\"@type\":\"ListItem\",\"position\":2,\"name\":\"Rencontre entre le Ministre des Affaires Etrang\u00e8res du Niger et la sous-secr\u00e9taire d\u2019Etat am\u00e9ricaine, charg\u00e9e des Affaires politiques\"}]},{\"@type\":\"WebSite\",\"@id\":\"https:\/\/www.africa-press.net\/niger\/#website\",\"url\":\"https:\/\/www.africa-press.net\/niger\/\",\"name\":\"niger\",\"description\":\"Just another Africa News Agency Sites site\",\"potentialAction\":[{\"@type\":\"SearchAction\",\"target\":{\"@type\":\"EntryPoint\",\"urlTemplate\":\"https:\/\/www.africa-press.net\/niger\/?s={search_term_string}\"},\"query-input\":{\"@type\":\"PropertyValueSpecification\",\"valueRequired\":true,\"valueName\":\"search_term_string\"}}],\"inLanguage\":\"fr-FR\"},{\"@type\":\"Person\",\"@id\":\"https:\/\/www.africa-press.net\/niger\/#\/schema\/person\/2b1cf3cd81a31e3cd26889ca66d677f1\",\"name\":\"cfeditorfr\"}]}<\/script>\n<!-- \/ Yoast SEO Premium plugin. -->","yoast_head_json":{"title":"Rencontre entre le Ministre des Affaires Etrang\u00e8res du Niger et la sous-secr\u00e9taire d\u2019Etat am\u00e9ricaine, charg\u00e9e des Affaires politiques - niger","description":", 05 Ao\u00fbt(ANP)- Le Ministre des Affaires Etrang\u00e8res, M. Massaoudou Hassoumi a rencontr\u00e9, ce jeudi 05 Ao\u00fbt 2021 dans la m ...","robots":{"index":"index","follow":"follow","max-snippet":"max-snippet:-1","max-image-preview":"max-image-preview:large","max-video-preview":"max-video-preview:-1"},"canonical":"https:\/\/www.africa-press.net\/niger\/politique\/rencontre-entre-le-ministre-des-affaires-etrangeres-du-niger-et-la-sous-secretaire-detat-americaine-chargee-des-affaires-politiques","og_locale":"fr_FR","og_type":"article","og_title":"Rencontre entre le Ministre des Affaires Etrang\u00e8res du Niger et la sous-secr\u00e9taire d\u2019Etat am\u00e9ricaine, charg\u00e9e des Affaires politiques","og_description":", 05 Ao\u00fbt(ANP)- Le Ministre des Affaires Etrang\u00e8res, M. Massaoudou Hassoumi a rencontr\u00e9, ce jeudi 05 Ao\u00fbt 2021 dans la m ...","og_url":"https:\/\/www.africa-press.net\/niger\/politique\/rencontre-entre-le-ministre-des-affaires-etrangeres-du-niger-et-la-sous-secretaire-detat-americaine-chargee-des-affaires-politiques","og_site_name":"niger","article_published_time":"2021-08-05T17:07:00+00:00","article_modified_time":"2021-08-05T20:07:00+00:00","og_image":[{"width":1920,"height":1280,"url":"https:\/\/static.africa-press.net\/niger\/sites\/40\/2021\/08\/img-610c060646d89.jpg","type":"image\/jpeg"}],"author":"cfeditorfr","twitter_card":"summary_large_image","twitter_misc":{"\u00c9crit par":"cfeditorfr","Dur\u00e9e de lecture estim\u00e9e":"1 minute"},"schema":{"@context":"https:\/\/schema.org","@graph":[{"@type":"Article","@id":"https:\/\/www.africa-press.net\/niger\/politique\/rencontre-entre-le-ministre-des-affaires-etrangeres-du-niger-et-la-sous-secretaire-detat-americaine-chargee-des-affaires-politiques#article","isPartOf":{"@id":"https:\/\/www.africa-press.net\/niger\/politique\/rencontre-entre-le-ministre-des-affaires-etrangeres-du-niger-et-la-sous-secretaire-detat-americaine-chargee-des-affaires-politiques"},"author":{"name":"cfeditorfr","@id":"https:\/\/www.africa-press.net\/niger\/#\/schema\/person\/2b1cf3cd81a31e3cd26889ca66d677f1"},"headline":"Rencontre entre le Ministre des Affaires Etrang\u00e8res du Niger et la sous-secr\u00e9taire d\u2019Etat am\u00e9ricaine, charg\u00e9e des Affaires politiques","datePublished":"2021-08-05T17:07:00+00:00","dateModified":"2021-08-05T20:07:00+00:00","mainEntityOfPage":{"@id":"https:\/\/www.africa-press.net\/niger\/politique\/rencontre-entre-le-ministre-des-affaires-etrangeres-du-niger-et-la-sous-secretaire-detat-americaine-chargee-des-affaires-politiques"},"wordCount":192,"commentCount":0,"image":{"@id":"https:\/\/www.africa-press.net\/niger\/politique\/rencontre-entre-le-ministre-des-affaires-etrangeres-du-niger-et-la-sous-secretaire-detat-americaine-chargee-des-affaires-politiques#primaryimage"},"thumbnailUrl":"https:\/\/static.africa-press.net\/niger\/sites\/40\/2021\/08\/img-610c060646d89.jpg","keywords":["Africa Press","Africa Press-Niger","Niger"],"articleSection":["homepage-french","Politique","Top Nouvelles","Toutes les actualit\u00e9s"],"inLanguage":"fr-FR","potentialAction":[{"@type":"CommentAction","name":"Comment","target":["https:\/\/www.africa-press.net\/niger\/politique\/rencontre-entre-le-ministre-des-affaires-etrangeres-du-niger-et-la-sous-secretaire-detat-americaine-chargee-des-affaires-politiques#respond"]}]},{"@type":"WebPage","@id":"https:\/\/www.africa-press.net\/niger\/politique\/rencontre-entre-le-ministre-des-affaires-etrangeres-du-niger-et-la-sous-secretaire-detat-americaine-chargee-des-affaires-politiques","url":"https:\/\/www.africa-press.net\/niger\/politique\/rencontre-entre-le-ministre-des-affaires-etrangeres-du-niger-et-la-sous-secretaire-detat-americaine-chargee-des-affaires-politiques","name":"Rencontre entre le Ministre des Affaires Etrang\u00e8res du Niger et la sous-secr\u00e9taire d\u2019Etat am\u00e9ricaine, charg\u00e9e des Affaires politiques - niger","isPartOf":{"@id":"https:\/\/www.africa-press.net\/niger\/#website"},"primaryImageOfPage":{"@id":"https:\/\/www.africa-press.net\/niger\/politique\/rencontre-entre-le-ministre-des-affaires-etrangeres-du-niger-et-la-sous-secretaire-detat-americaine-chargee-des-affaires-politiques#primaryimage"},"image":{"@id":"https:\/\/www.africa-press.net\/niger\/politique\/rencontre-entre-le-ministre-des-affaires-etrangeres-du-niger-et-la-sous-secretaire-detat-americaine-chargee-des-affaires-politiques#primaryimage"},"thumbnailUrl":"https:\/\/static.africa-press.net\/niger\/sites\/40\/2021\/08\/img-610c060646d89.jpg","datePublished":"2021-08-05T17:07:00+00:00","dateModified":"2021-08-05T20:07:00+00:00","author":{"@id":"https:\/\/www.africa-press.net\/niger\/#\/schema\/person\/2b1cf3cd81a31e3cd26889ca66d677f1"},"description":", 05 Ao\u00fbt(ANP)- Le Ministre des Affaires Etrang\u00e8res, M. Massaoudou Hassoumi a rencontr\u00e9, ce jeudi 05 Ao\u00fbt 2021 dans la m ...","breadcrumb":{"@id":"https:\/\/www.africa-press.net\/niger\/politique\/rencontre-entre-le-ministre-des-affaires-etrangeres-du-niger-et-la-sous-secretaire-detat-americaine-chargee-des-affaires-politiques#breadcrumb"},"inLanguage":"fr-FR","potentialAction":[{"@type":"ReadAction","target":["https:\/\/www.africa-press.net\/niger\/politique\/rencontre-entre-le-ministre-des-affaires-etrangeres-du-niger-et-la-sous-secretaire-detat-americaine-chargee-des-affaires-politiques"]}]},{"@type":"ImageObject","inLanguage":"fr-FR","@id":"https:\/\/www.africa-press.net\/niger\/politique\/rencontre-entre-le-ministre-des-affaires-etrangeres-du-niger-et-la-sous-secretaire-detat-americaine-chargee-des-affaires-politiques#primaryimage","url":"https:\/\/static.africa-press.net\/niger\/sites\/40\/2021\/08\/img-610c060646d89.jpg","contentUrl":"https:\/\/static.africa-press.net\/niger\/sites\/40\/2021\/08\/img-610c060646d89.jpg","width":1920,"height":1280,"caption":"Rencontre entre le Ministre des Affaires Etrang\u00e8res du Niger et la sous-secr\u00e9taire d\u2019Etat am\u00e9ricaine, charg\u00e9e des Affaires politiques"},{"@type":"BreadcrumbList","@id":"https:\/\/www.africa-press.net\/niger\/politique\/rencontre-entre-le-ministre-des-affaires-etrangeres-du-niger-et-la-sous-secretaire-detat-americaine-chargee-des-affaires-politiques#breadcrumb","itemListElement":[{"@type":"ListItem","position":1,"name":"Accueil","item":"https:\/\/www.africa-press.net\/niger\/"},{"@type":"ListItem","position":2,"name":"Rencontre entre le Ministre des Affaires Etrang\u00e8res du Niger et la sous-secr\u00e9taire d\u2019Etat am\u00e9ricaine, charg\u00e9e des Affaires politiques"}]},{"@type":"WebSite","@id":"https:\/\/www.africa-press.net\/niger\/#website","url":"https:\/\/www.africa-press.net\/niger\/","name":"niger","description":"Just another Africa News Agency Sites site","potentialAction":[{"@type":"SearchAction","target":{"@type":"EntryPoint","urlTemplate":"https:\/\/www.africa-press.net\/niger\/?s={search_term_string}"},"query-input":{"@type":"PropertyValueSpecification","valueRequired":true,"valueName":"search_term_string"}}],"inLanguage":"fr-FR"},{"@type":"Person","@id":"https:\/\/www.africa-press.net\/niger\/#\/schema\/person\/2b1cf3cd81a31e3cd26889ca66d677f1","name":"cfeditorfr"}]}},"_links":{"self":[{"href":"https:\/\/www.africa-press.net\/niger\/wp-json\/wp\/v2\/posts\/9654","targetHints":{"allow":["GET"]}}],"collection":[{"href":"https:\/\/www.africa-press.net\/niger\/wp-json\/wp\/v2\/posts"}],"about":[{"href":"https:\/\/www.africa-press.net\/niger\/wp-json\/wp\/v2\/types\/post"}],"author":[{"embeddable":true,"href":"https:\/\/www.africa-press.net\/niger\/wp-json\/wp\/v2\/users\/82"}],"replies":[{"embeddable":true,"href":"https:\/\/www.africa-press.net\/niger\/wp-json\/wp\/v2\/comments?post=9654"}],"version-history":[{"count":0,"href":"https:\/\/www.africa-press.net\/niger\/wp-json\/wp\/v2\/posts\/9654\/revisions"}],"wp:featuredmedia":[{"embeddable":true,"href":"https:\/\/www.africa-press.net\/niger\/wp-json\/wp\/v2\/media\/9653"}],"wp:attachment":[{"href":"https:\/\/www.africa-press.net\/niger\/wp-json\/wp\/v2\/media?parent=9654"}],"wp:term":[{"taxonomy":"category","embeddable":true,"href":"https:\/\/www.africa-press.net\/niger\/wp-json\/wp\/v2\/categories?post=9654"},{"taxonomy":"post_tag","embeddable":true,"href":"https:\/\/www.africa-press.net\/niger\/wp-json\/wp\/v2\/tags?post=9654"}],"curies":[{"name":"wp","href":"https:\/\/api.w.org\/{rel}","templated":true}]}}