{"id":9682,"date":"2021-08-06T10:59:23","date_gmt":"2021-08-06T10:59:23","guid":{"rendered":"https:\/\/www.africa-press.net\/niger\/?p=9682"},"modified":"2021-08-06T19:01:02","modified_gmt":"2021-08-06T19:01:02","slug":"le-president-bazoum-recoit-la-sous-secretaire-detat-americaine-chargee-des-affaires-politiques","status":"publish","type":"post","link":"https:\/\/www.africa-press.net\/niger\/politique\/le-president-bazoum-recoit-la-sous-secretaire-detat-americaine-chargee-des-affaires-politiques","title":{"rendered":"Le Pr\u00e9sident Bazoum re\u00e7oit la sous-secr\u00e9taire d\u2019Etat am\u00e9ricaine,\u00a0\u00a0charg\u00e9e des affaires politiques"},"content":{"rendered":"<p><span style=\"color: #ff6600\"><strong><a href=\"https:\/\/www.africa-press.net\/\">Africa-Press<\/a> &#8211; <a href=\"https:\/\/www.africa-press.net\/niger\">Niger<\/a>. <\/strong><\/span>Le Pr\u00e9sident de la R\u00e9publique du Niger, M. Mohamed Bazoum s\u2019est entretenu, ce jeudi 5 Ao\u00fbt 2021 en d\u00e9but d\u2019apr\u00e8s-midi, avec la sous-secr\u00e9taire d\u2019Etat am\u00e9ricaine, charg\u00e9e des affaires politiques, Mme l\u2019Ambassadrice Victoria Nuland.<\/p>\n<p>L\u2019audience s\u2019est d\u00e9roul\u00e9e en pr\u00e9sence notamment du Ministre d\u2019Etat, Ministre des affaires \u00e9trang\u00e8res et de la coop\u00e9ration du Niger, Hassoumi Massoudou et de l\u2019Ambassadeur des Etats Unis d\u2019Am\u00e9rique au Niger, M. Eric Whitaker.<\/p>\n<p>Au terme des \u00e9changes, M. Hassoumi Massoudou s\u2019est r\u00e9joui de la visite de cette haute personnalit\u00e9 am\u00e9ricaine.<\/p>\n<p>\u2018\u2019Cette visite de haut niveau du Gouvernement am\u00e9ricain t\u00e9moigne de l\u2019excellence de nos relations, de la grande amiti\u00e9 entre nos deux pays depuis 1961. Cela fait exactement soixante (60) ans que nous avons des relations tr\u00e8s fortes avec les Etats Unis\u2019\u2019, s\u2019est f\u00e9licit\u00e9 le Ministre d\u2019Etat Massoudou.<\/p>\n<p>Le Chef de la diplomatie nig\u00e9rienne a indiqu\u00e9 que leur invit\u00e9e du jour a appr\u00e9ci\u00e9 que \u2018\u2019le Niger soit un pays d\u00e9mocratique dans un environnement extr\u00eamement difficile, assez d\u00e9favorable (\u2026), cela explique pourquoi dans son premier p\u00e9riple en Afrique, le Niger a \u00e9t\u00e9 une \u00e9tape importante\u2019\u2019.<\/p>\n<p>\u2018\u2019Cela prouve l\u2019int\u00e9r\u00eat que les Etats-Unis accordent \u00e0 l\u2019exp\u00e9rience d\u00e9mocratique nig\u00e9rienne dans un environnement marqu\u00e9 par le terrorisme\u2019\u2019, a insist\u00e9 le Ministre d\u2019Etat aux affaires \u00e9trang\u00e8res du Niger.<\/p>\n<p>Intervenant \u00e0 son tour, la diplomate am\u00e9ricaine a d\u00e9clar\u00e9 \u00eatre venue au Niger \u2018\u2019pour renforcer les relations de coop\u00e9ration, d\u00e9j\u00e0 excellentes, entre les Etats Unis d\u2019Am\u00e9rique et le Niger, notamment sur le plan de la s\u00e9curit\u00e9\u2019\u2019 o\u00f9 l\u2019arm\u00e9e am\u00e9ricaine est \u2018\u2019tr\u00e8s active\u2019\u2019 au Niger et aussi sur le plan de l\u2019\u00e9conomie.<\/p>\n<p>Au sujet de ce dernier point, Mme Nuland a rappel\u00e9 que son pays finance plusieurs projets et programmes au Niger, notamment le Millenium Challenge Corporation (MCC) et le Millenium Challenge Account (MCA).<\/p>\n<p>\u2018\u2019Nous voulons aller au-del\u00e0 de ce que nous faisons d\u00e9j\u00e0, principalement dans le domaine de l\u2019agriculture et explorer d\u2019autres secteurs, comme celui de l\u2019\u00e9nergie et l\u2019\u00e9ducation, notamment l\u2019\u00e9ducation de la jeune fille\u2019\u2019, a laiss\u00e9 entendre la haute fonctionnaire am\u00e9ricaine.<\/p>\n<p>Cette visite de Mme Victoria Nuland au Niger constitue la derni\u00e8re \u00e9tape d\u2019un long p\u00e9riple africain qu\u2019elle a entam\u00e9 depuis le 31 juillet 2021, lequel p\u00e9riple l\u2019a d\u2019abord conduite en Afrique du Sud, puis au Botswana, ensuite en Tanzanie et enfin au Niger.<\/p>\n<p>Selon l\u2019Ambassadeur Am\u00e9ricain \u00e0 Niamey, M. Eric Whitaker, Mme Victoria Nuland est \u2018\u2019l\u2019un des plus hauts diplomates am\u00e9ricains, en fait, le fonctionnaire le plus grad\u00e9 au D\u00e9partement d\u2019Etat des Etats-Unis, apr\u00e8s le Secr\u00e9taire Blinken et ses adjoints\u2019\u2019.<\/p>\n<p>La diplomate qui comptabilise \u00e0 ce jour 32 ans de carri\u00e8re est, selon toujours Eric Whitaker, \u2018\u2019le premier cadre de l\u2019administration Biden-Harris \u00e0 visiter l\u2019Afrique subsaharienne, et le Niger est sa derni\u00e8re \u00e9tape sur le continent\u2019\u2019.<\/p>\n<p>\u2018\u2019Elle a choisi de visiter le Niger et de rencontrer le Pr\u00e9sident Bazoum et le Ministre Massaoudou car le Niger est un partenaire et un alli\u00e9 important, un pays ami qui compte pour les Etats-Unis\u2019\u2019, a-t-il conclu.<\/p>\n","protected":false},"excerpt":{"rendered":"<p>Africa-Press &#8211; Niger. Le Pr\u00e9sident de la R\u00e9publique du Niger, M. Mohamed Bazoum s\u2019est entretenu, ce jeudi 5 Ao\u00fbt 2021 en d\u00e9but d\u2019apr\u00e8s-midi, avec la sous-secr\u00e9taire d\u2019Etat am\u00e9ricaine, charg\u00e9e des affaires politiques, Mme l\u2019Ambassadrice Victoria Nuland. L\u2019audience s\u2019est d\u00e9roul\u00e9e en pr\u00e9sence notamment du Ministre d\u2019Etat, Ministre des affaires \u00e9trang\u00e8res et de la coop\u00e9ration du Niger, [&hellip;]<\/p>\n","protected":false},"author":82,"featured_media":9681,"comment_status":"open","ping_status":"closed","sticky":false,"template":"","format":"standard","meta":{"footnotes":""},"categories":[11,2,20,10],"tags":[55,60,29],"class_list":["post-9682","post","type-post","status-publish","format-standard","has-post-thumbnail","hentry","category-homepage-french","category-politique","category-top-nouvelles","category-toutes-les-actualites","tag-africa-press","tag-africa-press-niger","tag-niger"],"yoast_head":"<!-- This site is optimized with the Yoast SEO Premium plugin v26.1 (Yoast SEO v27.0) - https:\/\/yoast.com\/product\/yoast-seo-premium-wordpress\/ -->\n<title>Le Pr\u00e9sident Bazoum re\u00e7oit la sous-secr\u00e9taire d\u2019Etat am\u00e9ricaine,\u00a0\u00a0charg\u00e9e des affaires politiques - niger<\/title>\n<meta name=\"description\" content=\"Le Pr\u00e9sident de la R\u00e9publique du Niger, M. Mohamed Bazoum s\u2019est entretenu, ce jeudi 5 Ao\u00fbt 2021 en d\u00e9but d\u2019apr\u00e8s-midi, a ...\" \/>\n<meta name=\"robots\" content=\"index, follow, max-snippet:-1, max-image-preview:large, max-video-preview:-1\" \/>\n<link rel=\"canonical\" href=\"https:\/\/www.africa-press.net\/niger\/politique\/le-president-bazoum-recoit-la-sous-secretaire-detat-americaine-chargee-des-affaires-politiques\" \/>\n<meta property=\"og:locale\" content=\"fr_FR\" \/>\n<meta property=\"og:type\" content=\"article\" \/>\n<meta property=\"og:title\" content=\"Le Pr\u00e9sident Bazoum re\u00e7oit la sous-secr\u00e9taire d\u2019Etat am\u00e9ricaine,\u00a0\u00a0charg\u00e9e des affaires politiques\" \/>\n<meta property=\"og:description\" content=\"Le Pr\u00e9sident de la R\u00e9publique du Niger, M. Mohamed Bazoum s\u2019est entretenu, ce jeudi 5 Ao\u00fbt 2021 en d\u00e9but d\u2019apr\u00e8s-midi, a ...\" \/>\n<meta property=\"og:url\" content=\"https:\/\/www.africa-press.net\/niger\/politique\/le-president-bazoum-recoit-la-sous-secretaire-detat-americaine-chargee-des-affaires-politiques\" \/>\n<meta property=\"og:site_name\" content=\"niger\" \/>\n<meta property=\"article:published_time\" content=\"2021-08-06T10:59:23+00:00\" \/>\n<meta property=\"article:modified_time\" content=\"2021-08-06T19:01:02+00:00\" \/>\n<meta property=\"og:image\" content=\"https:\/\/static.africa-press.net\/niger\/sites\/40\/2021\/08\/img-610d13e1cd551.jpg\" \/>\n\t<meta property=\"og:image:width\" content=\"720\" \/>\n\t<meta property=\"og:image:height\" content=\"540\" \/>\n\t<meta property=\"og:image:type\" content=\"image\/jpeg\" \/>\n<meta name=\"author\" content=\"cfeditorfr\" \/>\n<meta name=\"twitter:card\" content=\"summary_large_image\" \/>\n<meta name=\"twitter:label1\" content=\"\u00c9crit par\" \/>\n\t<meta name=\"twitter:data1\" content=\"cfeditorfr\" \/>\n\t<meta name=\"twitter:label2\" content=\"Dur\u00e9e de lecture estim\u00e9e\" \/>\n\t<meta name=\"twitter:data2\" content=\"3 minutes\" \/>\n<script type=\"application\/ld+json\" class=\"yoast-schema-graph\">{\"@context\":\"https:\/\/schema.org\",\"@graph\":[{\"@type\":\"Article\",\"@id\":\"https:\/\/www.africa-press.net\/niger\/politique\/le-president-bazoum-recoit-la-sous-secretaire-detat-americaine-chargee-des-affaires-politiques#article\",\"isPartOf\":{\"@id\":\"https:\/\/www.africa-press.net\/niger\/politique\/le-president-bazoum-recoit-la-sous-secretaire-detat-americaine-chargee-des-affaires-politiques\"},\"author\":{\"name\":\"cfeditorfr\",\"@id\":\"https:\/\/www.africa-press.net\/niger\/#\/schema\/person\/2b1cf3cd81a31e3cd26889ca66d677f1\"},\"headline\":\"Le Pr\u00e9sident Bazoum re\u00e7oit la sous-secr\u00e9taire d\u2019Etat am\u00e9ricaine,\u00a0\u00a0charg\u00e9e des affaires politiques\",\"datePublished\":\"2021-08-06T10:59:23+00:00\",\"dateModified\":\"2021-08-06T19:01:02+00:00\",\"mainEntityOfPage\":{\"@id\":\"https:\/\/www.africa-press.net\/niger\/politique\/le-president-bazoum-recoit-la-sous-secretaire-detat-americaine-chargee-des-affaires-politiques\"},\"wordCount\":575,\"commentCount\":0,\"image\":{\"@id\":\"https:\/\/www.africa-press.net\/niger\/politique\/le-president-bazoum-recoit-la-sous-secretaire-detat-americaine-chargee-des-affaires-politiques#primaryimage\"},\"thumbnailUrl\":\"https:\/\/static.africa-press.net\/niger\/sites\/40\/2021\/08\/img-610d13e1cd551.jpg\",\"keywords\":[\"Africa Press\",\"Africa Press-Niger\",\"Niger\"],\"articleSection\":[\"homepage-french\",\"Politique\",\"Top Nouvelles\",\"Toutes les actualit\u00e9s\"],\"inLanguage\":\"fr-FR\",\"potentialAction\":[{\"@type\":\"CommentAction\",\"name\":\"Comment\",\"target\":[\"https:\/\/www.africa-press.net\/niger\/politique\/le-president-bazoum-recoit-la-sous-secretaire-detat-americaine-chargee-des-affaires-politiques#respond\"]}]},{\"@type\":\"WebPage\",\"@id\":\"https:\/\/www.africa-press.net\/niger\/politique\/le-president-bazoum-recoit-la-sous-secretaire-detat-americaine-chargee-des-affaires-politiques\",\"url\":\"https:\/\/www.africa-press.net\/niger\/politique\/le-president-bazoum-recoit-la-sous-secretaire-detat-americaine-chargee-des-affaires-politiques\",\"name\":\"Le Pr\u00e9sident Bazoum re\u00e7oit la sous-secr\u00e9taire d\u2019Etat am\u00e9ricaine,\u00a0\u00a0charg\u00e9e des affaires politiques - niger\",\"isPartOf\":{\"@id\":\"https:\/\/www.africa-press.net\/niger\/#website\"},\"primaryImageOfPage\":{\"@id\":\"https:\/\/www.africa-press.net\/niger\/politique\/le-president-bazoum-recoit-la-sous-secretaire-detat-americaine-chargee-des-affaires-politiques#primaryimage\"},\"image\":{\"@id\":\"https:\/\/www.africa-press.net\/niger\/politique\/le-president-bazoum-recoit-la-sous-secretaire-detat-americaine-chargee-des-affaires-politiques#primaryimage\"},\"thumbnailUrl\":\"https:\/\/static.africa-press.net\/niger\/sites\/40\/2021\/08\/img-610d13e1cd551.jpg\",\"datePublished\":\"2021-08-06T10:59:23+00:00\",\"dateModified\":\"2021-08-06T19:01:02+00:00\",\"author\":{\"@id\":\"https:\/\/www.africa-press.net\/niger\/#\/schema\/person\/2b1cf3cd81a31e3cd26889ca66d677f1\"},\"description\":\"Le Pr\u00e9sident de la R\u00e9publique du Niger, M. Mohamed Bazoum s\u2019est entretenu, ce jeudi 5 Ao\u00fbt 2021 en d\u00e9but d\u2019apr\u00e8s-midi, a ...\",\"breadcrumb\":{\"@id\":\"https:\/\/www.africa-press.net\/niger\/politique\/le-president-bazoum-recoit-la-sous-secretaire-detat-americaine-chargee-des-affaires-politiques#breadcrumb\"},\"inLanguage\":\"fr-FR\",\"potentialAction\":[{\"@type\":\"ReadAction\",\"target\":[\"https:\/\/www.africa-press.net\/niger\/politique\/le-president-bazoum-recoit-la-sous-secretaire-detat-americaine-chargee-des-affaires-politiques\"]}]},{\"@type\":\"ImageObject\",\"inLanguage\":\"fr-FR\",\"@id\":\"https:\/\/www.africa-press.net\/niger\/politique\/le-president-bazoum-recoit-la-sous-secretaire-detat-americaine-chargee-des-affaires-politiques#primaryimage\",\"url\":\"https:\/\/static.africa-press.net\/niger\/sites\/40\/2021\/08\/img-610d13e1cd551.jpg\",\"contentUrl\":\"https:\/\/static.africa-press.net\/niger\/sites\/40\/2021\/08\/img-610d13e1cd551.jpg\",\"width\":720,\"height\":540,\"caption\":\"Le Pr\u00e9sident Bazoum re\u00e7oit la sous-secr\u00e9taire d\u2019Etat am\u00e9ricaine,\u00a0\u00a0charg\u00e9e des affaires politiques\"},{\"@type\":\"BreadcrumbList\",\"@id\":\"https:\/\/www.africa-press.net\/niger\/politique\/le-president-bazoum-recoit-la-sous-secretaire-detat-americaine-chargee-des-affaires-politiques#breadcrumb\",\"itemListElement\":[{\"@type\":\"ListItem\",\"position\":1,\"name\":\"Accueil\",\"item\":\"https:\/\/www.africa-press.net\/niger\/\"},{\"@type\":\"ListItem\",\"position\":2,\"name\":\"Le Pr\u00e9sident Bazoum re\u00e7oit la sous-secr\u00e9taire d\u2019Etat am\u00e9ricaine,\u00a0\u00a0charg\u00e9e des affaires politiques\"}]},{\"@type\":\"WebSite\",\"@id\":\"https:\/\/www.africa-press.net\/niger\/#website\",\"url\":\"https:\/\/www.africa-press.net\/niger\/\",\"name\":\"niger\",\"description\":\"Just another Africa News Agency Sites site\",\"potentialAction\":[{\"@type\":\"SearchAction\",\"target\":{\"@type\":\"EntryPoint\",\"urlTemplate\":\"https:\/\/www.africa-press.net\/niger\/?s={search_term_string}\"},\"query-input\":{\"@type\":\"PropertyValueSpecification\",\"valueRequired\":true,\"valueName\":\"search_term_string\"}}],\"inLanguage\":\"fr-FR\"},{\"@type\":\"Person\",\"@id\":\"https:\/\/www.africa-press.net\/niger\/#\/schema\/person\/2b1cf3cd81a31e3cd26889ca66d677f1\",\"name\":\"cfeditorfr\"}]}<\/script>\n<!-- \/ Yoast SEO Premium plugin. -->","yoast_head_json":{"title":"Le Pr\u00e9sident Bazoum re\u00e7oit la sous-secr\u00e9taire d\u2019Etat am\u00e9ricaine,\u00a0\u00a0charg\u00e9e des affaires politiques - niger","description":"Le Pr\u00e9sident de la R\u00e9publique du Niger, M. Mohamed Bazoum s\u2019est entretenu, ce jeudi 5 Ao\u00fbt 2021 en d\u00e9but d\u2019apr\u00e8s-midi, a ...","robots":{"index":"index","follow":"follow","max-snippet":"max-snippet:-1","max-image-preview":"max-image-preview:large","max-video-preview":"max-video-preview:-1"},"canonical":"https:\/\/www.africa-press.net\/niger\/politique\/le-president-bazoum-recoit-la-sous-secretaire-detat-americaine-chargee-des-affaires-politiques","og_locale":"fr_FR","og_type":"article","og_title":"Le Pr\u00e9sident Bazoum re\u00e7oit la sous-secr\u00e9taire d\u2019Etat am\u00e9ricaine,\u00a0\u00a0charg\u00e9e des affaires politiques","og_description":"Le Pr\u00e9sident de la R\u00e9publique du Niger, M. Mohamed Bazoum s\u2019est entretenu, ce jeudi 5 Ao\u00fbt 2021 en d\u00e9but d\u2019apr\u00e8s-midi, a ...","og_url":"https:\/\/www.africa-press.net\/niger\/politique\/le-president-bazoum-recoit-la-sous-secretaire-detat-americaine-chargee-des-affaires-politiques","og_site_name":"niger","article_published_time":"2021-08-06T10:59:23+00:00","article_modified_time":"2021-08-06T19:01:02+00:00","og_image":[{"width":720,"height":540,"url":"https:\/\/static.africa-press.net\/niger\/sites\/40\/2021\/08\/img-610d13e1cd551.jpg","type":"image\/jpeg"}],"author":"cfeditorfr","twitter_card":"summary_large_image","twitter_misc":{"\u00c9crit par":"cfeditorfr","Dur\u00e9e de lecture estim\u00e9e":"3 minutes"},"schema":{"@context":"https:\/\/schema.org","@graph":[{"@type":"Article","@id":"https:\/\/www.africa-press.net\/niger\/politique\/le-president-bazoum-recoit-la-sous-secretaire-detat-americaine-chargee-des-affaires-politiques#article","isPartOf":{"@id":"https:\/\/www.africa-press.net\/niger\/politique\/le-president-bazoum-recoit-la-sous-secretaire-detat-americaine-chargee-des-affaires-politiques"},"author":{"name":"cfeditorfr","@id":"https:\/\/www.africa-press.net\/niger\/#\/schema\/person\/2b1cf3cd81a31e3cd26889ca66d677f1"},"headline":"Le Pr\u00e9sident Bazoum re\u00e7oit la sous-secr\u00e9taire d\u2019Etat am\u00e9ricaine,\u00a0\u00a0charg\u00e9e des affaires politiques","datePublished":"2021-08-06T10:59:23+00:00","dateModified":"2021-08-06T19:01:02+00:00","mainEntityOfPage":{"@id":"https:\/\/www.africa-press.net\/niger\/politique\/le-president-bazoum-recoit-la-sous-secretaire-detat-americaine-chargee-des-affaires-politiques"},"wordCount":575,"commentCount":0,"image":{"@id":"https:\/\/www.africa-press.net\/niger\/politique\/le-president-bazoum-recoit-la-sous-secretaire-detat-americaine-chargee-des-affaires-politiques#primaryimage"},"thumbnailUrl":"https:\/\/static.africa-press.net\/niger\/sites\/40\/2021\/08\/img-610d13e1cd551.jpg","keywords":["Africa Press","Africa Press-Niger","Niger"],"articleSection":["homepage-french","Politique","Top Nouvelles","Toutes les actualit\u00e9s"],"inLanguage":"fr-FR","potentialAction":[{"@type":"CommentAction","name":"Comment","target":["https:\/\/www.africa-press.net\/niger\/politique\/le-president-bazoum-recoit-la-sous-secretaire-detat-americaine-chargee-des-affaires-politiques#respond"]}]},{"@type":"WebPage","@id":"https:\/\/www.africa-press.net\/niger\/politique\/le-president-bazoum-recoit-la-sous-secretaire-detat-americaine-chargee-des-affaires-politiques","url":"https:\/\/www.africa-press.net\/niger\/politique\/le-president-bazoum-recoit-la-sous-secretaire-detat-americaine-chargee-des-affaires-politiques","name":"Le Pr\u00e9sident Bazoum re\u00e7oit la sous-secr\u00e9taire d\u2019Etat am\u00e9ricaine,\u00a0\u00a0charg\u00e9e des affaires politiques - niger","isPartOf":{"@id":"https:\/\/www.africa-press.net\/niger\/#website"},"primaryImageOfPage":{"@id":"https:\/\/www.africa-press.net\/niger\/politique\/le-president-bazoum-recoit-la-sous-secretaire-detat-americaine-chargee-des-affaires-politiques#primaryimage"},"image":{"@id":"https:\/\/www.africa-press.net\/niger\/politique\/le-president-bazoum-recoit-la-sous-secretaire-detat-americaine-chargee-des-affaires-politiques#primaryimage"},"thumbnailUrl":"https:\/\/static.africa-press.net\/niger\/sites\/40\/2021\/08\/img-610d13e1cd551.jpg","datePublished":"2021-08-06T10:59:23+00:00","dateModified":"2021-08-06T19:01:02+00:00","author":{"@id":"https:\/\/www.africa-press.net\/niger\/#\/schema\/person\/2b1cf3cd81a31e3cd26889ca66d677f1"},"description":"Le Pr\u00e9sident de la R\u00e9publique du Niger, M. Mohamed Bazoum s\u2019est entretenu, ce jeudi 5 Ao\u00fbt 2021 en d\u00e9but d\u2019apr\u00e8s-midi, a ...","breadcrumb":{"@id":"https:\/\/www.africa-press.net\/niger\/politique\/le-president-bazoum-recoit-la-sous-secretaire-detat-americaine-chargee-des-affaires-politiques#breadcrumb"},"inLanguage":"fr-FR","potentialAction":[{"@type":"ReadAction","target":["https:\/\/www.africa-press.net\/niger\/politique\/le-president-bazoum-recoit-la-sous-secretaire-detat-americaine-chargee-des-affaires-politiques"]}]},{"@type":"ImageObject","inLanguage":"fr-FR","@id":"https:\/\/www.africa-press.net\/niger\/politique\/le-president-bazoum-recoit-la-sous-secretaire-detat-americaine-chargee-des-affaires-politiques#primaryimage","url":"https:\/\/static.africa-press.net\/niger\/sites\/40\/2021\/08\/img-610d13e1cd551.jpg","contentUrl":"https:\/\/static.africa-press.net\/niger\/sites\/40\/2021\/08\/img-610d13e1cd551.jpg","width":720,"height":540,"caption":"Le Pr\u00e9sident Bazoum re\u00e7oit la sous-secr\u00e9taire d\u2019Etat am\u00e9ricaine,\u00a0\u00a0charg\u00e9e des affaires politiques"},{"@type":"BreadcrumbList","@id":"https:\/\/www.africa-press.net\/niger\/politique\/le-president-bazoum-recoit-la-sous-secretaire-detat-americaine-chargee-des-affaires-politiques#breadcrumb","itemListElement":[{"@type":"ListItem","position":1,"name":"Accueil","item":"https:\/\/www.africa-press.net\/niger\/"},{"@type":"ListItem","position":2,"name":"Le Pr\u00e9sident Bazoum re\u00e7oit la sous-secr\u00e9taire d\u2019Etat am\u00e9ricaine,\u00a0\u00a0charg\u00e9e des affaires politiques"}]},{"@type":"WebSite","@id":"https:\/\/www.africa-press.net\/niger\/#website","url":"https:\/\/www.africa-press.net\/niger\/","name":"niger","description":"Just another Africa News Agency Sites site","potentialAction":[{"@type":"SearchAction","target":{"@type":"EntryPoint","urlTemplate":"https:\/\/www.africa-press.net\/niger\/?s={search_term_string}"},"query-input":{"@type":"PropertyValueSpecification","valueRequired":true,"valueName":"search_term_string"}}],"inLanguage":"fr-FR"},{"@type":"Person","@id":"https:\/\/www.africa-press.net\/niger\/#\/schema\/person\/2b1cf3cd81a31e3cd26889ca66d677f1","name":"cfeditorfr"}]}},"_links":{"self":[{"href":"https:\/\/www.africa-press.net\/niger\/wp-json\/wp\/v2\/posts\/9682","targetHints":{"allow":["GET"]}}],"collection":[{"href":"https:\/\/www.africa-press.net\/niger\/wp-json\/wp\/v2\/posts"}],"about":[{"href":"https:\/\/www.africa-press.net\/niger\/wp-json\/wp\/v2\/types\/post"}],"author":[{"embeddable":true,"href":"https:\/\/www.africa-press.net\/niger\/wp-json\/wp\/v2\/users\/82"}],"replies":[{"embeddable":true,"href":"https:\/\/www.africa-press.net\/niger\/wp-json\/wp\/v2\/comments?post=9682"}],"version-history":[{"count":0,"href":"https:\/\/www.africa-press.net\/niger\/wp-json\/wp\/v2\/posts\/9682\/revisions"}],"wp:featuredmedia":[{"embeddable":true,"href":"https:\/\/www.africa-press.net\/niger\/wp-json\/wp\/v2\/media\/9681"}],"wp:attachment":[{"href":"https:\/\/www.africa-press.net\/niger\/wp-json\/wp\/v2\/media?parent=9682"}],"wp:term":[{"taxonomy":"category","embeddable":true,"href":"https:\/\/www.africa-press.net\/niger\/wp-json\/wp\/v2\/categories?post=9682"},{"taxonomy":"post_tag","embeddable":true,"href":"https:\/\/www.africa-press.net\/niger\/wp-json\/wp\/v2\/tags?post=9682"}],"curies":[{"name":"wp","href":"https:\/\/api.w.org\/{rel}","templated":true}]}}