{"id":9685,"date":"2021-08-06T11:08:19","date_gmt":"2021-08-06T11:08:19","guid":{"rendered":"https:\/\/www.africa-press.net\/niger\/?p=9685"},"modified":"2021-08-06T19:01:10","modified_gmt":"2021-08-06T19:01:10","slug":"zinder-60-du-cheptel-vaccine-dans-la-region-selon-le-directeur-regional-de-lelevage","status":"publish","type":"post","link":"https:\/\/www.africa-press.net\/niger\/toutes-les-actualites\/zinder-60-du-cheptel-vaccine-dans-la-region-selon-le-directeur-regional-de-lelevage","title":{"rendered":"Zinder : 60% du cheptel vaccin\u00e9 dans la r\u00e9gion, selon le Directeur r\u00e9gional de l\u2019Elevage"},"content":{"rendered":"<p><span style=\"color: #ff6600\"><strong><a href=\"https:\/\/www.africa-press.net\/\">Africa-Press<\/a> &#8211; <a href=\"https:\/\/www.africa-press.net\/niger\">Niger<\/a>. <\/strong><\/span>La campagne de vaccination du cheptel de la r\u00e9gion, cette ann\u00e9e contre les trois principales maladies dont la p\u00e9ripneumonie bovine, la peste des petits ruminants et la pasteurellose a touch\u00e9 1.700 .000 t\u00eates, soit un taux de r\u00e9alisation de 60%, selon le Directeur R\u00e9gional de l\u2019Elevage, M. Assan Adam.<\/p>\n<p>\u2018\u2019La r\u00e9alisation de ce taux a \u00e9t\u00e9 possible gr\u00e2ce \u00e0 l\u2019appui de l\u2019Etat et des partenaires. C\u2019est un score que la r\u00e9gion vient d\u2019enregistrer pour la premi\u00e8re fois\u2019\u2019, a pr\u00e9cis\u00e9 le Directeur R\u00e9gional de l\u2019Elevage, car, a-t-il poursuivi, \u2018\u2019pour la campagne de vaccination 50% des petits ruminants ont \u00e9t\u00e9 touch\u00e9s suivis du marquage, contre seulement 5% l\u2019ann\u00e9e pass\u00e9e\u2019\u2019.<\/p>\n<p>Pour atteindre cette performance, l\u2019Etat a sign\u00e9 des contrats avec des op\u00e9rateurs priv\u00e9s pour accomplir cette t\u00e2che appuy\u00e9e d\u2019une caravane pour couvrir la zone pastorale notamment les d\u00e9partements de Tesker, Tanout et Belb\u00e9dji.<\/p>\n<p>La situation sanitaire du capital b\u00e9tail est globalement calme, a-t-il fait remarquer, en dehors des petits foyers de pasteurellose, de peste des petits ruminants et de clavel\u00e9e qui ont \u00e9t\u00e9 rapidement circonscrits, car la r\u00e9gion dispose des moyens de riposte cons\u00e9quents pour juguler la crise.<\/p>\n<p>Avec les pluies enregistr\u00e9es au cours des mois de Juin et Juillet, la situation pastorale s\u2019est nettement am\u00e9lior\u00e9e.<\/p>\n<p>Pour pr\u00e9venir les conflits entre agriculteurs et \u00e9leveurs, le projet PADLKA a r\u00e9habilit\u00e9 plusieurs couloirs de passage tandis que la Cellule de Crise Alimentaire (CCA) a fourni \u00e0 la r\u00e9gion 1000 tonnes d\u2019aliments b\u00e9tail.<\/p>\n<p>Le projet CBLT promet quant \u00e0 lui de soutenir le d\u00e9partement de Tesker pour 1000 tonnes en vue de permettre aux \u00e9leveurs de faire face \u00e0 d\u2019\u00e9ventuelles crises pastorales.<\/p>\n<p>Les aliments b\u00e9tail sont en quantit\u00e9 suffisante pour pr\u00e9venir les crises pastorales, soutient le directeur r\u00e9gional de l&rsquo;\u00e9levage, car l\u2019Etat, a-t-il dit, a pris \u00ab\u00a0toutes les dispositions pour venir \u00e0 bout de ce ph\u00e9nom\u00e8ne avec l\u2019appui des projets PRODAF, PASEC et la FAO. \u2018\u2019<\/p>\n<p>\u2018\u2019Le monde pastoral f\u00e9licite le Pr\u00e9sident de la r\u00e9publique, Mohamed Bazoum pour les efforts immenses consentis en sa faveur pour assurer son d\u00e9veloppement avec l\u2019appui des partenaires Techniques et financiers\u2019\u2019, reconnait le directeur R\u00e9gional de l\u2019Elevage qui lance un \u2018\u2019appel pressant aux op\u00e9rateurs priv\u00e9s pour acc\u00e9l\u00e9rer et achever la construction, puis la livraison des infrastructures hydrauliques, puits pastoraux et stations de pompage, que l\u2019Etat leur a confi\u00e9e dans le cadre des contrats sign\u00e9s entre les deux parties pour satisfaire les besoins en eau du capital b\u00e9tail et du monde agro-pastoral de la r\u00e9gion de Zinder\u2019\u2019.<\/p>\n<p>La r\u00e9gion de Zinder compte un effectif, rappelle-t-on, de 13 Millions de t\u00eates toutes esp\u00e8ces confondues.<\/p>\n","protected":false},"excerpt":{"rendered":"<p>Africa-Press &#8211; Niger. La campagne de vaccination du cheptel de la r\u00e9gion, cette ann\u00e9e contre les trois principales maladies dont la p\u00e9ripneumonie bovine, la peste des petits ruminants et la pasteurellose a touch\u00e9 1.700 .000 t\u00eates, soit un taux de r\u00e9alisation de 60%, selon le Directeur R\u00e9gional de l\u2019Elevage, M. Assan Adam. \u2018\u2019La r\u00e9alisation de [&hellip;]<\/p>\n","protected":false},"author":82,"featured_media":9684,"comment_status":"open","ping_status":"closed","sticky":false,"template":"","format":"standard","meta":{"footnotes":""},"categories":[21,11,20,10],"tags":[55,60,29],"class_list":["post-9685","post","type-post","status-publish","format-standard","has-post-thumbnail","hentry","category-communaute","category-homepage-french","category-top-nouvelles","category-toutes-les-actualites","tag-africa-press","tag-africa-press-niger","tag-niger"],"yoast_head":"<!-- This site is optimized with the Yoast SEO Premium plugin v26.1 (Yoast SEO v27.0) - https:\/\/yoast.com\/product\/yoast-seo-premium-wordpress\/ -->\n<title>Zinder : 60% du cheptel vaccin\u00e9 dans la r\u00e9gion, selon le Directeur r\u00e9gional de l\u2019Elevage - niger<\/title>\n<meta name=\"description\" content=\", 05 Juil (ANP). La campagne de vaccination du cheptel de la r\u00e9gion, cette ann\u00e9e contre les trois principales maladies d ...\" \/>\n<meta name=\"robots\" content=\"index, follow, max-snippet:-1, max-image-preview:large, max-video-preview:-1\" \/>\n<link rel=\"canonical\" href=\"https:\/\/www.africa-press.net\/niger\/toutes-les-actualites\/zinder-60-du-cheptel-vaccine-dans-la-region-selon-le-directeur-regional-de-lelevage\" \/>\n<meta property=\"og:locale\" content=\"fr_FR\" \/>\n<meta property=\"og:type\" content=\"article\" \/>\n<meta property=\"og:title\" content=\"Zinder : 60% du cheptel vaccin\u00e9 dans la r\u00e9gion, selon le Directeur r\u00e9gional de l\u2019Elevage\" \/>\n<meta property=\"og:description\" content=\", 05 Juil (ANP). La campagne de vaccination du cheptel de la r\u00e9gion, cette ann\u00e9e contre les trois principales maladies d ...\" \/>\n<meta property=\"og:url\" content=\"https:\/\/www.africa-press.net\/niger\/toutes-les-actualites\/zinder-60-du-cheptel-vaccine-dans-la-region-selon-le-directeur-regional-de-lelevage\" \/>\n<meta property=\"og:site_name\" content=\"niger\" \/>\n<meta property=\"article:published_time\" content=\"2021-08-06T11:08:19+00:00\" \/>\n<meta property=\"article:modified_time\" content=\"2021-08-06T19:01:10+00:00\" \/>\n<meta property=\"og:image\" content=\"https:\/\/static.africa-press.net\/niger\/sites\/40\/2021\/08\/img-610d1415d0e79.jpg\" \/>\n\t<meta property=\"og:image:width\" content=\"1043\" \/>\n\t<meta property=\"og:image:height\" content=\"871\" \/>\n\t<meta property=\"og:image:type\" content=\"image\/jpeg\" \/>\n<meta name=\"author\" content=\"cfeditorfr\" \/>\n<meta name=\"twitter:card\" content=\"summary_large_image\" \/>\n<meta name=\"twitter:label1\" content=\"\u00c9crit par\" \/>\n\t<meta name=\"twitter:data1\" content=\"cfeditorfr\" \/>\n\t<meta name=\"twitter:label2\" content=\"Dur\u00e9e de lecture estim\u00e9e\" \/>\n\t<meta name=\"twitter:data2\" content=\"2 minutes\" \/>\n<script type=\"application\/ld+json\" class=\"yoast-schema-graph\">{\"@context\":\"https:\/\/schema.org\",\"@graph\":[{\"@type\":\"Article\",\"@id\":\"https:\/\/www.africa-press.net\/niger\/toutes-les-actualites\/zinder-60-du-cheptel-vaccine-dans-la-region-selon-le-directeur-regional-de-lelevage#article\",\"isPartOf\":{\"@id\":\"https:\/\/www.africa-press.net\/niger\/toutes-les-actualites\/zinder-60-du-cheptel-vaccine-dans-la-region-selon-le-directeur-regional-de-lelevage\"},\"author\":{\"name\":\"cfeditorfr\",\"@id\":\"https:\/\/www.africa-press.net\/niger\/#\/schema\/person\/2b1cf3cd81a31e3cd26889ca66d677f1\"},\"headline\":\"Zinder : 60% du cheptel vaccin\u00e9 dans la r\u00e9gion, selon le Directeur r\u00e9gional de l\u2019Elevage\",\"datePublished\":\"2021-08-06T11:08:19+00:00\",\"dateModified\":\"2021-08-06T19:01:10+00:00\",\"mainEntityOfPage\":{\"@id\":\"https:\/\/www.africa-press.net\/niger\/toutes-les-actualites\/zinder-60-du-cheptel-vaccine-dans-la-region-selon-le-directeur-regional-de-lelevage\"},\"wordCount\":498,\"commentCount\":0,\"image\":{\"@id\":\"https:\/\/www.africa-press.net\/niger\/toutes-les-actualites\/zinder-60-du-cheptel-vaccine-dans-la-region-selon-le-directeur-regional-de-lelevage#primaryimage\"},\"thumbnailUrl\":\"https:\/\/static.africa-press.net\/niger\/sites\/40\/2021\/08\/img-610d1415d0e79.jpg\",\"keywords\":[\"Africa Press\",\"Africa Press-Niger\",\"Niger\"],\"articleSection\":[\"Communaut\u00e9\",\"homepage-french\",\"Top Nouvelles\",\"Toutes les actualit\u00e9s\"],\"inLanguage\":\"fr-FR\",\"potentialAction\":[{\"@type\":\"CommentAction\",\"name\":\"Comment\",\"target\":[\"https:\/\/www.africa-press.net\/niger\/toutes-les-actualites\/zinder-60-du-cheptel-vaccine-dans-la-region-selon-le-directeur-regional-de-lelevage#respond\"]}]},{\"@type\":\"WebPage\",\"@id\":\"https:\/\/www.africa-press.net\/niger\/toutes-les-actualites\/zinder-60-du-cheptel-vaccine-dans-la-region-selon-le-directeur-regional-de-lelevage\",\"url\":\"https:\/\/www.africa-press.net\/niger\/toutes-les-actualites\/zinder-60-du-cheptel-vaccine-dans-la-region-selon-le-directeur-regional-de-lelevage\",\"name\":\"Zinder : 60% du cheptel vaccin\u00e9 dans la r\u00e9gion, selon le Directeur r\u00e9gional de l\u2019Elevage - niger\",\"isPartOf\":{\"@id\":\"https:\/\/www.africa-press.net\/niger\/#website\"},\"primaryImageOfPage\":{\"@id\":\"https:\/\/www.africa-press.net\/niger\/toutes-les-actualites\/zinder-60-du-cheptel-vaccine-dans-la-region-selon-le-directeur-regional-de-lelevage#primaryimage\"},\"image\":{\"@id\":\"https:\/\/www.africa-press.net\/niger\/toutes-les-actualites\/zinder-60-du-cheptel-vaccine-dans-la-region-selon-le-directeur-regional-de-lelevage#primaryimage\"},\"thumbnailUrl\":\"https:\/\/static.africa-press.net\/niger\/sites\/40\/2021\/08\/img-610d1415d0e79.jpg\",\"datePublished\":\"2021-08-06T11:08:19+00:00\",\"dateModified\":\"2021-08-06T19:01:10+00:00\",\"author\":{\"@id\":\"https:\/\/www.africa-press.net\/niger\/#\/schema\/person\/2b1cf3cd81a31e3cd26889ca66d677f1\"},\"description\":\", 05 Juil (ANP). La campagne de vaccination du cheptel de la r\u00e9gion, cette ann\u00e9e contre les trois principales maladies d ...\",\"breadcrumb\":{\"@id\":\"https:\/\/www.africa-press.net\/niger\/toutes-les-actualites\/zinder-60-du-cheptel-vaccine-dans-la-region-selon-le-directeur-regional-de-lelevage#breadcrumb\"},\"inLanguage\":\"fr-FR\",\"potentialAction\":[{\"@type\":\"ReadAction\",\"target\":[\"https:\/\/www.africa-press.net\/niger\/toutes-les-actualites\/zinder-60-du-cheptel-vaccine-dans-la-region-selon-le-directeur-regional-de-lelevage\"]}]},{\"@type\":\"ImageObject\",\"inLanguage\":\"fr-FR\",\"@id\":\"https:\/\/www.africa-press.net\/niger\/toutes-les-actualites\/zinder-60-du-cheptel-vaccine-dans-la-region-selon-le-directeur-regional-de-lelevage#primaryimage\",\"url\":\"https:\/\/static.africa-press.net\/niger\/sites\/40\/2021\/08\/img-610d1415d0e79.jpg\",\"contentUrl\":\"https:\/\/static.africa-press.net\/niger\/sites\/40\/2021\/08\/img-610d1415d0e79.jpg\",\"width\":1043,\"height\":871,\"caption\":\"Zinder : 60% du cheptel vaccin\u00e9 dans la r\u00e9gion, selon le Directeur r\u00e9gional de l\u2019Elevage\"},{\"@type\":\"BreadcrumbList\",\"@id\":\"https:\/\/www.africa-press.net\/niger\/toutes-les-actualites\/zinder-60-du-cheptel-vaccine-dans-la-region-selon-le-directeur-regional-de-lelevage#breadcrumb\",\"itemListElement\":[{\"@type\":\"ListItem\",\"position\":1,\"name\":\"Accueil\",\"item\":\"https:\/\/www.africa-press.net\/niger\/\"},{\"@type\":\"ListItem\",\"position\":2,\"name\":\"Zinder : 60% du cheptel vaccin\u00e9 dans la r\u00e9gion, selon le Directeur r\u00e9gional de l\u2019Elevage\"}]},{\"@type\":\"WebSite\",\"@id\":\"https:\/\/www.africa-press.net\/niger\/#website\",\"url\":\"https:\/\/www.africa-press.net\/niger\/\",\"name\":\"niger\",\"description\":\"Just another Africa News Agency Sites site\",\"potentialAction\":[{\"@type\":\"SearchAction\",\"target\":{\"@type\":\"EntryPoint\",\"urlTemplate\":\"https:\/\/www.africa-press.net\/niger\/?s={search_term_string}\"},\"query-input\":{\"@type\":\"PropertyValueSpecification\",\"valueRequired\":true,\"valueName\":\"search_term_string\"}}],\"inLanguage\":\"fr-FR\"},{\"@type\":\"Person\",\"@id\":\"https:\/\/www.africa-press.net\/niger\/#\/schema\/person\/2b1cf3cd81a31e3cd26889ca66d677f1\",\"name\":\"cfeditorfr\"}]}<\/script>\n<!-- \/ Yoast SEO Premium plugin. -->","yoast_head_json":{"title":"Zinder : 60% du cheptel vaccin\u00e9 dans la r\u00e9gion, selon le Directeur r\u00e9gional de l\u2019Elevage - niger","description":", 05 Juil (ANP). La campagne de vaccination du cheptel de la r\u00e9gion, cette ann\u00e9e contre les trois principales maladies d ...","robots":{"index":"index","follow":"follow","max-snippet":"max-snippet:-1","max-image-preview":"max-image-preview:large","max-video-preview":"max-video-preview:-1"},"canonical":"https:\/\/www.africa-press.net\/niger\/toutes-les-actualites\/zinder-60-du-cheptel-vaccine-dans-la-region-selon-le-directeur-regional-de-lelevage","og_locale":"fr_FR","og_type":"article","og_title":"Zinder : 60% du cheptel vaccin\u00e9 dans la r\u00e9gion, selon le Directeur r\u00e9gional de l\u2019Elevage","og_description":", 05 Juil (ANP). La campagne de vaccination du cheptel de la r\u00e9gion, cette ann\u00e9e contre les trois principales maladies d ...","og_url":"https:\/\/www.africa-press.net\/niger\/toutes-les-actualites\/zinder-60-du-cheptel-vaccine-dans-la-region-selon-le-directeur-regional-de-lelevage","og_site_name":"niger","article_published_time":"2021-08-06T11:08:19+00:00","article_modified_time":"2021-08-06T19:01:10+00:00","og_image":[{"width":1043,"height":871,"url":"https:\/\/static.africa-press.net\/niger\/sites\/40\/2021\/08\/img-610d1415d0e79.jpg","type":"image\/jpeg"}],"author":"cfeditorfr","twitter_card":"summary_large_image","twitter_misc":{"\u00c9crit par":"cfeditorfr","Dur\u00e9e de lecture estim\u00e9e":"2 minutes"},"schema":{"@context":"https:\/\/schema.org","@graph":[{"@type":"Article","@id":"https:\/\/www.africa-press.net\/niger\/toutes-les-actualites\/zinder-60-du-cheptel-vaccine-dans-la-region-selon-le-directeur-regional-de-lelevage#article","isPartOf":{"@id":"https:\/\/www.africa-press.net\/niger\/toutes-les-actualites\/zinder-60-du-cheptel-vaccine-dans-la-region-selon-le-directeur-regional-de-lelevage"},"author":{"name":"cfeditorfr","@id":"https:\/\/www.africa-press.net\/niger\/#\/schema\/person\/2b1cf3cd81a31e3cd26889ca66d677f1"},"headline":"Zinder : 60% du cheptel vaccin\u00e9 dans la r\u00e9gion, selon le Directeur r\u00e9gional de l\u2019Elevage","datePublished":"2021-08-06T11:08:19+00:00","dateModified":"2021-08-06T19:01:10+00:00","mainEntityOfPage":{"@id":"https:\/\/www.africa-press.net\/niger\/toutes-les-actualites\/zinder-60-du-cheptel-vaccine-dans-la-region-selon-le-directeur-regional-de-lelevage"},"wordCount":498,"commentCount":0,"image":{"@id":"https:\/\/www.africa-press.net\/niger\/toutes-les-actualites\/zinder-60-du-cheptel-vaccine-dans-la-region-selon-le-directeur-regional-de-lelevage#primaryimage"},"thumbnailUrl":"https:\/\/static.africa-press.net\/niger\/sites\/40\/2021\/08\/img-610d1415d0e79.jpg","keywords":["Africa Press","Africa Press-Niger","Niger"],"articleSection":["Communaut\u00e9","homepage-french","Top Nouvelles","Toutes les actualit\u00e9s"],"inLanguage":"fr-FR","potentialAction":[{"@type":"CommentAction","name":"Comment","target":["https:\/\/www.africa-press.net\/niger\/toutes-les-actualites\/zinder-60-du-cheptel-vaccine-dans-la-region-selon-le-directeur-regional-de-lelevage#respond"]}]},{"@type":"WebPage","@id":"https:\/\/www.africa-press.net\/niger\/toutes-les-actualites\/zinder-60-du-cheptel-vaccine-dans-la-region-selon-le-directeur-regional-de-lelevage","url":"https:\/\/www.africa-press.net\/niger\/toutes-les-actualites\/zinder-60-du-cheptel-vaccine-dans-la-region-selon-le-directeur-regional-de-lelevage","name":"Zinder : 60% du cheptel vaccin\u00e9 dans la r\u00e9gion, selon le Directeur r\u00e9gional de l\u2019Elevage - niger","isPartOf":{"@id":"https:\/\/www.africa-press.net\/niger\/#website"},"primaryImageOfPage":{"@id":"https:\/\/www.africa-press.net\/niger\/toutes-les-actualites\/zinder-60-du-cheptel-vaccine-dans-la-region-selon-le-directeur-regional-de-lelevage#primaryimage"},"image":{"@id":"https:\/\/www.africa-press.net\/niger\/toutes-les-actualites\/zinder-60-du-cheptel-vaccine-dans-la-region-selon-le-directeur-regional-de-lelevage#primaryimage"},"thumbnailUrl":"https:\/\/static.africa-press.net\/niger\/sites\/40\/2021\/08\/img-610d1415d0e79.jpg","datePublished":"2021-08-06T11:08:19+00:00","dateModified":"2021-08-06T19:01:10+00:00","author":{"@id":"https:\/\/www.africa-press.net\/niger\/#\/schema\/person\/2b1cf3cd81a31e3cd26889ca66d677f1"},"description":", 05 Juil (ANP). La campagne de vaccination du cheptel de la r\u00e9gion, cette ann\u00e9e contre les trois principales maladies d ...","breadcrumb":{"@id":"https:\/\/www.africa-press.net\/niger\/toutes-les-actualites\/zinder-60-du-cheptel-vaccine-dans-la-region-selon-le-directeur-regional-de-lelevage#breadcrumb"},"inLanguage":"fr-FR","potentialAction":[{"@type":"ReadAction","target":["https:\/\/www.africa-press.net\/niger\/toutes-les-actualites\/zinder-60-du-cheptel-vaccine-dans-la-region-selon-le-directeur-regional-de-lelevage"]}]},{"@type":"ImageObject","inLanguage":"fr-FR","@id":"https:\/\/www.africa-press.net\/niger\/toutes-les-actualites\/zinder-60-du-cheptel-vaccine-dans-la-region-selon-le-directeur-regional-de-lelevage#primaryimage","url":"https:\/\/static.africa-press.net\/niger\/sites\/40\/2021\/08\/img-610d1415d0e79.jpg","contentUrl":"https:\/\/static.africa-press.net\/niger\/sites\/40\/2021\/08\/img-610d1415d0e79.jpg","width":1043,"height":871,"caption":"Zinder : 60% du cheptel vaccin\u00e9 dans la r\u00e9gion, selon le Directeur r\u00e9gional de l\u2019Elevage"},{"@type":"BreadcrumbList","@id":"https:\/\/www.africa-press.net\/niger\/toutes-les-actualites\/zinder-60-du-cheptel-vaccine-dans-la-region-selon-le-directeur-regional-de-lelevage#breadcrumb","itemListElement":[{"@type":"ListItem","position":1,"name":"Accueil","item":"https:\/\/www.africa-press.net\/niger\/"},{"@type":"ListItem","position":2,"name":"Zinder : 60% du cheptel vaccin\u00e9 dans la r\u00e9gion, selon le Directeur r\u00e9gional de l\u2019Elevage"}]},{"@type":"WebSite","@id":"https:\/\/www.africa-press.net\/niger\/#website","url":"https:\/\/www.africa-press.net\/niger\/","name":"niger","description":"Just another Africa News Agency Sites site","potentialAction":[{"@type":"SearchAction","target":{"@type":"EntryPoint","urlTemplate":"https:\/\/www.africa-press.net\/niger\/?s={search_term_string}"},"query-input":{"@type":"PropertyValueSpecification","valueRequired":true,"valueName":"search_term_string"}}],"inLanguage":"fr-FR"},{"@type":"Person","@id":"https:\/\/www.africa-press.net\/niger\/#\/schema\/person\/2b1cf3cd81a31e3cd26889ca66d677f1","name":"cfeditorfr"}]}},"_links":{"self":[{"href":"https:\/\/www.africa-press.net\/niger\/wp-json\/wp\/v2\/posts\/9685","targetHints":{"allow":["GET"]}}],"collection":[{"href":"https:\/\/www.africa-press.net\/niger\/wp-json\/wp\/v2\/posts"}],"about":[{"href":"https:\/\/www.africa-press.net\/niger\/wp-json\/wp\/v2\/types\/post"}],"author":[{"embeddable":true,"href":"https:\/\/www.africa-press.net\/niger\/wp-json\/wp\/v2\/users\/82"}],"replies":[{"embeddable":true,"href":"https:\/\/www.africa-press.net\/niger\/wp-json\/wp\/v2\/comments?post=9685"}],"version-history":[{"count":0,"href":"https:\/\/www.africa-press.net\/niger\/wp-json\/wp\/v2\/posts\/9685\/revisions"}],"wp:featuredmedia":[{"embeddable":true,"href":"https:\/\/www.africa-press.net\/niger\/wp-json\/wp\/v2\/media\/9684"}],"wp:attachment":[{"href":"https:\/\/www.africa-press.net\/niger\/wp-json\/wp\/v2\/media?parent=9685"}],"wp:term":[{"taxonomy":"category","embeddable":true,"href":"https:\/\/www.africa-press.net\/niger\/wp-json\/wp\/v2\/categories?post=9685"},{"taxonomy":"post_tag","embeddable":true,"href":"https:\/\/www.africa-press.net\/niger\/wp-json\/wp\/v2\/tags?post=9685"}],"curies":[{"name":"wp","href":"https:\/\/api.w.org\/{rel}","templated":true}]}}