{"id":9691,"date":"2021-08-06T11:22:39","date_gmt":"2021-08-06T11:22:39","guid":{"rendered":"https:\/\/www.africa-press.net\/niger\/?p=9691"},"modified":"2021-08-06T19:01:26","modified_gmt":"2021-08-06T19:01:26","slug":"niger-le-gouvernement-envisage-linstallation-dune-base-aerienne-a-diffa-pour-faire-efficacement-face-a-linsecurite","status":"publish","type":"post","link":"https:\/\/www.africa-press.net\/niger\/politique\/niger-le-gouvernement-envisage-linstallation-dune-base-aerienne-a-diffa-pour-faire-efficacement-face-a-linsecurite","title":{"rendered":"Le Gouvernement envisage l\u2019installation d\u2019une base a\u00e9rienne \u00e0 Diffa pour faire efficacement face \u00e0 l\u2019ins\u00e9curit\u00e9"},"content":{"rendered":"<p><span style=\"color: #ff6600\"><strong><a href=\"https:\/\/www.africa-press.net\/\">Africa-Press<\/a> &#8211; <a href=\"https:\/\/www.africa-press.net\/niger\">Niger<\/a>.\u00a0 <\/strong><\/span>\u00a0Le Gouvernement nig\u00e9rien a annonc\u00e9, ce jeudi 5 Ao\u00fbt 2021, l\u2019installation prochaine d\u2019une base a\u00e9rienne d\u00e9nomm\u00e9e \u00ab\u00a0BA 501\u00a0\u00bb \u00e0 Diffa.<\/p>\n<p>Cette d\u00e9cision est prise \u00ab au vu de l\u2019ins\u00e9curit\u00e9 actuelle qui r\u00e8gne dans la r\u00e9gion du Sahel, plus particuli\u00e8rement dans la zone du bassin du Lac Tchad \u00bb, explique le communiqu\u00e9 gouvernemental.<\/p>\n<p>L\u2019installation de la base a\u00e9rienne \u00ab\u00a0BA 501 de Diffa\u00a0\u00bb devrait permettre d\u2019augmenter la capacit\u00e9 de riposte des Forces Arm\u00e9es Nig\u00e9riennes dans la lutte contre l\u2019ins\u00e9curit\u00e9.<\/p>\n<p>Pour ce faire, \u00ab un domaine situ\u00e9 en zone non lotie, d\u2019une superficie de trente-deux (32) kilom\u00e8tres carr\u00e9s, a \u00e9t\u00e9 identifi\u00e9 pour accueillir cette infrastructure \u00bb et a \u00e9t\u00e9 d\u00e9clar\u00e9 d\u2019utilit\u00e9 publique, pr\u00e9cise le communiqu\u00e9.<\/p>\n<p>La r\u00e9gion de Diffa, dans le lit du Lac Tchad, tout comme celles frontali\u00e8res du Tchad, du Cameroun et du Nigeria, rappelle-t-on, font face depuis f\u00e9vrier 2015 \u00e0 des attaques meurtri\u00e8res r\u00e9p\u00e9t\u00e9es du groupe terroriste Boko Haram.<\/p>\n<p>Pour y faire face, les pays du Bassin du Lac Tchad ont mis en place une force mixte, mais le groupe terroriste continue toujours d\u2019agir de fa\u00e7on asym\u00e9trique.<\/p>\n<p>&nbsp;<\/p>\n","protected":false},"excerpt":{"rendered":"<p>Africa-Press &#8211; Niger.\u00a0 \u00a0Le Gouvernement nig\u00e9rien a annonc\u00e9, ce jeudi 5 Ao\u00fbt 2021, l\u2019installation prochaine d\u2019une base a\u00e9rienne d\u00e9nomm\u00e9e \u00ab\u00a0BA 501\u00a0\u00bb \u00e0 Diffa. Cette d\u00e9cision est prise \u00ab au vu de l\u2019ins\u00e9curit\u00e9 actuelle qui r\u00e8gne dans la r\u00e9gion du Sahel, plus particuli\u00e8rement dans la zone du bassin du Lac Tchad \u00bb, explique le communiqu\u00e9 gouvernemental. [&hellip;]<\/p>\n","protected":false},"author":82,"featured_media":9690,"comment_status":"open","ping_status":"closed","sticky":false,"template":"","format":"standard","meta":{"footnotes":""},"categories":[11,2,20,10],"tags":[55,60,29],"class_list":["post-9691","post","type-post","status-publish","format-standard","has-post-thumbnail","hentry","category-homepage-french","category-politique","category-top-nouvelles","category-toutes-les-actualites","tag-africa-press","tag-africa-press-niger","tag-niger"],"yoast_head":"<!-- This site is optimized with the Yoast SEO Premium plugin v26.1 (Yoast SEO v27.0) - https:\/\/yoast.com\/product\/yoast-seo-premium-wordpress\/ -->\n<title>Le Gouvernement envisage l\u2019installation d\u2019une base a\u00e9rienne \u00e0 Diffa pour faire efficacement face \u00e0 l\u2019ins\u00e9curit\u00e9 - niger<\/title>\n<meta name=\"description\" content=\", 6 Ao\u00fbt (ANP) - Le Gouvernement nig\u00e9rien a annonc\u00e9, ce jeudi 5 Ao\u00fbt 2021, l\u2019installation prochaine d\u2019une base a\u00e9rienne ...\" \/>\n<meta name=\"robots\" content=\"index, follow, max-snippet:-1, max-image-preview:large, max-video-preview:-1\" \/>\n<link rel=\"canonical\" href=\"https:\/\/www.africa-press.net\/niger\/politique\/niger-le-gouvernement-envisage-linstallation-dune-base-aerienne-a-diffa-pour-faire-efficacement-face-a-linsecurite\" \/>\n<meta property=\"og:locale\" content=\"fr_FR\" \/>\n<meta property=\"og:type\" content=\"article\" \/>\n<meta property=\"og:title\" content=\"Le Gouvernement envisage l\u2019installation d\u2019une base a\u00e9rienne \u00e0 Diffa pour faire efficacement face \u00e0 l\u2019ins\u00e9curit\u00e9\" \/>\n<meta property=\"og:description\" content=\", 6 Ao\u00fbt (ANP) - Le Gouvernement nig\u00e9rien a annonc\u00e9, ce jeudi 5 Ao\u00fbt 2021, l\u2019installation prochaine d\u2019une base a\u00e9rienne ...\" \/>\n<meta property=\"og:url\" content=\"https:\/\/www.africa-press.net\/niger\/politique\/niger-le-gouvernement-envisage-linstallation-dune-base-aerienne-a-diffa-pour-faire-efficacement-face-a-linsecurite\" \/>\n<meta property=\"og:site_name\" content=\"niger\" \/>\n<meta property=\"article:published_time\" content=\"2021-08-06T11:22:39+00:00\" \/>\n<meta property=\"article:modified_time\" content=\"2021-08-06T19:01:26+00:00\" \/>\n<meta property=\"og:image\" content=\"https:\/\/static.africa-press.net\/niger\/sites\/40\/2021\/08\/img-610d1469a8418.jpg\" \/>\n\t<meta property=\"og:image:width\" content=\"800\" \/>\n\t<meta property=\"og:image:height\" content=\"450\" \/>\n\t<meta property=\"og:image:type\" content=\"image\/jpeg\" \/>\n<meta name=\"author\" content=\"cfeditorfr\" \/>\n<meta name=\"twitter:card\" content=\"summary_large_image\" \/>\n<meta name=\"twitter:label1\" content=\"\u00c9crit par\" \/>\n\t<meta name=\"twitter:data1\" content=\"cfeditorfr\" \/>\n\t<meta name=\"twitter:label2\" content=\"Dur\u00e9e de lecture estim\u00e9e\" \/>\n\t<meta name=\"twitter:data2\" content=\"1 minute\" \/>\n<script type=\"application\/ld+json\" class=\"yoast-schema-graph\">{\"@context\":\"https:\/\/schema.org\",\"@graph\":[{\"@type\":\"Article\",\"@id\":\"https:\/\/www.africa-press.net\/niger\/politique\/niger-le-gouvernement-envisage-linstallation-dune-base-aerienne-a-diffa-pour-faire-efficacement-face-a-linsecurite#article\",\"isPartOf\":{\"@id\":\"https:\/\/www.africa-press.net\/niger\/politique\/niger-le-gouvernement-envisage-linstallation-dune-base-aerienne-a-diffa-pour-faire-efficacement-face-a-linsecurite\"},\"author\":{\"name\":\"cfeditorfr\",\"@id\":\"https:\/\/www.africa-press.net\/niger\/#\/schema\/person\/2b1cf3cd81a31e3cd26889ca66d677f1\"},\"headline\":\"Le Gouvernement envisage l\u2019installation d\u2019une base a\u00e9rienne \u00e0 Diffa pour faire efficacement face \u00e0 l\u2019ins\u00e9curit\u00e9\",\"datePublished\":\"2021-08-06T11:22:39+00:00\",\"dateModified\":\"2021-08-06T19:01:26+00:00\",\"mainEntityOfPage\":{\"@id\":\"https:\/\/www.africa-press.net\/niger\/politique\/niger-le-gouvernement-envisage-linstallation-dune-base-aerienne-a-diffa-pour-faire-efficacement-face-a-linsecurite\"},\"wordCount\":223,\"commentCount\":0,\"image\":{\"@id\":\"https:\/\/www.africa-press.net\/niger\/politique\/niger-le-gouvernement-envisage-linstallation-dune-base-aerienne-a-diffa-pour-faire-efficacement-face-a-linsecurite#primaryimage\"},\"thumbnailUrl\":\"https:\/\/static.africa-press.net\/niger\/sites\/40\/2021\/08\/img-610d1469a8418.jpg\",\"keywords\":[\"Africa Press\",\"Africa Press-Niger\",\"Niger\"],\"articleSection\":[\"homepage-french\",\"Politique\",\"Top Nouvelles\",\"Toutes les actualit\u00e9s\"],\"inLanguage\":\"fr-FR\",\"potentialAction\":[{\"@type\":\"CommentAction\",\"name\":\"Comment\",\"target\":[\"https:\/\/www.africa-press.net\/niger\/politique\/niger-le-gouvernement-envisage-linstallation-dune-base-aerienne-a-diffa-pour-faire-efficacement-face-a-linsecurite#respond\"]}]},{\"@type\":\"WebPage\",\"@id\":\"https:\/\/www.africa-press.net\/niger\/politique\/niger-le-gouvernement-envisage-linstallation-dune-base-aerienne-a-diffa-pour-faire-efficacement-face-a-linsecurite\",\"url\":\"https:\/\/www.africa-press.net\/niger\/politique\/niger-le-gouvernement-envisage-linstallation-dune-base-aerienne-a-diffa-pour-faire-efficacement-face-a-linsecurite\",\"name\":\"Le Gouvernement envisage l\u2019installation d\u2019une base a\u00e9rienne \u00e0 Diffa pour faire efficacement face \u00e0 l\u2019ins\u00e9curit\u00e9 - niger\",\"isPartOf\":{\"@id\":\"https:\/\/www.africa-press.net\/niger\/#website\"},\"primaryImageOfPage\":{\"@id\":\"https:\/\/www.africa-press.net\/niger\/politique\/niger-le-gouvernement-envisage-linstallation-dune-base-aerienne-a-diffa-pour-faire-efficacement-face-a-linsecurite#primaryimage\"},\"image\":{\"@id\":\"https:\/\/www.africa-press.net\/niger\/politique\/niger-le-gouvernement-envisage-linstallation-dune-base-aerienne-a-diffa-pour-faire-efficacement-face-a-linsecurite#primaryimage\"},\"thumbnailUrl\":\"https:\/\/static.africa-press.net\/niger\/sites\/40\/2021\/08\/img-610d1469a8418.jpg\",\"datePublished\":\"2021-08-06T11:22:39+00:00\",\"dateModified\":\"2021-08-06T19:01:26+00:00\",\"author\":{\"@id\":\"https:\/\/www.africa-press.net\/niger\/#\/schema\/person\/2b1cf3cd81a31e3cd26889ca66d677f1\"},\"description\":\", 6 Ao\u00fbt (ANP) - Le Gouvernement nig\u00e9rien a annonc\u00e9, ce jeudi 5 Ao\u00fbt 2021, l\u2019installation prochaine d\u2019une base a\u00e9rienne ...\",\"breadcrumb\":{\"@id\":\"https:\/\/www.africa-press.net\/niger\/politique\/niger-le-gouvernement-envisage-linstallation-dune-base-aerienne-a-diffa-pour-faire-efficacement-face-a-linsecurite#breadcrumb\"},\"inLanguage\":\"fr-FR\",\"potentialAction\":[{\"@type\":\"ReadAction\",\"target\":[\"https:\/\/www.africa-press.net\/niger\/politique\/niger-le-gouvernement-envisage-linstallation-dune-base-aerienne-a-diffa-pour-faire-efficacement-face-a-linsecurite\"]}]},{\"@type\":\"ImageObject\",\"inLanguage\":\"fr-FR\",\"@id\":\"https:\/\/www.africa-press.net\/niger\/politique\/niger-le-gouvernement-envisage-linstallation-dune-base-aerienne-a-diffa-pour-faire-efficacement-face-a-linsecurite#primaryimage\",\"url\":\"https:\/\/static.africa-press.net\/niger\/sites\/40\/2021\/08\/img-610d1469a8418.jpg\",\"contentUrl\":\"https:\/\/static.africa-press.net\/niger\/sites\/40\/2021\/08\/img-610d1469a8418.jpg\",\"width\":800,\"height\":450,\"caption\":\"Niger : Le Gouvernement envisage l\u2019installation d\u2019une base a\u00e9rienne \u00e0 Diffa pour faire efficacement face \u00e0 l\u2019ins\u00e9curit\u00e9\"},{\"@type\":\"BreadcrumbList\",\"@id\":\"https:\/\/www.africa-press.net\/niger\/politique\/niger-le-gouvernement-envisage-linstallation-dune-base-aerienne-a-diffa-pour-faire-efficacement-face-a-linsecurite#breadcrumb\",\"itemListElement\":[{\"@type\":\"ListItem\",\"position\":1,\"name\":\"Accueil\",\"item\":\"https:\/\/www.africa-press.net\/niger\/\"},{\"@type\":\"ListItem\",\"position\":2,\"name\":\"Le Gouvernement envisage l\u2019installation d\u2019une base a\u00e9rienne \u00e0 Diffa pour faire efficacement face \u00e0 l\u2019ins\u00e9curit\u00e9\"}]},{\"@type\":\"WebSite\",\"@id\":\"https:\/\/www.africa-press.net\/niger\/#website\",\"url\":\"https:\/\/www.africa-press.net\/niger\/\",\"name\":\"niger\",\"description\":\"Just another Africa News Agency Sites site\",\"potentialAction\":[{\"@type\":\"SearchAction\",\"target\":{\"@type\":\"EntryPoint\",\"urlTemplate\":\"https:\/\/www.africa-press.net\/niger\/?s={search_term_string}\"},\"query-input\":{\"@type\":\"PropertyValueSpecification\",\"valueRequired\":true,\"valueName\":\"search_term_string\"}}],\"inLanguage\":\"fr-FR\"},{\"@type\":\"Person\",\"@id\":\"https:\/\/www.africa-press.net\/niger\/#\/schema\/person\/2b1cf3cd81a31e3cd26889ca66d677f1\",\"name\":\"cfeditorfr\"}]}<\/script>\n<!-- \/ Yoast SEO Premium plugin. -->","yoast_head_json":{"title":"Le Gouvernement envisage l\u2019installation d\u2019une base a\u00e9rienne \u00e0 Diffa pour faire efficacement face \u00e0 l\u2019ins\u00e9curit\u00e9 - niger","description":", 6 Ao\u00fbt (ANP) - Le Gouvernement nig\u00e9rien a annonc\u00e9, ce jeudi 5 Ao\u00fbt 2021, l\u2019installation prochaine d\u2019une base a\u00e9rienne ...","robots":{"index":"index","follow":"follow","max-snippet":"max-snippet:-1","max-image-preview":"max-image-preview:large","max-video-preview":"max-video-preview:-1"},"canonical":"https:\/\/www.africa-press.net\/niger\/politique\/niger-le-gouvernement-envisage-linstallation-dune-base-aerienne-a-diffa-pour-faire-efficacement-face-a-linsecurite","og_locale":"fr_FR","og_type":"article","og_title":"Le Gouvernement envisage l\u2019installation d\u2019une base a\u00e9rienne \u00e0 Diffa pour faire efficacement face \u00e0 l\u2019ins\u00e9curit\u00e9","og_description":", 6 Ao\u00fbt (ANP) - Le Gouvernement nig\u00e9rien a annonc\u00e9, ce jeudi 5 Ao\u00fbt 2021, l\u2019installation prochaine d\u2019une base a\u00e9rienne ...","og_url":"https:\/\/www.africa-press.net\/niger\/politique\/niger-le-gouvernement-envisage-linstallation-dune-base-aerienne-a-diffa-pour-faire-efficacement-face-a-linsecurite","og_site_name":"niger","article_published_time":"2021-08-06T11:22:39+00:00","article_modified_time":"2021-08-06T19:01:26+00:00","og_image":[{"width":800,"height":450,"url":"https:\/\/static.africa-press.net\/niger\/sites\/40\/2021\/08\/img-610d1469a8418.jpg","type":"image\/jpeg"}],"author":"cfeditorfr","twitter_card":"summary_large_image","twitter_misc":{"\u00c9crit par":"cfeditorfr","Dur\u00e9e de lecture estim\u00e9e":"1 minute"},"schema":{"@context":"https:\/\/schema.org","@graph":[{"@type":"Article","@id":"https:\/\/www.africa-press.net\/niger\/politique\/niger-le-gouvernement-envisage-linstallation-dune-base-aerienne-a-diffa-pour-faire-efficacement-face-a-linsecurite#article","isPartOf":{"@id":"https:\/\/www.africa-press.net\/niger\/politique\/niger-le-gouvernement-envisage-linstallation-dune-base-aerienne-a-diffa-pour-faire-efficacement-face-a-linsecurite"},"author":{"name":"cfeditorfr","@id":"https:\/\/www.africa-press.net\/niger\/#\/schema\/person\/2b1cf3cd81a31e3cd26889ca66d677f1"},"headline":"Le Gouvernement envisage l\u2019installation d\u2019une base a\u00e9rienne \u00e0 Diffa pour faire efficacement face \u00e0 l\u2019ins\u00e9curit\u00e9","datePublished":"2021-08-06T11:22:39+00:00","dateModified":"2021-08-06T19:01:26+00:00","mainEntityOfPage":{"@id":"https:\/\/www.africa-press.net\/niger\/politique\/niger-le-gouvernement-envisage-linstallation-dune-base-aerienne-a-diffa-pour-faire-efficacement-face-a-linsecurite"},"wordCount":223,"commentCount":0,"image":{"@id":"https:\/\/www.africa-press.net\/niger\/politique\/niger-le-gouvernement-envisage-linstallation-dune-base-aerienne-a-diffa-pour-faire-efficacement-face-a-linsecurite#primaryimage"},"thumbnailUrl":"https:\/\/static.africa-press.net\/niger\/sites\/40\/2021\/08\/img-610d1469a8418.jpg","keywords":["Africa Press","Africa Press-Niger","Niger"],"articleSection":["homepage-french","Politique","Top Nouvelles","Toutes les actualit\u00e9s"],"inLanguage":"fr-FR","potentialAction":[{"@type":"CommentAction","name":"Comment","target":["https:\/\/www.africa-press.net\/niger\/politique\/niger-le-gouvernement-envisage-linstallation-dune-base-aerienne-a-diffa-pour-faire-efficacement-face-a-linsecurite#respond"]}]},{"@type":"WebPage","@id":"https:\/\/www.africa-press.net\/niger\/politique\/niger-le-gouvernement-envisage-linstallation-dune-base-aerienne-a-diffa-pour-faire-efficacement-face-a-linsecurite","url":"https:\/\/www.africa-press.net\/niger\/politique\/niger-le-gouvernement-envisage-linstallation-dune-base-aerienne-a-diffa-pour-faire-efficacement-face-a-linsecurite","name":"Le Gouvernement envisage l\u2019installation d\u2019une base a\u00e9rienne \u00e0 Diffa pour faire efficacement face \u00e0 l\u2019ins\u00e9curit\u00e9 - niger","isPartOf":{"@id":"https:\/\/www.africa-press.net\/niger\/#website"},"primaryImageOfPage":{"@id":"https:\/\/www.africa-press.net\/niger\/politique\/niger-le-gouvernement-envisage-linstallation-dune-base-aerienne-a-diffa-pour-faire-efficacement-face-a-linsecurite#primaryimage"},"image":{"@id":"https:\/\/www.africa-press.net\/niger\/politique\/niger-le-gouvernement-envisage-linstallation-dune-base-aerienne-a-diffa-pour-faire-efficacement-face-a-linsecurite#primaryimage"},"thumbnailUrl":"https:\/\/static.africa-press.net\/niger\/sites\/40\/2021\/08\/img-610d1469a8418.jpg","datePublished":"2021-08-06T11:22:39+00:00","dateModified":"2021-08-06T19:01:26+00:00","author":{"@id":"https:\/\/www.africa-press.net\/niger\/#\/schema\/person\/2b1cf3cd81a31e3cd26889ca66d677f1"},"description":", 6 Ao\u00fbt (ANP) - Le Gouvernement nig\u00e9rien a annonc\u00e9, ce jeudi 5 Ao\u00fbt 2021, l\u2019installation prochaine d\u2019une base a\u00e9rienne ...","breadcrumb":{"@id":"https:\/\/www.africa-press.net\/niger\/politique\/niger-le-gouvernement-envisage-linstallation-dune-base-aerienne-a-diffa-pour-faire-efficacement-face-a-linsecurite#breadcrumb"},"inLanguage":"fr-FR","potentialAction":[{"@type":"ReadAction","target":["https:\/\/www.africa-press.net\/niger\/politique\/niger-le-gouvernement-envisage-linstallation-dune-base-aerienne-a-diffa-pour-faire-efficacement-face-a-linsecurite"]}]},{"@type":"ImageObject","inLanguage":"fr-FR","@id":"https:\/\/www.africa-press.net\/niger\/politique\/niger-le-gouvernement-envisage-linstallation-dune-base-aerienne-a-diffa-pour-faire-efficacement-face-a-linsecurite#primaryimage","url":"https:\/\/static.africa-press.net\/niger\/sites\/40\/2021\/08\/img-610d1469a8418.jpg","contentUrl":"https:\/\/static.africa-press.net\/niger\/sites\/40\/2021\/08\/img-610d1469a8418.jpg","width":800,"height":450,"caption":"Niger : Le Gouvernement envisage l\u2019installation d\u2019une base a\u00e9rienne \u00e0 Diffa pour faire efficacement face \u00e0 l\u2019ins\u00e9curit\u00e9"},{"@type":"BreadcrumbList","@id":"https:\/\/www.africa-press.net\/niger\/politique\/niger-le-gouvernement-envisage-linstallation-dune-base-aerienne-a-diffa-pour-faire-efficacement-face-a-linsecurite#breadcrumb","itemListElement":[{"@type":"ListItem","position":1,"name":"Accueil","item":"https:\/\/www.africa-press.net\/niger\/"},{"@type":"ListItem","position":2,"name":"Le Gouvernement envisage l\u2019installation d\u2019une base a\u00e9rienne \u00e0 Diffa pour faire efficacement face \u00e0 l\u2019ins\u00e9curit\u00e9"}]},{"@type":"WebSite","@id":"https:\/\/www.africa-press.net\/niger\/#website","url":"https:\/\/www.africa-press.net\/niger\/","name":"niger","description":"Just another Africa News Agency Sites site","potentialAction":[{"@type":"SearchAction","target":{"@type":"EntryPoint","urlTemplate":"https:\/\/www.africa-press.net\/niger\/?s={search_term_string}"},"query-input":{"@type":"PropertyValueSpecification","valueRequired":true,"valueName":"search_term_string"}}],"inLanguage":"fr-FR"},{"@type":"Person","@id":"https:\/\/www.africa-press.net\/niger\/#\/schema\/person\/2b1cf3cd81a31e3cd26889ca66d677f1","name":"cfeditorfr"}]}},"_links":{"self":[{"href":"https:\/\/www.africa-press.net\/niger\/wp-json\/wp\/v2\/posts\/9691","targetHints":{"allow":["GET"]}}],"collection":[{"href":"https:\/\/www.africa-press.net\/niger\/wp-json\/wp\/v2\/posts"}],"about":[{"href":"https:\/\/www.africa-press.net\/niger\/wp-json\/wp\/v2\/types\/post"}],"author":[{"embeddable":true,"href":"https:\/\/www.africa-press.net\/niger\/wp-json\/wp\/v2\/users\/82"}],"replies":[{"embeddable":true,"href":"https:\/\/www.africa-press.net\/niger\/wp-json\/wp\/v2\/comments?post=9691"}],"version-history":[{"count":0,"href":"https:\/\/www.africa-press.net\/niger\/wp-json\/wp\/v2\/posts\/9691\/revisions"}],"wp:featuredmedia":[{"embeddable":true,"href":"https:\/\/www.africa-press.net\/niger\/wp-json\/wp\/v2\/media\/9690"}],"wp:attachment":[{"href":"https:\/\/www.africa-press.net\/niger\/wp-json\/wp\/v2\/media?parent=9691"}],"wp:term":[{"taxonomy":"category","embeddable":true,"href":"https:\/\/www.africa-press.net\/niger\/wp-json\/wp\/v2\/categories?post=9691"},{"taxonomy":"post_tag","embeddable":true,"href":"https:\/\/www.africa-press.net\/niger\/wp-json\/wp\/v2\/tags?post=9691"}],"curies":[{"name":"wp","href":"https:\/\/api.w.org\/{rel}","templated":true}]}}