{"id":9709,"date":"2021-08-07T08:53:19","date_gmt":"2021-08-07T08:53:19","guid":{"rendered":"https:\/\/www.africa-press.net\/niger\/?p=9709"},"modified":"2021-08-08T18:09:58","modified_gmt":"2021-08-08T18:09:58","slug":"un-emissaire-du-president-de-la-transition-malienne-recu-par-le-president-mohamed-bazoum","status":"publish","type":"post","link":"https:\/\/www.africa-press.net\/niger\/politique\/un-emissaire-du-president-de-la-transition-malienne-recu-par-le-president-mohamed-bazoum","title":{"rendered":"Un \u00e9missaire du pr\u00e9sident de la transition malienne re\u00e7u par le pr\u00e9sident Mohamed Bazoum"},"content":{"rendered":"<p><span style=\"color: #ff6600\"><strong><a href=\"https:\/\/www.africa-press.net\/\">Africa-Press<\/a> &#8211; <a href=\"https:\/\/www.africa-press.net\/niger\">Niger<\/a>. <\/strong><\/span>Le pr\u00e9sident de la r\u00e9publique, M. Mohamed Bazoum s\u2019est entretenu, dans l\u2019apr\u00e8s-midi de ce vendredi 06 Ao\u00fbt 2021, avec le ministre des affaires \u00e9trang\u00e8re et de la coop\u00e9ration internationale du Mali, M. Abdoulaye Diop, porteur d\u2019un message du chef de la transition malienne M. Assimi Goita.<\/p>\n<p>Au sortir de cette rencontre, le chef de la diplomatie malienne a indiqu\u00e9 qu\u2019il est venu livrer au chef de l\u2019Etat nig\u00e9rien un message dans lequel son homologue du Mali a r\u00e9it\u00e9r\u00e9 sa volont\u00e9 d\u2019\u0153uvrer aux c\u00f4t\u00e9s de lui pour le renforcement des relations multis\u00e9culaires qui existent entre le Niger et le Mali , mais aussi un message de solidarit\u00e9 parce que le Niger a \u00e9t\u00e9 r\u00e9cemment affect\u00e9 par des inondations avec des pertes importantes en vies humaines et en des d\u00e9g\u00e2ts mat\u00e9riels\u2019\u2019.<\/p>\n<p>Le diplomate malien a rappel\u00e9, \u00e0 cette occasion, que \u2018\u2019le Niger a fait l\u2019objet d\u2019attaques terroristes r\u00e9cemment\u2019\u2019 avant de rappeler \u2018\u2019notre destin commun et les d\u00e9fis auxquels les deux nos deux pays font face notamment dans le cadre du terrorisme et l\u2019extr\u00e9misme violent\u2019\u2019.<\/p>\n<p>Parlant de l\u2019Etat de la coop\u00e9ration entre les deux pays , l\u2019envoy\u00e9 sp\u00e9cial de la transition malienne a fait comprendre que \u2018\u2019le pr\u00e9sident nig\u00e9rien a \u00e9t\u00e9 toujours aux c\u00f4t\u00e9s du Mali\u2019\u2019 tout en pr\u00e9cisant qu\u2019il a \u00e9t\u00e9 l\u2019un de ceux qui se sont oppos\u00e9s \u00e0 la prise de sanction contre le Mali lors du dernier sommet de la CEDEAO et aussi l\u2019un des premiers chefs d\u2019Etat \u00e0 t\u00e9l\u00e9phoner \u00e0 son homologue Hassimi Giota suite \u00e0 l\u2019attaque dont il a \u00e9t\u00e9 l\u2019objet le jour de la f\u00eate de tabaski.<\/p>\n<p>M. Abdoulaye Diop de souligner que \u2018\u2019le Niger est un acteur important sur la sc\u00e8ne africaine, et c\u2019est pourquoi le pr\u00e9sident de la transition malienne a jug\u00e9, \u00e0 travers ce message, tenir le pr\u00e9sident Bazoum r\u00e9guli\u00e8rement inform\u00e9 du d\u00e9veloppement en cours de la transition malienne notamment l\u2019adoption par le gouvernement le 02 ao\u00fbt dernier d\u2019un plan d\u2019action gouvernemental qui dessine un certain nombre de priorit\u00e9s de la transition.<\/p>\n<p>\u2018\u2019 Sur l\u2019ensemble des questions, nous avons re\u00e7u les conseils du pr\u00e9sident Bazoum qui partage avec nous cette volont\u00e9 de faire en sorte que cette transition se d\u00e9roule normalement \u2018\u2019, a-t-il confi\u00e9.<\/p>\n<p>Le Ministre nig\u00e9rien en charge des affaires \u00e9trang\u00e8res, M. Hassoumi Massoudou a, pour sa part, annonc\u00e9 que les relations entre les deux pays sont des relations p\u00e9rennes et qu\u2019il est tout \u00e0 fait naturel que ces relations continuent.<\/p>\n<p>\u2018\u2019Nous regardons dans la m\u00eame direction, nous avons les m\u00eames d\u00e9fis et nous allons travailler ensemble pour vaincre l\u2019adversit\u00e9 particuli\u00e8rement le terrorisme, notre souci principal est qu\u2019il y ait une bonne sortie de la transition et nous y travaillons ensemble avec les autorit\u00e9s maliennes\u2019\u2019, a-t-il conclu.<\/p>\n","protected":false},"excerpt":{"rendered":"<p>Africa-Press &#8211; Niger. Le pr\u00e9sident de la r\u00e9publique, M. Mohamed Bazoum s\u2019est entretenu, dans l\u2019apr\u00e8s-midi de ce vendredi 06 Ao\u00fbt 2021, avec le ministre des affaires \u00e9trang\u00e8re et de la coop\u00e9ration internationale du Mali, M. Abdoulaye Diop, porteur d\u2019un message du chef de la transition malienne M. Assimi Goita. Au sortir de cette rencontre, le [&hellip;]<\/p>\n","protected":false},"author":82,"featured_media":9529,"comment_status":"open","ping_status":"closed","sticky":false,"template":"","format":"standard","meta":{"footnotes":""},"categories":[11,2,20,10],"tags":[55,60,29],"class_list":["post-9709","post","type-post","status-publish","format-standard","has-post-thumbnail","hentry","category-homepage-french","category-politique","category-top-nouvelles","category-toutes-les-actualites","tag-africa-press","tag-africa-press-niger","tag-niger"],"yoast_head":"<!-- This site is optimized with the Yoast SEO Premium plugin v26.1 (Yoast SEO v27.0) - https:\/\/yoast.com\/product\/yoast-seo-premium-wordpress\/ -->\n<title>Un \u00e9missaire du pr\u00e9sident de la transition malienne re\u00e7u par le pr\u00e9sident Mohamed Bazoum - niger<\/title>\n<meta name=\"description\" content=\", 06Ao\u00fbt(ANP)-Le pr\u00e9sident de la r\u00e9publique, M. Mohamed Bazoum s\u2019est entretenu, dans l\u2019apr\u00e8s-midi de ce vendredi 06 Ao\u00fbt ...\" \/>\n<meta name=\"robots\" content=\"index, follow, max-snippet:-1, max-image-preview:large, max-video-preview:-1\" \/>\n<link rel=\"canonical\" href=\"https:\/\/www.africa-press.net\/niger\/politique\/un-emissaire-du-president-de-la-transition-malienne-recu-par-le-president-mohamed-bazoum\" \/>\n<meta property=\"og:locale\" content=\"fr_FR\" \/>\n<meta property=\"og:type\" content=\"article\" \/>\n<meta property=\"og:title\" content=\"Un \u00e9missaire du pr\u00e9sident de la transition malienne re\u00e7u par le pr\u00e9sident Mohamed Bazoum\" \/>\n<meta property=\"og:description\" content=\", 06Ao\u00fbt(ANP)-Le pr\u00e9sident de la r\u00e9publique, M. Mohamed Bazoum s\u2019est entretenu, dans l\u2019apr\u00e8s-midi de ce vendredi 06 Ao\u00fbt ...\" \/>\n<meta property=\"og:url\" content=\"https:\/\/www.africa-press.net\/niger\/politique\/un-emissaire-du-president-de-la-transition-malienne-recu-par-le-president-mohamed-bazoum\" \/>\n<meta property=\"og:site_name\" content=\"niger\" \/>\n<meta property=\"article:published_time\" content=\"2021-08-07T08:53:19+00:00\" \/>\n<meta property=\"article:modified_time\" content=\"2021-08-08T18:09:58+00:00\" \/>\n<meta property=\"og:image\" content=\"https:\/\/static.africa-press.net\/niger\/sites\/40\/2021\/08\/img-610947403972f.jpg\" \/>\n\t<meta property=\"og:image:width\" content=\"1000\" \/>\n\t<meta property=\"og:image:height\" content=\"1294\" \/>\n\t<meta property=\"og:image:type\" content=\"image\/jpeg\" \/>\n<meta name=\"author\" content=\"cfeditorfr\" \/>\n<meta name=\"twitter:card\" content=\"summary_large_image\" \/>\n<meta name=\"twitter:label1\" content=\"\u00c9crit par\" \/>\n\t<meta name=\"twitter:data1\" content=\"cfeditorfr\" \/>\n\t<meta name=\"twitter:label2\" content=\"Dur\u00e9e de lecture estim\u00e9e\" \/>\n\t<meta name=\"twitter:data2\" content=\"2 minutes\" \/>\n<script type=\"application\/ld+json\" class=\"yoast-schema-graph\">{\"@context\":\"https:\/\/schema.org\",\"@graph\":[{\"@type\":\"Article\",\"@id\":\"https:\/\/www.africa-press.net\/niger\/politique\/un-emissaire-du-president-de-la-transition-malienne-recu-par-le-president-mohamed-bazoum#article\",\"isPartOf\":{\"@id\":\"https:\/\/www.africa-press.net\/niger\/politique\/un-emissaire-du-president-de-la-transition-malienne-recu-par-le-president-mohamed-bazoum\"},\"author\":{\"name\":\"cfeditorfr\",\"@id\":\"https:\/\/www.africa-press.net\/niger\/#\/schema\/person\/2b1cf3cd81a31e3cd26889ca66d677f1\"},\"headline\":\"Un \u00e9missaire du pr\u00e9sident de la transition malienne re\u00e7u par le pr\u00e9sident Mohamed Bazoum\",\"datePublished\":\"2021-08-07T08:53:19+00:00\",\"dateModified\":\"2021-08-08T18:09:58+00:00\",\"mainEntityOfPage\":{\"@id\":\"https:\/\/www.africa-press.net\/niger\/politique\/un-emissaire-du-president-de-la-transition-malienne-recu-par-le-president-mohamed-bazoum\"},\"wordCount\":524,\"commentCount\":0,\"image\":{\"@id\":\"https:\/\/www.africa-press.net\/niger\/politique\/un-emissaire-du-president-de-la-transition-malienne-recu-par-le-president-mohamed-bazoum#primaryimage\"},\"thumbnailUrl\":\"https:\/\/static.africa-press.net\/niger\/sites\/40\/2021\/08\/img-610947403972f.jpg\",\"keywords\":[\"Africa Press\",\"Africa Press-Niger\",\"Niger\"],\"articleSection\":[\"homepage-french\",\"Politique\",\"Top Nouvelles\",\"Toutes les actualit\u00e9s\"],\"inLanguage\":\"fr-FR\",\"potentialAction\":[{\"@type\":\"CommentAction\",\"name\":\"Comment\",\"target\":[\"https:\/\/www.africa-press.net\/niger\/politique\/un-emissaire-du-president-de-la-transition-malienne-recu-par-le-president-mohamed-bazoum#respond\"]}]},{\"@type\":\"WebPage\",\"@id\":\"https:\/\/www.africa-press.net\/niger\/politique\/un-emissaire-du-president-de-la-transition-malienne-recu-par-le-president-mohamed-bazoum\",\"url\":\"https:\/\/www.africa-press.net\/niger\/politique\/un-emissaire-du-president-de-la-transition-malienne-recu-par-le-president-mohamed-bazoum\",\"name\":\"Un \u00e9missaire du pr\u00e9sident de la transition malienne re\u00e7u par le pr\u00e9sident Mohamed Bazoum - niger\",\"isPartOf\":{\"@id\":\"https:\/\/www.africa-press.net\/niger\/#website\"},\"primaryImageOfPage\":{\"@id\":\"https:\/\/www.africa-press.net\/niger\/politique\/un-emissaire-du-president-de-la-transition-malienne-recu-par-le-president-mohamed-bazoum#primaryimage\"},\"image\":{\"@id\":\"https:\/\/www.africa-press.net\/niger\/politique\/un-emissaire-du-president-de-la-transition-malienne-recu-par-le-president-mohamed-bazoum#primaryimage\"},\"thumbnailUrl\":\"https:\/\/static.africa-press.net\/niger\/sites\/40\/2021\/08\/img-610947403972f.jpg\",\"datePublished\":\"2021-08-07T08:53:19+00:00\",\"dateModified\":\"2021-08-08T18:09:58+00:00\",\"author\":{\"@id\":\"https:\/\/www.africa-press.net\/niger\/#\/schema\/person\/2b1cf3cd81a31e3cd26889ca66d677f1\"},\"description\":\", 06Ao\u00fbt(ANP)-Le pr\u00e9sident de la r\u00e9publique, M. Mohamed Bazoum s\u2019est entretenu, dans l\u2019apr\u00e8s-midi de ce vendredi 06 Ao\u00fbt ...\",\"breadcrumb\":{\"@id\":\"https:\/\/www.africa-press.net\/niger\/politique\/un-emissaire-du-president-de-la-transition-malienne-recu-par-le-president-mohamed-bazoum#breadcrumb\"},\"inLanguage\":\"fr-FR\",\"potentialAction\":[{\"@type\":\"ReadAction\",\"target\":[\"https:\/\/www.africa-press.net\/niger\/politique\/un-emissaire-du-president-de-la-transition-malienne-recu-par-le-president-mohamed-bazoum\"]}]},{\"@type\":\"ImageObject\",\"inLanguage\":\"fr-FR\",\"@id\":\"https:\/\/www.africa-press.net\/niger\/politique\/un-emissaire-du-president-de-la-transition-malienne-recu-par-le-president-mohamed-bazoum#primaryimage\",\"url\":\"https:\/\/static.africa-press.net\/niger\/sites\/40\/2021\/08\/img-610947403972f.jpg\",\"contentUrl\":\"https:\/\/static.africa-press.net\/niger\/sites\/40\/2021\/08\/img-610947403972f.jpg\",\"width\":1000,\"height\":1294,\"caption\":\"\"},{\"@type\":\"BreadcrumbList\",\"@id\":\"https:\/\/www.africa-press.net\/niger\/politique\/un-emissaire-du-president-de-la-transition-malienne-recu-par-le-president-mohamed-bazoum#breadcrumb\",\"itemListElement\":[{\"@type\":\"ListItem\",\"position\":1,\"name\":\"Accueil\",\"item\":\"https:\/\/www.africa-press.net\/niger\/\"},{\"@type\":\"ListItem\",\"position\":2,\"name\":\"Un \u00e9missaire du pr\u00e9sident de la transition malienne re\u00e7u par le pr\u00e9sident Mohamed Bazoum\"}]},{\"@type\":\"WebSite\",\"@id\":\"https:\/\/www.africa-press.net\/niger\/#website\",\"url\":\"https:\/\/www.africa-press.net\/niger\/\",\"name\":\"niger\",\"description\":\"Just another Africa News Agency Sites site\",\"potentialAction\":[{\"@type\":\"SearchAction\",\"target\":{\"@type\":\"EntryPoint\",\"urlTemplate\":\"https:\/\/www.africa-press.net\/niger\/?s={search_term_string}\"},\"query-input\":{\"@type\":\"PropertyValueSpecification\",\"valueRequired\":true,\"valueName\":\"search_term_string\"}}],\"inLanguage\":\"fr-FR\"},{\"@type\":\"Person\",\"@id\":\"https:\/\/www.africa-press.net\/niger\/#\/schema\/person\/2b1cf3cd81a31e3cd26889ca66d677f1\",\"name\":\"cfeditorfr\"}]}<\/script>\n<!-- \/ Yoast SEO Premium plugin. -->","yoast_head_json":{"title":"Un \u00e9missaire du pr\u00e9sident de la transition malienne re\u00e7u par le pr\u00e9sident Mohamed Bazoum - niger","description":", 06Ao\u00fbt(ANP)-Le pr\u00e9sident de la r\u00e9publique, M. Mohamed Bazoum s\u2019est entretenu, dans l\u2019apr\u00e8s-midi de ce vendredi 06 Ao\u00fbt ...","robots":{"index":"index","follow":"follow","max-snippet":"max-snippet:-1","max-image-preview":"max-image-preview:large","max-video-preview":"max-video-preview:-1"},"canonical":"https:\/\/www.africa-press.net\/niger\/politique\/un-emissaire-du-president-de-la-transition-malienne-recu-par-le-president-mohamed-bazoum","og_locale":"fr_FR","og_type":"article","og_title":"Un \u00e9missaire du pr\u00e9sident de la transition malienne re\u00e7u par le pr\u00e9sident Mohamed Bazoum","og_description":", 06Ao\u00fbt(ANP)-Le pr\u00e9sident de la r\u00e9publique, M. Mohamed Bazoum s\u2019est entretenu, dans l\u2019apr\u00e8s-midi de ce vendredi 06 Ao\u00fbt ...","og_url":"https:\/\/www.africa-press.net\/niger\/politique\/un-emissaire-du-president-de-la-transition-malienne-recu-par-le-president-mohamed-bazoum","og_site_name":"niger","article_published_time":"2021-08-07T08:53:19+00:00","article_modified_time":"2021-08-08T18:09:58+00:00","og_image":[{"width":1000,"height":1294,"url":"https:\/\/static.africa-press.net\/niger\/sites\/40\/2021\/08\/img-610947403972f.jpg","type":"image\/jpeg"}],"author":"cfeditorfr","twitter_card":"summary_large_image","twitter_misc":{"\u00c9crit par":"cfeditorfr","Dur\u00e9e de lecture estim\u00e9e":"2 minutes"},"schema":{"@context":"https:\/\/schema.org","@graph":[{"@type":"Article","@id":"https:\/\/www.africa-press.net\/niger\/politique\/un-emissaire-du-president-de-la-transition-malienne-recu-par-le-president-mohamed-bazoum#article","isPartOf":{"@id":"https:\/\/www.africa-press.net\/niger\/politique\/un-emissaire-du-president-de-la-transition-malienne-recu-par-le-president-mohamed-bazoum"},"author":{"name":"cfeditorfr","@id":"https:\/\/www.africa-press.net\/niger\/#\/schema\/person\/2b1cf3cd81a31e3cd26889ca66d677f1"},"headline":"Un \u00e9missaire du pr\u00e9sident de la transition malienne re\u00e7u par le pr\u00e9sident Mohamed Bazoum","datePublished":"2021-08-07T08:53:19+00:00","dateModified":"2021-08-08T18:09:58+00:00","mainEntityOfPage":{"@id":"https:\/\/www.africa-press.net\/niger\/politique\/un-emissaire-du-president-de-la-transition-malienne-recu-par-le-president-mohamed-bazoum"},"wordCount":524,"commentCount":0,"image":{"@id":"https:\/\/www.africa-press.net\/niger\/politique\/un-emissaire-du-president-de-la-transition-malienne-recu-par-le-president-mohamed-bazoum#primaryimage"},"thumbnailUrl":"https:\/\/static.africa-press.net\/niger\/sites\/40\/2021\/08\/img-610947403972f.jpg","keywords":["Africa Press","Africa Press-Niger","Niger"],"articleSection":["homepage-french","Politique","Top Nouvelles","Toutes les actualit\u00e9s"],"inLanguage":"fr-FR","potentialAction":[{"@type":"CommentAction","name":"Comment","target":["https:\/\/www.africa-press.net\/niger\/politique\/un-emissaire-du-president-de-la-transition-malienne-recu-par-le-president-mohamed-bazoum#respond"]}]},{"@type":"WebPage","@id":"https:\/\/www.africa-press.net\/niger\/politique\/un-emissaire-du-president-de-la-transition-malienne-recu-par-le-president-mohamed-bazoum","url":"https:\/\/www.africa-press.net\/niger\/politique\/un-emissaire-du-president-de-la-transition-malienne-recu-par-le-president-mohamed-bazoum","name":"Un \u00e9missaire du pr\u00e9sident de la transition malienne re\u00e7u par le pr\u00e9sident Mohamed Bazoum - niger","isPartOf":{"@id":"https:\/\/www.africa-press.net\/niger\/#website"},"primaryImageOfPage":{"@id":"https:\/\/www.africa-press.net\/niger\/politique\/un-emissaire-du-president-de-la-transition-malienne-recu-par-le-president-mohamed-bazoum#primaryimage"},"image":{"@id":"https:\/\/www.africa-press.net\/niger\/politique\/un-emissaire-du-president-de-la-transition-malienne-recu-par-le-president-mohamed-bazoum#primaryimage"},"thumbnailUrl":"https:\/\/static.africa-press.net\/niger\/sites\/40\/2021\/08\/img-610947403972f.jpg","datePublished":"2021-08-07T08:53:19+00:00","dateModified":"2021-08-08T18:09:58+00:00","author":{"@id":"https:\/\/www.africa-press.net\/niger\/#\/schema\/person\/2b1cf3cd81a31e3cd26889ca66d677f1"},"description":", 06Ao\u00fbt(ANP)-Le pr\u00e9sident de la r\u00e9publique, M. Mohamed Bazoum s\u2019est entretenu, dans l\u2019apr\u00e8s-midi de ce vendredi 06 Ao\u00fbt ...","breadcrumb":{"@id":"https:\/\/www.africa-press.net\/niger\/politique\/un-emissaire-du-president-de-la-transition-malienne-recu-par-le-president-mohamed-bazoum#breadcrumb"},"inLanguage":"fr-FR","potentialAction":[{"@type":"ReadAction","target":["https:\/\/www.africa-press.net\/niger\/politique\/un-emissaire-du-president-de-la-transition-malienne-recu-par-le-president-mohamed-bazoum"]}]},{"@type":"ImageObject","inLanguage":"fr-FR","@id":"https:\/\/www.africa-press.net\/niger\/politique\/un-emissaire-du-president-de-la-transition-malienne-recu-par-le-president-mohamed-bazoum#primaryimage","url":"https:\/\/static.africa-press.net\/niger\/sites\/40\/2021\/08\/img-610947403972f.jpg","contentUrl":"https:\/\/static.africa-press.net\/niger\/sites\/40\/2021\/08\/img-610947403972f.jpg","width":1000,"height":1294,"caption":""},{"@type":"BreadcrumbList","@id":"https:\/\/www.africa-press.net\/niger\/politique\/un-emissaire-du-president-de-la-transition-malienne-recu-par-le-president-mohamed-bazoum#breadcrumb","itemListElement":[{"@type":"ListItem","position":1,"name":"Accueil","item":"https:\/\/www.africa-press.net\/niger\/"},{"@type":"ListItem","position":2,"name":"Un \u00e9missaire du pr\u00e9sident de la transition malienne re\u00e7u par le pr\u00e9sident Mohamed Bazoum"}]},{"@type":"WebSite","@id":"https:\/\/www.africa-press.net\/niger\/#website","url":"https:\/\/www.africa-press.net\/niger\/","name":"niger","description":"Just another Africa News Agency Sites site","potentialAction":[{"@type":"SearchAction","target":{"@type":"EntryPoint","urlTemplate":"https:\/\/www.africa-press.net\/niger\/?s={search_term_string}"},"query-input":{"@type":"PropertyValueSpecification","valueRequired":true,"valueName":"search_term_string"}}],"inLanguage":"fr-FR"},{"@type":"Person","@id":"https:\/\/www.africa-press.net\/niger\/#\/schema\/person\/2b1cf3cd81a31e3cd26889ca66d677f1","name":"cfeditorfr"}]}},"_links":{"self":[{"href":"https:\/\/www.africa-press.net\/niger\/wp-json\/wp\/v2\/posts\/9709","targetHints":{"allow":["GET"]}}],"collection":[{"href":"https:\/\/www.africa-press.net\/niger\/wp-json\/wp\/v2\/posts"}],"about":[{"href":"https:\/\/www.africa-press.net\/niger\/wp-json\/wp\/v2\/types\/post"}],"author":[{"embeddable":true,"href":"https:\/\/www.africa-press.net\/niger\/wp-json\/wp\/v2\/users\/82"}],"replies":[{"embeddable":true,"href":"https:\/\/www.africa-press.net\/niger\/wp-json\/wp\/v2\/comments?post=9709"}],"version-history":[{"count":0,"href":"https:\/\/www.africa-press.net\/niger\/wp-json\/wp\/v2\/posts\/9709\/revisions"}],"wp:featuredmedia":[{"embeddable":true,"href":"https:\/\/www.africa-press.net\/niger\/wp-json\/wp\/v2\/media\/9529"}],"wp:attachment":[{"href":"https:\/\/www.africa-press.net\/niger\/wp-json\/wp\/v2\/media?parent=9709"}],"wp:term":[{"taxonomy":"category","embeddable":true,"href":"https:\/\/www.africa-press.net\/niger\/wp-json\/wp\/v2\/categories?post=9709"},{"taxonomy":"post_tag","embeddable":true,"href":"https:\/\/www.africa-press.net\/niger\/wp-json\/wp\/v2\/tags?post=9709"}],"curies":[{"name":"wp","href":"https:\/\/api.w.org\/{rel}","templated":true}]}}