{"id":9712,"date":"2021-08-07T08:58:53","date_gmt":"2021-08-07T08:58:53","guid":{"rendered":"https:\/\/www.africa-press.net\/niger\/?p=9712"},"modified":"2021-08-08T18:10:47","modified_gmt":"2021-08-08T18:10:47","slug":"entretien-a-niamey-entre-le-chef-detat-nigerien-et-lemir-du-kano","status":"publish","type":"post","link":"https:\/\/www.africa-press.net\/niger\/politique\/entretien-a-niamey-entre-le-chef-detat-nigerien-et-lemir-du-kano","title":{"rendered":"Entretien \u00e0 Niamey entre le Chef d\u2019Etat Nig\u00e9rien et l\u2019Emir du Kano"},"content":{"rendered":"<p><span style=\"color: #ff6600\"><strong><a href=\"https:\/\/www.africa-press.net\/\">Africa-Press<\/a> &#8211; <a href=\"https:\/\/www.africa-press.net\/niger\">Niger<\/a>.\u00a0 <\/strong><\/span>Le pr\u00e9sident de la r\u00e9publique Mohamed Bazoum s\u2019est entretenu, en fin d\u2019apr\u00e8s-midi de ce vendredi 06 ao\u00fbt 2021, avec l&rsquo;\u00c9mir de Kano, Aminu Ado Bayaro.<\/p>\n<p>Face \u00e0 la presse, l\u2019h\u00f4te du pr\u00e9sident de la r\u00e9publique du Niger a tout d\u2019abord fait comprendre que \u2018\u2019le Niger et le Nigeria sont deux pays fr\u00e8re\u2019\u2019s, et c\u2019est en ce sens qu\u2019ils sont venus f\u00e9liciter le chef de l\u2019Etat nig\u00e9rien pour son accession \u00e0 la magistrature supr\u00eame du pays et lui r\u00e9affirmer, par la m\u00eame occasion, leur volont\u00e9 \u00e0 prier pour le retour de la paix au Niger parce que selon lui, \u2018\u2019la paix au Niger, c\u2019est aussi celle du Nigeria\u2019\u2019.<\/p>\n<p>L\u2019Emir du Kano de souligner que cette visite a \u00e9t\u00e9 aussi l\u2019occasion de voir les voies et moyens pouvant conduire au d\u00e9veloppement socio-\u00e9conomique des deux pays.<\/p>\n<p>Le Niger et le Nig\u00e9ria partagent une longue fronti\u00e8re commune, th\u00e9\u00e2tre des attaques terroristes de Boko haram, rappelle-ton<\/p>\n","protected":false},"excerpt":{"rendered":"<p>Africa-Press &#8211; Niger.\u00a0 Le pr\u00e9sident de la r\u00e9publique Mohamed Bazoum s\u2019est entretenu, en fin d\u2019apr\u00e8s-midi de ce vendredi 06 ao\u00fbt 2021, avec l&rsquo;\u00c9mir de Kano, Aminu Ado Bayaro. Face \u00e0 la presse, l\u2019h\u00f4te du pr\u00e9sident de la r\u00e9publique du Niger a tout d\u2019abord fait comprendre que \u2018\u2019le Niger et le Nigeria sont deux pays fr\u00e8re\u2019\u2019s, [&hellip;]<\/p>\n","protected":false},"author":82,"featured_media":8457,"comment_status":"open","ping_status":"closed","sticky":false,"template":"","format":"standard","meta":{"footnotes":""},"categories":[11,2,20,10],"tags":[55,60,29],"class_list":["post-9712","post","type-post","status-publish","format-standard","has-post-thumbnail","hentry","category-homepage-french","category-politique","category-top-nouvelles","category-toutes-les-actualites","tag-africa-press","tag-africa-press-niger","tag-niger"],"yoast_head":"<!-- This site is optimized with the Yoast SEO Premium plugin v26.1 (Yoast SEO v27.0) - https:\/\/yoast.com\/product\/yoast-seo-premium-wordpress\/ -->\n<title>Entretien \u00e0 Niamey entre le Chef d\u2019Etat Nig\u00e9rien et l\u2019Emir du Kano - niger<\/title>\n<meta name=\"description\" content=\", 06 Ao\u00fbt(ANP)-Le pr\u00e9sident de la r\u00e9publique Mohamed Bazoum s\u2019est entretenu, en fin d\u2019apr\u00e8s-midi de ce vendredi 06 ao\u00fbt ...\" \/>\n<meta name=\"robots\" content=\"index, follow, max-snippet:-1, max-image-preview:large, max-video-preview:-1\" \/>\n<link rel=\"canonical\" href=\"https:\/\/www.africa-press.net\/niger\/politique\/entretien-a-niamey-entre-le-chef-detat-nigerien-et-lemir-du-kano\" \/>\n<meta property=\"og:locale\" content=\"fr_FR\" \/>\n<meta property=\"og:type\" content=\"article\" \/>\n<meta property=\"og:title\" content=\"Entretien \u00e0 Niamey entre le Chef d\u2019Etat Nig\u00e9rien et l\u2019Emir du Kano\" \/>\n<meta property=\"og:description\" content=\", 06 Ao\u00fbt(ANP)-Le pr\u00e9sident de la r\u00e9publique Mohamed Bazoum s\u2019est entretenu, en fin d\u2019apr\u00e8s-midi de ce vendredi 06 ao\u00fbt ...\" \/>\n<meta property=\"og:url\" content=\"https:\/\/www.africa-press.net\/niger\/politique\/entretien-a-niamey-entre-le-chef-detat-nigerien-et-lemir-du-kano\" \/>\n<meta property=\"og:site_name\" content=\"niger\" \/>\n<meta property=\"article:published_time\" content=\"2021-08-07T08:58:53+00:00\" \/>\n<meta property=\"article:modified_time\" content=\"2021-08-08T18:10:47+00:00\" \/>\n<meta property=\"og:image\" content=\"https:\/\/static.africa-press.net\/niger\/sites\/40\/2021\/07\/82.jpg\" \/>\n\t<meta property=\"og:image:width\" content=\"720\" \/>\n\t<meta property=\"og:image:height\" content=\"480\" \/>\n\t<meta property=\"og:image:type\" content=\"image\/jpeg\" \/>\n<meta name=\"author\" content=\"cfeditorfr\" \/>\n<meta name=\"twitter:card\" content=\"summary_large_image\" \/>\n<meta name=\"twitter:label1\" content=\"\u00c9crit par\" \/>\n\t<meta name=\"twitter:data1\" content=\"cfeditorfr\" \/>\n\t<meta name=\"twitter:label2\" content=\"Dur\u00e9e de lecture estim\u00e9e\" \/>\n\t<meta name=\"twitter:data2\" content=\"1 minute\" \/>\n<script type=\"application\/ld+json\" class=\"yoast-schema-graph\">{\"@context\":\"https:\/\/schema.org\",\"@graph\":[{\"@type\":\"Article\",\"@id\":\"https:\/\/www.africa-press.net\/niger\/politique\/entretien-a-niamey-entre-le-chef-detat-nigerien-et-lemir-du-kano#article\",\"isPartOf\":{\"@id\":\"https:\/\/www.africa-press.net\/niger\/politique\/entretien-a-niamey-entre-le-chef-detat-nigerien-et-lemir-du-kano\"},\"author\":{\"name\":\"cfeditorfr\",\"@id\":\"https:\/\/www.africa-press.net\/niger\/#\/schema\/person\/2b1cf3cd81a31e3cd26889ca66d677f1\"},\"headline\":\"Entretien \u00e0 Niamey entre le Chef d\u2019Etat Nig\u00e9rien et l\u2019Emir du Kano\",\"datePublished\":\"2021-08-07T08:58:53+00:00\",\"dateModified\":\"2021-08-08T18:10:47+00:00\",\"mainEntityOfPage\":{\"@id\":\"https:\/\/www.africa-press.net\/niger\/politique\/entretien-a-niamey-entre-le-chef-detat-nigerien-et-lemir-du-kano\"},\"wordCount\":193,\"commentCount\":0,\"image\":{\"@id\":\"https:\/\/www.africa-press.net\/niger\/politique\/entretien-a-niamey-entre-le-chef-detat-nigerien-et-lemir-du-kano#primaryimage\"},\"thumbnailUrl\":\"https:\/\/static.africa-press.net\/niger\/sites\/40\/2021\/07\/82.jpg\",\"keywords\":[\"Africa Press\",\"Africa Press-Niger\",\"Niger\"],\"articleSection\":[\"homepage-french\",\"Politique\",\"Top Nouvelles\",\"Toutes les actualit\u00e9s\"],\"inLanguage\":\"fr-FR\",\"potentialAction\":[{\"@type\":\"CommentAction\",\"name\":\"Comment\",\"target\":[\"https:\/\/www.africa-press.net\/niger\/politique\/entretien-a-niamey-entre-le-chef-detat-nigerien-et-lemir-du-kano#respond\"]}]},{\"@type\":\"WebPage\",\"@id\":\"https:\/\/www.africa-press.net\/niger\/politique\/entretien-a-niamey-entre-le-chef-detat-nigerien-et-lemir-du-kano\",\"url\":\"https:\/\/www.africa-press.net\/niger\/politique\/entretien-a-niamey-entre-le-chef-detat-nigerien-et-lemir-du-kano\",\"name\":\"Entretien \u00e0 Niamey entre le Chef d\u2019Etat Nig\u00e9rien et l\u2019Emir du Kano - niger\",\"isPartOf\":{\"@id\":\"https:\/\/www.africa-press.net\/niger\/#website\"},\"primaryImageOfPage\":{\"@id\":\"https:\/\/www.africa-press.net\/niger\/politique\/entretien-a-niamey-entre-le-chef-detat-nigerien-et-lemir-du-kano#primaryimage\"},\"image\":{\"@id\":\"https:\/\/www.africa-press.net\/niger\/politique\/entretien-a-niamey-entre-le-chef-detat-nigerien-et-lemir-du-kano#primaryimage\"},\"thumbnailUrl\":\"https:\/\/static.africa-press.net\/niger\/sites\/40\/2021\/07\/82.jpg\",\"datePublished\":\"2021-08-07T08:58:53+00:00\",\"dateModified\":\"2021-08-08T18:10:47+00:00\",\"author\":{\"@id\":\"https:\/\/www.africa-press.net\/niger\/#\/schema\/person\/2b1cf3cd81a31e3cd26889ca66d677f1\"},\"description\":\", 06 Ao\u00fbt(ANP)-Le pr\u00e9sident de la r\u00e9publique Mohamed Bazoum s\u2019est entretenu, en fin d\u2019apr\u00e8s-midi de ce vendredi 06 ao\u00fbt ...\",\"breadcrumb\":{\"@id\":\"https:\/\/www.africa-press.net\/niger\/politique\/entretien-a-niamey-entre-le-chef-detat-nigerien-et-lemir-du-kano#breadcrumb\"},\"inLanguage\":\"fr-FR\",\"potentialAction\":[{\"@type\":\"ReadAction\",\"target\":[\"https:\/\/www.africa-press.net\/niger\/politique\/entretien-a-niamey-entre-le-chef-detat-nigerien-et-lemir-du-kano\"]}]},{\"@type\":\"ImageObject\",\"inLanguage\":\"fr-FR\",\"@id\":\"https:\/\/www.africa-press.net\/niger\/politique\/entretien-a-niamey-entre-le-chef-detat-nigerien-et-lemir-du-kano#primaryimage\",\"url\":\"https:\/\/static.africa-press.net\/niger\/sites\/40\/2021\/07\/82.jpg\",\"contentUrl\":\"https:\/\/static.africa-press.net\/niger\/sites\/40\/2021\/07\/82.jpg\",\"width\":720,\"height\":480},{\"@type\":\"BreadcrumbList\",\"@id\":\"https:\/\/www.africa-press.net\/niger\/politique\/entretien-a-niamey-entre-le-chef-detat-nigerien-et-lemir-du-kano#breadcrumb\",\"itemListElement\":[{\"@type\":\"ListItem\",\"position\":1,\"name\":\"Accueil\",\"item\":\"https:\/\/www.africa-press.net\/niger\/\"},{\"@type\":\"ListItem\",\"position\":2,\"name\":\"Entretien \u00e0 Niamey entre le Chef d\u2019Etat Nig\u00e9rien et l\u2019Emir du Kano\"}]},{\"@type\":\"WebSite\",\"@id\":\"https:\/\/www.africa-press.net\/niger\/#website\",\"url\":\"https:\/\/www.africa-press.net\/niger\/\",\"name\":\"niger\",\"description\":\"Just another Africa News Agency Sites site\",\"potentialAction\":[{\"@type\":\"SearchAction\",\"target\":{\"@type\":\"EntryPoint\",\"urlTemplate\":\"https:\/\/www.africa-press.net\/niger\/?s={search_term_string}\"},\"query-input\":{\"@type\":\"PropertyValueSpecification\",\"valueRequired\":true,\"valueName\":\"search_term_string\"}}],\"inLanguage\":\"fr-FR\"},{\"@type\":\"Person\",\"@id\":\"https:\/\/www.africa-press.net\/niger\/#\/schema\/person\/2b1cf3cd81a31e3cd26889ca66d677f1\",\"name\":\"cfeditorfr\"}]}<\/script>\n<!-- \/ Yoast SEO Premium plugin. -->","yoast_head_json":{"title":"Entretien \u00e0 Niamey entre le Chef d\u2019Etat Nig\u00e9rien et l\u2019Emir du Kano - niger","description":", 06 Ao\u00fbt(ANP)-Le pr\u00e9sident de la r\u00e9publique Mohamed Bazoum s\u2019est entretenu, en fin d\u2019apr\u00e8s-midi de ce vendredi 06 ao\u00fbt ...","robots":{"index":"index","follow":"follow","max-snippet":"max-snippet:-1","max-image-preview":"max-image-preview:large","max-video-preview":"max-video-preview:-1"},"canonical":"https:\/\/www.africa-press.net\/niger\/politique\/entretien-a-niamey-entre-le-chef-detat-nigerien-et-lemir-du-kano","og_locale":"fr_FR","og_type":"article","og_title":"Entretien \u00e0 Niamey entre le Chef d\u2019Etat Nig\u00e9rien et l\u2019Emir du Kano","og_description":", 06 Ao\u00fbt(ANP)-Le pr\u00e9sident de la r\u00e9publique Mohamed Bazoum s\u2019est entretenu, en fin d\u2019apr\u00e8s-midi de ce vendredi 06 ao\u00fbt ...","og_url":"https:\/\/www.africa-press.net\/niger\/politique\/entretien-a-niamey-entre-le-chef-detat-nigerien-et-lemir-du-kano","og_site_name":"niger","article_published_time":"2021-08-07T08:58:53+00:00","article_modified_time":"2021-08-08T18:10:47+00:00","og_image":[{"width":720,"height":480,"url":"https:\/\/static.africa-press.net\/niger\/sites\/40\/2021\/07\/82.jpg","type":"image\/jpeg"}],"author":"cfeditorfr","twitter_card":"summary_large_image","twitter_misc":{"\u00c9crit par":"cfeditorfr","Dur\u00e9e de lecture estim\u00e9e":"1 minute"},"schema":{"@context":"https:\/\/schema.org","@graph":[{"@type":"Article","@id":"https:\/\/www.africa-press.net\/niger\/politique\/entretien-a-niamey-entre-le-chef-detat-nigerien-et-lemir-du-kano#article","isPartOf":{"@id":"https:\/\/www.africa-press.net\/niger\/politique\/entretien-a-niamey-entre-le-chef-detat-nigerien-et-lemir-du-kano"},"author":{"name":"cfeditorfr","@id":"https:\/\/www.africa-press.net\/niger\/#\/schema\/person\/2b1cf3cd81a31e3cd26889ca66d677f1"},"headline":"Entretien \u00e0 Niamey entre le Chef d\u2019Etat Nig\u00e9rien et l\u2019Emir du Kano","datePublished":"2021-08-07T08:58:53+00:00","dateModified":"2021-08-08T18:10:47+00:00","mainEntityOfPage":{"@id":"https:\/\/www.africa-press.net\/niger\/politique\/entretien-a-niamey-entre-le-chef-detat-nigerien-et-lemir-du-kano"},"wordCount":193,"commentCount":0,"image":{"@id":"https:\/\/www.africa-press.net\/niger\/politique\/entretien-a-niamey-entre-le-chef-detat-nigerien-et-lemir-du-kano#primaryimage"},"thumbnailUrl":"https:\/\/static.africa-press.net\/niger\/sites\/40\/2021\/07\/82.jpg","keywords":["Africa Press","Africa Press-Niger","Niger"],"articleSection":["homepage-french","Politique","Top Nouvelles","Toutes les actualit\u00e9s"],"inLanguage":"fr-FR","potentialAction":[{"@type":"CommentAction","name":"Comment","target":["https:\/\/www.africa-press.net\/niger\/politique\/entretien-a-niamey-entre-le-chef-detat-nigerien-et-lemir-du-kano#respond"]}]},{"@type":"WebPage","@id":"https:\/\/www.africa-press.net\/niger\/politique\/entretien-a-niamey-entre-le-chef-detat-nigerien-et-lemir-du-kano","url":"https:\/\/www.africa-press.net\/niger\/politique\/entretien-a-niamey-entre-le-chef-detat-nigerien-et-lemir-du-kano","name":"Entretien \u00e0 Niamey entre le Chef d\u2019Etat Nig\u00e9rien et l\u2019Emir du Kano - niger","isPartOf":{"@id":"https:\/\/www.africa-press.net\/niger\/#website"},"primaryImageOfPage":{"@id":"https:\/\/www.africa-press.net\/niger\/politique\/entretien-a-niamey-entre-le-chef-detat-nigerien-et-lemir-du-kano#primaryimage"},"image":{"@id":"https:\/\/www.africa-press.net\/niger\/politique\/entretien-a-niamey-entre-le-chef-detat-nigerien-et-lemir-du-kano#primaryimage"},"thumbnailUrl":"https:\/\/static.africa-press.net\/niger\/sites\/40\/2021\/07\/82.jpg","datePublished":"2021-08-07T08:58:53+00:00","dateModified":"2021-08-08T18:10:47+00:00","author":{"@id":"https:\/\/www.africa-press.net\/niger\/#\/schema\/person\/2b1cf3cd81a31e3cd26889ca66d677f1"},"description":", 06 Ao\u00fbt(ANP)-Le pr\u00e9sident de la r\u00e9publique Mohamed Bazoum s\u2019est entretenu, en fin d\u2019apr\u00e8s-midi de ce vendredi 06 ao\u00fbt ...","breadcrumb":{"@id":"https:\/\/www.africa-press.net\/niger\/politique\/entretien-a-niamey-entre-le-chef-detat-nigerien-et-lemir-du-kano#breadcrumb"},"inLanguage":"fr-FR","potentialAction":[{"@type":"ReadAction","target":["https:\/\/www.africa-press.net\/niger\/politique\/entretien-a-niamey-entre-le-chef-detat-nigerien-et-lemir-du-kano"]}]},{"@type":"ImageObject","inLanguage":"fr-FR","@id":"https:\/\/www.africa-press.net\/niger\/politique\/entretien-a-niamey-entre-le-chef-detat-nigerien-et-lemir-du-kano#primaryimage","url":"https:\/\/static.africa-press.net\/niger\/sites\/40\/2021\/07\/82.jpg","contentUrl":"https:\/\/static.africa-press.net\/niger\/sites\/40\/2021\/07\/82.jpg","width":720,"height":480},{"@type":"BreadcrumbList","@id":"https:\/\/www.africa-press.net\/niger\/politique\/entretien-a-niamey-entre-le-chef-detat-nigerien-et-lemir-du-kano#breadcrumb","itemListElement":[{"@type":"ListItem","position":1,"name":"Accueil","item":"https:\/\/www.africa-press.net\/niger\/"},{"@type":"ListItem","position":2,"name":"Entretien \u00e0 Niamey entre le Chef d\u2019Etat Nig\u00e9rien et l\u2019Emir du Kano"}]},{"@type":"WebSite","@id":"https:\/\/www.africa-press.net\/niger\/#website","url":"https:\/\/www.africa-press.net\/niger\/","name":"niger","description":"Just another Africa News Agency Sites site","potentialAction":[{"@type":"SearchAction","target":{"@type":"EntryPoint","urlTemplate":"https:\/\/www.africa-press.net\/niger\/?s={search_term_string}"},"query-input":{"@type":"PropertyValueSpecification","valueRequired":true,"valueName":"search_term_string"}}],"inLanguage":"fr-FR"},{"@type":"Person","@id":"https:\/\/www.africa-press.net\/niger\/#\/schema\/person\/2b1cf3cd81a31e3cd26889ca66d677f1","name":"cfeditorfr"}]}},"_links":{"self":[{"href":"https:\/\/www.africa-press.net\/niger\/wp-json\/wp\/v2\/posts\/9712","targetHints":{"allow":["GET"]}}],"collection":[{"href":"https:\/\/www.africa-press.net\/niger\/wp-json\/wp\/v2\/posts"}],"about":[{"href":"https:\/\/www.africa-press.net\/niger\/wp-json\/wp\/v2\/types\/post"}],"author":[{"embeddable":true,"href":"https:\/\/www.africa-press.net\/niger\/wp-json\/wp\/v2\/users\/82"}],"replies":[{"embeddable":true,"href":"https:\/\/www.africa-press.net\/niger\/wp-json\/wp\/v2\/comments?post=9712"}],"version-history":[{"count":0,"href":"https:\/\/www.africa-press.net\/niger\/wp-json\/wp\/v2\/posts\/9712\/revisions"}],"wp:featuredmedia":[{"embeddable":true,"href":"https:\/\/www.africa-press.net\/niger\/wp-json\/wp\/v2\/media\/8457"}],"wp:attachment":[{"href":"https:\/\/www.africa-press.net\/niger\/wp-json\/wp\/v2\/media?parent=9712"}],"wp:term":[{"taxonomy":"category","embeddable":true,"href":"https:\/\/www.africa-press.net\/niger\/wp-json\/wp\/v2\/categories?post=9712"},{"taxonomy":"post_tag","embeddable":true,"href":"https:\/\/www.africa-press.net\/niger\/wp-json\/wp\/v2\/tags?post=9712"}],"curies":[{"name":"wp","href":"https:\/\/api.w.org\/{rel}","templated":true}]}}