{"id":9715,"date":"2021-08-07T09:04:23","date_gmt":"2021-08-07T09:04:23","guid":{"rendered":"https:\/\/www.africa-press.net\/niger\/?p=9715"},"modified":"2021-08-08T18:11:18","modified_gmt":"2021-08-08T18:11:18","slug":"le-president-mohamed-bazoum-recommande-aux-elus-locaux-de-sapproprier-le-code-general-des-collectivites-territoriales-du-niger","status":"publish","type":"post","link":"https:\/\/www.africa-press.net\/niger\/politique\/le-president-mohamed-bazoum-recommande-aux-elus-locaux-de-sapproprier-le-code-general-des-collectivites-territoriales-du-niger","title":{"rendered":"Le Pr\u00e9sident Mohamed Bazoum recommande aux \u00e9lus locaux de s\u2019approprier le code g\u00e9n\u00e9ral  des collectivit\u00e9s territoriales du Niger"},"content":{"rendered":"<p><span style=\"color: #ff6600\"><strong><a href=\"https:\/\/www.africa-press.net\/\">Africa-Press<\/a> &#8211; <a href=\"https:\/\/www.africa-press.net\/niger\">Niger<\/a>. <\/strong><\/span>Le pr\u00e9sident de la r\u00e9publique Mohamed Bazoum a, au cours d\u2019une rencontre avec les \u00e9lus locaux, ce vendredi 06 ao\u00fbt 2021 \u00e0 son cabinet, demand\u00e9 aux \u00e9lus locaux de s\u2019approprier le g\u00e9n\u00e9ral des collectivit\u00e9s territoriales.<\/p>\n<p>L\u2019objectif de cette premi\u00e8re rencontre entre le pr\u00e9sident de la r\u00e9publique et les \u00e9lus locaux est de chercher les voies et moyens ad\u00e9quats pour le bon fonctionnement des collectivit\u00e9s territoriales.<\/p>\n<p>L\u2019essentiel de l\u2019intervention du chef de l\u2019Etat a port\u00e9 notamment sur les choses que ces \u00e9lus locaux devront savoir et \u00e0 maitriser notamment la gestion du personnel des collectivit\u00e9s territoriales ; le code des collectivit\u00e9s territoriales ; la gestion des collaborateurs des collectivit\u00e9s en l\u2019occurrence le bon choix sur le recrutement des receveurs; les r\u00e8gles de lotissement ; ainsi que la gestion des vivres destin\u00e9s \u00e0 la vente \u00e0 prix mod\u00e9r\u00e9 ou distribution gratuite , et le processus de transfert de comp\u00e9tence.<\/p>\n<p>Le chef de l\u2019Etat a, dans son intervention, port\u00e9 \u00e0 la connaissance des nouveaux \u00e9lus les d\u00e9boires, sur ces diff\u00e9rentes questions, de ceux qui les ont pr\u00e9c\u00e9d\u00e9s et qui leur qui leur ont valu la r\u00e9vocation et m\u00eame de l\u2019emprisonnement.<\/p>\n<p>\u2018\u2019Nous sommes dans un processus de transfert des comp\u00e9tences et des responsabilit\u00e9s sur lesquelles les choses sont loin d\u2019\u00eatre tout \u00e0 fait claires, mais avec l\u2019exp\u00e9rience, cela va se clarifier certainement, nous comptons sur votre bonne compr\u00e9hension sur une relation harmonieuse entre les diff\u00e9rents minist\u00e8res et les collectivit\u00e9s territoriales\u2019\u2019 a-t-il notifi\u00e9.<\/p>\n<p>En s\u2019adressant sp\u00e9cifiquement aux maires des partis de l\u2019opposition, le chef de l\u2019Etat de rassurer que \u2018\u2019tous les maires ont les m\u00eame droits, ne pensez pas que vous \u00eates des maires qui ont un statut inferieur, ou un statut diff\u00e9rent des autres, nous allons respecter tous les maires de la m\u00eame fa\u00e7on et nous les traiterons tous de la m\u00eame fa\u00e7on\u2019\u2019 a-t-il lanc\u00e9 \u00e0 leurs endroits.<\/p>\n<p>Peu apr\u00e8s, l\u2019intervention du chef de l\u2019Etat, la parole fut donn\u00e9e \u00e0 l\u2019assistance, qui pour apporter des contributions, qui pour poser des questions relatives \u00e0 la question du financement des collectivit\u00e9s territoriales ; le transfert de comp\u00e9tence ; la perception des taxes et imp\u00f4ts ; la question de la salubrit\u00e9 et bien d\u2019autres sujets relatifs au fonctionnement des collectivit\u00e9s.<\/p>\n<p>En r\u00e9ponse, le Pr\u00e9sident de la r\u00e9publique a donn\u00e9 d\u2019amples explications sur les diff\u00e9rentes questions soulev\u00e9es.<\/p>\n<p>Parlant du retour des populations d\u00e9plac\u00e9es dans leurs localit\u00e9s d\u2019origine, le chef de l\u2019Etat a rassur\u00e9 les \u00e9lus quant \u00e0 leur volont\u00e9 de mener le combat contre le terrorisme.<\/p>\n<p>Auparavant, le Ministre de l\u2019int\u00e9rieur, M. Alkache Alhada a, dans son mot introductif, indiqu\u00e9 que cette rencontre va \u00eatre une occasion pour les \u00e9lus locaux de savoir les orientations et les engagements du chef de l\u2019Etat par rapport \u00e0 la question de la d\u00e9centralisation.<\/p>\n","protected":false},"excerpt":{"rendered":"<p>Africa-Press &#8211; Niger. Le pr\u00e9sident de la r\u00e9publique Mohamed Bazoum a, au cours d\u2019une rencontre avec les \u00e9lus locaux, ce vendredi 06 ao\u00fbt 2021 \u00e0 son cabinet, demand\u00e9 aux \u00e9lus locaux de s\u2019approprier le g\u00e9n\u00e9ral des collectivit\u00e9s territoriales. L\u2019objectif de cette premi\u00e8re rencontre entre le pr\u00e9sident de la r\u00e9publique et les \u00e9lus locaux est de [&hellip;]<\/p>\n","protected":false},"author":82,"featured_media":8578,"comment_status":"open","ping_status":"closed","sticky":false,"template":"","format":"standard","meta":{"footnotes":""},"categories":[11,2,10],"tags":[55,60,29],"class_list":["post-9715","post","type-post","status-publish","format-standard","has-post-thumbnail","hentry","category-homepage-french","category-politique","category-toutes-les-actualites","tag-africa-press","tag-africa-press-niger","tag-niger"],"yoast_head":"<!-- This site is optimized with the Yoast SEO Premium plugin v26.1 (Yoast SEO v27.0) - https:\/\/yoast.com\/product\/yoast-seo-premium-wordpress\/ -->\n<title>Le Pr\u00e9sident Mohamed Bazoum recommande aux \u00e9lus locaux de s\u2019approprier le code g\u00e9n\u00e9ral des collectivit\u00e9s territoriales du Niger - niger<\/title>\n<meta name=\"description\" content=\"Le pr\u00e9sident de la r\u00e9publique Mohamed Bazoum a, au cours d\u2019une rencontre avec les \u00e9lus locaux, ce vendredi 06 ao\u00fbt 2021 ...\" \/>\n<meta name=\"robots\" content=\"index, follow, max-snippet:-1, max-image-preview:large, max-video-preview:-1\" \/>\n<link rel=\"canonical\" href=\"https:\/\/www.africa-press.net\/niger\/politique\/le-president-mohamed-bazoum-recommande-aux-elus-locaux-de-sapproprier-le-code-general-des-collectivites-territoriales-du-niger\" \/>\n<meta property=\"og:locale\" content=\"fr_FR\" \/>\n<meta property=\"og:type\" content=\"article\" \/>\n<meta property=\"og:title\" content=\"Le Pr\u00e9sident Mohamed Bazoum recommande aux \u00e9lus locaux de s\u2019approprier le code g\u00e9n\u00e9ral des collectivit\u00e9s territoriales du Niger\" \/>\n<meta property=\"og:description\" content=\"Le pr\u00e9sident de la r\u00e9publique Mohamed Bazoum a, au cours d\u2019une rencontre avec les \u00e9lus locaux, ce vendredi 06 ao\u00fbt 2021 ...\" \/>\n<meta property=\"og:url\" content=\"https:\/\/www.africa-press.net\/niger\/politique\/le-president-mohamed-bazoum-recommande-aux-elus-locaux-de-sapproprier-le-code-general-des-collectivites-territoriales-du-niger\" \/>\n<meta property=\"og:site_name\" content=\"niger\" \/>\n<meta property=\"article:published_time\" content=\"2021-08-07T09:04:23+00:00\" \/>\n<meta property=\"article:modified_time\" content=\"2021-08-08T18:11:18+00:00\" \/>\n<meta property=\"og:image\" content=\"https:\/\/static.africa-press.net\/niger\/sites\/40\/2021\/07\/img-60e6e60a15cf8.jpg\" \/>\n\t<meta property=\"og:image:width\" content=\"1500\" \/>\n\t<meta property=\"og:image:height\" content=\"635\" \/>\n\t<meta property=\"og:image:type\" content=\"image\/jpeg\" \/>\n<meta name=\"author\" content=\"cfeditorfr\" \/>\n<meta name=\"twitter:card\" content=\"summary_large_image\" \/>\n<meta name=\"twitter:label1\" content=\"\u00c9crit par\" \/>\n\t<meta name=\"twitter:data1\" content=\"cfeditorfr\" \/>\n\t<meta name=\"twitter:label2\" content=\"Dur\u00e9e de lecture estim\u00e9e\" \/>\n\t<meta name=\"twitter:data2\" content=\"3 minutes\" \/>\n<script type=\"application\/ld+json\" class=\"yoast-schema-graph\">{\"@context\":\"https:\/\/schema.org\",\"@graph\":[{\"@type\":\"Article\",\"@id\":\"https:\/\/www.africa-press.net\/niger\/politique\/le-president-mohamed-bazoum-recommande-aux-elus-locaux-de-sapproprier-le-code-general-des-collectivites-territoriales-du-niger#article\",\"isPartOf\":{\"@id\":\"https:\/\/www.africa-press.net\/niger\/politique\/le-president-mohamed-bazoum-recommande-aux-elus-locaux-de-sapproprier-le-code-general-des-collectivites-territoriales-du-niger\"},\"author\":{\"name\":\"cfeditorfr\",\"@id\":\"https:\/\/www.africa-press.net\/niger\/#\/schema\/person\/2b1cf3cd81a31e3cd26889ca66d677f1\"},\"headline\":\"Le Pr\u00e9sident Mohamed Bazoum recommande aux \u00e9lus locaux de s\u2019approprier le code g\u00e9n\u00e9ral des collectivit\u00e9s territoriales du Niger\",\"datePublished\":\"2021-08-07T09:04:23+00:00\",\"dateModified\":\"2021-08-08T18:11:18+00:00\",\"mainEntityOfPage\":{\"@id\":\"https:\/\/www.africa-press.net\/niger\/politique\/le-president-mohamed-bazoum-recommande-aux-elus-locaux-de-sapproprier-le-code-general-des-collectivites-territoriales-du-niger\"},\"wordCount\":536,\"commentCount\":0,\"image\":{\"@id\":\"https:\/\/www.africa-press.net\/niger\/politique\/le-president-mohamed-bazoum-recommande-aux-elus-locaux-de-sapproprier-le-code-general-des-collectivites-territoriales-du-niger#primaryimage\"},\"thumbnailUrl\":\"https:\/\/static.africa-press.net\/niger\/sites\/40\/2021\/07\/img-60e6e60a15cf8.jpg\",\"keywords\":[\"Africa Press\",\"Africa Press-Niger\",\"Niger\"],\"articleSection\":[\"homepage-french\",\"Politique\",\"Toutes les actualit\u00e9s\"],\"inLanguage\":\"fr-FR\",\"potentialAction\":[{\"@type\":\"CommentAction\",\"name\":\"Comment\",\"target\":[\"https:\/\/www.africa-press.net\/niger\/politique\/le-president-mohamed-bazoum-recommande-aux-elus-locaux-de-sapproprier-le-code-general-des-collectivites-territoriales-du-niger#respond\"]}]},{\"@type\":\"WebPage\",\"@id\":\"https:\/\/www.africa-press.net\/niger\/politique\/le-president-mohamed-bazoum-recommande-aux-elus-locaux-de-sapproprier-le-code-general-des-collectivites-territoriales-du-niger\",\"url\":\"https:\/\/www.africa-press.net\/niger\/politique\/le-president-mohamed-bazoum-recommande-aux-elus-locaux-de-sapproprier-le-code-general-des-collectivites-territoriales-du-niger\",\"name\":\"Le Pr\u00e9sident Mohamed Bazoum recommande aux \u00e9lus locaux de s\u2019approprier le code g\u00e9n\u00e9ral des collectivit\u00e9s territoriales du Niger - niger\",\"isPartOf\":{\"@id\":\"https:\/\/www.africa-press.net\/niger\/#website\"},\"primaryImageOfPage\":{\"@id\":\"https:\/\/www.africa-press.net\/niger\/politique\/le-president-mohamed-bazoum-recommande-aux-elus-locaux-de-sapproprier-le-code-general-des-collectivites-territoriales-du-niger#primaryimage\"},\"image\":{\"@id\":\"https:\/\/www.africa-press.net\/niger\/politique\/le-president-mohamed-bazoum-recommande-aux-elus-locaux-de-sapproprier-le-code-general-des-collectivites-territoriales-du-niger#primaryimage\"},\"thumbnailUrl\":\"https:\/\/static.africa-press.net\/niger\/sites\/40\/2021\/07\/img-60e6e60a15cf8.jpg\",\"datePublished\":\"2021-08-07T09:04:23+00:00\",\"dateModified\":\"2021-08-08T18:11:18+00:00\",\"author\":{\"@id\":\"https:\/\/www.africa-press.net\/niger\/#\/schema\/person\/2b1cf3cd81a31e3cd26889ca66d677f1\"},\"description\":\"Le pr\u00e9sident de la r\u00e9publique Mohamed Bazoum a, au cours d\u2019une rencontre avec les \u00e9lus locaux, ce vendredi 06 ao\u00fbt 2021 ...\",\"breadcrumb\":{\"@id\":\"https:\/\/www.africa-press.net\/niger\/politique\/le-president-mohamed-bazoum-recommande-aux-elus-locaux-de-sapproprier-le-code-general-des-collectivites-territoriales-du-niger#breadcrumb\"},\"inLanguage\":\"fr-FR\",\"potentialAction\":[{\"@type\":\"ReadAction\",\"target\":[\"https:\/\/www.africa-press.net\/niger\/politique\/le-president-mohamed-bazoum-recommande-aux-elus-locaux-de-sapproprier-le-code-general-des-collectivites-territoriales-du-niger\"]}]},{\"@type\":\"ImageObject\",\"inLanguage\":\"fr-FR\",\"@id\":\"https:\/\/www.africa-press.net\/niger\/politique\/le-president-mohamed-bazoum-recommande-aux-elus-locaux-de-sapproprier-le-code-general-des-collectivites-territoriales-du-niger#primaryimage\",\"url\":\"https:\/\/static.africa-press.net\/niger\/sites\/40\/2021\/07\/img-60e6e60a15cf8.jpg\",\"contentUrl\":\"https:\/\/static.africa-press.net\/niger\/sites\/40\/2021\/07\/img-60e6e60a15cf8.jpg\",\"width\":1500,\"height\":635,\"caption\":\"\"},{\"@type\":\"BreadcrumbList\",\"@id\":\"https:\/\/www.africa-press.net\/niger\/politique\/le-president-mohamed-bazoum-recommande-aux-elus-locaux-de-sapproprier-le-code-general-des-collectivites-territoriales-du-niger#breadcrumb\",\"itemListElement\":[{\"@type\":\"ListItem\",\"position\":1,\"name\":\"Accueil\",\"item\":\"https:\/\/www.africa-press.net\/niger\/\"},{\"@type\":\"ListItem\",\"position\":2,\"name\":\"Le Pr\u00e9sident Mohamed Bazoum recommande aux \u00e9lus locaux de s\u2019approprier le code g\u00e9n\u00e9ral des collectivit\u00e9s territoriales du Niger\"}]},{\"@type\":\"WebSite\",\"@id\":\"https:\/\/www.africa-press.net\/niger\/#website\",\"url\":\"https:\/\/www.africa-press.net\/niger\/\",\"name\":\"niger\",\"description\":\"Just another Africa News Agency Sites site\",\"potentialAction\":[{\"@type\":\"SearchAction\",\"target\":{\"@type\":\"EntryPoint\",\"urlTemplate\":\"https:\/\/www.africa-press.net\/niger\/?s={search_term_string}\"},\"query-input\":{\"@type\":\"PropertyValueSpecification\",\"valueRequired\":true,\"valueName\":\"search_term_string\"}}],\"inLanguage\":\"fr-FR\"},{\"@type\":\"Person\",\"@id\":\"https:\/\/www.africa-press.net\/niger\/#\/schema\/person\/2b1cf3cd81a31e3cd26889ca66d677f1\",\"name\":\"cfeditorfr\"}]}<\/script>\n<!-- \/ Yoast SEO Premium plugin. -->","yoast_head_json":{"title":"Le Pr\u00e9sident Mohamed Bazoum recommande aux \u00e9lus locaux de s\u2019approprier le code g\u00e9n\u00e9ral des collectivit\u00e9s territoriales du Niger - niger","description":"Le pr\u00e9sident de la r\u00e9publique Mohamed Bazoum a, au cours d\u2019une rencontre avec les \u00e9lus locaux, ce vendredi 06 ao\u00fbt 2021 ...","robots":{"index":"index","follow":"follow","max-snippet":"max-snippet:-1","max-image-preview":"max-image-preview:large","max-video-preview":"max-video-preview:-1"},"canonical":"https:\/\/www.africa-press.net\/niger\/politique\/le-president-mohamed-bazoum-recommande-aux-elus-locaux-de-sapproprier-le-code-general-des-collectivites-territoriales-du-niger","og_locale":"fr_FR","og_type":"article","og_title":"Le Pr\u00e9sident Mohamed Bazoum recommande aux \u00e9lus locaux de s\u2019approprier le code g\u00e9n\u00e9ral des collectivit\u00e9s territoriales du Niger","og_description":"Le pr\u00e9sident de la r\u00e9publique Mohamed Bazoum a, au cours d\u2019une rencontre avec les \u00e9lus locaux, ce vendredi 06 ao\u00fbt 2021 ...","og_url":"https:\/\/www.africa-press.net\/niger\/politique\/le-president-mohamed-bazoum-recommande-aux-elus-locaux-de-sapproprier-le-code-general-des-collectivites-territoriales-du-niger","og_site_name":"niger","article_published_time":"2021-08-07T09:04:23+00:00","article_modified_time":"2021-08-08T18:11:18+00:00","og_image":[{"width":1500,"height":635,"url":"https:\/\/static.africa-press.net\/niger\/sites\/40\/2021\/07\/img-60e6e60a15cf8.jpg","type":"image\/jpeg"}],"author":"cfeditorfr","twitter_card":"summary_large_image","twitter_misc":{"\u00c9crit par":"cfeditorfr","Dur\u00e9e de lecture estim\u00e9e":"3 minutes"},"schema":{"@context":"https:\/\/schema.org","@graph":[{"@type":"Article","@id":"https:\/\/www.africa-press.net\/niger\/politique\/le-president-mohamed-bazoum-recommande-aux-elus-locaux-de-sapproprier-le-code-general-des-collectivites-territoriales-du-niger#article","isPartOf":{"@id":"https:\/\/www.africa-press.net\/niger\/politique\/le-president-mohamed-bazoum-recommande-aux-elus-locaux-de-sapproprier-le-code-general-des-collectivites-territoriales-du-niger"},"author":{"name":"cfeditorfr","@id":"https:\/\/www.africa-press.net\/niger\/#\/schema\/person\/2b1cf3cd81a31e3cd26889ca66d677f1"},"headline":"Le Pr\u00e9sident Mohamed Bazoum recommande aux \u00e9lus locaux de s\u2019approprier le code g\u00e9n\u00e9ral des collectivit\u00e9s territoriales du Niger","datePublished":"2021-08-07T09:04:23+00:00","dateModified":"2021-08-08T18:11:18+00:00","mainEntityOfPage":{"@id":"https:\/\/www.africa-press.net\/niger\/politique\/le-president-mohamed-bazoum-recommande-aux-elus-locaux-de-sapproprier-le-code-general-des-collectivites-territoriales-du-niger"},"wordCount":536,"commentCount":0,"image":{"@id":"https:\/\/www.africa-press.net\/niger\/politique\/le-president-mohamed-bazoum-recommande-aux-elus-locaux-de-sapproprier-le-code-general-des-collectivites-territoriales-du-niger#primaryimage"},"thumbnailUrl":"https:\/\/static.africa-press.net\/niger\/sites\/40\/2021\/07\/img-60e6e60a15cf8.jpg","keywords":["Africa Press","Africa Press-Niger","Niger"],"articleSection":["homepage-french","Politique","Toutes les actualit\u00e9s"],"inLanguage":"fr-FR","potentialAction":[{"@type":"CommentAction","name":"Comment","target":["https:\/\/www.africa-press.net\/niger\/politique\/le-president-mohamed-bazoum-recommande-aux-elus-locaux-de-sapproprier-le-code-general-des-collectivites-territoriales-du-niger#respond"]}]},{"@type":"WebPage","@id":"https:\/\/www.africa-press.net\/niger\/politique\/le-president-mohamed-bazoum-recommande-aux-elus-locaux-de-sapproprier-le-code-general-des-collectivites-territoriales-du-niger","url":"https:\/\/www.africa-press.net\/niger\/politique\/le-president-mohamed-bazoum-recommande-aux-elus-locaux-de-sapproprier-le-code-general-des-collectivites-territoriales-du-niger","name":"Le Pr\u00e9sident Mohamed Bazoum recommande aux \u00e9lus locaux de s\u2019approprier le code g\u00e9n\u00e9ral des collectivit\u00e9s territoriales du Niger - niger","isPartOf":{"@id":"https:\/\/www.africa-press.net\/niger\/#website"},"primaryImageOfPage":{"@id":"https:\/\/www.africa-press.net\/niger\/politique\/le-president-mohamed-bazoum-recommande-aux-elus-locaux-de-sapproprier-le-code-general-des-collectivites-territoriales-du-niger#primaryimage"},"image":{"@id":"https:\/\/www.africa-press.net\/niger\/politique\/le-president-mohamed-bazoum-recommande-aux-elus-locaux-de-sapproprier-le-code-general-des-collectivites-territoriales-du-niger#primaryimage"},"thumbnailUrl":"https:\/\/static.africa-press.net\/niger\/sites\/40\/2021\/07\/img-60e6e60a15cf8.jpg","datePublished":"2021-08-07T09:04:23+00:00","dateModified":"2021-08-08T18:11:18+00:00","author":{"@id":"https:\/\/www.africa-press.net\/niger\/#\/schema\/person\/2b1cf3cd81a31e3cd26889ca66d677f1"},"description":"Le pr\u00e9sident de la r\u00e9publique Mohamed Bazoum a, au cours d\u2019une rencontre avec les \u00e9lus locaux, ce vendredi 06 ao\u00fbt 2021 ...","breadcrumb":{"@id":"https:\/\/www.africa-press.net\/niger\/politique\/le-president-mohamed-bazoum-recommande-aux-elus-locaux-de-sapproprier-le-code-general-des-collectivites-territoriales-du-niger#breadcrumb"},"inLanguage":"fr-FR","potentialAction":[{"@type":"ReadAction","target":["https:\/\/www.africa-press.net\/niger\/politique\/le-president-mohamed-bazoum-recommande-aux-elus-locaux-de-sapproprier-le-code-general-des-collectivites-territoriales-du-niger"]}]},{"@type":"ImageObject","inLanguage":"fr-FR","@id":"https:\/\/www.africa-press.net\/niger\/politique\/le-president-mohamed-bazoum-recommande-aux-elus-locaux-de-sapproprier-le-code-general-des-collectivites-territoriales-du-niger#primaryimage","url":"https:\/\/static.africa-press.net\/niger\/sites\/40\/2021\/07\/img-60e6e60a15cf8.jpg","contentUrl":"https:\/\/static.africa-press.net\/niger\/sites\/40\/2021\/07\/img-60e6e60a15cf8.jpg","width":1500,"height":635,"caption":""},{"@type":"BreadcrumbList","@id":"https:\/\/www.africa-press.net\/niger\/politique\/le-president-mohamed-bazoum-recommande-aux-elus-locaux-de-sapproprier-le-code-general-des-collectivites-territoriales-du-niger#breadcrumb","itemListElement":[{"@type":"ListItem","position":1,"name":"Accueil","item":"https:\/\/www.africa-press.net\/niger\/"},{"@type":"ListItem","position":2,"name":"Le Pr\u00e9sident Mohamed Bazoum recommande aux \u00e9lus locaux de s\u2019approprier le code g\u00e9n\u00e9ral des collectivit\u00e9s territoriales du Niger"}]},{"@type":"WebSite","@id":"https:\/\/www.africa-press.net\/niger\/#website","url":"https:\/\/www.africa-press.net\/niger\/","name":"niger","description":"Just another Africa News Agency Sites site","potentialAction":[{"@type":"SearchAction","target":{"@type":"EntryPoint","urlTemplate":"https:\/\/www.africa-press.net\/niger\/?s={search_term_string}"},"query-input":{"@type":"PropertyValueSpecification","valueRequired":true,"valueName":"search_term_string"}}],"inLanguage":"fr-FR"},{"@type":"Person","@id":"https:\/\/www.africa-press.net\/niger\/#\/schema\/person\/2b1cf3cd81a31e3cd26889ca66d677f1","name":"cfeditorfr"}]}},"_links":{"self":[{"href":"https:\/\/www.africa-press.net\/niger\/wp-json\/wp\/v2\/posts\/9715","targetHints":{"allow":["GET"]}}],"collection":[{"href":"https:\/\/www.africa-press.net\/niger\/wp-json\/wp\/v2\/posts"}],"about":[{"href":"https:\/\/www.africa-press.net\/niger\/wp-json\/wp\/v2\/types\/post"}],"author":[{"embeddable":true,"href":"https:\/\/www.africa-press.net\/niger\/wp-json\/wp\/v2\/users\/82"}],"replies":[{"embeddable":true,"href":"https:\/\/www.africa-press.net\/niger\/wp-json\/wp\/v2\/comments?post=9715"}],"version-history":[{"count":0,"href":"https:\/\/www.africa-press.net\/niger\/wp-json\/wp\/v2\/posts\/9715\/revisions"}],"wp:featuredmedia":[{"embeddable":true,"href":"https:\/\/www.africa-press.net\/niger\/wp-json\/wp\/v2\/media\/8578"}],"wp:attachment":[{"href":"https:\/\/www.africa-press.net\/niger\/wp-json\/wp\/v2\/media?parent=9715"}],"wp:term":[{"taxonomy":"category","embeddable":true,"href":"https:\/\/www.africa-press.net\/niger\/wp-json\/wp\/v2\/categories?post=9715"},{"taxonomy":"post_tag","embeddable":true,"href":"https:\/\/www.africa-press.net\/niger\/wp-json\/wp\/v2\/tags?post=9715"}],"curies":[{"name":"wp","href":"https:\/\/api.w.org\/{rel}","templated":true}]}}