{"id":9727,"date":"2021-08-07T09:37:32","date_gmt":"2021-08-07T09:37:32","guid":{"rendered":"https:\/\/www.africa-press.net\/niger\/?p=9727"},"modified":"2021-08-08T18:12:43","modified_gmt":"2021-08-08T18:12:43","slug":"crainte-de-la-3eme-vague-du-covid-19-au-niger-le-gouvernement-renforce-la-surveillance","status":"publish","type":"post","link":"https:\/\/www.africa-press.net\/niger\/toutes-les-actualites\/crainte-de-la-3eme-vague-du-covid-19-au-niger-le-gouvernement-renforce-la-surveillance","title":{"rendered":"Crainte de la 3\u00e8me vague du Covid-19 au Niger: Le Gouvernement renforce la surveillance"},"content":{"rendered":"<p><span style=\"color: #ff6600\"><strong><a href=\"https:\/\/www.africa-press.net\/\">Africa-Press<\/a> &#8211; <a href=\"https:\/\/www.africa-press.net\/niger\">Niger<\/a>. <\/strong><\/span>Le Gouvernement du Niger r\u00e9actualise ses directives pour renforcer la surveillance \u00e9pid\u00e9miologique contre le Covid-19 apr\u00e8s avoir constat\u00e9 \u2018\u2019une recrudescence de nouveaux cas\u2019\u2019 et remarqu\u00e9 la circulation \u2018\u2019de nombreux variants (\u2026) \u00e0 travers le monde dont le plus pr\u00e9occupant est le variant delta qui est pr\u00e9sent dans certains pays limitrophes\u2019\u2019.<\/p>\n<p>Dans une communication faite au Conseil des ministres, de ce jeudi 5 Ao\u00fbt 2021, le Ministre de la Sant\u00e9 Publique, de la Population et des Affaires Sociales, Idi Illiassou Mainassara a indiqu\u00e9 que \u2018\u2019la situation \u00e9pid\u00e9miologique actuelle de la COVID-19, \u00e0 travers l\u2019humanit\u00e9, fait ressortir une recrudescence de nouveaux cas. De nombreux variants circulent \u00e0 travers le monde dont le plus pr\u00e9occupant est le variant delta qui est pr\u00e9sent dans certains pays limitrophes\u2019\u2019.<\/p>\n<p>\u2018\u2019Cette situation risque de provoquer une 3\u00e8me vague dans les pays o\u00f9 l\u2019immunit\u00e9 collective n\u2019est pas encore atteinte due au faible taux de couverture vaccinale contre la COVID-19 parmi lesquels le Niger avec une couverture de 4%. Face \u00e0 cette situation, le Niger a r\u00e9actualis\u00e9 ses directives en vue de renforcer la surveillance\u2019\u2019, a d\u00e9clar\u00e9 celui qui est en charge de la sant\u00e9 dans le Gouvernement nig\u00e9rien.<\/p>\n<p>Ce renforcement des mesures sanitaires, pr\u00e9cise-t-on, se concentrent au niveau des transports a\u00e9riens et terrestres.<\/p>\n<p>Au niveau des transports a\u00e9riens, des directives sont applicables pour les a\u00e9roports internationaux de Niamey, de Zinder et d\u2019Agadez \u00e0 compter du 1er ao\u00fbt 2021. Il s\u2019agit, \u00e0 l\u2019arriv\u00e9e des voyageurs entrant au Niger de proc\u00e9der, entre autres, \u00e0 un contr\u00f4le de la temp\u00e9rature et \u00e0 la v\u00e9rification du bulletin test PCR COVID-19 n\u00e9gatif datant de moins de 72 heures \u00e0 partir de la date de pr\u00e9l\u00e8vement.<\/p>\n<p>Pour les voyageurs quittant le pays, \u2018\u2019avant de prendre son vol, tout voyageur (vaccin\u00e9 contre la COVID-19 ou non) doit disposer d\u2019un test PCR COVID-19 n\u00e9gatif datant de moins de 72 heures \u00e0 partir de la date du pr\u00e9l\u00e8vement. Le test PCR COVID-19 n\u00e9gatif effectu\u00e9 dans la zone UEMOA a une validit\u00e9 de 5 jours \u00e0 compter de la date du pr\u00e9l\u00e8vement\u2019\u2019, rapporte en substance le communiqu\u00e9 du conseil des Ministres.<\/p>\n<p>S\u2019agissant des directives sanitaires pour les voyageurs par voie terrestre, le communiqu\u00e9 indique qu\u2019au d\u00e9part \u2018\u2019tout voyageur doit disposer d\u2019un test rapide (TDR) antig\u00e9nique COVID-19 n\u00e9gatif datant de moins de 5 jours \u00e0 partir de la date du pr\u00e9l\u00e8vement\u2019\u2019.<\/p>\n<p>\u2018\u2019A l\u2019arriv\u00e9e, informe le Gouvernement, Chaque voyageur est soumis au contr\u00f4le de la temp\u00e9rature et \u00e0 la v\u00e9rification de bulletin test rapide antig\u00e9nique COVID-19 n\u00e9gatif au niveau du point d\u2019entr\u00e9e aux fronti\u00e8res\u2019\u2019.<\/p>\n<p>\u2018\u2019Lorsque le voyageur pr\u00e9sente une temp\u00e9rature sup\u00e9rieure ou \u00e9gale \u00e0 38\u00b0 ou des sympt\u00f4mes majeurs (maux de t\u00eate, difficult\u00e9s respiratoires, perte du go\u00fbt et\/ou d\u2019odorat, etc) \u00e9voquant la COVID-19, il est soumis \u00e0 un pr\u00e9l\u00e8vement sur place au point d\u2019entr\u00e9e aux fronti\u00e8res pour le TDR antig\u00e9nique non payant : si le TDR antig\u00e9nique est positif, le voyageur est transf\u00e9r\u00e9 dans un centre de prise en charge d\u00e9di\u00e9 et ses contacts pris en charge ; si le TDR antig\u00e9nique est n\u00e9gatif, le voyageur est soumis au test PCR de contr\u00f4le ; si le test PCR est positif, le voyageur est r\u00e9f\u00e9r\u00e9 au service de prise en charge d\u00e9di\u00e9 ; si le test PCR est n\u00e9gatif, il est conseill\u00e9 au voyageur d\u2019aller se faire consulter dans un service de sant\u00e9, en raison de sa temp\u00e9rature \u00e9lev\u00e9e\u2019\u2019, peut-on lire sur le communiqu\u00e9.<\/p>\n<p>A la date de ce jeudi 5 Ao\u00fbt 2021, souligne-t-on, le Niger a enregistr\u00e9 5669 cas positifs \u00e0 la Covid-19, parmi lesquels 5354 sont sortis gu\u00e9ris, alors que 196 en sont d\u00e9c\u00e9d\u00e9s et 119 cas sont actifs.<\/p>\n","protected":false},"excerpt":{"rendered":"<p>Africa-Press &#8211; Niger. Le Gouvernement du Niger r\u00e9actualise ses directives pour renforcer la surveillance \u00e9pid\u00e9miologique contre le Covid-19 apr\u00e8s avoir constat\u00e9 \u2018\u2019une recrudescence de nouveaux cas\u2019\u2019 et remarqu\u00e9 la circulation \u2018\u2019de nombreux variants (\u2026) \u00e0 travers le monde dont le plus pr\u00e9occupant est le variant delta qui est pr\u00e9sent dans certains pays limitrophes\u2019\u2019. Dans une [&hellip;]<\/p>\n","protected":false},"author":82,"featured_media":9726,"comment_status":"open","ping_status":"closed","sticky":false,"template":"","format":"standard","meta":{"footnotes":""},"categories":[21,11,10],"tags":[55,60,29],"class_list":["post-9727","post","type-post","status-publish","format-standard","has-post-thumbnail","hentry","category-communaute","category-homepage-french","category-toutes-les-actualites","tag-africa-press","tag-africa-press-niger","tag-niger"],"yoast_head":"<!-- This site is optimized with the Yoast SEO Premium plugin v26.1 (Yoast SEO v27.0) - https:\/\/yoast.com\/product\/yoast-seo-premium-wordpress\/ -->\n<title>Crainte de la 3\u00e8me vague du Covid-19 au Niger: Le Gouvernement renforce la surveillance - niger<\/title>\n<meta name=\"description\" content=\"Le Gouvernement du Niger r\u00e9actualise ses directives pour renforcer la surveillance \u00e9pid\u00e9miologique contre le Covid-19 ap ...\" \/>\n<meta name=\"robots\" content=\"index, follow, max-snippet:-1, max-image-preview:large, max-video-preview:-1\" \/>\n<link rel=\"canonical\" href=\"https:\/\/www.africa-press.net\/niger\/toutes-les-actualites\/crainte-de-la-3eme-vague-du-covid-19-au-niger-le-gouvernement-renforce-la-surveillance\" \/>\n<meta property=\"og:locale\" content=\"fr_FR\" \/>\n<meta property=\"og:type\" content=\"article\" \/>\n<meta property=\"og:title\" content=\"Crainte de la 3\u00e8me vague du Covid-19 au Niger: Le Gouvernement renforce la surveillance\" \/>\n<meta property=\"og:description\" content=\"Le Gouvernement du Niger r\u00e9actualise ses directives pour renforcer la surveillance \u00e9pid\u00e9miologique contre le Covid-19 ap ...\" \/>\n<meta property=\"og:url\" content=\"https:\/\/www.africa-press.net\/niger\/toutes-les-actualites\/crainte-de-la-3eme-vague-du-covid-19-au-niger-le-gouvernement-renforce-la-surveillance\" \/>\n<meta property=\"og:site_name\" content=\"niger\" \/>\n<meta property=\"article:published_time\" content=\"2021-08-07T09:37:32+00:00\" \/>\n<meta property=\"article:modified_time\" content=\"2021-08-08T18:12:43+00:00\" \/>\n<meta property=\"og:image\" content=\"https:\/\/static.africa-press.net\/niger\/sites\/40\/2021\/08\/img-610e498720339.jpg\" \/>\n\t<meta property=\"og:image:width\" content=\"1000\" \/>\n\t<meta property=\"og:image:height\" content=\"749\" \/>\n\t<meta property=\"og:image:type\" content=\"image\/jpeg\" \/>\n<meta name=\"author\" content=\"cfeditorfr\" \/>\n<meta name=\"twitter:card\" content=\"summary_large_image\" \/>\n<meta name=\"twitter:label1\" content=\"\u00c9crit par\" \/>\n\t<meta name=\"twitter:data1\" content=\"cfeditorfr\" \/>\n\t<meta name=\"twitter:label2\" content=\"Dur\u00e9e de lecture estim\u00e9e\" \/>\n\t<meta name=\"twitter:data2\" content=\"3 minutes\" \/>\n<script type=\"application\/ld+json\" class=\"yoast-schema-graph\">{\"@context\":\"https:\/\/schema.org\",\"@graph\":[{\"@type\":\"Article\",\"@id\":\"https:\/\/www.africa-press.net\/niger\/toutes-les-actualites\/crainte-de-la-3eme-vague-du-covid-19-au-niger-le-gouvernement-renforce-la-surveillance#article\",\"isPartOf\":{\"@id\":\"https:\/\/www.africa-press.net\/niger\/toutes-les-actualites\/crainte-de-la-3eme-vague-du-covid-19-au-niger-le-gouvernement-renforce-la-surveillance\"},\"author\":{\"name\":\"cfeditorfr\",\"@id\":\"https:\/\/www.africa-press.net\/niger\/#\/schema\/person\/2b1cf3cd81a31e3cd26889ca66d677f1\"},\"headline\":\"Crainte de la 3\u00e8me vague du Covid-19 au Niger: Le Gouvernement renforce la surveillance\",\"datePublished\":\"2021-08-07T09:37:32+00:00\",\"dateModified\":\"2021-08-08T18:12:43+00:00\",\"mainEntityOfPage\":{\"@id\":\"https:\/\/www.africa-press.net\/niger\/toutes-les-actualites\/crainte-de-la-3eme-vague-du-covid-19-au-niger-le-gouvernement-renforce-la-surveillance\"},\"wordCount\":660,\"commentCount\":0,\"image\":{\"@id\":\"https:\/\/www.africa-press.net\/niger\/toutes-les-actualites\/crainte-de-la-3eme-vague-du-covid-19-au-niger-le-gouvernement-renforce-la-surveillance#primaryimage\"},\"thumbnailUrl\":\"https:\/\/static.africa-press.net\/niger\/sites\/40\/2021\/08\/img-610e498720339.jpg\",\"keywords\":[\"Africa Press\",\"Africa Press-Niger\",\"Niger\"],\"articleSection\":[\"Communaut\u00e9\",\"homepage-french\",\"Toutes les actualit\u00e9s\"],\"inLanguage\":\"fr-FR\",\"potentialAction\":[{\"@type\":\"CommentAction\",\"name\":\"Comment\",\"target\":[\"https:\/\/www.africa-press.net\/niger\/toutes-les-actualites\/crainte-de-la-3eme-vague-du-covid-19-au-niger-le-gouvernement-renforce-la-surveillance#respond\"]}]},{\"@type\":\"WebPage\",\"@id\":\"https:\/\/www.africa-press.net\/niger\/toutes-les-actualites\/crainte-de-la-3eme-vague-du-covid-19-au-niger-le-gouvernement-renforce-la-surveillance\",\"url\":\"https:\/\/www.africa-press.net\/niger\/toutes-les-actualites\/crainte-de-la-3eme-vague-du-covid-19-au-niger-le-gouvernement-renforce-la-surveillance\",\"name\":\"Crainte de la 3\u00e8me vague du Covid-19 au Niger: Le Gouvernement renforce la surveillance - niger\",\"isPartOf\":{\"@id\":\"https:\/\/www.africa-press.net\/niger\/#website\"},\"primaryImageOfPage\":{\"@id\":\"https:\/\/www.africa-press.net\/niger\/toutes-les-actualites\/crainte-de-la-3eme-vague-du-covid-19-au-niger-le-gouvernement-renforce-la-surveillance#primaryimage\"},\"image\":{\"@id\":\"https:\/\/www.africa-press.net\/niger\/toutes-les-actualites\/crainte-de-la-3eme-vague-du-covid-19-au-niger-le-gouvernement-renforce-la-surveillance#primaryimage\"},\"thumbnailUrl\":\"https:\/\/static.africa-press.net\/niger\/sites\/40\/2021\/08\/img-610e498720339.jpg\",\"datePublished\":\"2021-08-07T09:37:32+00:00\",\"dateModified\":\"2021-08-08T18:12:43+00:00\",\"author\":{\"@id\":\"https:\/\/www.africa-press.net\/niger\/#\/schema\/person\/2b1cf3cd81a31e3cd26889ca66d677f1\"},\"description\":\"Le Gouvernement du Niger r\u00e9actualise ses directives pour renforcer la surveillance \u00e9pid\u00e9miologique contre le Covid-19 ap ...\",\"breadcrumb\":{\"@id\":\"https:\/\/www.africa-press.net\/niger\/toutes-les-actualites\/crainte-de-la-3eme-vague-du-covid-19-au-niger-le-gouvernement-renforce-la-surveillance#breadcrumb\"},\"inLanguage\":\"fr-FR\",\"potentialAction\":[{\"@type\":\"ReadAction\",\"target\":[\"https:\/\/www.africa-press.net\/niger\/toutes-les-actualites\/crainte-de-la-3eme-vague-du-covid-19-au-niger-le-gouvernement-renforce-la-surveillance\"]}]},{\"@type\":\"ImageObject\",\"inLanguage\":\"fr-FR\",\"@id\":\"https:\/\/www.africa-press.net\/niger\/toutes-les-actualites\/crainte-de-la-3eme-vague-du-covid-19-au-niger-le-gouvernement-renforce-la-surveillance#primaryimage\",\"url\":\"https:\/\/static.africa-press.net\/niger\/sites\/40\/2021\/08\/img-610e498720339.jpg\",\"contentUrl\":\"https:\/\/static.africa-press.net\/niger\/sites\/40\/2021\/08\/img-610e498720339.jpg\",\"width\":1000,\"height\":749,\"caption\":\"Crainte de la 3\u00e8me vague du Covid-19 au Niger: Le Gouvernement renforce la surveillance\"},{\"@type\":\"BreadcrumbList\",\"@id\":\"https:\/\/www.africa-press.net\/niger\/toutes-les-actualites\/crainte-de-la-3eme-vague-du-covid-19-au-niger-le-gouvernement-renforce-la-surveillance#breadcrumb\",\"itemListElement\":[{\"@type\":\"ListItem\",\"position\":1,\"name\":\"Accueil\",\"item\":\"https:\/\/www.africa-press.net\/niger\/\"},{\"@type\":\"ListItem\",\"position\":2,\"name\":\"Crainte de la 3\u00e8me vague du Covid-19 au Niger: Le Gouvernement renforce la surveillance\"}]},{\"@type\":\"WebSite\",\"@id\":\"https:\/\/www.africa-press.net\/niger\/#website\",\"url\":\"https:\/\/www.africa-press.net\/niger\/\",\"name\":\"niger\",\"description\":\"Just another Africa News Agency Sites site\",\"potentialAction\":[{\"@type\":\"SearchAction\",\"target\":{\"@type\":\"EntryPoint\",\"urlTemplate\":\"https:\/\/www.africa-press.net\/niger\/?s={search_term_string}\"},\"query-input\":{\"@type\":\"PropertyValueSpecification\",\"valueRequired\":true,\"valueName\":\"search_term_string\"}}],\"inLanguage\":\"fr-FR\"},{\"@type\":\"Person\",\"@id\":\"https:\/\/www.africa-press.net\/niger\/#\/schema\/person\/2b1cf3cd81a31e3cd26889ca66d677f1\",\"name\":\"cfeditorfr\"}]}<\/script>\n<!-- \/ Yoast SEO Premium plugin. -->","yoast_head_json":{"title":"Crainte de la 3\u00e8me vague du Covid-19 au Niger: Le Gouvernement renforce la surveillance - niger","description":"Le Gouvernement du Niger r\u00e9actualise ses directives pour renforcer la surveillance \u00e9pid\u00e9miologique contre le Covid-19 ap ...","robots":{"index":"index","follow":"follow","max-snippet":"max-snippet:-1","max-image-preview":"max-image-preview:large","max-video-preview":"max-video-preview:-1"},"canonical":"https:\/\/www.africa-press.net\/niger\/toutes-les-actualites\/crainte-de-la-3eme-vague-du-covid-19-au-niger-le-gouvernement-renforce-la-surveillance","og_locale":"fr_FR","og_type":"article","og_title":"Crainte de la 3\u00e8me vague du Covid-19 au Niger: Le Gouvernement renforce la surveillance","og_description":"Le Gouvernement du Niger r\u00e9actualise ses directives pour renforcer la surveillance \u00e9pid\u00e9miologique contre le Covid-19 ap ...","og_url":"https:\/\/www.africa-press.net\/niger\/toutes-les-actualites\/crainte-de-la-3eme-vague-du-covid-19-au-niger-le-gouvernement-renforce-la-surveillance","og_site_name":"niger","article_published_time":"2021-08-07T09:37:32+00:00","article_modified_time":"2021-08-08T18:12:43+00:00","og_image":[{"width":1000,"height":749,"url":"https:\/\/static.africa-press.net\/niger\/sites\/40\/2021\/08\/img-610e498720339.jpg","type":"image\/jpeg"}],"author":"cfeditorfr","twitter_card":"summary_large_image","twitter_misc":{"\u00c9crit par":"cfeditorfr","Dur\u00e9e de lecture estim\u00e9e":"3 minutes"},"schema":{"@context":"https:\/\/schema.org","@graph":[{"@type":"Article","@id":"https:\/\/www.africa-press.net\/niger\/toutes-les-actualites\/crainte-de-la-3eme-vague-du-covid-19-au-niger-le-gouvernement-renforce-la-surveillance#article","isPartOf":{"@id":"https:\/\/www.africa-press.net\/niger\/toutes-les-actualites\/crainte-de-la-3eme-vague-du-covid-19-au-niger-le-gouvernement-renforce-la-surveillance"},"author":{"name":"cfeditorfr","@id":"https:\/\/www.africa-press.net\/niger\/#\/schema\/person\/2b1cf3cd81a31e3cd26889ca66d677f1"},"headline":"Crainte de la 3\u00e8me vague du Covid-19 au Niger: Le Gouvernement renforce la surveillance","datePublished":"2021-08-07T09:37:32+00:00","dateModified":"2021-08-08T18:12:43+00:00","mainEntityOfPage":{"@id":"https:\/\/www.africa-press.net\/niger\/toutes-les-actualites\/crainte-de-la-3eme-vague-du-covid-19-au-niger-le-gouvernement-renforce-la-surveillance"},"wordCount":660,"commentCount":0,"image":{"@id":"https:\/\/www.africa-press.net\/niger\/toutes-les-actualites\/crainte-de-la-3eme-vague-du-covid-19-au-niger-le-gouvernement-renforce-la-surveillance#primaryimage"},"thumbnailUrl":"https:\/\/static.africa-press.net\/niger\/sites\/40\/2021\/08\/img-610e498720339.jpg","keywords":["Africa Press","Africa Press-Niger","Niger"],"articleSection":["Communaut\u00e9","homepage-french","Toutes les actualit\u00e9s"],"inLanguage":"fr-FR","potentialAction":[{"@type":"CommentAction","name":"Comment","target":["https:\/\/www.africa-press.net\/niger\/toutes-les-actualites\/crainte-de-la-3eme-vague-du-covid-19-au-niger-le-gouvernement-renforce-la-surveillance#respond"]}]},{"@type":"WebPage","@id":"https:\/\/www.africa-press.net\/niger\/toutes-les-actualites\/crainte-de-la-3eme-vague-du-covid-19-au-niger-le-gouvernement-renforce-la-surveillance","url":"https:\/\/www.africa-press.net\/niger\/toutes-les-actualites\/crainte-de-la-3eme-vague-du-covid-19-au-niger-le-gouvernement-renforce-la-surveillance","name":"Crainte de la 3\u00e8me vague du Covid-19 au Niger: Le Gouvernement renforce la surveillance - niger","isPartOf":{"@id":"https:\/\/www.africa-press.net\/niger\/#website"},"primaryImageOfPage":{"@id":"https:\/\/www.africa-press.net\/niger\/toutes-les-actualites\/crainte-de-la-3eme-vague-du-covid-19-au-niger-le-gouvernement-renforce-la-surveillance#primaryimage"},"image":{"@id":"https:\/\/www.africa-press.net\/niger\/toutes-les-actualites\/crainte-de-la-3eme-vague-du-covid-19-au-niger-le-gouvernement-renforce-la-surveillance#primaryimage"},"thumbnailUrl":"https:\/\/static.africa-press.net\/niger\/sites\/40\/2021\/08\/img-610e498720339.jpg","datePublished":"2021-08-07T09:37:32+00:00","dateModified":"2021-08-08T18:12:43+00:00","author":{"@id":"https:\/\/www.africa-press.net\/niger\/#\/schema\/person\/2b1cf3cd81a31e3cd26889ca66d677f1"},"description":"Le Gouvernement du Niger r\u00e9actualise ses directives pour renforcer la surveillance \u00e9pid\u00e9miologique contre le Covid-19 ap ...","breadcrumb":{"@id":"https:\/\/www.africa-press.net\/niger\/toutes-les-actualites\/crainte-de-la-3eme-vague-du-covid-19-au-niger-le-gouvernement-renforce-la-surveillance#breadcrumb"},"inLanguage":"fr-FR","potentialAction":[{"@type":"ReadAction","target":["https:\/\/www.africa-press.net\/niger\/toutes-les-actualites\/crainte-de-la-3eme-vague-du-covid-19-au-niger-le-gouvernement-renforce-la-surveillance"]}]},{"@type":"ImageObject","inLanguage":"fr-FR","@id":"https:\/\/www.africa-press.net\/niger\/toutes-les-actualites\/crainte-de-la-3eme-vague-du-covid-19-au-niger-le-gouvernement-renforce-la-surveillance#primaryimage","url":"https:\/\/static.africa-press.net\/niger\/sites\/40\/2021\/08\/img-610e498720339.jpg","contentUrl":"https:\/\/static.africa-press.net\/niger\/sites\/40\/2021\/08\/img-610e498720339.jpg","width":1000,"height":749,"caption":"Crainte de la 3\u00e8me vague du Covid-19 au Niger: Le Gouvernement renforce la surveillance"},{"@type":"BreadcrumbList","@id":"https:\/\/www.africa-press.net\/niger\/toutes-les-actualites\/crainte-de-la-3eme-vague-du-covid-19-au-niger-le-gouvernement-renforce-la-surveillance#breadcrumb","itemListElement":[{"@type":"ListItem","position":1,"name":"Accueil","item":"https:\/\/www.africa-press.net\/niger\/"},{"@type":"ListItem","position":2,"name":"Crainte de la 3\u00e8me vague du Covid-19 au Niger: Le Gouvernement renforce la surveillance"}]},{"@type":"WebSite","@id":"https:\/\/www.africa-press.net\/niger\/#website","url":"https:\/\/www.africa-press.net\/niger\/","name":"niger","description":"Just another Africa News Agency Sites site","potentialAction":[{"@type":"SearchAction","target":{"@type":"EntryPoint","urlTemplate":"https:\/\/www.africa-press.net\/niger\/?s={search_term_string}"},"query-input":{"@type":"PropertyValueSpecification","valueRequired":true,"valueName":"search_term_string"}}],"inLanguage":"fr-FR"},{"@type":"Person","@id":"https:\/\/www.africa-press.net\/niger\/#\/schema\/person\/2b1cf3cd81a31e3cd26889ca66d677f1","name":"cfeditorfr"}]}},"_links":{"self":[{"href":"https:\/\/www.africa-press.net\/niger\/wp-json\/wp\/v2\/posts\/9727","targetHints":{"allow":["GET"]}}],"collection":[{"href":"https:\/\/www.africa-press.net\/niger\/wp-json\/wp\/v2\/posts"}],"about":[{"href":"https:\/\/www.africa-press.net\/niger\/wp-json\/wp\/v2\/types\/post"}],"author":[{"embeddable":true,"href":"https:\/\/www.africa-press.net\/niger\/wp-json\/wp\/v2\/users\/82"}],"replies":[{"embeddable":true,"href":"https:\/\/www.africa-press.net\/niger\/wp-json\/wp\/v2\/comments?post=9727"}],"version-history":[{"count":0,"href":"https:\/\/www.africa-press.net\/niger\/wp-json\/wp\/v2\/posts\/9727\/revisions"}],"wp:featuredmedia":[{"embeddable":true,"href":"https:\/\/www.africa-press.net\/niger\/wp-json\/wp\/v2\/media\/9726"}],"wp:attachment":[{"href":"https:\/\/www.africa-press.net\/niger\/wp-json\/wp\/v2\/media?parent=9727"}],"wp:term":[{"taxonomy":"category","embeddable":true,"href":"https:\/\/www.africa-press.net\/niger\/wp-json\/wp\/v2\/categories?post=9727"},{"taxonomy":"post_tag","embeddable":true,"href":"https:\/\/www.africa-press.net\/niger\/wp-json\/wp\/v2\/tags?post=9727"}],"curies":[{"name":"wp","href":"https:\/\/api.w.org\/{rel}","templated":true}]}}