{"id":97521,"date":"2026-04-26T15:02:05","date_gmt":"2026-04-26T15:02:05","guid":{"rendered":"https:\/\/www.africa-press.net\/niger\/politique\/rencontre-en-gambie-sur-la-securite-au-sahel-et-en-afrique-de-louest"},"modified":"2026-04-26T15:25:50","modified_gmt":"2026-04-26T15:25:50","slug":"rencontre-en-gambie-sur-la-securite-au-sahel-et-en-afrique-de-louest","status":"publish","type":"post","link":"https:\/\/www.africa-press.net\/niger\/politique\/rencontre-en-gambie-sur-la-securite-au-sahel-et-en-afrique-de-louest","title":{"rendered":"Rencontre en Gambie sur la s\u00e9curit\u00e9 au Sahel et en Afrique de l&rsquo;Ouest"},"content":{"rendered":"<p><span style=\"color: #ff6600\"><strong>Africa-Press &#8211; Niger. <\/strong><\/span>Le Ministre nige\u0301rien des affaires e\u0301trange\u0300res, de la coope\u0301ration et des nige\u0301riens a\u0300 l\u2019exte\u0301rieur, Bakary Sangare\u0301 Yaou a conduit du 23 et 24 avril 2026 a\u0300 Banjul, en Gambie, la de\u0301le\u0301gation de l\u2019Alliance des E\u0301tats du Sahel (AES) ayant participe\u0301 aux travaux de la rencontre de haut niveau de\u0301die\u0301e au renforcement de la se\u0301curite\u0301 et de la stabilisation au Sahel et en Afrique de l\u2019Ouest.<\/p>\n<p>Organise\u0301e par la Mission de l\u2019Union africaine pour le Sahel (MISAHEL) en partenariat avec plusieurs institutions re\u0301gionales et internationales, cette rencontre strate\u0301gique s\u2019est de\u0301roule\u0301e au Centre international des congre\u0300s de Banjul.<\/p>\n<p>La participation de la Confe\u0301de\u0301ration des Etats du Sahel (AES), conduite par le Ministre des Affaires Etrange\u0300res, de la Coope\u0301ration et des Nige\u0301riens a\u0300 l\u2019Exte\u0301rieur, S.E. Bakary Yaou Sangare\u0301, traduit la volonte\u0301 constante de la Confe\u0301de\u0301ration de promouvoir une re\u0301ponse concerte\u0301e, fonde\u0301e sur la synergie entre gouvernance vertueuse, coope\u0301ration re\u0301gionale renforce\u0301e et me\u0301canismes multilate\u0301raux efficaces.<\/p>\n<p>Les discussions ont permis de mettre en lumie\u0300re les de\u0301fis se\u0301curitaires majeurs auxquels fait face la re\u0301gion, notamment les activite\u0301s terroristes et la complexite\u0301 des transitions politiques en cours ainsi que les menaces d\u2019extension de l\u2019instabilite\u0301 vers les E\u0301tats co\u0302tiers.<\/p>\n<p>Ce cadre d\u2019e\u0301changes a re\u0301uni des acteurs de premier plan, parmi lesquels l\u2019Union africaine, les envoye\u0301s spe\u0301ciaux pour le Sahel, les ministres des Affaires e\u0301trange\u0300res, les repre\u0301sentants de la CEDEAO et de l\u2019AES, ainsi que de plusieurs partenaires engage\u0301s dans la stabilisation de la re\u0301gion.<\/p>\n<p>Pour la Confe\u0301de\u0301ration des Etats du Sahel (AES), cette rencontre constitue un levier strate\u0301gique visant a\u0300 consolider les acquis en matie\u0300re de coope\u0301ration re\u0301gionale et a\u0300 impulser une dynamique collective face aux enjeux se\u0301curitaires communs. Elle s\u2019inscrit pleinement dans la vision des plus hautes autorite\u0301s confe\u0301de\u0301rales en faveur d\u2019une paix durable, d\u2019une souverainete\u0301 assume\u0301e et d\u2019un de\u0301veloppement harmonise\u0301 dans l\u2019espace sahe\u0301lien.<\/p>\n<p>En re\u0301unissant les principaux acteurs autour d\u2019une me\u0302me table, cet atelier confirme le ro\u0302le de\u0301terminant de la MISAHEL comme catalyseur d\u2019actions coordonne\u0301es, au service de la se\u0301curite\u0301 et de la re\u0301silience des E\u0301tats du Sahel et de l\u2019Afrique de l\u2019Ouest.<\/p>\n<p>Les de\u0301le\u0301gations a\u0300 cette rencontre ont e\u0301te\u0301 a\u0300 la fin de leurs travaux rec\u0327ues en par Son Excellence M. Adama Barrow, Pre\u0301sident de la Re\u0301publique de Gambie.<\/p>\n<p><strong>Pour plus d&rsquo;informations et d&rsquo;analyses sur la <span style=\"color: #ff6600\">Niger<\/span>, suivez <span style=\"color: #ff6600\">Africa-Press<\/span><\/strong><\/p>\n","protected":false},"excerpt":{"rendered":"<p>Africa-Press &#8211; Niger. Le Ministre nige\u0301rien des affaires e\u0301trange\u0300res, de la coope\u0301ration et des nige\u0301riens a\u0300 l\u2019exte\u0301rieur, Bakary Sangare\u0301 Yaou a conduit du 23 et 24 avril 2026 a\u0300 Banjul, en Gambie, la de\u0301le\u0301gation de l\u2019Alliance des E\u0301tats du Sahel (AES) ayant participe\u0301 aux travaux de la rencontre de haut niveau de\u0301die\u0301e au renforcement de [&hellip;]<\/p>\n","protected":false},"author":82,"featured_media":97520,"comment_status":"open","ping_status":"closed","sticky":false,"template":"","format":"standard","meta":{"footnotes":""},"categories":[2,20,10],"tags":[29],"class_list":["post-97521","post","type-post","status-publish","format-standard","has-post-thumbnail","hentry","category-politique","category-top-nouvelles","category-toutes-les-actualites","tag-niger"],"yoast_head":"<!-- This site is optimized with the Yoast SEO Premium plugin v26.1 (Yoast SEO v27.0) - https:\/\/yoast.com\/product\/yoast-seo-premium-wordpress\/ -->\n<title>Rencontre en Gambie sur la s\u00e9curit\u00e9 au Sahel et en Afrique de l&#039;Ouest - niger<\/title>\n<meta name=\"description\" content=\"Le Ministre nige\u0301rien des affaires e\u0301trange\u0300res, de la coope\u0301ration et des nige\u0301riens a\u0300 l\u2019exte\u0301rieur, Bakary Sangare\u0301 Y ...\" \/>\n<meta name=\"robots\" content=\"index, follow, max-snippet:-1, max-image-preview:large, max-video-preview:-1\" \/>\n<link rel=\"canonical\" href=\"https:\/\/www.africa-press.net\/niger\/politique\/rencontre-en-gambie-sur-la-securite-au-sahel-et-en-afrique-de-louest\" \/>\n<meta property=\"og:locale\" content=\"fr_FR\" \/>\n<meta property=\"og:type\" content=\"article\" \/>\n<meta property=\"og:title\" content=\"Rencontre en Gambie sur la s\u00e9curit\u00e9 au Sahel et en Afrique de l&#039;Ouest\" \/>\n<meta property=\"og:description\" content=\"Le Ministre nige\u0301rien des affaires e\u0301trange\u0300res, de la coope\u0301ration et des nige\u0301riens a\u0300 l\u2019exte\u0301rieur, Bakary Sangare\u0301 Y ...\" \/>\n<meta property=\"og:url\" content=\"https:\/\/www.africa-press.net\/niger\/politique\/rencontre-en-gambie-sur-la-securite-au-sahel-et-en-afrique-de-louest\" \/>\n<meta property=\"og:site_name\" content=\"niger\" \/>\n<meta property=\"article:published_time\" content=\"2026-04-26T15:02:05+00:00\" \/>\n<meta property=\"article:modified_time\" content=\"2026-04-26T15:25:50+00:00\" \/>\n<meta property=\"og:image\" content=\"https:\/\/static.africa-press.net\/niger\/sites\/40\/2026\/04\/sm_1777204514.465801.jpg\" \/>\n\t<meta property=\"og:image:width\" content=\"639\" \/>\n\t<meta property=\"og:image:height\" content=\"444\" \/>\n\t<meta property=\"og:image:type\" content=\"image\/jpeg\" \/>\n<meta name=\"author\" content=\"cfeditorfr\" \/>\n<meta name=\"twitter:card\" content=\"summary_large_image\" \/>\n<meta name=\"twitter:label1\" content=\"\u00c9crit par\" \/>\n\t<meta name=\"twitter:data1\" content=\"cfeditorfr\" \/>\n\t<meta name=\"twitter:label2\" content=\"Dur\u00e9e de lecture estim\u00e9e\" \/>\n\t<meta name=\"twitter:data2\" content=\"3 minutes\" \/>\n<script type=\"application\/ld+json\" class=\"yoast-schema-graph\">{\"@context\":\"https:\/\/schema.org\",\"@graph\":[{\"@type\":\"Article\",\"@id\":\"https:\/\/www.africa-press.net\/niger\/politique\/rencontre-en-gambie-sur-la-securite-au-sahel-et-en-afrique-de-louest#article\",\"isPartOf\":{\"@id\":\"https:\/\/www.africa-press.net\/niger\/politique\/rencontre-en-gambie-sur-la-securite-au-sahel-et-en-afrique-de-louest\"},\"author\":{\"name\":\"cfeditorfr\",\"@id\":\"https:\/\/www.africa-press.net\/niger\/#\/schema\/person\/2b1cf3cd81a31e3cd26889ca66d677f1\"},\"headline\":\"Rencontre en Gambie sur la s\u00e9curit\u00e9 au Sahel et en Afrique de l&rsquo;Ouest\",\"datePublished\":\"2026-04-26T15:02:05+00:00\",\"dateModified\":\"2026-04-26T15:25:50+00:00\",\"mainEntityOfPage\":{\"@id\":\"https:\/\/www.africa-press.net\/niger\/politique\/rencontre-en-gambie-sur-la-securite-au-sahel-et-en-afrique-de-louest\"},\"wordCount\":489,\"commentCount\":0,\"image\":{\"@id\":\"https:\/\/www.africa-press.net\/niger\/politique\/rencontre-en-gambie-sur-la-securite-au-sahel-et-en-afrique-de-louest#primaryimage\"},\"thumbnailUrl\":\"https:\/\/static.africa-press.net\/niger\/sites\/40\/2026\/04\/sm_1777204514.465801.jpg\",\"keywords\":[\"Niger\"],\"articleSection\":[\"Politique\",\"Top Nouvelles\",\"Toutes les actualit\u00e9s\"],\"inLanguage\":\"fr-FR\",\"potentialAction\":[{\"@type\":\"CommentAction\",\"name\":\"Comment\",\"target\":[\"https:\/\/www.africa-press.net\/niger\/politique\/rencontre-en-gambie-sur-la-securite-au-sahel-et-en-afrique-de-louest#respond\"]}]},{\"@type\":\"WebPage\",\"@id\":\"https:\/\/www.africa-press.net\/niger\/politique\/rencontre-en-gambie-sur-la-securite-au-sahel-et-en-afrique-de-louest\",\"url\":\"https:\/\/www.africa-press.net\/niger\/politique\/rencontre-en-gambie-sur-la-securite-au-sahel-et-en-afrique-de-louest\",\"name\":\"Rencontre en Gambie sur la s\u00e9curit\u00e9 au Sahel et en Afrique de l'Ouest - niger\",\"isPartOf\":{\"@id\":\"https:\/\/www.africa-press.net\/niger\/#website\"},\"primaryImageOfPage\":{\"@id\":\"https:\/\/www.africa-press.net\/niger\/politique\/rencontre-en-gambie-sur-la-securite-au-sahel-et-en-afrique-de-louest#primaryimage\"},\"image\":{\"@id\":\"https:\/\/www.africa-press.net\/niger\/politique\/rencontre-en-gambie-sur-la-securite-au-sahel-et-en-afrique-de-louest#primaryimage\"},\"thumbnailUrl\":\"https:\/\/static.africa-press.net\/niger\/sites\/40\/2026\/04\/sm_1777204514.465801.jpg\",\"datePublished\":\"2026-04-26T15:02:05+00:00\",\"dateModified\":\"2026-04-26T15:25:50+00:00\",\"author\":{\"@id\":\"https:\/\/www.africa-press.net\/niger\/#\/schema\/person\/2b1cf3cd81a31e3cd26889ca66d677f1\"},\"description\":\"Le Ministre nige\u0301rien des affaires e\u0301trange\u0300res, de la coope\u0301ration et des nige\u0301riens a\u0300 l\u2019exte\u0301rieur, Bakary Sangare\u0301 Y ...\",\"breadcrumb\":{\"@id\":\"https:\/\/www.africa-press.net\/niger\/politique\/rencontre-en-gambie-sur-la-securite-au-sahel-et-en-afrique-de-louest#breadcrumb\"},\"inLanguage\":\"fr-FR\",\"potentialAction\":[{\"@type\":\"ReadAction\",\"target\":[\"https:\/\/www.africa-press.net\/niger\/politique\/rencontre-en-gambie-sur-la-securite-au-sahel-et-en-afrique-de-louest\"]}]},{\"@type\":\"ImageObject\",\"inLanguage\":\"fr-FR\",\"@id\":\"https:\/\/www.africa-press.net\/niger\/politique\/rencontre-en-gambie-sur-la-securite-au-sahel-et-en-afrique-de-louest#primaryimage\",\"url\":\"https:\/\/static.africa-press.net\/niger\/sites\/40\/2026\/04\/sm_1777204514.465801.jpg\",\"contentUrl\":\"https:\/\/static.africa-press.net\/niger\/sites\/40\/2026\/04\/sm_1777204514.465801.jpg\",\"width\":639,\"height\":444,\"caption\":\"Rencontre en Gambie sur la s\u00e9curit\u00e9 au Sahel et en Afrique de l'Ouest\"},{\"@type\":\"BreadcrumbList\",\"@id\":\"https:\/\/www.africa-press.net\/niger\/politique\/rencontre-en-gambie-sur-la-securite-au-sahel-et-en-afrique-de-louest#breadcrumb\",\"itemListElement\":[{\"@type\":\"ListItem\",\"position\":1,\"name\":\"Accueil\",\"item\":\"https:\/\/www.africa-press.net\/niger\/\"},{\"@type\":\"ListItem\",\"position\":2,\"name\":\"Rencontre en Gambie sur la s\u00e9curit\u00e9 au Sahel et en Afrique de l&#8217;Ouest\"}]},{\"@type\":\"WebSite\",\"@id\":\"https:\/\/www.africa-press.net\/niger\/#website\",\"url\":\"https:\/\/www.africa-press.net\/niger\/\",\"name\":\"niger\",\"description\":\"Just another Africa News Agency Sites site\",\"potentialAction\":[{\"@type\":\"SearchAction\",\"target\":{\"@type\":\"EntryPoint\",\"urlTemplate\":\"https:\/\/www.africa-press.net\/niger\/?s={search_term_string}\"},\"query-input\":{\"@type\":\"PropertyValueSpecification\",\"valueRequired\":true,\"valueName\":\"search_term_string\"}}],\"inLanguage\":\"fr-FR\"},{\"@type\":\"Person\",\"@id\":\"https:\/\/www.africa-press.net\/niger\/#\/schema\/person\/2b1cf3cd81a31e3cd26889ca66d677f1\",\"name\":\"cfeditorfr\"}]}<\/script>\n<!-- \/ Yoast SEO Premium plugin. -->","yoast_head_json":{"title":"Rencontre en Gambie sur la s\u00e9curit\u00e9 au Sahel et en Afrique de l'Ouest - niger","description":"Le Ministre nige\u0301rien des affaires e\u0301trange\u0300res, de la coope\u0301ration et des nige\u0301riens a\u0300 l\u2019exte\u0301rieur, Bakary Sangare\u0301 Y ...","robots":{"index":"index","follow":"follow","max-snippet":"max-snippet:-1","max-image-preview":"max-image-preview:large","max-video-preview":"max-video-preview:-1"},"canonical":"https:\/\/www.africa-press.net\/niger\/politique\/rencontre-en-gambie-sur-la-securite-au-sahel-et-en-afrique-de-louest","og_locale":"fr_FR","og_type":"article","og_title":"Rencontre en Gambie sur la s\u00e9curit\u00e9 au Sahel et en Afrique de l'Ouest","og_description":"Le Ministre nige\u0301rien des affaires e\u0301trange\u0300res, de la coope\u0301ration et des nige\u0301riens a\u0300 l\u2019exte\u0301rieur, Bakary Sangare\u0301 Y ...","og_url":"https:\/\/www.africa-press.net\/niger\/politique\/rencontre-en-gambie-sur-la-securite-au-sahel-et-en-afrique-de-louest","og_site_name":"niger","article_published_time":"2026-04-26T15:02:05+00:00","article_modified_time":"2026-04-26T15:25:50+00:00","og_image":[{"width":639,"height":444,"url":"https:\/\/static.africa-press.net\/niger\/sites\/40\/2026\/04\/sm_1777204514.465801.jpg","type":"image\/jpeg"}],"author":"cfeditorfr","twitter_card":"summary_large_image","twitter_misc":{"\u00c9crit par":"cfeditorfr","Dur\u00e9e de lecture estim\u00e9e":"3 minutes"},"schema":{"@context":"https:\/\/schema.org","@graph":[{"@type":"Article","@id":"https:\/\/www.africa-press.net\/niger\/politique\/rencontre-en-gambie-sur-la-securite-au-sahel-et-en-afrique-de-louest#article","isPartOf":{"@id":"https:\/\/www.africa-press.net\/niger\/politique\/rencontre-en-gambie-sur-la-securite-au-sahel-et-en-afrique-de-louest"},"author":{"name":"cfeditorfr","@id":"https:\/\/www.africa-press.net\/niger\/#\/schema\/person\/2b1cf3cd81a31e3cd26889ca66d677f1"},"headline":"Rencontre en Gambie sur la s\u00e9curit\u00e9 au Sahel et en Afrique de l&rsquo;Ouest","datePublished":"2026-04-26T15:02:05+00:00","dateModified":"2026-04-26T15:25:50+00:00","mainEntityOfPage":{"@id":"https:\/\/www.africa-press.net\/niger\/politique\/rencontre-en-gambie-sur-la-securite-au-sahel-et-en-afrique-de-louest"},"wordCount":489,"commentCount":0,"image":{"@id":"https:\/\/www.africa-press.net\/niger\/politique\/rencontre-en-gambie-sur-la-securite-au-sahel-et-en-afrique-de-louest#primaryimage"},"thumbnailUrl":"https:\/\/static.africa-press.net\/niger\/sites\/40\/2026\/04\/sm_1777204514.465801.jpg","keywords":["Niger"],"articleSection":["Politique","Top Nouvelles","Toutes les actualit\u00e9s"],"inLanguage":"fr-FR","potentialAction":[{"@type":"CommentAction","name":"Comment","target":["https:\/\/www.africa-press.net\/niger\/politique\/rencontre-en-gambie-sur-la-securite-au-sahel-et-en-afrique-de-louest#respond"]}]},{"@type":"WebPage","@id":"https:\/\/www.africa-press.net\/niger\/politique\/rencontre-en-gambie-sur-la-securite-au-sahel-et-en-afrique-de-louest","url":"https:\/\/www.africa-press.net\/niger\/politique\/rencontre-en-gambie-sur-la-securite-au-sahel-et-en-afrique-de-louest","name":"Rencontre en Gambie sur la s\u00e9curit\u00e9 au Sahel et en Afrique de l'Ouest - niger","isPartOf":{"@id":"https:\/\/www.africa-press.net\/niger\/#website"},"primaryImageOfPage":{"@id":"https:\/\/www.africa-press.net\/niger\/politique\/rencontre-en-gambie-sur-la-securite-au-sahel-et-en-afrique-de-louest#primaryimage"},"image":{"@id":"https:\/\/www.africa-press.net\/niger\/politique\/rencontre-en-gambie-sur-la-securite-au-sahel-et-en-afrique-de-louest#primaryimage"},"thumbnailUrl":"https:\/\/static.africa-press.net\/niger\/sites\/40\/2026\/04\/sm_1777204514.465801.jpg","datePublished":"2026-04-26T15:02:05+00:00","dateModified":"2026-04-26T15:25:50+00:00","author":{"@id":"https:\/\/www.africa-press.net\/niger\/#\/schema\/person\/2b1cf3cd81a31e3cd26889ca66d677f1"},"description":"Le Ministre nige\u0301rien des affaires e\u0301trange\u0300res, de la coope\u0301ration et des nige\u0301riens a\u0300 l\u2019exte\u0301rieur, Bakary Sangare\u0301 Y ...","breadcrumb":{"@id":"https:\/\/www.africa-press.net\/niger\/politique\/rencontre-en-gambie-sur-la-securite-au-sahel-et-en-afrique-de-louest#breadcrumb"},"inLanguage":"fr-FR","potentialAction":[{"@type":"ReadAction","target":["https:\/\/www.africa-press.net\/niger\/politique\/rencontre-en-gambie-sur-la-securite-au-sahel-et-en-afrique-de-louest"]}]},{"@type":"ImageObject","inLanguage":"fr-FR","@id":"https:\/\/www.africa-press.net\/niger\/politique\/rencontre-en-gambie-sur-la-securite-au-sahel-et-en-afrique-de-louest#primaryimage","url":"https:\/\/static.africa-press.net\/niger\/sites\/40\/2026\/04\/sm_1777204514.465801.jpg","contentUrl":"https:\/\/static.africa-press.net\/niger\/sites\/40\/2026\/04\/sm_1777204514.465801.jpg","width":639,"height":444,"caption":"Rencontre en Gambie sur la s\u00e9curit\u00e9 au Sahel et en Afrique de l'Ouest"},{"@type":"BreadcrumbList","@id":"https:\/\/www.africa-press.net\/niger\/politique\/rencontre-en-gambie-sur-la-securite-au-sahel-et-en-afrique-de-louest#breadcrumb","itemListElement":[{"@type":"ListItem","position":1,"name":"Accueil","item":"https:\/\/www.africa-press.net\/niger\/"},{"@type":"ListItem","position":2,"name":"Rencontre en Gambie sur la s\u00e9curit\u00e9 au Sahel et en Afrique de l&#8217;Ouest"}]},{"@type":"WebSite","@id":"https:\/\/www.africa-press.net\/niger\/#website","url":"https:\/\/www.africa-press.net\/niger\/","name":"niger","description":"Just another Africa News Agency Sites site","potentialAction":[{"@type":"SearchAction","target":{"@type":"EntryPoint","urlTemplate":"https:\/\/www.africa-press.net\/niger\/?s={search_term_string}"},"query-input":{"@type":"PropertyValueSpecification","valueRequired":true,"valueName":"search_term_string"}}],"inLanguage":"fr-FR"},{"@type":"Person","@id":"https:\/\/www.africa-press.net\/niger\/#\/schema\/person\/2b1cf3cd81a31e3cd26889ca66d677f1","name":"cfeditorfr"}]}},"_links":{"self":[{"href":"https:\/\/www.africa-press.net\/niger\/wp-json\/wp\/v2\/posts\/97521","targetHints":{"allow":["GET"]}}],"collection":[{"href":"https:\/\/www.africa-press.net\/niger\/wp-json\/wp\/v2\/posts"}],"about":[{"href":"https:\/\/www.africa-press.net\/niger\/wp-json\/wp\/v2\/types\/post"}],"author":[{"embeddable":true,"href":"https:\/\/www.africa-press.net\/niger\/wp-json\/wp\/v2\/users\/82"}],"replies":[{"embeddable":true,"href":"https:\/\/www.africa-press.net\/niger\/wp-json\/wp\/v2\/comments?post=97521"}],"version-history":[{"count":1,"href":"https:\/\/www.africa-press.net\/niger\/wp-json\/wp\/v2\/posts\/97521\/revisions"}],"predecessor-version":[{"id":97527,"href":"https:\/\/www.africa-press.net\/niger\/wp-json\/wp\/v2\/posts\/97521\/revisions\/97527"}],"wp:featuredmedia":[{"embeddable":true,"href":"https:\/\/www.africa-press.net\/niger\/wp-json\/wp\/v2\/media\/97520"}],"wp:attachment":[{"href":"https:\/\/www.africa-press.net\/niger\/wp-json\/wp\/v2\/media?parent=97521"}],"wp:term":[{"taxonomy":"category","embeddable":true,"href":"https:\/\/www.africa-press.net\/niger\/wp-json\/wp\/v2\/categories?post=97521"},{"taxonomy":"post_tag","embeddable":true,"href":"https:\/\/www.africa-press.net\/niger\/wp-json\/wp\/v2\/tags?post=97521"}],"curies":[{"name":"wp","href":"https:\/\/api.w.org\/{rel}","templated":true}]}}