{"id":97526,"date":"2026-04-26T15:03:12","date_gmt":"2026-04-26T15:03:12","guid":{"rendered":"https:\/\/www.africa-press.net\/niger\/politique\/lancement-de-la-campagne-de-vaccination-a-tillaberi"},"modified":"2026-04-26T15:26:42","modified_gmt":"2026-04-26T15:26:42","slug":"lancement-de-la-campagne-de-vaccination-a-tillaberi","status":"publish","type":"post","link":"https:\/\/www.africa-press.net\/niger\/toutes-les-actualites\/lancement-de-la-campagne-de-vaccination-a-tillaberi","title":{"rendered":"Lancement de la Campagne de Vaccination \u00e0 Tillab\u00e9ri"},"content":{"rendered":"<p><span style=\"color: #ff6600\"><strong>Africa-Press &#8211; Niger. <\/strong><\/span>Le Ministre de la Sante\u0301 et de l\u2019Hygie\u0300ne Publique, le Me\u0301decin Colonel-major Garba Hakimi a pre\u0301side\u0301, le vendredi 24 avril 2026 a\u0300 Tillabe\u0301ri, la ce\u0301re\u0301monie officielle de lancement de la campagne nationale de vaccination contre la poliomye\u0301lite couple\u0301e a\u0300 la semaine africaine de la vaccination.<\/p>\n<p>La Re\u0301gion de Tillabe\u0301ri a e\u0301te\u0301 choisie, dans le cadre du renforcement des interventions de sante\u0301 a\u0300 fort impact, pour accueillir le lancement officiel de la Semaine africaine de la vaccination. A\u0300 cette occasion, les structures sanitaires de la re\u0301gion be\u0301ne\u0301ficieront e\u0301galement d\u2019un important lot de me\u0301dicaments offerts par Organisation Mondiale de la Sante\u0301 (OMS).<\/p>\n<p>Cette ce\u0301re\u0301monie s\u2019est de\u0301roule\u0301e en pre\u0301sence des autorite\u0301s re\u0301gionales avec a\u0300 leur te\u0302te le Gouverneur de la re\u0301gion le Colonel Mai\u0308na Boukar, des repre\u0301sentants des Partenaires Techniques et Financiers (PTF), des leaders traditionnels et religieux ainsi que des responsables du secteur de la sante\u0301 et ceux des responsables de Forces de De\u0301fense et de Se\u0301curite\u0301 (FDS).<\/p>\n<p>Proce\u0301dant au lancement officiel de cette campagne, le ministre de la sante\u0301 et de l\u2019hygie\u0300ne publique le me\u0301decin colonel major Garba Hakimi a indique\u0301 que \u00ab la semaine africaine de la vaccination constitue un moment cle\u0301 pour intensifier la sensibilisation des populations sur l\u2019importance de la vaccination \u00bb, pre\u0301cisant que l\u2019e\u0301dition 2026 se de\u0301roule du 24 au 27 avril dans les huit re\u0301gions du Niger, autour du the\u0300me: \u00ab Chaque ge\u0301ne\u0301ration, les vaccins, c\u0327a marche \u00bb.<\/p>\n<p>Ce the\u0300me, selon Garba Hakimi, met en lumie\u0300re l\u2019efficacite\u0301 e\u0301prouve\u0301e des vaccins, qui demeurent un outil essentiel pour la protection des femmes et des enfants contre de nombreuses maladies e\u0301vitables.<\/p>\n<p>\u00ab Cette campagne repre\u0301sente e\u0301galement une opportunite\u0301 strate\u0301gique pour renforcer la surveillance e\u0301pide\u0301miologique et intensifier les activite\u0301s de rattrapage vaccinal chez les enfants de 0 a\u0300 12 mois, ainsi que chez ceux insuffisamment vaccine\u0301s \u00bb, a-t-il fait savoir ajoutant qu\u2019une attention particulie\u0300re est accorde\u0301e aux zones confronte\u0301es a\u0300 des de\u0301fis se\u0301curitaires et aux populations spe\u0301cifiques, notamment les nomades, les de\u0301place\u0301s et les migrants.<\/p>\n<p>Dans le me\u0302me ordre d\u2019ide\u0301e, un appel a e\u0301te\u0301 lance\u0301 par le ministre Hakimi, a\u0300 l\u2019ensemble des acteurs, personnels de sante\u0301, volontaires, organisations de la socie\u0301te\u0301 civile, leaders communautaires et parents pour une mobilisation ge\u0301ne\u0301rale en faveur de cette initiative.<\/p>\n<p>S\u2019adressant a\u0300 la population de Tillabe\u0301ri, le ministre de la sante\u0301 et de l\u2019hygie\u0300ne publique a transmis les salutations et les encouragements des plus hautes autorite\u0301s du pays, avant de de\u0301clarer officiellement le lancement de la Semaine africaine de la vaccination, couple\u0301e a\u0300 la campagne contre la poliomye\u0301lite et a\u0300 l\u2019acce\u0301le\u0301ration du rattrapage des enfants sous-vaccine\u0301s.<\/p>\n<p>Enfin, le ministre a exprime\u0301 sa profonde reconnaissance a\u0300 l\u2019ensemble des partenaires et acteurs implique\u0301s dans la re\u0301ussite de cette initiative.<\/p>\n<p>Le gouverneur Mai\u0308na Boukar a par ailleurs rappele\u0301 que \u00ab la re\u0301gion de Tillabe\u0301ri est confronte\u0301e a\u0300 des diverses contingences dont l\u2019inse\u0301curite\u0301, entrai\u0302nant le de\u0301placement de populations et rendant difficile l\u2019acce\u0300s a\u0300 certaines zones pour les agents de sante\u0301 et autres acteurs humanitaires.\u00bb<\/p>\n<p>Prenant la parole auparavant, le Gouverneur de la re\u0301gion de Tillabe\u0301ri le colonel Mai\u0308na Boukar a indique\u0301 que cette ce\u0301re\u0301monie reve\u0302t une importance particulie\u0300re pour la re\u0301gion, qui demeure engage\u0301e dans la lutte contre les maladies e\u0301vitables par la vaccination et la promotion de la sante\u0301 pour tous.<\/p>\n<p>Il a tenu a\u0300 rappeler que \u00ab le succe\u0300s de la campagne de vaccination de\u0301pendra donc de l\u2019engagement de tous (parents, leaders communautaires et religieux, agents de sante\u0301, autorite\u0301s administratives et coutumie\u0300res) \u00bb.<\/p>\n<p>Par ailleurs, l\u2019OMS, a\u0300 travers son unite\u0301 locale, a proce\u0301de\u0301 a\u0300 la remise d\u2019un important don de me\u0301dicaments destine\u0301 a\u0300 ame\u0301liorer l\u2019acce\u0300s aux soins de sante\u0301, notamment pour les populations les plus vulne\u0301rables et celles vivant dans des zones difficiles d\u2019acce\u0300s. Ce geste illustre l\u2019engagement constant de l\u2019organisation en faveur de la sante\u0301 pour tous.<\/p>\n<p>Pour la repre\u0301sentante de l\u2019OMS au Niger, Dr ZAMPALIGRE\u0301 FATIMATA, cette campagne constitue, en effet, une pre\u0301cieuse opportunite\u0301 de rattrapage pour les enfants non vaccine\u0301s ou insuffisamment vaccine\u0301s dans le cadre du Programme e\u0301largi de vaccination de routine.<\/p>\n<p>C\u2019est dans cette optique que le ministe\u0300re de la Sante\u0301 et de l\u2019Hygie\u0300ne Publique, en collaboration avec ses partenaires, organise de manie\u0300re inte\u0301gre\u0301e le lancement de la campagne de vaccination contre la poliomye\u0301lite ainsi que celui de la Semaine africaine de la vaccination, e\u0301dition 2026, afin de maximiser l\u2019impact de ces deux initiatives.<\/p>\n<p>Par ailleurs, elle a pre\u0301cise\u0301 que cette occasion a e\u0301te\u0301 saisie pour la remise officielle de mate\u0301riel me\u0301dical et de me\u0301dicaments au profit de la Direction re\u0301gionale de la Sante\u0301 et de l\u2019Hygie\u0300ne Publique de Tillabe\u0301ri, soulignant que cette dotation, offerte par l\u2019Organisation mondiale de la Sante\u0301 (OMS), a e\u0301te\u0301 rendue possible gra\u0302ce au financement du Fonds central d\u2019intervention pour les urgences (CERF).<\/p>\n<p>Elle est compose\u0301e de 47 kits de me\u0301dicaments et de consommables, d\u2019une valeur estime\u0301e a\u0300 environ 20,5 millions de francs CFA. Ces kits, en plus de contribuer a\u0300 la prise en charge des urgences sanitaires, permettront d\u2019ame\u0301liorer l\u2019acce\u0300s aux soins pour plus de 11 000 personnes. Ils renforceront les services hospitaliers, assureront la prise en charge de la malnutrition aigue\u0308, se\u0301ve\u0300re et mode\u0301re\u0301e, et contribueront ainsi au de\u0301sengorgement des structures sanitaires tout en rapprochant davantage les soins des communaute\u0301s.<\/p>\n<p><strong>Pour plus d&rsquo;informations et d&rsquo;analyses sur la <span style=\"color: #ff6600\">Niger<\/span>, suivez <span style=\"color: #ff6600\">Africa-Press<\/span><\/strong><\/p>\n","protected":false},"excerpt":{"rendered":"<p>Africa-Press &#8211; Niger. Le Ministre de la Sante\u0301 et de l\u2019Hygie\u0300ne Publique, le Me\u0301decin Colonel-major Garba Hakimi a pre\u0301side\u0301, le vendredi 24 avril 2026 a\u0300 Tillabe\u0301ri, la ce\u0301re\u0301monie officielle de lancement de la campagne nationale de vaccination contre la poliomye\u0301lite couple\u0301e a\u0300 la semaine africaine de la vaccination. La Re\u0301gion de Tillabe\u0301ri a e\u0301te\u0301 choisie, [&hellip;]<\/p>\n","protected":false},"author":82,"featured_media":97525,"comment_status":"open","ping_status":"closed","sticky":false,"template":"","format":"standard","meta":{"footnotes":""},"categories":[21,10],"tags":[29],"class_list":["post-97526","post","type-post","status-publish","format-standard","has-post-thumbnail","hentry","category-communaute","category-toutes-les-actualites","tag-niger"],"yoast_head":"<!-- This site is optimized with the Yoast SEO Premium plugin v26.1 (Yoast SEO v27.0) - https:\/\/yoast.com\/product\/yoast-seo-premium-wordpress\/ -->\n<title>Lancement de la Campagne de Vaccination \u00e0 Tillab\u00e9ri - niger<\/title>\n<meta name=\"description\" content=\"Le Ministre de la Sante\u0301 et de l\u2019Hygie\u0300ne Publique, le Me\u0301decin Colonel-major Garba Hakimi a pre\u0301side\u0301, le vendredi 24 a ...\" \/>\n<meta name=\"robots\" content=\"index, follow, max-snippet:-1, max-image-preview:large, max-video-preview:-1\" \/>\n<link rel=\"canonical\" href=\"https:\/\/www.africa-press.net\/niger\/toutes-les-actualites\/lancement-de-la-campagne-de-vaccination-a-tillaberi\" \/>\n<meta property=\"og:locale\" content=\"fr_FR\" \/>\n<meta property=\"og:type\" content=\"article\" \/>\n<meta property=\"og:title\" content=\"Lancement de la Campagne de Vaccination \u00e0 Tillab\u00e9ri\" \/>\n<meta property=\"og:description\" content=\"Le Ministre de la Sante\u0301 et de l\u2019Hygie\u0300ne Publique, le Me\u0301decin Colonel-major Garba Hakimi a pre\u0301side\u0301, le vendredi 24 a ...\" \/>\n<meta property=\"og:url\" content=\"https:\/\/www.africa-press.net\/niger\/toutes-les-actualites\/lancement-de-la-campagne-de-vaccination-a-tillaberi\" \/>\n<meta property=\"og:site_name\" content=\"niger\" \/>\n<meta property=\"article:published_time\" content=\"2026-04-26T15:03:12+00:00\" \/>\n<meta property=\"article:modified_time\" content=\"2026-04-26T15:26:42+00:00\" \/>\n<meta property=\"og:image\" content=\"https:\/\/static.africa-press.net\/niger\/sites\/40\/2026\/04\/sm_1777204546.201684.jpg\" \/>\n\t<meta property=\"og:image:width\" content=\"600\" \/>\n\t<meta property=\"og:image:height\" content=\"489\" \/>\n\t<meta property=\"og:image:type\" content=\"image\/jpeg\" \/>\n<meta name=\"author\" content=\"cfeditorfr\" \/>\n<meta name=\"twitter:card\" content=\"summary_large_image\" \/>\n<meta name=\"twitter:label1\" content=\"\u00c9crit par\" \/>\n\t<meta name=\"twitter:data1\" content=\"cfeditorfr\" \/>\n\t<meta name=\"twitter:label2\" content=\"Dur\u00e9e de lecture estim\u00e9e\" \/>\n\t<meta name=\"twitter:data2\" content=\"5 minutes\" \/>\n<script type=\"application\/ld+json\" class=\"yoast-schema-graph\">{\"@context\":\"https:\/\/schema.org\",\"@graph\":[{\"@type\":\"Article\",\"@id\":\"https:\/\/www.africa-press.net\/niger\/toutes-les-actualites\/lancement-de-la-campagne-de-vaccination-a-tillaberi#article\",\"isPartOf\":{\"@id\":\"https:\/\/www.africa-press.net\/niger\/toutes-les-actualites\/lancement-de-la-campagne-de-vaccination-a-tillaberi\"},\"author\":{\"name\":\"cfeditorfr\",\"@id\":\"https:\/\/www.africa-press.net\/niger\/#\/schema\/person\/2b1cf3cd81a31e3cd26889ca66d677f1\"},\"headline\":\"Lancement de la Campagne de Vaccination \u00e0 Tillab\u00e9ri\",\"datePublished\":\"2026-04-26T15:03:12+00:00\",\"dateModified\":\"2026-04-26T15:26:42+00:00\",\"mainEntityOfPage\":{\"@id\":\"https:\/\/www.africa-press.net\/niger\/toutes-les-actualites\/lancement-de-la-campagne-de-vaccination-a-tillaberi\"},\"wordCount\":1027,\"commentCount\":0,\"image\":{\"@id\":\"https:\/\/www.africa-press.net\/niger\/toutes-les-actualites\/lancement-de-la-campagne-de-vaccination-a-tillaberi#primaryimage\"},\"thumbnailUrl\":\"https:\/\/static.africa-press.net\/niger\/sites\/40\/2026\/04\/sm_1777204546.201684.jpg\",\"keywords\":[\"Niger\"],\"articleSection\":[\"Communaut\u00e9\",\"Toutes les actualit\u00e9s\"],\"inLanguage\":\"fr-FR\",\"potentialAction\":[{\"@type\":\"CommentAction\",\"name\":\"Comment\",\"target\":[\"https:\/\/www.africa-press.net\/niger\/toutes-les-actualites\/lancement-de-la-campagne-de-vaccination-a-tillaberi#respond\"]}]},{\"@type\":\"WebPage\",\"@id\":\"https:\/\/www.africa-press.net\/niger\/toutes-les-actualites\/lancement-de-la-campagne-de-vaccination-a-tillaberi\",\"url\":\"https:\/\/www.africa-press.net\/niger\/toutes-les-actualites\/lancement-de-la-campagne-de-vaccination-a-tillaberi\",\"name\":\"Lancement de la Campagne de Vaccination \u00e0 Tillab\u00e9ri - niger\",\"isPartOf\":{\"@id\":\"https:\/\/www.africa-press.net\/niger\/#website\"},\"primaryImageOfPage\":{\"@id\":\"https:\/\/www.africa-press.net\/niger\/toutes-les-actualites\/lancement-de-la-campagne-de-vaccination-a-tillaberi#primaryimage\"},\"image\":{\"@id\":\"https:\/\/www.africa-press.net\/niger\/toutes-les-actualites\/lancement-de-la-campagne-de-vaccination-a-tillaberi#primaryimage\"},\"thumbnailUrl\":\"https:\/\/static.africa-press.net\/niger\/sites\/40\/2026\/04\/sm_1777204546.201684.jpg\",\"datePublished\":\"2026-04-26T15:03:12+00:00\",\"dateModified\":\"2026-04-26T15:26:42+00:00\",\"author\":{\"@id\":\"https:\/\/www.africa-press.net\/niger\/#\/schema\/person\/2b1cf3cd81a31e3cd26889ca66d677f1\"},\"description\":\"Le Ministre de la Sante\u0301 et de l\u2019Hygie\u0300ne Publique, le Me\u0301decin Colonel-major Garba Hakimi a pre\u0301side\u0301, le vendredi 24 a ...\",\"breadcrumb\":{\"@id\":\"https:\/\/www.africa-press.net\/niger\/toutes-les-actualites\/lancement-de-la-campagne-de-vaccination-a-tillaberi#breadcrumb\"},\"inLanguage\":\"fr-FR\",\"potentialAction\":[{\"@type\":\"ReadAction\",\"target\":[\"https:\/\/www.africa-press.net\/niger\/toutes-les-actualites\/lancement-de-la-campagne-de-vaccination-a-tillaberi\"]}]},{\"@type\":\"ImageObject\",\"inLanguage\":\"fr-FR\",\"@id\":\"https:\/\/www.africa-press.net\/niger\/toutes-les-actualites\/lancement-de-la-campagne-de-vaccination-a-tillaberi#primaryimage\",\"url\":\"https:\/\/static.africa-press.net\/niger\/sites\/40\/2026\/04\/sm_1777204546.201684.jpg\",\"contentUrl\":\"https:\/\/static.africa-press.net\/niger\/sites\/40\/2026\/04\/sm_1777204546.201684.jpg\",\"width\":600,\"height\":489,\"caption\":\"Lancement de la Campagne de Vaccination \u00e0 Tillab\u00e9ri\"},{\"@type\":\"BreadcrumbList\",\"@id\":\"https:\/\/www.africa-press.net\/niger\/toutes-les-actualites\/lancement-de-la-campagne-de-vaccination-a-tillaberi#breadcrumb\",\"itemListElement\":[{\"@type\":\"ListItem\",\"position\":1,\"name\":\"Accueil\",\"item\":\"https:\/\/www.africa-press.net\/niger\/\"},{\"@type\":\"ListItem\",\"position\":2,\"name\":\"Lancement de la Campagne de Vaccination \u00e0 Tillab\u00e9ri\"}]},{\"@type\":\"WebSite\",\"@id\":\"https:\/\/www.africa-press.net\/niger\/#website\",\"url\":\"https:\/\/www.africa-press.net\/niger\/\",\"name\":\"niger\",\"description\":\"Just another Africa News Agency Sites site\",\"potentialAction\":[{\"@type\":\"SearchAction\",\"target\":{\"@type\":\"EntryPoint\",\"urlTemplate\":\"https:\/\/www.africa-press.net\/niger\/?s={search_term_string}\"},\"query-input\":{\"@type\":\"PropertyValueSpecification\",\"valueRequired\":true,\"valueName\":\"search_term_string\"}}],\"inLanguage\":\"fr-FR\"},{\"@type\":\"Person\",\"@id\":\"https:\/\/www.africa-press.net\/niger\/#\/schema\/person\/2b1cf3cd81a31e3cd26889ca66d677f1\",\"name\":\"cfeditorfr\"}]}<\/script>\n<!-- \/ Yoast SEO Premium plugin. -->","yoast_head_json":{"title":"Lancement de la Campagne de Vaccination \u00e0 Tillab\u00e9ri - niger","description":"Le Ministre de la Sante\u0301 et de l\u2019Hygie\u0300ne Publique, le Me\u0301decin Colonel-major Garba Hakimi a pre\u0301side\u0301, le vendredi 24 a ...","robots":{"index":"index","follow":"follow","max-snippet":"max-snippet:-1","max-image-preview":"max-image-preview:large","max-video-preview":"max-video-preview:-1"},"canonical":"https:\/\/www.africa-press.net\/niger\/toutes-les-actualites\/lancement-de-la-campagne-de-vaccination-a-tillaberi","og_locale":"fr_FR","og_type":"article","og_title":"Lancement de la Campagne de Vaccination \u00e0 Tillab\u00e9ri","og_description":"Le Ministre de la Sante\u0301 et de l\u2019Hygie\u0300ne Publique, le Me\u0301decin Colonel-major Garba Hakimi a pre\u0301side\u0301, le vendredi 24 a ...","og_url":"https:\/\/www.africa-press.net\/niger\/toutes-les-actualites\/lancement-de-la-campagne-de-vaccination-a-tillaberi","og_site_name":"niger","article_published_time":"2026-04-26T15:03:12+00:00","article_modified_time":"2026-04-26T15:26:42+00:00","og_image":[{"width":600,"height":489,"url":"https:\/\/static.africa-press.net\/niger\/sites\/40\/2026\/04\/sm_1777204546.201684.jpg","type":"image\/jpeg"}],"author":"cfeditorfr","twitter_card":"summary_large_image","twitter_misc":{"\u00c9crit par":"cfeditorfr","Dur\u00e9e de lecture estim\u00e9e":"5 minutes"},"schema":{"@context":"https:\/\/schema.org","@graph":[{"@type":"Article","@id":"https:\/\/www.africa-press.net\/niger\/toutes-les-actualites\/lancement-de-la-campagne-de-vaccination-a-tillaberi#article","isPartOf":{"@id":"https:\/\/www.africa-press.net\/niger\/toutes-les-actualites\/lancement-de-la-campagne-de-vaccination-a-tillaberi"},"author":{"name":"cfeditorfr","@id":"https:\/\/www.africa-press.net\/niger\/#\/schema\/person\/2b1cf3cd81a31e3cd26889ca66d677f1"},"headline":"Lancement de la Campagne de Vaccination \u00e0 Tillab\u00e9ri","datePublished":"2026-04-26T15:03:12+00:00","dateModified":"2026-04-26T15:26:42+00:00","mainEntityOfPage":{"@id":"https:\/\/www.africa-press.net\/niger\/toutes-les-actualites\/lancement-de-la-campagne-de-vaccination-a-tillaberi"},"wordCount":1027,"commentCount":0,"image":{"@id":"https:\/\/www.africa-press.net\/niger\/toutes-les-actualites\/lancement-de-la-campagne-de-vaccination-a-tillaberi#primaryimage"},"thumbnailUrl":"https:\/\/static.africa-press.net\/niger\/sites\/40\/2026\/04\/sm_1777204546.201684.jpg","keywords":["Niger"],"articleSection":["Communaut\u00e9","Toutes les actualit\u00e9s"],"inLanguage":"fr-FR","potentialAction":[{"@type":"CommentAction","name":"Comment","target":["https:\/\/www.africa-press.net\/niger\/toutes-les-actualites\/lancement-de-la-campagne-de-vaccination-a-tillaberi#respond"]}]},{"@type":"WebPage","@id":"https:\/\/www.africa-press.net\/niger\/toutes-les-actualites\/lancement-de-la-campagne-de-vaccination-a-tillaberi","url":"https:\/\/www.africa-press.net\/niger\/toutes-les-actualites\/lancement-de-la-campagne-de-vaccination-a-tillaberi","name":"Lancement de la Campagne de Vaccination \u00e0 Tillab\u00e9ri - niger","isPartOf":{"@id":"https:\/\/www.africa-press.net\/niger\/#website"},"primaryImageOfPage":{"@id":"https:\/\/www.africa-press.net\/niger\/toutes-les-actualites\/lancement-de-la-campagne-de-vaccination-a-tillaberi#primaryimage"},"image":{"@id":"https:\/\/www.africa-press.net\/niger\/toutes-les-actualites\/lancement-de-la-campagne-de-vaccination-a-tillaberi#primaryimage"},"thumbnailUrl":"https:\/\/static.africa-press.net\/niger\/sites\/40\/2026\/04\/sm_1777204546.201684.jpg","datePublished":"2026-04-26T15:03:12+00:00","dateModified":"2026-04-26T15:26:42+00:00","author":{"@id":"https:\/\/www.africa-press.net\/niger\/#\/schema\/person\/2b1cf3cd81a31e3cd26889ca66d677f1"},"description":"Le Ministre de la Sante\u0301 et de l\u2019Hygie\u0300ne Publique, le Me\u0301decin Colonel-major Garba Hakimi a pre\u0301side\u0301, le vendredi 24 a ...","breadcrumb":{"@id":"https:\/\/www.africa-press.net\/niger\/toutes-les-actualites\/lancement-de-la-campagne-de-vaccination-a-tillaberi#breadcrumb"},"inLanguage":"fr-FR","potentialAction":[{"@type":"ReadAction","target":["https:\/\/www.africa-press.net\/niger\/toutes-les-actualites\/lancement-de-la-campagne-de-vaccination-a-tillaberi"]}]},{"@type":"ImageObject","inLanguage":"fr-FR","@id":"https:\/\/www.africa-press.net\/niger\/toutes-les-actualites\/lancement-de-la-campagne-de-vaccination-a-tillaberi#primaryimage","url":"https:\/\/static.africa-press.net\/niger\/sites\/40\/2026\/04\/sm_1777204546.201684.jpg","contentUrl":"https:\/\/static.africa-press.net\/niger\/sites\/40\/2026\/04\/sm_1777204546.201684.jpg","width":600,"height":489,"caption":"Lancement de la Campagne de Vaccination \u00e0 Tillab\u00e9ri"},{"@type":"BreadcrumbList","@id":"https:\/\/www.africa-press.net\/niger\/toutes-les-actualites\/lancement-de-la-campagne-de-vaccination-a-tillaberi#breadcrumb","itemListElement":[{"@type":"ListItem","position":1,"name":"Accueil","item":"https:\/\/www.africa-press.net\/niger\/"},{"@type":"ListItem","position":2,"name":"Lancement de la Campagne de Vaccination \u00e0 Tillab\u00e9ri"}]},{"@type":"WebSite","@id":"https:\/\/www.africa-press.net\/niger\/#website","url":"https:\/\/www.africa-press.net\/niger\/","name":"niger","description":"Just another Africa News Agency Sites site","potentialAction":[{"@type":"SearchAction","target":{"@type":"EntryPoint","urlTemplate":"https:\/\/www.africa-press.net\/niger\/?s={search_term_string}"},"query-input":{"@type":"PropertyValueSpecification","valueRequired":true,"valueName":"search_term_string"}}],"inLanguage":"fr-FR"},{"@type":"Person","@id":"https:\/\/www.africa-press.net\/niger\/#\/schema\/person\/2b1cf3cd81a31e3cd26889ca66d677f1","name":"cfeditorfr"}]}},"_links":{"self":[{"href":"https:\/\/www.africa-press.net\/niger\/wp-json\/wp\/v2\/posts\/97526","targetHints":{"allow":["GET"]}}],"collection":[{"href":"https:\/\/www.africa-press.net\/niger\/wp-json\/wp\/v2\/posts"}],"about":[{"href":"https:\/\/www.africa-press.net\/niger\/wp-json\/wp\/v2\/types\/post"}],"author":[{"embeddable":true,"href":"https:\/\/www.africa-press.net\/niger\/wp-json\/wp\/v2\/users\/82"}],"replies":[{"embeddable":true,"href":"https:\/\/www.africa-press.net\/niger\/wp-json\/wp\/v2\/comments?post=97526"}],"version-history":[{"count":1,"href":"https:\/\/www.africa-press.net\/niger\/wp-json\/wp\/v2\/posts\/97526\/revisions"}],"predecessor-version":[{"id":97532,"href":"https:\/\/www.africa-press.net\/niger\/wp-json\/wp\/v2\/posts\/97526\/revisions\/97532"}],"wp:featuredmedia":[{"embeddable":true,"href":"https:\/\/www.africa-press.net\/niger\/wp-json\/wp\/v2\/media\/97525"}],"wp:attachment":[{"href":"https:\/\/www.africa-press.net\/niger\/wp-json\/wp\/v2\/media?parent=97526"}],"wp:term":[{"taxonomy":"category","embeddable":true,"href":"https:\/\/www.africa-press.net\/niger\/wp-json\/wp\/v2\/categories?post=97526"},{"taxonomy":"post_tag","embeddable":true,"href":"https:\/\/www.africa-press.net\/niger\/wp-json\/wp\/v2\/tags?post=97526"}],"curies":[{"name":"wp","href":"https:\/\/api.w.org\/{rel}","templated":true}]}}