{"id":97530,"date":"2026-04-26T15:03:38","date_gmt":"2026-04-26T15:03:38","guid":{"rendered":"https:\/\/www.africa-press.net\/niger\/politique\/celebration-de-la-journee-nationale-de-la-concorde"},"modified":"2026-04-26T15:26:55","modified_gmt":"2026-04-26T15:26:55","slug":"celebration-de-la-journee-nationale-de-la-concorde","status":"publish","type":"post","link":"https:\/\/www.africa-press.net\/niger\/politique\/celebration-de-la-journee-nationale-de-la-concorde","title":{"rendered":"C\u00e9l\u00e9bration de la Journ\u00e9e Nationale de la Concorde"},"content":{"rendered":"<p><span style=\"color: #ff6600\"><strong>Africa-Press &#8211; Niger. <\/strong><\/span>Le Premier Ministre Ali Mahaman Lamine Zeine a pre\u0301side\u0301, ce vendredi 24 avril 2026 a\u0300 Tchintabaraden (Re\u0301gion de Tahoua), la ce\u0301re\u0301monie de comme\u0301moration de la 31e\u0300me e\u0301dition de la journe\u0301e nationale de la concorde, en souvenir de la signature des accords de paix du 24 avril 1995 ayant mis fin a\u0300 la re\u0301bellion arme\u0301e du nord du Niger.<\/p>\n<p>Cette ce\u0301re\u0301monie a enregistre\u0301 la pre\u0301sence de plusieurs membres du CNSP, ceux du Gouvernement, des membres du Corps diplomatique, du Pre\u0301sident de la HACP, de la Pre\u0301sidente du FSSP, des Gouverneurs, des Pre\u0301fets, des Chefs traditionnels, des PTF, ainsi que plusieurs personnalite\u0301s civiles et militaires.<\/p>\n<p>Dans son allocution, le Premier Ministre a adresse\u0301 ses remerciements aux autorite\u0301s administratives et a\u0300 la population de Tchintabaraden pour son accueil fraternel et chaleureux, saluant l\u2019appel a\u0300 la paix et a\u0300 la se\u0301curite\u0301 lance\u0301 les intervenants qui l\u2019ont pre\u0301ce\u0301de\u0301, pre\u0301cisant avoir e\u0301te\u0301 de\u0301le\u0301gue\u0301 par le Pre\u0301sident de la Re\u0301publique pour a\u0300 Tchintabaraden parler du Niger, pour faire la prie\u0300re et pour implorer la paix et la se\u0301curite\u0301 sur l\u2019ensemble du territoire national.<\/p>\n<p>Enfin, le Premier Ministre Ali Mahamane Lamine Zeine a exprime\u0301 ses since\u0300res remerciements a\u0300 tous ceux qui ont effectue\u0301 le de\u0301placement de Tchintabaraden avant de leur souhaiter un bon retour a\u0300 chacun dans son foyer.<\/p>\n<p>Auparavant, le Ministre d\u2019Etat, Ministre de l\u2019Inte\u0301rieur, de la Se\u0301curite\u0301 Publique et de l\u2019Administration Territoriale, le Ge\u0301ne\u0301ral de Division Mohamed Toumba a rappele\u0301 que cela fait trente et un ans, pre\u0301cise\u0301ment le 24 avril 1995, qu\u2019e\u0301taient signe\u0301s a\u0300 Niamey les accords mettant fin a\u0300 l\u2019un des e\u0301pisodes les plus douloureux de l\u2019histoire re\u0301cente du Niger.<\/p>\n<p>Avec la signature, a\u0300 cette date, des accords de paix de Niamey, la re\u0301bellion arme\u0301e des anne\u0301es 1990 a\u0300 1995 venait ainsi de connaitre son e\u0301pilogue, laissant derrie\u0300re elle les de\u0301chirements fratricides entre les fils d\u2019une me\u0302me nation, a falaise entendre le Ministre Toumba.<\/p>\n<p>E\u0301voquant le the\u0300me retenu cette anne\u0301e, \u00ab Concorde nationale, gage de paix et de cohe\u0301sion sociale \u00bb, le Ge\u0300ne\u0301ral Toumba a explique\u0301 qu\u2019il est d\u2019autant plus pertinent dans le contexte actuel ou\u0300 le Niger fait face a\u0300 des menaces se\u0301curitaires de tous ordres et aussi a\u0300 une guerre informationnelle sans pre\u0301ce\u0301dent.<\/p>\n<p>Selon lui, \u00ab c\u2019est avec la cohe\u0301sion en notre sein, en tant que nation, que nous pourrons faire face efficacement au de\u0301fi se\u0301curitaire et de\u0301construire le narratif informationnel mensonger distille\u0301 par des me\u0301dias a\u0300 la solde de l\u2019ennemi \u00bb.<\/p>\n<p>Parlant de l\u2019institution d\u2019une journe\u0301e nationale de la concorde, acte\u0301e par loi en date du 20 juin 1997, le Ministre en charge de l\u2019inte\u0301rieur a fait savoir qu\u2019elle a pour finalite\u0301 \u00ab de marquer l\u2019esprit de chaque nige\u0301rienne et de chaque nige\u0301rien, quant a\u0300 l\u2019impe\u0301rieuse ne\u0301cessite\u0301 d\u2019entretenir, avec soin, la fibre qui nous relie tous les uns aux autres, en tant que maillons d\u2019une me\u0302me chaine de fraternite\u0301 et qui a pour nom la Nation nige\u0301rienne \u00bb.<\/p>\n<p>Le Ministre Toumba a e\u0301galement rappele\u0301 la ce\u0301re\u0301monie solennelle d\u2019incine\u0301ration de plus d\u2019un millier d\u2019armes de guerre, provenant des ex-rebellions arme\u0301es, sur la place de la flamme de la paix a\u0300 Agadez, le 25 septembre 2000. Selon lui, cet acte participe e\u0301galement de cette volonte\u0301 des nige\u0301riens de tourner de\u0301finitivement le dos a\u0300 la violence comme mode de re\u0300glement des diffe\u0301rends intercommunautaires ou entre communaute\u0301s et pouvoirs publics.<\/p>\n<p>Par rapport au lieu de la ce\u0301re\u0301monie, selon le Ministre Toumba, il porte, a\u0300 lui seul, \u00ab toute la symbolique de l\u2019e\u0301ve\u0300nement que nous ce\u0301le\u0301brons, notamment avec cette figure architecturale repre\u0301sentant un sabre de\u0301gaine\u0301 et plante\u0301 dans le sable, signe de renoncement a\u0300 la confrontation et a\u0300 la violence \u00bb. \u00ab Il s\u2019agit la\u0300, assure\u0301ment, d\u2019un message fort, adresse\u0301 aux nige\u0301riens en ge\u0301ne\u0301ral, et aux jeunes en particulier, ceux-la\u0300 qui sont pris au pie\u0300ge du mercenariat afin qu\u2019ils se ressaisissent pour l\u2019ave\u0300nement d\u2019une paix durable dans notre pays. Il faut qu\u2019ils comprennent que leur avenir se trouve ici, du co\u0302te\u0301 de la me\u0300re-patrie et dans le labeur utile a\u0300 eux-me\u0302mes et a\u0300 la communaute\u0301 nationale \u00bb, a-t-il explique\u0301.<\/p>\n<p>Aussi, a-t-il solennellement lance\u0301, une fois de plus, un appel aux jeunes, encore sous influence des organisations criminelles, pour qu\u2019ils reviennent au bercail et qu\u2019ils rejoignent le programme national de re\u0301insertion sociale des repentis.<\/p>\n<p>En cette e\u0300re de la Refondation, le the\u0300me des pre\u0301sentes comme\u0301morations, a\u0300 savoir \u00ab Concorde nationale, gage de paix et de cohe\u0301sion sociale \u00bb, re\u0301sonne, selon lui, comme un pre\u0301requis a\u0300 l\u2019un des points du Programme de la Refondation de la Re\u0301publique, formule\u0301 comme suit,: \u00ab la cohe\u0301sion sociale, socle de la construction de toute nation \u00bb. Autrement dit, la concorde nationale constitue le socle de la cohe\u0301sion sociale qui, a\u0300 son tour, rend possible l\u2019\u0153uvre de construction de la nation, rappelant cette sage formule du Pre\u0301sident de la Re\u0301publique a\u0300 l\u2019attention des Nige\u0301riens: \u00ab aucune nation ne s\u2019est construite dans la de\u0301sunion \u00bb.<\/p>\n<p>Selon lui, l\u2019objectif ge\u0301ne\u0301ral poursuivi, a\u0300 travers les activite\u0301s de la pre\u0301sente journe\u0301e, est de contribuer au renforcement de la coexistence pacifique, de la paix et de la cohe\u0301sion sociale au Niger. Elles visent e\u0301galement a\u0300 capitaliser les expe\u0301riences en matie\u0300re de consolidation de la paix et de la cohe\u0301sion sociale ; de valoriser nos traits de cultures qui vont dans le sens de la promotion du mieux vivre ensemble ; de<\/p>\n<p>sensibiliser les populations sur les questions lie\u0301es au mot d\u2019ordre de mobilisation ge\u0301ne\u0301rale et a\u0300 l\u2019initiative \u00ab Domol Leydi \u00bb de cre\u0301ation des brigades territoriales d\u2019auto-de\u0301fense ; de sensibiliser les populations sur les questions de sante\u0301 et sur l\u2019importance et l\u2019utilite\u0301 des actes de l\u2019e\u0301tat civil.<\/p>\n<p>Le Ministre en charge de l\u2019inte\u0301rieur a, au terme de son intervention, tenu a\u0300 adresser ses since\u0300res remerciements aux autorite\u0301s administratives et coutumie\u0300res, ainsi qu\u2019a\u0300 l\u2019ensemble de la population de la Re\u0301gion de Tahoua pour leur accueil empreint de chaleur et leur hospitalite\u0301, avec une mention spe\u0301ciale pour le de\u0301partement de Tchintabaraden, avant de re\u0301ite\u0301rer son appel a\u0300 la chefferie traditionnelle pour qu\u2019elle s\u2019investisse davantage dans le processus de reddition des jeunes engage\u0301s dans les groupes arme\u0301s non e\u0301tatiques.<\/p>\n<p>Quant au Gouverneur de la Re\u0301gion de Tahoua Colonel-Major Souleymane Amadou Moussa, il a exprime\u0301 toute sa satisfaction d\u2019e\u0302tre a\u0300 Tchintabaraden, terre symbolique de la re\u0301silience et de la paix, en ce jour du 24 avril 2026, une date grave\u0301e dans l\u2019histoire du Niger pour comme\u0301morer la signature des accords de paix de 1995 qui ont mis fin a\u0300 des anne\u0301es de conflits et de de\u0301chirement.<\/p>\n<p>Selon lui, \u00ab nous ce\u0301le\u0301brons, a\u0300 Tchintabaraden, la victoire sur la violence, et de l\u2019unite\u0301 sur la division et du dialogue sur la violence et les armes \u00bb.<\/p>\n<p>Le Gouverneur Souleymane a fait savoir qu\u2019en ce\u0301le\u0301brant ces activite\u0301s, Tchintabaraden rappelle le courage de ceux qui ont choisi de de\u0301poser les armes pour ba\u0302tir ensemble un Niger uni et indivisible. Il a e\u0301galement salue\u0301 les efforts des FDS dont le sacrifice et le de\u0301vouement ont permis de pre\u0301server cette paix che\u0300rement acquise et la sagesse des Honorables Chefs traditionnels et la re\u0301silience de la population locale. E\u0301voquant la situation de son entite\u0301 administrative, le Gouverneur de Tahoua a rappele\u0301 qu\u2019elle fait face a\u0300 des nouveaux de\u0301fis se\u0301curitaires, des menaces terroristes et des tentatives de de\u0301stabilisation, \u00ab qui cherchent a\u0300 briser le tissu social que nous avons mis des anne\u0301es a\u0300 consolider \u00bb.<\/p>\n<p>Aussi, le Gouverneur Souleymane a-t-il appele\u0301 a\u0300 redoubler d\u2019efforts pour consolider la cohe\u0301sion sociale, pour renforcer la collaboration entre les FDS et faire de la pre\u0301vention des conflits une priorite\u0301.<\/p>\n<p>Pour sa part, le Pre\u0301sident de la Haute Autorite\u0301 a\u0300 la Consolidation de la Paix (HACP), Ge\u0301ne\u0301ral de Division Diddili Ousmane, il a axe\u0301 son intervention sur le contexte de la guerre et la signature des accords militaires en 1995. Il a ensuite rappele\u0301 les diffe\u0301rentes mutations subies par son institution charge\u0301e d\u2019entreprendre et consolider la paix, l\u2019unite\u0301 et la solidarite\u0301. Le pre\u0301sident de la HACP a e\u0301galement rappele\u0301 les zones d\u2019intervention, la mission et les orientations de l\u2019institution qu\u2019il dirige.<\/p>\n<p>Auparavant, la pre\u0301sidente nationale du FSSP, le Pre\u0301fet du de\u0301partement de Tchintabaraden, l\u2019Administrateur De\u0301le\u0301gue\u0301 de la Commune Urbaine de Tchintabaraden et le Repre\u0301sentant du Cadre de la paix des ex-rebelles ont tour a\u0300 tour pris la parole pour souhaiter la chaleureuse bienvenue aux invite\u0301s, avant de leur souhaiter un bon se\u0301jour dans la capitale de la paix et un bon retour dans leurs foyers respectifs.<\/p>\n<p><strong>Pour plus d&rsquo;informations et d&rsquo;analyses sur la <span style=\"color: #ff6600\">Niger<\/span>, suivez <span style=\"color: #ff6600\">Africa-Press<\/span><\/strong><\/p>\n","protected":false},"excerpt":{"rendered":"<p>Africa-Press &#8211; Niger. Le Premier Ministre Ali Mahaman Lamine Zeine a pre\u0301side\u0301, ce vendredi 24 avril 2026 a\u0300 Tchintabaraden (Re\u0301gion de Tahoua), la ce\u0301re\u0301monie de comme\u0301moration de la 31e\u0300me e\u0301dition de la journe\u0301e nationale de la concorde, en souvenir de la signature des accords de paix du 24 avril 1995 ayant mis fin a\u0300 la [&hellip;]<\/p>\n","protected":false},"author":82,"featured_media":97528,"comment_status":"open","ping_status":"closed","sticky":false,"template":"","format":"standard","meta":{"footnotes":""},"categories":[2,10],"tags":[29],"class_list":["post-97530","post","type-post","status-publish","format-standard","has-post-thumbnail","hentry","category-politique","category-toutes-les-actualites","tag-niger"],"yoast_head":"<!-- This site is optimized with the Yoast SEO Premium plugin v26.1 (Yoast SEO v27.0) - https:\/\/yoast.com\/product\/yoast-seo-premium-wordpress\/ -->\n<title>C\u00e9l\u00e9bration de la Journ\u00e9e Nationale de la Concorde - niger<\/title>\n<meta name=\"description\" content=\"Le Premier Ministre Ali Mahaman Lamine Zeine a pre\u0301side\u0301, ce vendredi 24 avril 2026 a\u0300 Tchintabaraden (Re\u0301gion de Tahoua ...\" \/>\n<meta name=\"robots\" content=\"index, follow, max-snippet:-1, max-image-preview:large, max-video-preview:-1\" \/>\n<link rel=\"canonical\" href=\"https:\/\/www.africa-press.net\/niger\/politique\/celebration-de-la-journee-nationale-de-la-concorde\" \/>\n<meta property=\"og:locale\" content=\"fr_FR\" \/>\n<meta property=\"og:type\" content=\"article\" \/>\n<meta property=\"og:title\" content=\"C\u00e9l\u00e9bration de la Journ\u00e9e Nationale de la Concorde\" \/>\n<meta property=\"og:description\" content=\"Le Premier Ministre Ali Mahaman Lamine Zeine a pre\u0301side\u0301, ce vendredi 24 avril 2026 a\u0300 Tchintabaraden (Re\u0301gion de Tahoua ...\" \/>\n<meta property=\"og:url\" content=\"https:\/\/www.africa-press.net\/niger\/politique\/celebration-de-la-journee-nationale-de-la-concorde\" \/>\n<meta property=\"og:site_name\" content=\"niger\" \/>\n<meta property=\"article:published_time\" content=\"2026-04-26T15:03:38+00:00\" \/>\n<meta property=\"article:modified_time\" content=\"2026-04-26T15:26:55+00:00\" \/>\n<meta property=\"og:image\" content=\"https:\/\/static.africa-press.net\/niger\/sites\/40\/2026\/04\/sm_1777204568.419827.jpg\" \/>\n\t<meta property=\"og:image:width\" content=\"563\" \/>\n\t<meta property=\"og:image:height\" content=\"393\" \/>\n\t<meta property=\"og:image:type\" content=\"image\/jpeg\" \/>\n<meta name=\"author\" content=\"cfeditorfr\" \/>\n<meta name=\"twitter:card\" content=\"summary_large_image\" \/>\n<meta name=\"twitter:label1\" content=\"\u00c9crit par\" \/>\n\t<meta name=\"twitter:data1\" content=\"cfeditorfr\" \/>\n\t<meta name=\"twitter:label2\" content=\"Dur\u00e9e de lecture estim\u00e9e\" \/>\n\t<meta name=\"twitter:data2\" content=\"8 minutes\" \/>\n<script type=\"application\/ld+json\" class=\"yoast-schema-graph\">{\"@context\":\"https:\/\/schema.org\",\"@graph\":[{\"@type\":\"Article\",\"@id\":\"https:\/\/www.africa-press.net\/niger\/politique\/celebration-de-la-journee-nationale-de-la-concorde#article\",\"isPartOf\":{\"@id\":\"https:\/\/www.africa-press.net\/niger\/politique\/celebration-de-la-journee-nationale-de-la-concorde\"},\"author\":{\"name\":\"cfeditorfr\",\"@id\":\"https:\/\/www.africa-press.net\/niger\/#\/schema\/person\/2b1cf3cd81a31e3cd26889ca66d677f1\"},\"headline\":\"C\u00e9l\u00e9bration de la Journ\u00e9e Nationale de la Concorde\",\"datePublished\":\"2026-04-26T15:03:38+00:00\",\"dateModified\":\"2026-04-26T15:26:55+00:00\",\"mainEntityOfPage\":{\"@id\":\"https:\/\/www.africa-press.net\/niger\/politique\/celebration-de-la-journee-nationale-de-la-concorde\"},\"wordCount\":1611,\"commentCount\":0,\"image\":{\"@id\":\"https:\/\/www.africa-press.net\/niger\/politique\/celebration-de-la-journee-nationale-de-la-concorde#primaryimage\"},\"thumbnailUrl\":\"https:\/\/static.africa-press.net\/niger\/sites\/40\/2026\/04\/sm_1777204568.419827.jpg\",\"keywords\":[\"Niger\"],\"articleSection\":[\"Politique\",\"Toutes les actualit\u00e9s\"],\"inLanguage\":\"fr-FR\",\"potentialAction\":[{\"@type\":\"CommentAction\",\"name\":\"Comment\",\"target\":[\"https:\/\/www.africa-press.net\/niger\/politique\/celebration-de-la-journee-nationale-de-la-concorde#respond\"]}]},{\"@type\":\"WebPage\",\"@id\":\"https:\/\/www.africa-press.net\/niger\/politique\/celebration-de-la-journee-nationale-de-la-concorde\",\"url\":\"https:\/\/www.africa-press.net\/niger\/politique\/celebration-de-la-journee-nationale-de-la-concorde\",\"name\":\"C\u00e9l\u00e9bration de la Journ\u00e9e Nationale de la Concorde - niger\",\"isPartOf\":{\"@id\":\"https:\/\/www.africa-press.net\/niger\/#website\"},\"primaryImageOfPage\":{\"@id\":\"https:\/\/www.africa-press.net\/niger\/politique\/celebration-de-la-journee-nationale-de-la-concorde#primaryimage\"},\"image\":{\"@id\":\"https:\/\/www.africa-press.net\/niger\/politique\/celebration-de-la-journee-nationale-de-la-concorde#primaryimage\"},\"thumbnailUrl\":\"https:\/\/static.africa-press.net\/niger\/sites\/40\/2026\/04\/sm_1777204568.419827.jpg\",\"datePublished\":\"2026-04-26T15:03:38+00:00\",\"dateModified\":\"2026-04-26T15:26:55+00:00\",\"author\":{\"@id\":\"https:\/\/www.africa-press.net\/niger\/#\/schema\/person\/2b1cf3cd81a31e3cd26889ca66d677f1\"},\"description\":\"Le Premier Ministre Ali Mahaman Lamine Zeine a pre\u0301side\u0301, ce vendredi 24 avril 2026 a\u0300 Tchintabaraden (Re\u0301gion de Tahoua ...\",\"breadcrumb\":{\"@id\":\"https:\/\/www.africa-press.net\/niger\/politique\/celebration-de-la-journee-nationale-de-la-concorde#breadcrumb\"},\"inLanguage\":\"fr-FR\",\"potentialAction\":[{\"@type\":\"ReadAction\",\"target\":[\"https:\/\/www.africa-press.net\/niger\/politique\/celebration-de-la-journee-nationale-de-la-concorde\"]}]},{\"@type\":\"ImageObject\",\"inLanguage\":\"fr-FR\",\"@id\":\"https:\/\/www.africa-press.net\/niger\/politique\/celebration-de-la-journee-nationale-de-la-concorde#primaryimage\",\"url\":\"https:\/\/static.africa-press.net\/niger\/sites\/40\/2026\/04\/sm_1777204568.419827.jpg\",\"contentUrl\":\"https:\/\/static.africa-press.net\/niger\/sites\/40\/2026\/04\/sm_1777204568.419827.jpg\",\"width\":563,\"height\":393,\"caption\":\"C\u00e9l\u00e9bration de la Journ\u00e9e Nationale de la Concorde\"},{\"@type\":\"BreadcrumbList\",\"@id\":\"https:\/\/www.africa-press.net\/niger\/politique\/celebration-de-la-journee-nationale-de-la-concorde#breadcrumb\",\"itemListElement\":[{\"@type\":\"ListItem\",\"position\":1,\"name\":\"Accueil\",\"item\":\"https:\/\/www.africa-press.net\/niger\/\"},{\"@type\":\"ListItem\",\"position\":2,\"name\":\"C\u00e9l\u00e9bration de la Journ\u00e9e Nationale de la Concorde\"}]},{\"@type\":\"WebSite\",\"@id\":\"https:\/\/www.africa-press.net\/niger\/#website\",\"url\":\"https:\/\/www.africa-press.net\/niger\/\",\"name\":\"niger\",\"description\":\"Just another Africa News Agency Sites site\",\"potentialAction\":[{\"@type\":\"SearchAction\",\"target\":{\"@type\":\"EntryPoint\",\"urlTemplate\":\"https:\/\/www.africa-press.net\/niger\/?s={search_term_string}\"},\"query-input\":{\"@type\":\"PropertyValueSpecification\",\"valueRequired\":true,\"valueName\":\"search_term_string\"}}],\"inLanguage\":\"fr-FR\"},{\"@type\":\"Person\",\"@id\":\"https:\/\/www.africa-press.net\/niger\/#\/schema\/person\/2b1cf3cd81a31e3cd26889ca66d677f1\",\"name\":\"cfeditorfr\"}]}<\/script>\n<!-- \/ Yoast SEO Premium plugin. -->","yoast_head_json":{"title":"C\u00e9l\u00e9bration de la Journ\u00e9e Nationale de la Concorde - niger","description":"Le Premier Ministre Ali Mahaman Lamine Zeine a pre\u0301side\u0301, ce vendredi 24 avril 2026 a\u0300 Tchintabaraden (Re\u0301gion de Tahoua ...","robots":{"index":"index","follow":"follow","max-snippet":"max-snippet:-1","max-image-preview":"max-image-preview:large","max-video-preview":"max-video-preview:-1"},"canonical":"https:\/\/www.africa-press.net\/niger\/politique\/celebration-de-la-journee-nationale-de-la-concorde","og_locale":"fr_FR","og_type":"article","og_title":"C\u00e9l\u00e9bration de la Journ\u00e9e Nationale de la Concorde","og_description":"Le Premier Ministre Ali Mahaman Lamine Zeine a pre\u0301side\u0301, ce vendredi 24 avril 2026 a\u0300 Tchintabaraden (Re\u0301gion de Tahoua ...","og_url":"https:\/\/www.africa-press.net\/niger\/politique\/celebration-de-la-journee-nationale-de-la-concorde","og_site_name":"niger","article_published_time":"2026-04-26T15:03:38+00:00","article_modified_time":"2026-04-26T15:26:55+00:00","og_image":[{"width":563,"height":393,"url":"https:\/\/static.africa-press.net\/niger\/sites\/40\/2026\/04\/sm_1777204568.419827.jpg","type":"image\/jpeg"}],"author":"cfeditorfr","twitter_card":"summary_large_image","twitter_misc":{"\u00c9crit par":"cfeditorfr","Dur\u00e9e de lecture estim\u00e9e":"8 minutes"},"schema":{"@context":"https:\/\/schema.org","@graph":[{"@type":"Article","@id":"https:\/\/www.africa-press.net\/niger\/politique\/celebration-de-la-journee-nationale-de-la-concorde#article","isPartOf":{"@id":"https:\/\/www.africa-press.net\/niger\/politique\/celebration-de-la-journee-nationale-de-la-concorde"},"author":{"name":"cfeditorfr","@id":"https:\/\/www.africa-press.net\/niger\/#\/schema\/person\/2b1cf3cd81a31e3cd26889ca66d677f1"},"headline":"C\u00e9l\u00e9bration de la Journ\u00e9e Nationale de la Concorde","datePublished":"2026-04-26T15:03:38+00:00","dateModified":"2026-04-26T15:26:55+00:00","mainEntityOfPage":{"@id":"https:\/\/www.africa-press.net\/niger\/politique\/celebration-de-la-journee-nationale-de-la-concorde"},"wordCount":1611,"commentCount":0,"image":{"@id":"https:\/\/www.africa-press.net\/niger\/politique\/celebration-de-la-journee-nationale-de-la-concorde#primaryimage"},"thumbnailUrl":"https:\/\/static.africa-press.net\/niger\/sites\/40\/2026\/04\/sm_1777204568.419827.jpg","keywords":["Niger"],"articleSection":["Politique","Toutes les actualit\u00e9s"],"inLanguage":"fr-FR","potentialAction":[{"@type":"CommentAction","name":"Comment","target":["https:\/\/www.africa-press.net\/niger\/politique\/celebration-de-la-journee-nationale-de-la-concorde#respond"]}]},{"@type":"WebPage","@id":"https:\/\/www.africa-press.net\/niger\/politique\/celebration-de-la-journee-nationale-de-la-concorde","url":"https:\/\/www.africa-press.net\/niger\/politique\/celebration-de-la-journee-nationale-de-la-concorde","name":"C\u00e9l\u00e9bration de la Journ\u00e9e Nationale de la Concorde - niger","isPartOf":{"@id":"https:\/\/www.africa-press.net\/niger\/#website"},"primaryImageOfPage":{"@id":"https:\/\/www.africa-press.net\/niger\/politique\/celebration-de-la-journee-nationale-de-la-concorde#primaryimage"},"image":{"@id":"https:\/\/www.africa-press.net\/niger\/politique\/celebration-de-la-journee-nationale-de-la-concorde#primaryimage"},"thumbnailUrl":"https:\/\/static.africa-press.net\/niger\/sites\/40\/2026\/04\/sm_1777204568.419827.jpg","datePublished":"2026-04-26T15:03:38+00:00","dateModified":"2026-04-26T15:26:55+00:00","author":{"@id":"https:\/\/www.africa-press.net\/niger\/#\/schema\/person\/2b1cf3cd81a31e3cd26889ca66d677f1"},"description":"Le Premier Ministre Ali Mahaman Lamine Zeine a pre\u0301side\u0301, ce vendredi 24 avril 2026 a\u0300 Tchintabaraden (Re\u0301gion de Tahoua ...","breadcrumb":{"@id":"https:\/\/www.africa-press.net\/niger\/politique\/celebration-de-la-journee-nationale-de-la-concorde#breadcrumb"},"inLanguage":"fr-FR","potentialAction":[{"@type":"ReadAction","target":["https:\/\/www.africa-press.net\/niger\/politique\/celebration-de-la-journee-nationale-de-la-concorde"]}]},{"@type":"ImageObject","inLanguage":"fr-FR","@id":"https:\/\/www.africa-press.net\/niger\/politique\/celebration-de-la-journee-nationale-de-la-concorde#primaryimage","url":"https:\/\/static.africa-press.net\/niger\/sites\/40\/2026\/04\/sm_1777204568.419827.jpg","contentUrl":"https:\/\/static.africa-press.net\/niger\/sites\/40\/2026\/04\/sm_1777204568.419827.jpg","width":563,"height":393,"caption":"C\u00e9l\u00e9bration de la Journ\u00e9e Nationale de la Concorde"},{"@type":"BreadcrumbList","@id":"https:\/\/www.africa-press.net\/niger\/politique\/celebration-de-la-journee-nationale-de-la-concorde#breadcrumb","itemListElement":[{"@type":"ListItem","position":1,"name":"Accueil","item":"https:\/\/www.africa-press.net\/niger\/"},{"@type":"ListItem","position":2,"name":"C\u00e9l\u00e9bration de la Journ\u00e9e Nationale de la Concorde"}]},{"@type":"WebSite","@id":"https:\/\/www.africa-press.net\/niger\/#website","url":"https:\/\/www.africa-press.net\/niger\/","name":"niger","description":"Just another Africa News Agency Sites site","potentialAction":[{"@type":"SearchAction","target":{"@type":"EntryPoint","urlTemplate":"https:\/\/www.africa-press.net\/niger\/?s={search_term_string}"},"query-input":{"@type":"PropertyValueSpecification","valueRequired":true,"valueName":"search_term_string"}}],"inLanguage":"fr-FR"},{"@type":"Person","@id":"https:\/\/www.africa-press.net\/niger\/#\/schema\/person\/2b1cf3cd81a31e3cd26889ca66d677f1","name":"cfeditorfr"}]}},"_links":{"self":[{"href":"https:\/\/www.africa-press.net\/niger\/wp-json\/wp\/v2\/posts\/97530","targetHints":{"allow":["GET"]}}],"collection":[{"href":"https:\/\/www.africa-press.net\/niger\/wp-json\/wp\/v2\/posts"}],"about":[{"href":"https:\/\/www.africa-press.net\/niger\/wp-json\/wp\/v2\/types\/post"}],"author":[{"embeddable":true,"href":"https:\/\/www.africa-press.net\/niger\/wp-json\/wp\/v2\/users\/82"}],"replies":[{"embeddable":true,"href":"https:\/\/www.africa-press.net\/niger\/wp-json\/wp\/v2\/comments?post=97530"}],"version-history":[{"count":1,"href":"https:\/\/www.africa-press.net\/niger\/wp-json\/wp\/v2\/posts\/97530\/revisions"}],"predecessor-version":[{"id":97535,"href":"https:\/\/www.africa-press.net\/niger\/wp-json\/wp\/v2\/posts\/97530\/revisions\/97535"}],"wp:featuredmedia":[{"embeddable":true,"href":"https:\/\/www.africa-press.net\/niger\/wp-json\/wp\/v2\/media\/97528"}],"wp:attachment":[{"href":"https:\/\/www.africa-press.net\/niger\/wp-json\/wp\/v2\/media?parent=97530"}],"wp:term":[{"taxonomy":"category","embeddable":true,"href":"https:\/\/www.africa-press.net\/niger\/wp-json\/wp\/v2\/categories?post=97530"},{"taxonomy":"post_tag","embeddable":true,"href":"https:\/\/www.africa-press.net\/niger\/wp-json\/wp\/v2\/tags?post=97530"}],"curies":[{"name":"wp","href":"https:\/\/api.w.org\/{rel}","templated":true}]}}