{"id":97533,"date":"2026-04-26T15:04:24","date_gmt":"2026-04-26T15:04:24","guid":{"rendered":"https:\/\/www.africa-press.net\/niger\/politique\/campagne-vaccinale-contre-la-poliomyelite-a-agadez"},"modified":"2026-04-26T15:27:10","modified_gmt":"2026-04-26T15:27:10","slug":"campagne-vaccinale-contre-la-poliomyelite-a-agadez","status":"publish","type":"post","link":"https:\/\/www.africa-press.net\/niger\/toutes-les-actualites\/campagne-vaccinale-contre-la-poliomyelite-a-agadez","title":{"rendered":"Campagne Vaccinale Contre la Poliomy\u00e9lite \u00e0 Agadez"},"content":{"rendered":"<p><span style=\"color: #ff6600\"><strong>Africa-Press &#8211; Niger. <\/strong><\/span>Le Secre\u0301taire Ge\u0301ne\u0301ral Adjoint de la Re\u0301gion d\u2019Agadez, M. Diallo Hamidou Saidou a pre\u0301side\u0301, ce vendredi 24 Avril 2026 au Sultanat de l\u2019Ai\u0308r, la ce\u0301re\u0301monie officielle de lancement d\u2019une campagne de vaccination contre la poliomye\u0301lite.<\/p>\n<p>Apre\u0300s a avoir rappele\u0301 que \u00ab la poliomye\u0301lite est une maladie grave, hautement contagieuse, qui peut entrai\u0302ner une paralysie irre\u0301versible, voire la mort \u00bb,<\/p>\n<p>le Secre\u0301taire Ge\u0301ne\u0301ral Adjoint de la Re\u0301gion d\u2019Agadez a de\u0301clare\u0301 qu\u2019elle \u00ab est pourtant e\u0301vitable gra\u0302ce a\u0300 un moyen simple, su\u0302r et efficace: la vaccination \u00bb.<\/p>\n<p>Selon lui, le Niger \u00ab a enregistre\u0301 36 cas de Poliomye\u0301lite dans 7 des 8 re\u0301gions du pays en 2024 et 2 cas enregistre\u0301s en 2025 qui ont de\u0301ja\u0300 fait l\u2019objet d\u2019une riposte vaccinale \u00bb, pre\u0301cisant que pour le cas spe\u0301cifique de la re\u0301gion d\u2019Agadez, il a e\u0301te\u0301 notifie\u0301, entre 2024 et 2025, 109 cas suspects de Poliomye\u0301lite dont 1 cas positif en 2024 au District Sanitaire d\u2019Agadez Commune.<\/p>\n<p>D\u2019ou\u0300 toute l\u2019importance de cette campagne dont l\u2019objectif ge\u0301ne\u0301ral, a-t-il dit, \u00ab est de renforcer l\u2019immunite\u0301 des enfants de moins de 5 ans \u00bb.<\/p>\n<p>M. Diallo Hamidou Saidou a ensuite informe\u0301 qu\u2019il \u00ab est pre\u0301vu de vacciner dans la re\u0301gion d\u2019Agadez 265.583 enfants a\u0302ge\u0301s de moins de 5 ans \u00bb, soulignant qu\u2019aujourd\u2019hui \u00ab gra\u0302ce aux efforts conjoints de l\u2019E\u0301tat, des partenaires et des communaute\u0301s, des progre\u0300s significatifs ont e\u0301te\u0301 re\u0301alise\u0301s dans la lutte contre cette maladie \u00bb. Toutefois, a-t-il averti, \u00ab le risque persiste et nous devons redoubler de vigilance pour prote\u0301ger chaque enfant \u00bb, rappelant que \u00ab la sante\u0301 de nos populations constitue une priorite\u0301 absolue de nos plus hautes autorite\u0301s, au premier rang desquelles Son Excellence le Ge\u0301ne\u0301ral d\u2019Arme\u0301e Abdourahamane Tiani, Pre\u0301sident de la Re\u0301publique, Chef de l\u2019Etat et de Son Excellence Mahaman Ali Lamine Zene, Premier Ministre \u00bb.<\/p>\n<p>Il a, a\u0300 cet effet, demande\u0301 a\u0300 tous les acteurs, notamment les autorite\u0301s administratives et les leaders communautaires, implique\u0301s dans l\u2019organisation de la pre\u0301sente compagne, de ne me\u0301nager aucun effort pour sa re\u0301ussite.<\/p>\n<p>Il a aussi saisi occasion pour lancer un appel a\u0300 l\u2019endroit de tous les parents d\u2019enfants a\u0302ge\u0301s de 0-59 mois de permettre aux e\u0301quipes de les vacciner car \u00ab la vaccination est un droit pour chaque enfant et un devoir pour chaque parent \u00bb.<\/p>\n<p>Par ailleurs, a-t-il exhorte\u0301 \u00ab les agents de sante\u0301 et les volontaires d\u2019accomplir leur mission avec professionnalisme, de\u0301vouement et rigueur \u00bb.<\/p>\n<p><strong>Pour plus d&rsquo;informations et d&rsquo;analyses sur la <span style=\"color: #ff6600\">Niger<\/span>, suivez <span style=\"color: #ff6600\">Africa-Press<\/span><\/strong><\/p>\n","protected":false},"excerpt":{"rendered":"<p>Africa-Press &#8211; Niger. Le Secre\u0301taire Ge\u0301ne\u0301ral Adjoint de la Re\u0301gion d\u2019Agadez, M. Diallo Hamidou Saidou a pre\u0301side\u0301, ce vendredi 24 Avril 2026 au Sultanat de l\u2019Ai\u0308r, la ce\u0301re\u0301monie officielle de lancement d\u2019une campagne de vaccination contre la poliomye\u0301lite. Apre\u0300s a avoir rappele\u0301 que \u00ab la poliomye\u0301lite est une maladie grave, hautement contagieuse, qui peut entrai\u0302ner [&hellip;]<\/p>\n","protected":false},"author":82,"featured_media":97531,"comment_status":"open","ping_status":"closed","sticky":false,"template":"","format":"standard","meta":{"footnotes":""},"categories":[21,10],"tags":[29],"class_list":["post-97533","post","type-post","status-publish","format-standard","has-post-thumbnail","hentry","category-communaute","category-toutes-les-actualites","tag-niger"],"yoast_head":"<!-- This site is optimized with the Yoast SEO Premium plugin v26.1 (Yoast SEO v27.0) - https:\/\/yoast.com\/product\/yoast-seo-premium-wordpress\/ -->\n<title>Campagne Vaccinale Contre la Poliomy\u00e9lite \u00e0 Agadez - niger<\/title>\n<meta name=\"description\" content=\"Le Secre\u0301taire Ge\u0301ne\u0301ral Adjoint de la Re\u0301gion d\u2019Agadez, M. Diallo Hamidou Saidou a pre\u0301side\u0301, ce vendredi 24 Avril 2026 ...\" \/>\n<meta name=\"robots\" content=\"index, follow, max-snippet:-1, max-image-preview:large, max-video-preview:-1\" \/>\n<link rel=\"canonical\" href=\"https:\/\/www.africa-press.net\/niger\/toutes-les-actualites\/campagne-vaccinale-contre-la-poliomyelite-a-agadez\" \/>\n<meta property=\"og:locale\" content=\"fr_FR\" \/>\n<meta property=\"og:type\" content=\"article\" \/>\n<meta property=\"og:title\" content=\"Campagne Vaccinale Contre la Poliomy\u00e9lite \u00e0 Agadez\" \/>\n<meta property=\"og:description\" content=\"Le Secre\u0301taire Ge\u0301ne\u0301ral Adjoint de la Re\u0301gion d\u2019Agadez, M. Diallo Hamidou Saidou a pre\u0301side\u0301, ce vendredi 24 Avril 2026 ...\" \/>\n<meta property=\"og:url\" content=\"https:\/\/www.africa-press.net\/niger\/toutes-les-actualites\/campagne-vaccinale-contre-la-poliomyelite-a-agadez\" \/>\n<meta property=\"og:site_name\" content=\"niger\" \/>\n<meta property=\"article:published_time\" content=\"2026-04-26T15:04:24+00:00\" \/>\n<meta property=\"article:modified_time\" content=\"2026-04-26T15:27:10+00:00\" \/>\n<meta property=\"og:image\" content=\"https:\/\/static.africa-press.net\/niger\/sites\/40\/2026\/04\/sm_1777204602.330208.jpg\" \/>\n\t<meta property=\"og:image:width\" content=\"630\" \/>\n\t<meta property=\"og:image:height\" content=\"489\" \/>\n\t<meta property=\"og:image:type\" content=\"image\/jpeg\" \/>\n<meta name=\"author\" content=\"cfeditorfr\" \/>\n<meta name=\"twitter:card\" content=\"summary_large_image\" \/>\n<meta name=\"twitter:label1\" content=\"\u00c9crit par\" \/>\n\t<meta name=\"twitter:data1\" content=\"cfeditorfr\" \/>\n\t<meta name=\"twitter:label2\" content=\"Dur\u00e9e de lecture estim\u00e9e\" \/>\n\t<meta name=\"twitter:data2\" content=\"3 minutes\" \/>\n<script type=\"application\/ld+json\" class=\"yoast-schema-graph\">{\"@context\":\"https:\/\/schema.org\",\"@graph\":[{\"@type\":\"Article\",\"@id\":\"https:\/\/www.africa-press.net\/niger\/toutes-les-actualites\/campagne-vaccinale-contre-la-poliomyelite-a-agadez#article\",\"isPartOf\":{\"@id\":\"https:\/\/www.africa-press.net\/niger\/toutes-les-actualites\/campagne-vaccinale-contre-la-poliomyelite-a-agadez\"},\"author\":{\"name\":\"cfeditorfr\",\"@id\":\"https:\/\/www.africa-press.net\/niger\/#\/schema\/person\/2b1cf3cd81a31e3cd26889ca66d677f1\"},\"headline\":\"Campagne Vaccinale Contre la Poliomy\u00e9lite \u00e0 Agadez\",\"datePublished\":\"2026-04-26T15:04:24+00:00\",\"dateModified\":\"2026-04-26T15:27:10+00:00\",\"mainEntityOfPage\":{\"@id\":\"https:\/\/www.africa-press.net\/niger\/toutes-les-actualites\/campagne-vaccinale-contre-la-poliomyelite-a-agadez\"},\"wordCount\":462,\"commentCount\":0,\"image\":{\"@id\":\"https:\/\/www.africa-press.net\/niger\/toutes-les-actualites\/campagne-vaccinale-contre-la-poliomyelite-a-agadez#primaryimage\"},\"thumbnailUrl\":\"https:\/\/static.africa-press.net\/niger\/sites\/40\/2026\/04\/sm_1777204602.330208.jpg\",\"keywords\":[\"Niger\"],\"articleSection\":[\"Communaut\u00e9\",\"Toutes les actualit\u00e9s\"],\"inLanguage\":\"fr-FR\",\"potentialAction\":[{\"@type\":\"CommentAction\",\"name\":\"Comment\",\"target\":[\"https:\/\/www.africa-press.net\/niger\/toutes-les-actualites\/campagne-vaccinale-contre-la-poliomyelite-a-agadez#respond\"]}]},{\"@type\":\"WebPage\",\"@id\":\"https:\/\/www.africa-press.net\/niger\/toutes-les-actualites\/campagne-vaccinale-contre-la-poliomyelite-a-agadez\",\"url\":\"https:\/\/www.africa-press.net\/niger\/toutes-les-actualites\/campagne-vaccinale-contre-la-poliomyelite-a-agadez\",\"name\":\"Campagne Vaccinale Contre la Poliomy\u00e9lite \u00e0 Agadez - niger\",\"isPartOf\":{\"@id\":\"https:\/\/www.africa-press.net\/niger\/#website\"},\"primaryImageOfPage\":{\"@id\":\"https:\/\/www.africa-press.net\/niger\/toutes-les-actualites\/campagne-vaccinale-contre-la-poliomyelite-a-agadez#primaryimage\"},\"image\":{\"@id\":\"https:\/\/www.africa-press.net\/niger\/toutes-les-actualites\/campagne-vaccinale-contre-la-poliomyelite-a-agadez#primaryimage\"},\"thumbnailUrl\":\"https:\/\/static.africa-press.net\/niger\/sites\/40\/2026\/04\/sm_1777204602.330208.jpg\",\"datePublished\":\"2026-04-26T15:04:24+00:00\",\"dateModified\":\"2026-04-26T15:27:10+00:00\",\"author\":{\"@id\":\"https:\/\/www.africa-press.net\/niger\/#\/schema\/person\/2b1cf3cd81a31e3cd26889ca66d677f1\"},\"description\":\"Le Secre\u0301taire Ge\u0301ne\u0301ral Adjoint de la Re\u0301gion d\u2019Agadez, M. Diallo Hamidou Saidou a pre\u0301side\u0301, ce vendredi 24 Avril 2026 ...\",\"breadcrumb\":{\"@id\":\"https:\/\/www.africa-press.net\/niger\/toutes-les-actualites\/campagne-vaccinale-contre-la-poliomyelite-a-agadez#breadcrumb\"},\"inLanguage\":\"fr-FR\",\"potentialAction\":[{\"@type\":\"ReadAction\",\"target\":[\"https:\/\/www.africa-press.net\/niger\/toutes-les-actualites\/campagne-vaccinale-contre-la-poliomyelite-a-agadez\"]}]},{\"@type\":\"ImageObject\",\"inLanguage\":\"fr-FR\",\"@id\":\"https:\/\/www.africa-press.net\/niger\/toutes-les-actualites\/campagne-vaccinale-contre-la-poliomyelite-a-agadez#primaryimage\",\"url\":\"https:\/\/static.africa-press.net\/niger\/sites\/40\/2026\/04\/sm_1777204602.330208.jpg\",\"contentUrl\":\"https:\/\/static.africa-press.net\/niger\/sites\/40\/2026\/04\/sm_1777204602.330208.jpg\",\"width\":630,\"height\":489,\"caption\":\"Campagne Vaccinale Contre la Poliomy\u00e9lite \u00e0 Agadez\"},{\"@type\":\"BreadcrumbList\",\"@id\":\"https:\/\/www.africa-press.net\/niger\/toutes-les-actualites\/campagne-vaccinale-contre-la-poliomyelite-a-agadez#breadcrumb\",\"itemListElement\":[{\"@type\":\"ListItem\",\"position\":1,\"name\":\"Accueil\",\"item\":\"https:\/\/www.africa-press.net\/niger\/\"},{\"@type\":\"ListItem\",\"position\":2,\"name\":\"Campagne Vaccinale Contre la Poliomy\u00e9lite \u00e0 Agadez\"}]},{\"@type\":\"WebSite\",\"@id\":\"https:\/\/www.africa-press.net\/niger\/#website\",\"url\":\"https:\/\/www.africa-press.net\/niger\/\",\"name\":\"niger\",\"description\":\"Just another Africa News Agency Sites site\",\"potentialAction\":[{\"@type\":\"SearchAction\",\"target\":{\"@type\":\"EntryPoint\",\"urlTemplate\":\"https:\/\/www.africa-press.net\/niger\/?s={search_term_string}\"},\"query-input\":{\"@type\":\"PropertyValueSpecification\",\"valueRequired\":true,\"valueName\":\"search_term_string\"}}],\"inLanguage\":\"fr-FR\"},{\"@type\":\"Person\",\"@id\":\"https:\/\/www.africa-press.net\/niger\/#\/schema\/person\/2b1cf3cd81a31e3cd26889ca66d677f1\",\"name\":\"cfeditorfr\"}]}<\/script>\n<!-- \/ Yoast SEO Premium plugin. -->","yoast_head_json":{"title":"Campagne Vaccinale Contre la Poliomy\u00e9lite \u00e0 Agadez - niger","description":"Le Secre\u0301taire Ge\u0301ne\u0301ral Adjoint de la Re\u0301gion d\u2019Agadez, M. Diallo Hamidou Saidou a pre\u0301side\u0301, ce vendredi 24 Avril 2026 ...","robots":{"index":"index","follow":"follow","max-snippet":"max-snippet:-1","max-image-preview":"max-image-preview:large","max-video-preview":"max-video-preview:-1"},"canonical":"https:\/\/www.africa-press.net\/niger\/toutes-les-actualites\/campagne-vaccinale-contre-la-poliomyelite-a-agadez","og_locale":"fr_FR","og_type":"article","og_title":"Campagne Vaccinale Contre la Poliomy\u00e9lite \u00e0 Agadez","og_description":"Le Secre\u0301taire Ge\u0301ne\u0301ral Adjoint de la Re\u0301gion d\u2019Agadez, M. Diallo Hamidou Saidou a pre\u0301side\u0301, ce vendredi 24 Avril 2026 ...","og_url":"https:\/\/www.africa-press.net\/niger\/toutes-les-actualites\/campagne-vaccinale-contre-la-poliomyelite-a-agadez","og_site_name":"niger","article_published_time":"2026-04-26T15:04:24+00:00","article_modified_time":"2026-04-26T15:27:10+00:00","og_image":[{"width":630,"height":489,"url":"https:\/\/static.africa-press.net\/niger\/sites\/40\/2026\/04\/sm_1777204602.330208.jpg","type":"image\/jpeg"}],"author":"cfeditorfr","twitter_card":"summary_large_image","twitter_misc":{"\u00c9crit par":"cfeditorfr","Dur\u00e9e de lecture estim\u00e9e":"3 minutes"},"schema":{"@context":"https:\/\/schema.org","@graph":[{"@type":"Article","@id":"https:\/\/www.africa-press.net\/niger\/toutes-les-actualites\/campagne-vaccinale-contre-la-poliomyelite-a-agadez#article","isPartOf":{"@id":"https:\/\/www.africa-press.net\/niger\/toutes-les-actualites\/campagne-vaccinale-contre-la-poliomyelite-a-agadez"},"author":{"name":"cfeditorfr","@id":"https:\/\/www.africa-press.net\/niger\/#\/schema\/person\/2b1cf3cd81a31e3cd26889ca66d677f1"},"headline":"Campagne Vaccinale Contre la Poliomy\u00e9lite \u00e0 Agadez","datePublished":"2026-04-26T15:04:24+00:00","dateModified":"2026-04-26T15:27:10+00:00","mainEntityOfPage":{"@id":"https:\/\/www.africa-press.net\/niger\/toutes-les-actualites\/campagne-vaccinale-contre-la-poliomyelite-a-agadez"},"wordCount":462,"commentCount":0,"image":{"@id":"https:\/\/www.africa-press.net\/niger\/toutes-les-actualites\/campagne-vaccinale-contre-la-poliomyelite-a-agadez#primaryimage"},"thumbnailUrl":"https:\/\/static.africa-press.net\/niger\/sites\/40\/2026\/04\/sm_1777204602.330208.jpg","keywords":["Niger"],"articleSection":["Communaut\u00e9","Toutes les actualit\u00e9s"],"inLanguage":"fr-FR","potentialAction":[{"@type":"CommentAction","name":"Comment","target":["https:\/\/www.africa-press.net\/niger\/toutes-les-actualites\/campagne-vaccinale-contre-la-poliomyelite-a-agadez#respond"]}]},{"@type":"WebPage","@id":"https:\/\/www.africa-press.net\/niger\/toutes-les-actualites\/campagne-vaccinale-contre-la-poliomyelite-a-agadez","url":"https:\/\/www.africa-press.net\/niger\/toutes-les-actualites\/campagne-vaccinale-contre-la-poliomyelite-a-agadez","name":"Campagne Vaccinale Contre la Poliomy\u00e9lite \u00e0 Agadez - niger","isPartOf":{"@id":"https:\/\/www.africa-press.net\/niger\/#website"},"primaryImageOfPage":{"@id":"https:\/\/www.africa-press.net\/niger\/toutes-les-actualites\/campagne-vaccinale-contre-la-poliomyelite-a-agadez#primaryimage"},"image":{"@id":"https:\/\/www.africa-press.net\/niger\/toutes-les-actualites\/campagne-vaccinale-contre-la-poliomyelite-a-agadez#primaryimage"},"thumbnailUrl":"https:\/\/static.africa-press.net\/niger\/sites\/40\/2026\/04\/sm_1777204602.330208.jpg","datePublished":"2026-04-26T15:04:24+00:00","dateModified":"2026-04-26T15:27:10+00:00","author":{"@id":"https:\/\/www.africa-press.net\/niger\/#\/schema\/person\/2b1cf3cd81a31e3cd26889ca66d677f1"},"description":"Le Secre\u0301taire Ge\u0301ne\u0301ral Adjoint de la Re\u0301gion d\u2019Agadez, M. Diallo Hamidou Saidou a pre\u0301side\u0301, ce vendredi 24 Avril 2026 ...","breadcrumb":{"@id":"https:\/\/www.africa-press.net\/niger\/toutes-les-actualites\/campagne-vaccinale-contre-la-poliomyelite-a-agadez#breadcrumb"},"inLanguage":"fr-FR","potentialAction":[{"@type":"ReadAction","target":["https:\/\/www.africa-press.net\/niger\/toutes-les-actualites\/campagne-vaccinale-contre-la-poliomyelite-a-agadez"]}]},{"@type":"ImageObject","inLanguage":"fr-FR","@id":"https:\/\/www.africa-press.net\/niger\/toutes-les-actualites\/campagne-vaccinale-contre-la-poliomyelite-a-agadez#primaryimage","url":"https:\/\/static.africa-press.net\/niger\/sites\/40\/2026\/04\/sm_1777204602.330208.jpg","contentUrl":"https:\/\/static.africa-press.net\/niger\/sites\/40\/2026\/04\/sm_1777204602.330208.jpg","width":630,"height":489,"caption":"Campagne Vaccinale Contre la Poliomy\u00e9lite \u00e0 Agadez"},{"@type":"BreadcrumbList","@id":"https:\/\/www.africa-press.net\/niger\/toutes-les-actualites\/campagne-vaccinale-contre-la-poliomyelite-a-agadez#breadcrumb","itemListElement":[{"@type":"ListItem","position":1,"name":"Accueil","item":"https:\/\/www.africa-press.net\/niger\/"},{"@type":"ListItem","position":2,"name":"Campagne Vaccinale Contre la Poliomy\u00e9lite \u00e0 Agadez"}]},{"@type":"WebSite","@id":"https:\/\/www.africa-press.net\/niger\/#website","url":"https:\/\/www.africa-press.net\/niger\/","name":"niger","description":"Just another Africa News Agency Sites site","potentialAction":[{"@type":"SearchAction","target":{"@type":"EntryPoint","urlTemplate":"https:\/\/www.africa-press.net\/niger\/?s={search_term_string}"},"query-input":{"@type":"PropertyValueSpecification","valueRequired":true,"valueName":"search_term_string"}}],"inLanguage":"fr-FR"},{"@type":"Person","@id":"https:\/\/www.africa-press.net\/niger\/#\/schema\/person\/2b1cf3cd81a31e3cd26889ca66d677f1","name":"cfeditorfr"}]}},"_links":{"self":[{"href":"https:\/\/www.africa-press.net\/niger\/wp-json\/wp\/v2\/posts\/97533","targetHints":{"allow":["GET"]}}],"collection":[{"href":"https:\/\/www.africa-press.net\/niger\/wp-json\/wp\/v2\/posts"}],"about":[{"href":"https:\/\/www.africa-press.net\/niger\/wp-json\/wp\/v2\/types\/post"}],"author":[{"embeddable":true,"href":"https:\/\/www.africa-press.net\/niger\/wp-json\/wp\/v2\/users\/82"}],"replies":[{"embeddable":true,"href":"https:\/\/www.africa-press.net\/niger\/wp-json\/wp\/v2\/comments?post=97533"}],"version-history":[{"count":1,"href":"https:\/\/www.africa-press.net\/niger\/wp-json\/wp\/v2\/posts\/97533\/revisions"}],"predecessor-version":[{"id":97539,"href":"https:\/\/www.africa-press.net\/niger\/wp-json\/wp\/v2\/posts\/97533\/revisions\/97539"}],"wp:featuredmedia":[{"embeddable":true,"href":"https:\/\/www.africa-press.net\/niger\/wp-json\/wp\/v2\/media\/97531"}],"wp:attachment":[{"href":"https:\/\/www.africa-press.net\/niger\/wp-json\/wp\/v2\/media?parent=97533"}],"wp:term":[{"taxonomy":"category","embeddable":true,"href":"https:\/\/www.africa-press.net\/niger\/wp-json\/wp\/v2\/categories?post=97533"},{"taxonomy":"post_tag","embeddable":true,"href":"https:\/\/www.africa-press.net\/niger\/wp-json\/wp\/v2\/tags?post=97533"}],"curies":[{"name":"wp","href":"https:\/\/api.w.org\/{rel}","templated":true}]}}