{"id":97538,"date":"2026-04-26T15:05:46","date_gmt":"2026-04-26T15:05:46","guid":{"rendered":"https:\/\/www.africa-press.net\/niger\/politique\/mission-du-ministre-de-la-justice-a-boboye-dosso"},"modified":"2026-04-26T15:27:34","modified_gmt":"2026-04-26T15:27:34","slug":"mission-du-ministre-de-la-justice-a-boboye-dosso","status":"publish","type":"post","link":"https:\/\/www.africa-press.net\/niger\/politique\/mission-du-ministre-de-la-justice-a-boboye-dosso","title":{"rendered":"Mission du Ministre de la Justice \u00e0 Boboye, Dosso"},"content":{"rendered":"<p><span style=\"color: #ff6600\"><strong>Africa-Press &#8211; Niger. <\/strong><\/span>Le Ministre de la Justice, Garde des Sceaux, Charge\u0301 des Relations avec les Institutions, M. Alio Daouda a clo\u0302ture\u0301, le jeudi 23 avril 2026, sa mission de travail dans la re\u0301gion de Dosso par l\u2019e\u0301tape du De\u0301partement de Boboye.<\/p>\n<p>A\u0300 l\u2019entre\u0301e de la ville de Birni N\u2019Gaoure\u0301, le ministre et sa de\u0301le\u0301gation, accompagne\u0301s du gouverneur de la re\u0301gion de Dosso, le colonel-major Bana Alhassane, ont e\u0301te\u0301 accueillis par les autorite\u0301s administratives et coutumie\u0300res. Ils ont ensuite rec\u0327u les honneurs d\u2019un de\u0301tachement de la Garde nationale de Boboye, avant de se rendre au tribunal d\u2019instance de Birni N\u2019Gaoure\u0301.<\/p>\n<p>Lors de la rencontre avec les magistrats, greffiers, huissiers, inspecteurs, directeurs ge\u0301ne\u0301raux de l\u2019administration centrale, responsables des forces de de\u0301fense et de se\u0301curite\u0301, repre\u0301sentants de la socie\u0301te\u0301 civile et associations fe\u0301minines, le ministre Alio Daouda a prononce\u0301 un discours empreint de reconnaissance et de responsabilite\u0301. Il a salue\u0301 la qualite\u0301 de l\u2019accueil re\u0301serve\u0301 a\u0300 sa de\u0301le\u0301gation et exprime\u0301 une pense\u0301e pieuse pour les victimes civiles et militaires du terrorisme, priant pour leur repos e\u0301ternel et le prompt re\u0301tablissement des blesse\u0301s.<\/p>\n<p>M. Alio Daouda a rappele\u0301 que cette e\u0301tape constituait la 12e de sa tourne\u0301e nationale, la 5e juridiction visite\u0301e dans la re\u0301gion de Dosso, et la 21e juridiction visite\u0301e dans le ressort de la Cour d\u2019appel de Niamey. Il a re\u0301affirme\u0301 que l\u2019objectif principal de ces rencontres est d\u2019assurer une meilleure offre du service public de la justice, conforme\u0301ment aux hautes instructions du Pre\u0301sident de la Re\u0301publique, Chef de l\u2019E\u0301tat, le Ge\u0301ne\u0301ral d\u2019Arme\u0301e Abdourahamane Tiani.<\/p>\n<p>Le ministre a insiste\u0301 sur la ne\u0301cessite\u0301 de renforcer le fonctionnement des juridictions et des maisons d\u2019arre\u0302t, d\u2019identifier les difficulte\u0301s rencontre\u0301es par les services judiciaires et pe\u0301nitentiaires, de rappeler les re\u0300gles d\u2019e\u0301thique et de de\u0301ontologie, et de promouvoir un changement de comportement compatible avec les exigences de la refondation.<\/p>\n<p>Apre\u0300s ces e\u0301changes, la de\u0301le\u0301gation a visite\u0301 la maison d\u2019arre\u0302t de Birni N\u2019Gaoure\u0301 dont la capacite\u0301 est de 150 de\u0301tenus et qui en compte actuellement 149. Les re\u0301gisseurs des maisons d\u2019arre\u0302ts de Birni et de Falmey ont pre\u0301sente\u0301 la situation de leurs e\u0301tablissements, rappelant que la maison d\u2019arre\u0302t de Falmey dispose d\u2019une capacite\u0301 comprise entre 300 a\u0300 350 de\u0301tenus, mais n\u2019en he\u0301berge actuellement que 136.<\/p>\n<p>Une visite de courtoisie a e\u0301te\u0301 rendue au chef de canton de Birni N\u2019Gaoure\u0301 clo\u0302turant ainsi la mission dans un esprit de dialogue et de proximite\u0301 avec les autorite\u0301s coutumie\u0300res.<\/p>\n<p>A\u0300 travers cette dernie\u0300re e\u0301tape dans le de\u0301partement de Boboye, le Ministre de la Justice, accompagne\u0301 du Gouverneur de la re\u0301gion de Dosso, a re\u0301affirme\u0301 la volonte\u0301 du gouvernement de placer la transparence, la responsabilite\u0301 et la mobilisation ge\u0301ne\u0301rale au c\u0153ur de l\u2019action judiciaire, pour une justice rendue au nom du peuple nige\u0301rien et appre\u0301cie\u0301e par lui.<\/p>\n<p><strong>Pour plus d&rsquo;informations et d&rsquo;analyses sur la <span style=\"color: #ff6600\">Niger<\/span>, suivez <span style=\"color: #ff6600\">Africa-Press<\/span><\/strong><\/p>\n","protected":false},"excerpt":{"rendered":"<p>Africa-Press &#8211; Niger. Le Ministre de la Justice, Garde des Sceaux, Charge\u0301 des Relations avec les Institutions, M. Alio Daouda a clo\u0302ture\u0301, le jeudi 23 avril 2026, sa mission de travail dans la re\u0301gion de Dosso par l\u2019e\u0301tape du De\u0301partement de Boboye. A\u0300 l\u2019entre\u0301e de la ville de Birni N\u2019Gaoure\u0301, le ministre et sa de\u0301le\u0301gation, [&hellip;]<\/p>\n","protected":false},"author":82,"featured_media":97537,"comment_status":"open","ping_status":"closed","sticky":false,"template":"","format":"standard","meta":{"footnotes":""},"categories":[2,10],"tags":[29],"class_list":["post-97538","post","type-post","status-publish","format-standard","has-post-thumbnail","hentry","category-politique","category-toutes-les-actualites","tag-niger"],"yoast_head":"<!-- This site is optimized with the Yoast SEO Premium plugin v26.1 (Yoast SEO v27.0) - https:\/\/yoast.com\/product\/yoast-seo-premium-wordpress\/ -->\n<title>Mission du Ministre de la Justice \u00e0 Boboye, Dosso - niger<\/title>\n<meta name=\"description\" content=\"Le Ministre de la Justice, Garde des Sceaux, Charge\u0301 des Relations avec les Institutions, M. Alio Daouda a clo\u0302ture\u0301, le ...\" \/>\n<meta name=\"robots\" content=\"index, follow, max-snippet:-1, max-image-preview:large, max-video-preview:-1\" \/>\n<link rel=\"canonical\" href=\"https:\/\/www.africa-press.net\/niger\/politique\/mission-du-ministre-de-la-justice-a-boboye-dosso\" \/>\n<meta property=\"og:locale\" content=\"fr_FR\" \/>\n<meta property=\"og:type\" content=\"article\" \/>\n<meta property=\"og:title\" content=\"Mission du Ministre de la Justice \u00e0 Boboye, Dosso\" \/>\n<meta property=\"og:description\" content=\"Le Ministre de la Justice, Garde des Sceaux, Charge\u0301 des Relations avec les Institutions, M. Alio Daouda a clo\u0302ture\u0301, le ...\" \/>\n<meta property=\"og:url\" content=\"https:\/\/www.africa-press.net\/niger\/politique\/mission-du-ministre-de-la-justice-a-boboye-dosso\" \/>\n<meta property=\"og:site_name\" content=\"niger\" \/>\n<meta property=\"article:published_time\" content=\"2026-04-26T15:05:46+00:00\" \/>\n<meta property=\"article:modified_time\" content=\"2026-04-26T15:27:34+00:00\" \/>\n<meta property=\"og:image\" content=\"https:\/\/static.africa-press.net\/niger\/sites\/40\/2026\/04\/sm_1777204628.943962.jpg\" \/>\n\t<meta property=\"og:image:width\" content=\"611\" \/>\n\t<meta property=\"og:image:height\" content=\"261\" \/>\n\t<meta property=\"og:image:type\" content=\"image\/jpeg\" \/>\n<meta name=\"author\" content=\"cfeditorfr\" \/>\n<meta name=\"twitter:card\" content=\"summary_large_image\" \/>\n<meta name=\"twitter:label1\" content=\"\u00c9crit par\" \/>\n\t<meta name=\"twitter:data1\" content=\"cfeditorfr\" \/>\n\t<meta name=\"twitter:label2\" content=\"Dur\u00e9e de lecture estim\u00e9e\" \/>\n\t<meta name=\"twitter:data2\" content=\"3 minutes\" \/>\n<script type=\"application\/ld+json\" class=\"yoast-schema-graph\">{\"@context\":\"https:\/\/schema.org\",\"@graph\":[{\"@type\":\"Article\",\"@id\":\"https:\/\/www.africa-press.net\/niger\/politique\/mission-du-ministre-de-la-justice-a-boboye-dosso#article\",\"isPartOf\":{\"@id\":\"https:\/\/www.africa-press.net\/niger\/politique\/mission-du-ministre-de-la-justice-a-boboye-dosso\"},\"author\":{\"name\":\"cfeditorfr\",\"@id\":\"https:\/\/www.africa-press.net\/niger\/#\/schema\/person\/2b1cf3cd81a31e3cd26889ca66d677f1\"},\"headline\":\"Mission du Ministre de la Justice \u00e0 Boboye, Dosso\",\"datePublished\":\"2026-04-26T15:05:46+00:00\",\"dateModified\":\"2026-04-26T15:27:34+00:00\",\"mainEntityOfPage\":{\"@id\":\"https:\/\/www.africa-press.net\/niger\/politique\/mission-du-ministre-de-la-justice-a-boboye-dosso\"},\"wordCount\":570,\"commentCount\":0,\"image\":{\"@id\":\"https:\/\/www.africa-press.net\/niger\/politique\/mission-du-ministre-de-la-justice-a-boboye-dosso#primaryimage\"},\"thumbnailUrl\":\"https:\/\/static.africa-press.net\/niger\/sites\/40\/2026\/04\/sm_1777204628.943962.jpg\",\"keywords\":[\"Niger\"],\"articleSection\":[\"Politique\",\"Toutes les actualit\u00e9s\"],\"inLanguage\":\"fr-FR\",\"potentialAction\":[{\"@type\":\"CommentAction\",\"name\":\"Comment\",\"target\":[\"https:\/\/www.africa-press.net\/niger\/politique\/mission-du-ministre-de-la-justice-a-boboye-dosso#respond\"]}]},{\"@type\":\"WebPage\",\"@id\":\"https:\/\/www.africa-press.net\/niger\/politique\/mission-du-ministre-de-la-justice-a-boboye-dosso\",\"url\":\"https:\/\/www.africa-press.net\/niger\/politique\/mission-du-ministre-de-la-justice-a-boboye-dosso\",\"name\":\"Mission du Ministre de la Justice \u00e0 Boboye, Dosso - niger\",\"isPartOf\":{\"@id\":\"https:\/\/www.africa-press.net\/niger\/#website\"},\"primaryImageOfPage\":{\"@id\":\"https:\/\/www.africa-press.net\/niger\/politique\/mission-du-ministre-de-la-justice-a-boboye-dosso#primaryimage\"},\"image\":{\"@id\":\"https:\/\/www.africa-press.net\/niger\/politique\/mission-du-ministre-de-la-justice-a-boboye-dosso#primaryimage\"},\"thumbnailUrl\":\"https:\/\/static.africa-press.net\/niger\/sites\/40\/2026\/04\/sm_1777204628.943962.jpg\",\"datePublished\":\"2026-04-26T15:05:46+00:00\",\"dateModified\":\"2026-04-26T15:27:34+00:00\",\"author\":{\"@id\":\"https:\/\/www.africa-press.net\/niger\/#\/schema\/person\/2b1cf3cd81a31e3cd26889ca66d677f1\"},\"description\":\"Le Ministre de la Justice, Garde des Sceaux, Charge\u0301 des Relations avec les Institutions, M. Alio Daouda a clo\u0302ture\u0301, le ...\",\"breadcrumb\":{\"@id\":\"https:\/\/www.africa-press.net\/niger\/politique\/mission-du-ministre-de-la-justice-a-boboye-dosso#breadcrumb\"},\"inLanguage\":\"fr-FR\",\"potentialAction\":[{\"@type\":\"ReadAction\",\"target\":[\"https:\/\/www.africa-press.net\/niger\/politique\/mission-du-ministre-de-la-justice-a-boboye-dosso\"]}]},{\"@type\":\"ImageObject\",\"inLanguage\":\"fr-FR\",\"@id\":\"https:\/\/www.africa-press.net\/niger\/politique\/mission-du-ministre-de-la-justice-a-boboye-dosso#primaryimage\",\"url\":\"https:\/\/static.africa-press.net\/niger\/sites\/40\/2026\/04\/sm_1777204628.943962.jpg\",\"contentUrl\":\"https:\/\/static.africa-press.net\/niger\/sites\/40\/2026\/04\/sm_1777204628.943962.jpg\",\"width\":611,\"height\":261,\"caption\":\"Mission du Ministre de la Justice \u00e0 Boboye, Dosso\"},{\"@type\":\"BreadcrumbList\",\"@id\":\"https:\/\/www.africa-press.net\/niger\/politique\/mission-du-ministre-de-la-justice-a-boboye-dosso#breadcrumb\",\"itemListElement\":[{\"@type\":\"ListItem\",\"position\":1,\"name\":\"Accueil\",\"item\":\"https:\/\/www.africa-press.net\/niger\/\"},{\"@type\":\"ListItem\",\"position\":2,\"name\":\"Mission du Ministre de la Justice \u00e0 Boboye, Dosso\"}]},{\"@type\":\"WebSite\",\"@id\":\"https:\/\/www.africa-press.net\/niger\/#website\",\"url\":\"https:\/\/www.africa-press.net\/niger\/\",\"name\":\"niger\",\"description\":\"Just another Africa News Agency Sites site\",\"potentialAction\":[{\"@type\":\"SearchAction\",\"target\":{\"@type\":\"EntryPoint\",\"urlTemplate\":\"https:\/\/www.africa-press.net\/niger\/?s={search_term_string}\"},\"query-input\":{\"@type\":\"PropertyValueSpecification\",\"valueRequired\":true,\"valueName\":\"search_term_string\"}}],\"inLanguage\":\"fr-FR\"},{\"@type\":\"Person\",\"@id\":\"https:\/\/www.africa-press.net\/niger\/#\/schema\/person\/2b1cf3cd81a31e3cd26889ca66d677f1\",\"name\":\"cfeditorfr\"}]}<\/script>\n<!-- \/ Yoast SEO Premium plugin. -->","yoast_head_json":{"title":"Mission du Ministre de la Justice \u00e0 Boboye, Dosso - niger","description":"Le Ministre de la Justice, Garde des Sceaux, Charge\u0301 des Relations avec les Institutions, M. Alio Daouda a clo\u0302ture\u0301, le ...","robots":{"index":"index","follow":"follow","max-snippet":"max-snippet:-1","max-image-preview":"max-image-preview:large","max-video-preview":"max-video-preview:-1"},"canonical":"https:\/\/www.africa-press.net\/niger\/politique\/mission-du-ministre-de-la-justice-a-boboye-dosso","og_locale":"fr_FR","og_type":"article","og_title":"Mission du Ministre de la Justice \u00e0 Boboye, Dosso","og_description":"Le Ministre de la Justice, Garde des Sceaux, Charge\u0301 des Relations avec les Institutions, M. Alio Daouda a clo\u0302ture\u0301, le ...","og_url":"https:\/\/www.africa-press.net\/niger\/politique\/mission-du-ministre-de-la-justice-a-boboye-dosso","og_site_name":"niger","article_published_time":"2026-04-26T15:05:46+00:00","article_modified_time":"2026-04-26T15:27:34+00:00","og_image":[{"width":611,"height":261,"url":"https:\/\/static.africa-press.net\/niger\/sites\/40\/2026\/04\/sm_1777204628.943962.jpg","type":"image\/jpeg"}],"author":"cfeditorfr","twitter_card":"summary_large_image","twitter_misc":{"\u00c9crit par":"cfeditorfr","Dur\u00e9e de lecture estim\u00e9e":"3 minutes"},"schema":{"@context":"https:\/\/schema.org","@graph":[{"@type":"Article","@id":"https:\/\/www.africa-press.net\/niger\/politique\/mission-du-ministre-de-la-justice-a-boboye-dosso#article","isPartOf":{"@id":"https:\/\/www.africa-press.net\/niger\/politique\/mission-du-ministre-de-la-justice-a-boboye-dosso"},"author":{"name":"cfeditorfr","@id":"https:\/\/www.africa-press.net\/niger\/#\/schema\/person\/2b1cf3cd81a31e3cd26889ca66d677f1"},"headline":"Mission du Ministre de la Justice \u00e0 Boboye, Dosso","datePublished":"2026-04-26T15:05:46+00:00","dateModified":"2026-04-26T15:27:34+00:00","mainEntityOfPage":{"@id":"https:\/\/www.africa-press.net\/niger\/politique\/mission-du-ministre-de-la-justice-a-boboye-dosso"},"wordCount":570,"commentCount":0,"image":{"@id":"https:\/\/www.africa-press.net\/niger\/politique\/mission-du-ministre-de-la-justice-a-boboye-dosso#primaryimage"},"thumbnailUrl":"https:\/\/static.africa-press.net\/niger\/sites\/40\/2026\/04\/sm_1777204628.943962.jpg","keywords":["Niger"],"articleSection":["Politique","Toutes les actualit\u00e9s"],"inLanguage":"fr-FR","potentialAction":[{"@type":"CommentAction","name":"Comment","target":["https:\/\/www.africa-press.net\/niger\/politique\/mission-du-ministre-de-la-justice-a-boboye-dosso#respond"]}]},{"@type":"WebPage","@id":"https:\/\/www.africa-press.net\/niger\/politique\/mission-du-ministre-de-la-justice-a-boboye-dosso","url":"https:\/\/www.africa-press.net\/niger\/politique\/mission-du-ministre-de-la-justice-a-boboye-dosso","name":"Mission du Ministre de la Justice \u00e0 Boboye, Dosso - niger","isPartOf":{"@id":"https:\/\/www.africa-press.net\/niger\/#website"},"primaryImageOfPage":{"@id":"https:\/\/www.africa-press.net\/niger\/politique\/mission-du-ministre-de-la-justice-a-boboye-dosso#primaryimage"},"image":{"@id":"https:\/\/www.africa-press.net\/niger\/politique\/mission-du-ministre-de-la-justice-a-boboye-dosso#primaryimage"},"thumbnailUrl":"https:\/\/static.africa-press.net\/niger\/sites\/40\/2026\/04\/sm_1777204628.943962.jpg","datePublished":"2026-04-26T15:05:46+00:00","dateModified":"2026-04-26T15:27:34+00:00","author":{"@id":"https:\/\/www.africa-press.net\/niger\/#\/schema\/person\/2b1cf3cd81a31e3cd26889ca66d677f1"},"description":"Le Ministre de la Justice, Garde des Sceaux, Charge\u0301 des Relations avec les Institutions, M. Alio Daouda a clo\u0302ture\u0301, le ...","breadcrumb":{"@id":"https:\/\/www.africa-press.net\/niger\/politique\/mission-du-ministre-de-la-justice-a-boboye-dosso#breadcrumb"},"inLanguage":"fr-FR","potentialAction":[{"@type":"ReadAction","target":["https:\/\/www.africa-press.net\/niger\/politique\/mission-du-ministre-de-la-justice-a-boboye-dosso"]}]},{"@type":"ImageObject","inLanguage":"fr-FR","@id":"https:\/\/www.africa-press.net\/niger\/politique\/mission-du-ministre-de-la-justice-a-boboye-dosso#primaryimage","url":"https:\/\/static.africa-press.net\/niger\/sites\/40\/2026\/04\/sm_1777204628.943962.jpg","contentUrl":"https:\/\/static.africa-press.net\/niger\/sites\/40\/2026\/04\/sm_1777204628.943962.jpg","width":611,"height":261,"caption":"Mission du Ministre de la Justice \u00e0 Boboye, Dosso"},{"@type":"BreadcrumbList","@id":"https:\/\/www.africa-press.net\/niger\/politique\/mission-du-ministre-de-la-justice-a-boboye-dosso#breadcrumb","itemListElement":[{"@type":"ListItem","position":1,"name":"Accueil","item":"https:\/\/www.africa-press.net\/niger\/"},{"@type":"ListItem","position":2,"name":"Mission du Ministre de la Justice \u00e0 Boboye, Dosso"}]},{"@type":"WebSite","@id":"https:\/\/www.africa-press.net\/niger\/#website","url":"https:\/\/www.africa-press.net\/niger\/","name":"niger","description":"Just another Africa News Agency Sites site","potentialAction":[{"@type":"SearchAction","target":{"@type":"EntryPoint","urlTemplate":"https:\/\/www.africa-press.net\/niger\/?s={search_term_string}"},"query-input":{"@type":"PropertyValueSpecification","valueRequired":true,"valueName":"search_term_string"}}],"inLanguage":"fr-FR"},{"@type":"Person","@id":"https:\/\/www.africa-press.net\/niger\/#\/schema\/person\/2b1cf3cd81a31e3cd26889ca66d677f1","name":"cfeditorfr"}]}},"_links":{"self":[{"href":"https:\/\/www.africa-press.net\/niger\/wp-json\/wp\/v2\/posts\/97538","targetHints":{"allow":["GET"]}}],"collection":[{"href":"https:\/\/www.africa-press.net\/niger\/wp-json\/wp\/v2\/posts"}],"about":[{"href":"https:\/\/www.africa-press.net\/niger\/wp-json\/wp\/v2\/types\/post"}],"author":[{"embeddable":true,"href":"https:\/\/www.africa-press.net\/niger\/wp-json\/wp\/v2\/users\/82"}],"replies":[{"embeddable":true,"href":"https:\/\/www.africa-press.net\/niger\/wp-json\/wp\/v2\/comments?post=97538"}],"version-history":[{"count":1,"href":"https:\/\/www.africa-press.net\/niger\/wp-json\/wp\/v2\/posts\/97538\/revisions"}],"predecessor-version":[{"id":97545,"href":"https:\/\/www.africa-press.net\/niger\/wp-json\/wp\/v2\/posts\/97538\/revisions\/97545"}],"wp:featuredmedia":[{"embeddable":true,"href":"https:\/\/www.africa-press.net\/niger\/wp-json\/wp\/v2\/media\/97537"}],"wp:attachment":[{"href":"https:\/\/www.africa-press.net\/niger\/wp-json\/wp\/v2\/media?parent=97538"}],"wp:term":[{"taxonomy":"category","embeddable":true,"href":"https:\/\/www.africa-press.net\/niger\/wp-json\/wp\/v2\/categories?post=97538"},{"taxonomy":"post_tag","embeddable":true,"href":"https:\/\/www.africa-press.net\/niger\/wp-json\/wp\/v2\/tags?post=97538"}],"curies":[{"name":"wp","href":"https:\/\/api.w.org\/{rel}","templated":true}]}}