{"id":97541,"date":"2026-04-26T15:06:12","date_gmt":"2026-04-26T15:06:12","guid":{"rendered":"https:\/\/www.africa-press.net\/niger\/politique\/journee-de-la-concorde-nationale-et-cohesion-sociale"},"modified":"2026-04-26T15:27:46","modified_gmt":"2026-04-26T15:27:46","slug":"journee-de-la-concorde-nationale-et-cohesion-sociale","status":"publish","type":"post","link":"https:\/\/www.africa-press.net\/niger\/toutes-les-actualites\/journee-de-la-concorde-nationale-et-cohesion-sociale","title":{"rendered":"Journ\u00e9e de la Concorde Nationale et Coh\u00e9sion Sociale"},"content":{"rendered":"<p><span style=\"color: #ff6600\"><strong>Africa-Press &#8211; Niger. <\/strong><\/span>La Haute Autorite\u0301 a\u0300 la Consolidation de la Paix (HACP), en collaboration avec la Coordination nige\u0301rienne pour l\u2019e\u0301ducation a\u0300 la non-violence et a\u0300 la paix(CONEN-VP-NIGER) a organise\u0301, ce vendredi 24 avril 2026, a\u0300 l\u2019occasion de la Journe\u0301e nationale de la Concorde, une confe\u0301rence publique dans la salle de confe\u0301rence de la Mutuelle de la Garde et de la Police nationale.<\/p>\n<p>Place\u0301e sous le the\u0300me: \u00ab Mobilisation ge\u0301ne\u0301rale, e\u0301ducation a\u0300 la paix et a\u0300 la non-violence, engagement citoyen pour la consolidation de la concorde nationale \u00bb, cette confe\u0301rence vise a\u0300 sensibiliser les citoyens sur l\u2019importance de la cohe\u0301sion sociale dans un contexte de refondation et de souverainete\u0301 nationale.<\/p>\n<p>Au cours de cette rencontre, trois the\u0301matiques majeures ont e\u0301te\u0301 de\u0301battues par des spe\u0301cialistes dont la premie\u0300re, intitule\u0301e \u00ab Mobilisation ge\u0301ne\u0301rale: ro\u0302le des acteurs et e\u0301tapes ope\u0301rationnelles dans un contexte de refondation et de souverainete\u0301 nationale \u00bb, anime\u0301e par le magistrat, premier substitut du procureur, M. Ali China.<\/p>\n<p>La deuxie\u0300me communication a porte\u0301 sur \u00ab L\u2019e\u0301ducation a\u0300 la paix et a\u0300 la non-violence, ainsi que l\u2019engagement citoyen pour la consolidation de la concorde nationale dans le contexte de refondation et de souverainete\u0301 nationale \u00bb. Elle a e\u0301te\u0301 pre\u0301sente\u0301e par le Dr Moumouni Alfari Balma, enseignant-chercheur et enfin, la troisie\u0300me the\u0301matique, \u00ab Sensibilite\u0301 au conflit: une approche humaine et organisationnelle pour la cohe\u0301sion sociale \u00bb, quant a\u0300 elle, a e\u0301te\u0301 anime\u0301e par M. Ousmane Dan Tata, repre\u0301sentant de la Peace Nexus Foundation.<\/p>\n<p>Le directeur de de\u0301partement partenariat et financement de la HACP, M. Mahaman Raoui Mala Kankane a de\u0301clare\u0301 que \u00ab La Journe\u0301e de la concorde est marque\u0301e a\u0300 Niamey entre autres par la pre\u0301sente confe\u0301rence organise\u0301e par la Coordination Nige\u0301rienne pour l\u2019E\u0301ducation a\u0300 la Non-Violence et a\u0300 la Paix sur le the\u0300me \u00ab Mobilisation ge\u0301ne\u0301rale, e\u0301ducation a\u0300 la paix et a\u0300 la non-violence, engagement citoyen pour la consolidation de la concorde nationale \u00bb.<\/p>\n<p>\u00ab La Haute Autorite\u0301 a\u0300 la Consolidation de la Paix se re\u0301jouit particulie\u0300rement des initiatives des acteurs visant a\u0300 sensibiliser les populations et particulie\u0300rement les jeunes et les femmes sur le lien e\u0301troit entre paix, e\u0301ducation, souverainete\u0301 et de\u0301veloppement. Leurs actions contribuent directement a\u0300 ba\u0302tir des communaute\u0301s re\u0301silientes, capables de faire face aux de\u0301fis actuels et futurs. \u00bb a indique\u0301 M.Mahaman Raoui, ajoutant aussi que \u00ab Dans ce contexte, l\u2019e\u0301ducation a\u0300 la paix et a\u0300 la non-violence apparait comme un levier strate\u0301gique. Elle permet de renforcer la cohe\u0301sion sociale, pre\u0301venir les conflits et instaurer des socie\u0301te\u0301s pacifiques ; former a\u0300 la paix c\u2019est former des citoyens conscients; responsables et engage\u0301s ; c\u2019est aussi pre\u0301parer un avenir ou\u0300 les diffe\u0301rends se re\u0300glent par le dialogue et non par la violence. \u00bb<\/p>\n<p>Le directeur de de\u0301partement partenariat et financement de la HACP a fait savoir que \u00abCette anne\u0301e la ce\u0301le\u0301bration de cette fe\u0302te intervient dans un contexte particulier, marque\u0301 par une dynamique de refondation nationale engage\u0301e depuis le 26 juillet 2023. Cette refondation appelle a\u0300 une mobilisation ge\u0301ne\u0301rale, source d\u2019inspirations et d\u2019action pour consolider la paix tel que pro\u0302ne\u0301e par les plus hautes autorite\u0301s. \u00bb<\/p>\n<p>\u00ab Dans ce cadre la Haute Autorite\u0301 a\u0300 la Consolidation de la Paix (HACP) multiplie des initiatives de cohe\u0301sion sociale, d\u2019unite\u0301 nationale, et de renforcement de la re\u0301silience communautaire face aux chocs se\u0301curitaires et climatiques. \u00bb a conclu le directeur.<\/p>\n<p>Pour le coordinateur du CONEN-VP-NIGER, M.Almoustapha Moussa Ide\u0301 \u00ab La concorde nationale ne se de\u0301cre\u0300te pas: elle se construit patiemment, par des actes concrets, par le respect des diffe\u0301rences et par un engagement citoyen since\u0300re.Chaque Nige\u0301rien a un ro\u0302le a\u0300 jouer ;Chaque geste compte ;Chaque parole compte ;Chaque action compte et Aujourd\u2019hui, plus que jamais, nous devons faire le choix:du dialogue pluto\u0302t que de la division ; de la solidarite\u0301 pluto\u0302t que de la me\u0301fiance et de la responsabilite\u0301 pluto\u0302t que de l\u2019indiffe\u0301rence. \u00bb<\/p>\n<p>\u00ab Notre re\u0301gion, le Sahel, fait face a\u0300 des de\u0301fis se\u0301curitaires, sociaux et e\u0301conomiques majeurs. Le terrorisme, les conflits intercommunautaires et les ine\u0301galite\u0301s fragilisent notre tissu social.<\/p>\n<p>Face a\u0300 cette re\u0301alite\u0301, une re\u0301ponse exclusivement se\u0301curitaire ne suffit pas. Nous devons agir en profondeur: sur les mentalite\u0301s, les comportements et les valeurs. \u00bb a souligne\u0301 le coordinateur<\/p>\n<p>C\u2019est la\u0300 que l\u2019e\u0301ducation a\u0300 la paix et a\u0300 la non-violence prend tout son sens. Elle permet de pre\u0301venir les conflits avant qu\u2019ils n\u2019e\u0301clatent ; promouvoir la tole\u0301rance et le respect mutuel ; renforcer le vivre-ensemble ;et surtout, former des citoyens responsables et engage\u0301s.<\/p>\n<p>Notons que des te\u0301moignages de satisfaction ont e\u0301te\u0301 remis a\u0300 la fin de cette ce\u0301re\u0301monie.<\/p>\n<p>Rapelons e\u0301galement que le the\u0300me national de cette journe\u0301e est \u00ab concorde Nationale, gage de paix et de cohe\u0301sion sociale \u00bb.<\/p>\n<p><strong>Pour plus d&rsquo;informations et d&rsquo;analyses sur la <span style=\"color: #ff6600\">Niger<\/span>, suivez <span style=\"color: #ff6600\">Africa-Press<\/span><\/strong><\/p>\n","protected":false},"excerpt":{"rendered":"<p>Africa-Press &#8211; Niger. La Haute Autorite\u0301 a\u0300 la Consolidation de la Paix (HACP), en collaboration avec la Coordination nige\u0301rienne pour l\u2019e\u0301ducation a\u0300 la non-violence et a\u0300 la paix(CONEN-VP-NIGER) a organise\u0301, ce vendredi 24 avril 2026, a\u0300 l\u2019occasion de la Journe\u0301e nationale de la Concorde, une confe\u0301rence publique dans la salle de confe\u0301rence de la Mutuelle [&hellip;]<\/p>\n","protected":false},"author":82,"featured_media":97540,"comment_status":"open","ping_status":"closed","sticky":false,"template":"","format":"standard","meta":{"footnotes":""},"categories":[21,10],"tags":[29],"class_list":["post-97541","post","type-post","status-publish","format-standard","has-post-thumbnail","hentry","category-communaute","category-toutes-les-actualites","tag-niger"],"yoast_head":"<!-- This site is optimized with the Yoast SEO Premium plugin v26.1 (Yoast SEO v27.0) - https:\/\/yoast.com\/product\/yoast-seo-premium-wordpress\/ -->\n<title>Journ\u00e9e de la Concorde Nationale et Coh\u00e9sion Sociale - niger<\/title>\n<meta name=\"description\" content=\"La Haute Autorite\u0301 a\u0300 la Consolidation de la Paix (HACP), en collaboration avec la Coordination nige\u0301rienne pour l\u2019e\u0301duc ...\" \/>\n<meta name=\"robots\" content=\"index, follow, max-snippet:-1, max-image-preview:large, max-video-preview:-1\" \/>\n<link rel=\"canonical\" href=\"https:\/\/www.africa-press.net\/niger\/toutes-les-actualites\/journee-de-la-concorde-nationale-et-cohesion-sociale\" \/>\n<meta property=\"og:locale\" content=\"fr_FR\" \/>\n<meta property=\"og:type\" content=\"article\" \/>\n<meta property=\"og:title\" content=\"Journ\u00e9e de la Concorde Nationale et Coh\u00e9sion Sociale\" \/>\n<meta property=\"og:description\" content=\"La Haute Autorite\u0301 a\u0300 la Consolidation de la Paix (HACP), en collaboration avec la Coordination nige\u0301rienne pour l\u2019e\u0301duc ...\" \/>\n<meta property=\"og:url\" content=\"https:\/\/www.africa-press.net\/niger\/toutes-les-actualites\/journee-de-la-concorde-nationale-et-cohesion-sociale\" \/>\n<meta property=\"og:site_name\" content=\"niger\" \/>\n<meta property=\"article:published_time\" content=\"2026-04-26T15:06:12+00:00\" \/>\n<meta property=\"article:modified_time\" content=\"2026-04-26T15:27:46+00:00\" \/>\n<meta property=\"og:image\" content=\"https:\/\/static.africa-press.net\/niger\/sites\/40\/2026\/04\/sm_1777204639.302067.jpg\" \/>\n\t<meta property=\"og:image:width\" content=\"557\" \/>\n\t<meta property=\"og:image:height\" content=\"431\" \/>\n\t<meta property=\"og:image:type\" content=\"image\/jpeg\" \/>\n<meta name=\"author\" content=\"cfeditorfr\" \/>\n<meta name=\"twitter:card\" content=\"summary_large_image\" \/>\n<meta name=\"twitter:label1\" content=\"\u00c9crit par\" \/>\n\t<meta name=\"twitter:data1\" content=\"cfeditorfr\" \/>\n\t<meta name=\"twitter:label2\" content=\"Dur\u00e9e de lecture estim\u00e9e\" \/>\n\t<meta name=\"twitter:data2\" content=\"5 minutes\" \/>\n<script type=\"application\/ld+json\" class=\"yoast-schema-graph\">{\"@context\":\"https:\/\/schema.org\",\"@graph\":[{\"@type\":\"Article\",\"@id\":\"https:\/\/www.africa-press.net\/niger\/toutes-les-actualites\/journee-de-la-concorde-nationale-et-cohesion-sociale#article\",\"isPartOf\":{\"@id\":\"https:\/\/www.africa-press.net\/niger\/toutes-les-actualites\/journee-de-la-concorde-nationale-et-cohesion-sociale\"},\"author\":{\"name\":\"cfeditorfr\",\"@id\":\"https:\/\/www.africa-press.net\/niger\/#\/schema\/person\/2b1cf3cd81a31e3cd26889ca66d677f1\"},\"headline\":\"Journ\u00e9e de la Concorde Nationale et Coh\u00e9sion Sociale\",\"datePublished\":\"2026-04-26T15:06:12+00:00\",\"dateModified\":\"2026-04-26T15:27:46+00:00\",\"mainEntityOfPage\":{\"@id\":\"https:\/\/www.africa-press.net\/niger\/toutes-les-actualites\/journee-de-la-concorde-nationale-et-cohesion-sociale\"},\"wordCount\":894,\"commentCount\":0,\"image\":{\"@id\":\"https:\/\/www.africa-press.net\/niger\/toutes-les-actualites\/journee-de-la-concorde-nationale-et-cohesion-sociale#primaryimage\"},\"thumbnailUrl\":\"https:\/\/static.africa-press.net\/niger\/sites\/40\/2026\/04\/sm_1777204639.302067.jpg\",\"keywords\":[\"Niger\"],\"articleSection\":[\"Communaut\u00e9\",\"Toutes les actualit\u00e9s\"],\"inLanguage\":\"fr-FR\",\"potentialAction\":[{\"@type\":\"CommentAction\",\"name\":\"Comment\",\"target\":[\"https:\/\/www.africa-press.net\/niger\/toutes-les-actualites\/journee-de-la-concorde-nationale-et-cohesion-sociale#respond\"]}]},{\"@type\":\"WebPage\",\"@id\":\"https:\/\/www.africa-press.net\/niger\/toutes-les-actualites\/journee-de-la-concorde-nationale-et-cohesion-sociale\",\"url\":\"https:\/\/www.africa-press.net\/niger\/toutes-les-actualites\/journee-de-la-concorde-nationale-et-cohesion-sociale\",\"name\":\"Journ\u00e9e de la Concorde Nationale et Coh\u00e9sion Sociale - niger\",\"isPartOf\":{\"@id\":\"https:\/\/www.africa-press.net\/niger\/#website\"},\"primaryImageOfPage\":{\"@id\":\"https:\/\/www.africa-press.net\/niger\/toutes-les-actualites\/journee-de-la-concorde-nationale-et-cohesion-sociale#primaryimage\"},\"image\":{\"@id\":\"https:\/\/www.africa-press.net\/niger\/toutes-les-actualites\/journee-de-la-concorde-nationale-et-cohesion-sociale#primaryimage\"},\"thumbnailUrl\":\"https:\/\/static.africa-press.net\/niger\/sites\/40\/2026\/04\/sm_1777204639.302067.jpg\",\"datePublished\":\"2026-04-26T15:06:12+00:00\",\"dateModified\":\"2026-04-26T15:27:46+00:00\",\"author\":{\"@id\":\"https:\/\/www.africa-press.net\/niger\/#\/schema\/person\/2b1cf3cd81a31e3cd26889ca66d677f1\"},\"description\":\"La Haute Autorite\u0301 a\u0300 la Consolidation de la Paix (HACP), en collaboration avec la Coordination nige\u0301rienne pour l\u2019e\u0301duc ...\",\"breadcrumb\":{\"@id\":\"https:\/\/www.africa-press.net\/niger\/toutes-les-actualites\/journee-de-la-concorde-nationale-et-cohesion-sociale#breadcrumb\"},\"inLanguage\":\"fr-FR\",\"potentialAction\":[{\"@type\":\"ReadAction\",\"target\":[\"https:\/\/www.africa-press.net\/niger\/toutes-les-actualites\/journee-de-la-concorde-nationale-et-cohesion-sociale\"]}]},{\"@type\":\"ImageObject\",\"inLanguage\":\"fr-FR\",\"@id\":\"https:\/\/www.africa-press.net\/niger\/toutes-les-actualites\/journee-de-la-concorde-nationale-et-cohesion-sociale#primaryimage\",\"url\":\"https:\/\/static.africa-press.net\/niger\/sites\/40\/2026\/04\/sm_1777204639.302067.jpg\",\"contentUrl\":\"https:\/\/static.africa-press.net\/niger\/sites\/40\/2026\/04\/sm_1777204639.302067.jpg\",\"width\":557,\"height\":431,\"caption\":\"Journ\u00e9e de la Concorde Nationale et Coh\u00e9sion Sociale\"},{\"@type\":\"BreadcrumbList\",\"@id\":\"https:\/\/www.africa-press.net\/niger\/toutes-les-actualites\/journee-de-la-concorde-nationale-et-cohesion-sociale#breadcrumb\",\"itemListElement\":[{\"@type\":\"ListItem\",\"position\":1,\"name\":\"Accueil\",\"item\":\"https:\/\/www.africa-press.net\/niger\/\"},{\"@type\":\"ListItem\",\"position\":2,\"name\":\"Journ\u00e9e de la Concorde Nationale et Coh\u00e9sion Sociale\"}]},{\"@type\":\"WebSite\",\"@id\":\"https:\/\/www.africa-press.net\/niger\/#website\",\"url\":\"https:\/\/www.africa-press.net\/niger\/\",\"name\":\"niger\",\"description\":\"Just another Africa News Agency Sites site\",\"potentialAction\":[{\"@type\":\"SearchAction\",\"target\":{\"@type\":\"EntryPoint\",\"urlTemplate\":\"https:\/\/www.africa-press.net\/niger\/?s={search_term_string}\"},\"query-input\":{\"@type\":\"PropertyValueSpecification\",\"valueRequired\":true,\"valueName\":\"search_term_string\"}}],\"inLanguage\":\"fr-FR\"},{\"@type\":\"Person\",\"@id\":\"https:\/\/www.africa-press.net\/niger\/#\/schema\/person\/2b1cf3cd81a31e3cd26889ca66d677f1\",\"name\":\"cfeditorfr\"}]}<\/script>\n<!-- \/ Yoast SEO Premium plugin. -->","yoast_head_json":{"title":"Journ\u00e9e de la Concorde Nationale et Coh\u00e9sion Sociale - niger","description":"La Haute Autorite\u0301 a\u0300 la Consolidation de la Paix (HACP), en collaboration avec la Coordination nige\u0301rienne pour l\u2019e\u0301duc ...","robots":{"index":"index","follow":"follow","max-snippet":"max-snippet:-1","max-image-preview":"max-image-preview:large","max-video-preview":"max-video-preview:-1"},"canonical":"https:\/\/www.africa-press.net\/niger\/toutes-les-actualites\/journee-de-la-concorde-nationale-et-cohesion-sociale","og_locale":"fr_FR","og_type":"article","og_title":"Journ\u00e9e de la Concorde Nationale et Coh\u00e9sion Sociale","og_description":"La Haute Autorite\u0301 a\u0300 la Consolidation de la Paix (HACP), en collaboration avec la Coordination nige\u0301rienne pour l\u2019e\u0301duc ...","og_url":"https:\/\/www.africa-press.net\/niger\/toutes-les-actualites\/journee-de-la-concorde-nationale-et-cohesion-sociale","og_site_name":"niger","article_published_time":"2026-04-26T15:06:12+00:00","article_modified_time":"2026-04-26T15:27:46+00:00","og_image":[{"width":557,"height":431,"url":"https:\/\/static.africa-press.net\/niger\/sites\/40\/2026\/04\/sm_1777204639.302067.jpg","type":"image\/jpeg"}],"author":"cfeditorfr","twitter_card":"summary_large_image","twitter_misc":{"\u00c9crit par":"cfeditorfr","Dur\u00e9e de lecture estim\u00e9e":"5 minutes"},"schema":{"@context":"https:\/\/schema.org","@graph":[{"@type":"Article","@id":"https:\/\/www.africa-press.net\/niger\/toutes-les-actualites\/journee-de-la-concorde-nationale-et-cohesion-sociale#article","isPartOf":{"@id":"https:\/\/www.africa-press.net\/niger\/toutes-les-actualites\/journee-de-la-concorde-nationale-et-cohesion-sociale"},"author":{"name":"cfeditorfr","@id":"https:\/\/www.africa-press.net\/niger\/#\/schema\/person\/2b1cf3cd81a31e3cd26889ca66d677f1"},"headline":"Journ\u00e9e de la Concorde Nationale et Coh\u00e9sion Sociale","datePublished":"2026-04-26T15:06:12+00:00","dateModified":"2026-04-26T15:27:46+00:00","mainEntityOfPage":{"@id":"https:\/\/www.africa-press.net\/niger\/toutes-les-actualites\/journee-de-la-concorde-nationale-et-cohesion-sociale"},"wordCount":894,"commentCount":0,"image":{"@id":"https:\/\/www.africa-press.net\/niger\/toutes-les-actualites\/journee-de-la-concorde-nationale-et-cohesion-sociale#primaryimage"},"thumbnailUrl":"https:\/\/static.africa-press.net\/niger\/sites\/40\/2026\/04\/sm_1777204639.302067.jpg","keywords":["Niger"],"articleSection":["Communaut\u00e9","Toutes les actualit\u00e9s"],"inLanguage":"fr-FR","potentialAction":[{"@type":"CommentAction","name":"Comment","target":["https:\/\/www.africa-press.net\/niger\/toutes-les-actualites\/journee-de-la-concorde-nationale-et-cohesion-sociale#respond"]}]},{"@type":"WebPage","@id":"https:\/\/www.africa-press.net\/niger\/toutes-les-actualites\/journee-de-la-concorde-nationale-et-cohesion-sociale","url":"https:\/\/www.africa-press.net\/niger\/toutes-les-actualites\/journee-de-la-concorde-nationale-et-cohesion-sociale","name":"Journ\u00e9e de la Concorde Nationale et Coh\u00e9sion Sociale - niger","isPartOf":{"@id":"https:\/\/www.africa-press.net\/niger\/#website"},"primaryImageOfPage":{"@id":"https:\/\/www.africa-press.net\/niger\/toutes-les-actualites\/journee-de-la-concorde-nationale-et-cohesion-sociale#primaryimage"},"image":{"@id":"https:\/\/www.africa-press.net\/niger\/toutes-les-actualites\/journee-de-la-concorde-nationale-et-cohesion-sociale#primaryimage"},"thumbnailUrl":"https:\/\/static.africa-press.net\/niger\/sites\/40\/2026\/04\/sm_1777204639.302067.jpg","datePublished":"2026-04-26T15:06:12+00:00","dateModified":"2026-04-26T15:27:46+00:00","author":{"@id":"https:\/\/www.africa-press.net\/niger\/#\/schema\/person\/2b1cf3cd81a31e3cd26889ca66d677f1"},"description":"La Haute Autorite\u0301 a\u0300 la Consolidation de la Paix (HACP), en collaboration avec la Coordination nige\u0301rienne pour l\u2019e\u0301duc ...","breadcrumb":{"@id":"https:\/\/www.africa-press.net\/niger\/toutes-les-actualites\/journee-de-la-concorde-nationale-et-cohesion-sociale#breadcrumb"},"inLanguage":"fr-FR","potentialAction":[{"@type":"ReadAction","target":["https:\/\/www.africa-press.net\/niger\/toutes-les-actualites\/journee-de-la-concorde-nationale-et-cohesion-sociale"]}]},{"@type":"ImageObject","inLanguage":"fr-FR","@id":"https:\/\/www.africa-press.net\/niger\/toutes-les-actualites\/journee-de-la-concorde-nationale-et-cohesion-sociale#primaryimage","url":"https:\/\/static.africa-press.net\/niger\/sites\/40\/2026\/04\/sm_1777204639.302067.jpg","contentUrl":"https:\/\/static.africa-press.net\/niger\/sites\/40\/2026\/04\/sm_1777204639.302067.jpg","width":557,"height":431,"caption":"Journ\u00e9e de la Concorde Nationale et Coh\u00e9sion Sociale"},{"@type":"BreadcrumbList","@id":"https:\/\/www.africa-press.net\/niger\/toutes-les-actualites\/journee-de-la-concorde-nationale-et-cohesion-sociale#breadcrumb","itemListElement":[{"@type":"ListItem","position":1,"name":"Accueil","item":"https:\/\/www.africa-press.net\/niger\/"},{"@type":"ListItem","position":2,"name":"Journ\u00e9e de la Concorde Nationale et Coh\u00e9sion Sociale"}]},{"@type":"WebSite","@id":"https:\/\/www.africa-press.net\/niger\/#website","url":"https:\/\/www.africa-press.net\/niger\/","name":"niger","description":"Just another Africa News Agency Sites site","potentialAction":[{"@type":"SearchAction","target":{"@type":"EntryPoint","urlTemplate":"https:\/\/www.africa-press.net\/niger\/?s={search_term_string}"},"query-input":{"@type":"PropertyValueSpecification","valueRequired":true,"valueName":"search_term_string"}}],"inLanguage":"fr-FR"},{"@type":"Person","@id":"https:\/\/www.africa-press.net\/niger\/#\/schema\/person\/2b1cf3cd81a31e3cd26889ca66d677f1","name":"cfeditorfr"}]}},"_links":{"self":[{"href":"https:\/\/www.africa-press.net\/niger\/wp-json\/wp\/v2\/posts\/97541","targetHints":{"allow":["GET"]}}],"collection":[{"href":"https:\/\/www.africa-press.net\/niger\/wp-json\/wp\/v2\/posts"}],"about":[{"href":"https:\/\/www.africa-press.net\/niger\/wp-json\/wp\/v2\/types\/post"}],"author":[{"embeddable":true,"href":"https:\/\/www.africa-press.net\/niger\/wp-json\/wp\/v2\/users\/82"}],"replies":[{"embeddable":true,"href":"https:\/\/www.africa-press.net\/niger\/wp-json\/wp\/v2\/comments?post=97541"}],"version-history":[{"count":1,"href":"https:\/\/www.africa-press.net\/niger\/wp-json\/wp\/v2\/posts\/97541\/revisions"}],"predecessor-version":[{"id":97548,"href":"https:\/\/www.africa-press.net\/niger\/wp-json\/wp\/v2\/posts\/97541\/revisions\/97548"}],"wp:featuredmedia":[{"embeddable":true,"href":"https:\/\/www.africa-press.net\/niger\/wp-json\/wp\/v2\/media\/97540"}],"wp:attachment":[{"href":"https:\/\/www.africa-press.net\/niger\/wp-json\/wp\/v2\/media?parent=97541"}],"wp:term":[{"taxonomy":"category","embeddable":true,"href":"https:\/\/www.africa-press.net\/niger\/wp-json\/wp\/v2\/categories?post=97541"},{"taxonomy":"post_tag","embeddable":true,"href":"https:\/\/www.africa-press.net\/niger\/wp-json\/wp\/v2\/tags?post=97541"}],"curies":[{"name":"wp","href":"https:\/\/api.w.org\/{rel}","templated":true}]}}