{"id":97553,"date":"2026-04-26T15:09:22","date_gmt":"2026-04-26T15:09:22","guid":{"rendered":"https:\/\/www.africa-press.net\/niger\/politique\/31e-journee-nationale-de-la-concorde-a-tchintabaraden"},"modified":"2026-04-26T15:28:39","modified_gmt":"2026-04-26T15:28:39","slug":"31e-journee-nationale-de-la-concorde-a-tchintabaraden","status":"publish","type":"post","link":"https:\/\/www.africa-press.net\/niger\/politique\/31e-journee-nationale-de-la-concorde-a-tchintabaraden","title":{"rendered":"31e Journ\u00e9e Nationale de la Concorde \u00e0 Tchintabaraden"},"content":{"rendered":"<p><span style=\"color: #ff6600\"><strong>Africa-Press &#8211; Niger. <\/strong><\/span>Le de\u0301partement de Tchintabaraden, dans la Re\u0301gion de Tahoua, accueillera la 31e\u0300me e\u0301dition de la Journe\u0301e Nationale de la Concorde, ce 24 Avril 2026, a annonce\u0301, dans une communication le Ministre d\u2019Etat, Ministre de l\u2019Inte\u0301rieur, de la Se\u0301curite\u0301 Publique et de l\u2019Administration du Territoire, le Ge\u0301ne\u0301ral de division Mohamed Toumba lors du conseil des ministres tenu ce mercredi 22 Avril 2026.<\/p>\n<p>La Journe\u0301e nationale de la Concorde, ce\u0301le\u0301bre\u0301e chaque anne\u0301e, comme\u0301more la signature des accords de paix du 24 avril 1995 a\u0300 Niamey. Elle constitue un symbole fort de re\u0301conciliation nationale, de cohe\u0301sion sociale et de la consolidation de la paix entre les diffe\u0301rentes communaute\u0301s nige\u0301riennes, rappelle un communique\u0301 du Gouvernement.<\/p>\n<p>\u00ab Cette 31e\u0300me e\u0301dition intervient dans un contexte marque\u0301 par des de\u0301fis se\u0301curitaires persistants. Elle aura lieu a\u0300 Tchintabaraden sous le haut Patronage du Pre\u0301sident de la Re\u0301publique, Chef de l\u2019Etat et mettra l\u2019accent sur: la sensibilisation des populations aux valeurs de tole\u0301rance et de paix ; le renforcement du dialogue intercommunautaire ; la mobilisation des acteurs autour de la pre\u0301vention des conflits ; l\u2019encouragement des jeunes enro\u0302le\u0301s a\u0300 se de\u0301sengager des groupes terroristes \u00bb, indique le communique\u0301 officiel.<\/p>\n<p><strong>Pour plus d&rsquo;informations et d&rsquo;analyses sur la <span style=\"color: #ff6600\">Niger<\/span>, suivez <span style=\"color: #ff6600\">Africa-Press<\/span><\/strong><\/p>\n","protected":false},"excerpt":{"rendered":"<p>Africa-Press &#8211; Niger. Le de\u0301partement de Tchintabaraden, dans la Re\u0301gion de Tahoua, accueillera la 31e\u0300me e\u0301dition de la Journe\u0301e Nationale de la Concorde, ce 24 Avril 2026, a annonce\u0301, dans une communication le Ministre d\u2019Etat, Ministre de l\u2019Inte\u0301rieur, de la Se\u0301curite\u0301 Publique et de l\u2019Administration du Territoire, le Ge\u0301ne\u0301ral de division Mohamed Toumba lors du [&hellip;]<\/p>\n","protected":false},"author":82,"featured_media":97552,"comment_status":"open","ping_status":"closed","sticky":false,"template":"","format":"standard","meta":{"footnotes":""},"categories":[2,10],"tags":[29],"class_list":["post-97553","post","type-post","status-publish","format-standard","has-post-thumbnail","hentry","category-politique","category-toutes-les-actualites","tag-niger"],"yoast_head":"<!-- This site is optimized with the Yoast SEO Premium plugin v26.1 (Yoast SEO v27.0) - https:\/\/yoast.com\/product\/yoast-seo-premium-wordpress\/ -->\n<title>31e Journ\u00e9e Nationale de la Concorde \u00e0 Tchintabaraden - niger<\/title>\n<meta name=\"description\" content=\"Le de\u0301partement de Tchintabaraden, dans la Re\u0301gion de Tahoua, accueillera la 31e\u0300me e\u0301dition de la Journe\u0301e Nationale de ...\" \/>\n<meta name=\"robots\" content=\"index, follow, max-snippet:-1, max-image-preview:large, max-video-preview:-1\" \/>\n<link rel=\"canonical\" href=\"https:\/\/www.africa-press.net\/niger\/politique\/31e-journee-nationale-de-la-concorde-a-tchintabaraden\" \/>\n<meta property=\"og:locale\" content=\"fr_FR\" \/>\n<meta property=\"og:type\" content=\"article\" \/>\n<meta property=\"og:title\" content=\"31e Journ\u00e9e Nationale de la Concorde \u00e0 Tchintabaraden\" \/>\n<meta property=\"og:description\" content=\"Le de\u0301partement de Tchintabaraden, dans la Re\u0301gion de Tahoua, accueillera la 31e\u0300me e\u0301dition de la Journe\u0301e Nationale de ...\" \/>\n<meta property=\"og:url\" content=\"https:\/\/www.africa-press.net\/niger\/politique\/31e-journee-nationale-de-la-concorde-a-tchintabaraden\" \/>\n<meta property=\"og:site_name\" content=\"niger\" \/>\n<meta property=\"article:published_time\" content=\"2026-04-26T15:09:22+00:00\" \/>\n<meta property=\"article:modified_time\" content=\"2026-04-26T15:28:39+00:00\" \/>\n<meta property=\"og:image\" content=\"https:\/\/static.africa-press.net\/niger\/sites\/40\/2026\/04\/sm_1777204688.447881.jpg\" \/>\n\t<meta property=\"og:image:width\" content=\"596\" \/>\n\t<meta property=\"og:image:height\" content=\"365\" \/>\n\t<meta property=\"og:image:type\" content=\"image\/jpeg\" \/>\n<meta name=\"author\" content=\"cfeditorfr\" \/>\n<meta name=\"twitter:card\" content=\"summary_large_image\" \/>\n<meta name=\"twitter:label1\" content=\"\u00c9crit par\" \/>\n\t<meta name=\"twitter:data1\" content=\"cfeditorfr\" \/>\n\t<meta name=\"twitter:label2\" content=\"Dur\u00e9e de lecture estim\u00e9e\" \/>\n\t<meta name=\"twitter:data2\" content=\"2 minutes\" \/>\n<script type=\"application\/ld+json\" class=\"yoast-schema-graph\">{\"@context\":\"https:\/\/schema.org\",\"@graph\":[{\"@type\":\"Article\",\"@id\":\"https:\/\/www.africa-press.net\/niger\/politique\/31e-journee-nationale-de-la-concorde-a-tchintabaraden#article\",\"isPartOf\":{\"@id\":\"https:\/\/www.africa-press.net\/niger\/politique\/31e-journee-nationale-de-la-concorde-a-tchintabaraden\"},\"author\":{\"name\":\"cfeditorfr\",\"@id\":\"https:\/\/www.africa-press.net\/niger\/#\/schema\/person\/2b1cf3cd81a31e3cd26889ca66d677f1\"},\"headline\":\"31e Journ\u00e9e Nationale de la Concorde \u00e0 Tchintabaraden\",\"datePublished\":\"2026-04-26T15:09:22+00:00\",\"dateModified\":\"2026-04-26T15:28:39+00:00\",\"mainEntityOfPage\":{\"@id\":\"https:\/\/www.africa-press.net\/niger\/politique\/31e-journee-nationale-de-la-concorde-a-tchintabaraden\"},\"wordCount\":239,\"commentCount\":0,\"image\":{\"@id\":\"https:\/\/www.africa-press.net\/niger\/politique\/31e-journee-nationale-de-la-concorde-a-tchintabaraden#primaryimage\"},\"thumbnailUrl\":\"https:\/\/static.africa-press.net\/niger\/sites\/40\/2026\/04\/sm_1777204688.447881.jpg\",\"keywords\":[\"Niger\"],\"articleSection\":[\"Politique\",\"Toutes les actualit\u00e9s\"],\"inLanguage\":\"fr-FR\",\"potentialAction\":[{\"@type\":\"CommentAction\",\"name\":\"Comment\",\"target\":[\"https:\/\/www.africa-press.net\/niger\/politique\/31e-journee-nationale-de-la-concorde-a-tchintabaraden#respond\"]}]},{\"@type\":\"WebPage\",\"@id\":\"https:\/\/www.africa-press.net\/niger\/politique\/31e-journee-nationale-de-la-concorde-a-tchintabaraden\",\"url\":\"https:\/\/www.africa-press.net\/niger\/politique\/31e-journee-nationale-de-la-concorde-a-tchintabaraden\",\"name\":\"31e Journ\u00e9e Nationale de la Concorde \u00e0 Tchintabaraden - niger\",\"isPartOf\":{\"@id\":\"https:\/\/www.africa-press.net\/niger\/#website\"},\"primaryImageOfPage\":{\"@id\":\"https:\/\/www.africa-press.net\/niger\/politique\/31e-journee-nationale-de-la-concorde-a-tchintabaraden#primaryimage\"},\"image\":{\"@id\":\"https:\/\/www.africa-press.net\/niger\/politique\/31e-journee-nationale-de-la-concorde-a-tchintabaraden#primaryimage\"},\"thumbnailUrl\":\"https:\/\/static.africa-press.net\/niger\/sites\/40\/2026\/04\/sm_1777204688.447881.jpg\",\"datePublished\":\"2026-04-26T15:09:22+00:00\",\"dateModified\":\"2026-04-26T15:28:39+00:00\",\"author\":{\"@id\":\"https:\/\/www.africa-press.net\/niger\/#\/schema\/person\/2b1cf3cd81a31e3cd26889ca66d677f1\"},\"description\":\"Le de\u0301partement de Tchintabaraden, dans la Re\u0301gion de Tahoua, accueillera la 31e\u0300me e\u0301dition de la Journe\u0301e Nationale de ...\",\"breadcrumb\":{\"@id\":\"https:\/\/www.africa-press.net\/niger\/politique\/31e-journee-nationale-de-la-concorde-a-tchintabaraden#breadcrumb\"},\"inLanguage\":\"fr-FR\",\"potentialAction\":[{\"@type\":\"ReadAction\",\"target\":[\"https:\/\/www.africa-press.net\/niger\/politique\/31e-journee-nationale-de-la-concorde-a-tchintabaraden\"]}]},{\"@type\":\"ImageObject\",\"inLanguage\":\"fr-FR\",\"@id\":\"https:\/\/www.africa-press.net\/niger\/politique\/31e-journee-nationale-de-la-concorde-a-tchintabaraden#primaryimage\",\"url\":\"https:\/\/static.africa-press.net\/niger\/sites\/40\/2026\/04\/sm_1777204688.447881.jpg\",\"contentUrl\":\"https:\/\/static.africa-press.net\/niger\/sites\/40\/2026\/04\/sm_1777204688.447881.jpg\",\"width\":596,\"height\":365,\"caption\":\"31e Journ\u00e9e Nationale de la Concorde \u00e0 Tchintabaraden\"},{\"@type\":\"BreadcrumbList\",\"@id\":\"https:\/\/www.africa-press.net\/niger\/politique\/31e-journee-nationale-de-la-concorde-a-tchintabaraden#breadcrumb\",\"itemListElement\":[{\"@type\":\"ListItem\",\"position\":1,\"name\":\"Accueil\",\"item\":\"https:\/\/www.africa-press.net\/niger\/\"},{\"@type\":\"ListItem\",\"position\":2,\"name\":\"31e Journ\u00e9e Nationale de la Concorde \u00e0 Tchintabaraden\"}]},{\"@type\":\"WebSite\",\"@id\":\"https:\/\/www.africa-press.net\/niger\/#website\",\"url\":\"https:\/\/www.africa-press.net\/niger\/\",\"name\":\"niger\",\"description\":\"Just another Africa News Agency Sites site\",\"potentialAction\":[{\"@type\":\"SearchAction\",\"target\":{\"@type\":\"EntryPoint\",\"urlTemplate\":\"https:\/\/www.africa-press.net\/niger\/?s={search_term_string}\"},\"query-input\":{\"@type\":\"PropertyValueSpecification\",\"valueRequired\":true,\"valueName\":\"search_term_string\"}}],\"inLanguage\":\"fr-FR\"},{\"@type\":\"Person\",\"@id\":\"https:\/\/www.africa-press.net\/niger\/#\/schema\/person\/2b1cf3cd81a31e3cd26889ca66d677f1\",\"name\":\"cfeditorfr\"}]}<\/script>\n<!-- \/ Yoast SEO Premium plugin. -->","yoast_head_json":{"title":"31e Journ\u00e9e Nationale de la Concorde \u00e0 Tchintabaraden - niger","description":"Le de\u0301partement de Tchintabaraden, dans la Re\u0301gion de Tahoua, accueillera la 31e\u0300me e\u0301dition de la Journe\u0301e Nationale de ...","robots":{"index":"index","follow":"follow","max-snippet":"max-snippet:-1","max-image-preview":"max-image-preview:large","max-video-preview":"max-video-preview:-1"},"canonical":"https:\/\/www.africa-press.net\/niger\/politique\/31e-journee-nationale-de-la-concorde-a-tchintabaraden","og_locale":"fr_FR","og_type":"article","og_title":"31e Journ\u00e9e Nationale de la Concorde \u00e0 Tchintabaraden","og_description":"Le de\u0301partement de Tchintabaraden, dans la Re\u0301gion de Tahoua, accueillera la 31e\u0300me e\u0301dition de la Journe\u0301e Nationale de ...","og_url":"https:\/\/www.africa-press.net\/niger\/politique\/31e-journee-nationale-de-la-concorde-a-tchintabaraden","og_site_name":"niger","article_published_time":"2026-04-26T15:09:22+00:00","article_modified_time":"2026-04-26T15:28:39+00:00","og_image":[{"width":596,"height":365,"url":"https:\/\/static.africa-press.net\/niger\/sites\/40\/2026\/04\/sm_1777204688.447881.jpg","type":"image\/jpeg"}],"author":"cfeditorfr","twitter_card":"summary_large_image","twitter_misc":{"\u00c9crit par":"cfeditorfr","Dur\u00e9e de lecture estim\u00e9e":"2 minutes"},"schema":{"@context":"https:\/\/schema.org","@graph":[{"@type":"Article","@id":"https:\/\/www.africa-press.net\/niger\/politique\/31e-journee-nationale-de-la-concorde-a-tchintabaraden#article","isPartOf":{"@id":"https:\/\/www.africa-press.net\/niger\/politique\/31e-journee-nationale-de-la-concorde-a-tchintabaraden"},"author":{"name":"cfeditorfr","@id":"https:\/\/www.africa-press.net\/niger\/#\/schema\/person\/2b1cf3cd81a31e3cd26889ca66d677f1"},"headline":"31e Journ\u00e9e Nationale de la Concorde \u00e0 Tchintabaraden","datePublished":"2026-04-26T15:09:22+00:00","dateModified":"2026-04-26T15:28:39+00:00","mainEntityOfPage":{"@id":"https:\/\/www.africa-press.net\/niger\/politique\/31e-journee-nationale-de-la-concorde-a-tchintabaraden"},"wordCount":239,"commentCount":0,"image":{"@id":"https:\/\/www.africa-press.net\/niger\/politique\/31e-journee-nationale-de-la-concorde-a-tchintabaraden#primaryimage"},"thumbnailUrl":"https:\/\/static.africa-press.net\/niger\/sites\/40\/2026\/04\/sm_1777204688.447881.jpg","keywords":["Niger"],"articleSection":["Politique","Toutes les actualit\u00e9s"],"inLanguage":"fr-FR","potentialAction":[{"@type":"CommentAction","name":"Comment","target":["https:\/\/www.africa-press.net\/niger\/politique\/31e-journee-nationale-de-la-concorde-a-tchintabaraden#respond"]}]},{"@type":"WebPage","@id":"https:\/\/www.africa-press.net\/niger\/politique\/31e-journee-nationale-de-la-concorde-a-tchintabaraden","url":"https:\/\/www.africa-press.net\/niger\/politique\/31e-journee-nationale-de-la-concorde-a-tchintabaraden","name":"31e Journ\u00e9e Nationale de la Concorde \u00e0 Tchintabaraden - niger","isPartOf":{"@id":"https:\/\/www.africa-press.net\/niger\/#website"},"primaryImageOfPage":{"@id":"https:\/\/www.africa-press.net\/niger\/politique\/31e-journee-nationale-de-la-concorde-a-tchintabaraden#primaryimage"},"image":{"@id":"https:\/\/www.africa-press.net\/niger\/politique\/31e-journee-nationale-de-la-concorde-a-tchintabaraden#primaryimage"},"thumbnailUrl":"https:\/\/static.africa-press.net\/niger\/sites\/40\/2026\/04\/sm_1777204688.447881.jpg","datePublished":"2026-04-26T15:09:22+00:00","dateModified":"2026-04-26T15:28:39+00:00","author":{"@id":"https:\/\/www.africa-press.net\/niger\/#\/schema\/person\/2b1cf3cd81a31e3cd26889ca66d677f1"},"description":"Le de\u0301partement de Tchintabaraden, dans la Re\u0301gion de Tahoua, accueillera la 31e\u0300me e\u0301dition de la Journe\u0301e Nationale de ...","breadcrumb":{"@id":"https:\/\/www.africa-press.net\/niger\/politique\/31e-journee-nationale-de-la-concorde-a-tchintabaraden#breadcrumb"},"inLanguage":"fr-FR","potentialAction":[{"@type":"ReadAction","target":["https:\/\/www.africa-press.net\/niger\/politique\/31e-journee-nationale-de-la-concorde-a-tchintabaraden"]}]},{"@type":"ImageObject","inLanguage":"fr-FR","@id":"https:\/\/www.africa-press.net\/niger\/politique\/31e-journee-nationale-de-la-concorde-a-tchintabaraden#primaryimage","url":"https:\/\/static.africa-press.net\/niger\/sites\/40\/2026\/04\/sm_1777204688.447881.jpg","contentUrl":"https:\/\/static.africa-press.net\/niger\/sites\/40\/2026\/04\/sm_1777204688.447881.jpg","width":596,"height":365,"caption":"31e Journ\u00e9e Nationale de la Concorde \u00e0 Tchintabaraden"},{"@type":"BreadcrumbList","@id":"https:\/\/www.africa-press.net\/niger\/politique\/31e-journee-nationale-de-la-concorde-a-tchintabaraden#breadcrumb","itemListElement":[{"@type":"ListItem","position":1,"name":"Accueil","item":"https:\/\/www.africa-press.net\/niger\/"},{"@type":"ListItem","position":2,"name":"31e Journ\u00e9e Nationale de la Concorde \u00e0 Tchintabaraden"}]},{"@type":"WebSite","@id":"https:\/\/www.africa-press.net\/niger\/#website","url":"https:\/\/www.africa-press.net\/niger\/","name":"niger","description":"Just another Africa News Agency Sites site","potentialAction":[{"@type":"SearchAction","target":{"@type":"EntryPoint","urlTemplate":"https:\/\/www.africa-press.net\/niger\/?s={search_term_string}"},"query-input":{"@type":"PropertyValueSpecification","valueRequired":true,"valueName":"search_term_string"}}],"inLanguage":"fr-FR"},{"@type":"Person","@id":"https:\/\/www.africa-press.net\/niger\/#\/schema\/person\/2b1cf3cd81a31e3cd26889ca66d677f1","name":"cfeditorfr"}]}},"_links":{"self":[{"href":"https:\/\/www.africa-press.net\/niger\/wp-json\/wp\/v2\/posts\/97553","targetHints":{"allow":["GET"]}}],"collection":[{"href":"https:\/\/www.africa-press.net\/niger\/wp-json\/wp\/v2\/posts"}],"about":[{"href":"https:\/\/www.africa-press.net\/niger\/wp-json\/wp\/v2\/types\/post"}],"author":[{"embeddable":true,"href":"https:\/\/www.africa-press.net\/niger\/wp-json\/wp\/v2\/users\/82"}],"replies":[{"embeddable":true,"href":"https:\/\/www.africa-press.net\/niger\/wp-json\/wp\/v2\/comments?post=97553"}],"version-history":[{"count":1,"href":"https:\/\/www.africa-press.net\/niger\/wp-json\/wp\/v2\/posts\/97553\/revisions"}],"predecessor-version":[{"id":97556,"href":"https:\/\/www.africa-press.net\/niger\/wp-json\/wp\/v2\/posts\/97553\/revisions\/97556"}],"wp:featuredmedia":[{"embeddable":true,"href":"https:\/\/www.africa-press.net\/niger\/wp-json\/wp\/v2\/media\/97552"}],"wp:attachment":[{"href":"https:\/\/www.africa-press.net\/niger\/wp-json\/wp\/v2\/media?parent=97553"}],"wp:term":[{"taxonomy":"category","embeddable":true,"href":"https:\/\/www.africa-press.net\/niger\/wp-json\/wp\/v2\/categories?post=97553"},{"taxonomy":"post_tag","embeddable":true,"href":"https:\/\/www.africa-press.net\/niger\/wp-json\/wp\/v2\/tags?post=97553"}],"curies":[{"name":"wp","href":"https:\/\/api.w.org\/{rel}","templated":true}]}}