{"id":97558,"date":"2026-04-27T07:09:36","date_gmt":"2026-04-27T07:09:36","guid":{"rendered":"https:\/\/www.africa-press.net\/niger\/politique\/mobilisation-generale-pour-la-paix-a-loudou"},"modified":"2026-04-27T07:14:59","modified_gmt":"2026-04-27T07:14:59","slug":"mobilisation-generale-pour-la-paix-a-loudou","status":"publish","type":"post","link":"https:\/\/www.africa-press.net\/niger\/politique\/mobilisation-generale-pour-la-paix-a-loudou","title":{"rendered":"Mobilisation G\u00e9n\u00e9rale Pour La Paix \u00c0 Loudou"},"content":{"rendered":"<p><span style=\"color: #ff6600\"><strong>Africa-Press &#8211; Niger. <\/strong><\/span>La Coordination Re\u0301gionale du Comite\u0301 pour la Paix, la Sauvegarde de la Souverainete\u0301 du Niger (CPASS-Niger) a organise\u0301, ce dimanche 26 avril 2026 a\u0300 Loudou (Commune Rurale d\u2019Ibohamane), dans le de\u0301partement de Keita (Re\u0301gion de Tahoua), une journe\u0301e de sensibilisation sur la paix et la cohe\u0301sion sociale.<\/p>\n<p>Cette activite\u0301 entre dans le cadre de la mobilisation ge\u0301ne\u0301rale pour la de\u0301fense de la patrie de\u0301cre\u0301te\u0301e par le Pre\u0301sident de la Re\u0301publique, Chef de l\u2019E\u0301tat, le Ge\u0301ne\u0301ral d\u2019Arme\u0301e Abdourahamane Tiani.<\/p>\n<p>A\u0300 cette occasion, la Pre\u0301fe\u0300te du De\u0301partement de Keita, Capitaine Hamsatou Nomao a tout d\u2019abord transmis les salutations fraternelles du Pre\u0301sident de la Re\u0301publique, Chef de l\u2019E\u0301tat, le Ge\u0301ne\u0301ral d\u2019arme\u0301e Abdourahamane Tiani et du Premier Ministre Ali Mahamane Lamine Zeine. E\u0301voquant le the\u0300me de ce meeting, \u00bbJourne\u0301e de mobilisation ge\u0301ne\u0301rale \u00bb, elle a indique\u0301 que par cet acte, les initiateurs ont voulu partager la pre\u0301occupation des plus Hautes Autorite\u0301s du pays de faire de la se\u0301curite\u0301 l\u2019affaire de chaque citoyen.<\/p>\n<p>La Pre\u0301fe\u0300te de Keita a explique\u0301 que la mobilisation ge\u0301ne\u0301rale s\u2019inscrit comme un pilier de la refondation, un moteur de la cohe\u0301sion sociale et un engagement total ou\u0300 le citoyen accepte notamment de contribuer au fonds de solidarite\u0301 pour soutenir les efforts de guerre, e\u0302tre les yeux et les oreilles de l\u2019Etat, choisit de de\u0301noncer tout ce qui peut nuire a\u0300 la se\u0301curite\u0301 commune, ou mieux encore de mettre ses compe\u0301tences et me\u0302me sa vie au service de la collectivite\u0301.<\/p>\n<p>Selon Capitaine Hamsatou Nomao, pour que ce pari de la refondation soit gagne\u0301, l\u2019e\u0301ducation est indispensable car une jeunesse instruite est une jeunesse que l\u2019on ne peut pas manipuler. Pour elle, la contribution des parents est de veiller a\u0300 ce que l\u2019e\u0301ducation de leurs enfants soit une priorite\u0301 qu\u2019ils doivent encourager que de les pousser a\u0300 l\u2019exode.<\/p>\n<p>Enfin, la Pre\u0301fe\u0300te de Keita a reitire\u0301 sa profonde gratitude aux coordinations de CPASS-Niger du niveau national et re\u0301gional pour ce de\u0301placement, pre\u0301cisant que l\u2019Etat, par sa voix, salue leur patriotisme pour la mise en place du bureau de la coordination de CPASS-Niger a\u0300 Loudou. Elle a promis d\u2019e\u0302tre a\u0300 ses co\u0302te\u0301s pour l\u2019accompagner dans toutes ses initiatives visant l\u2019ame\u0301lioration des conditions de vie de la population.<\/p>\n<p>Auparavant, l\u2019Administrateur De\u0301le\u0301gue\u0301 de la Commune Rurale d\u2019Ibohamane a souhaite\u0301 la chaleureuse bienvenue aux invite\u0301s, avant de rappeler que le but de cette mobilisation est de magnifier leur adhe\u0301sion inconditionnelle au de\u0301cret du 26 de\u0301cembre 2025 du Pre\u0301sident de la Re\u0301publique, Chef de l\u2019E\u0301tat, le Ge\u0301ne\u0301ral d\u2019arme\u0301e Abdourahamane Tiani, appelant a\u0300 pre\u0301parer le pays a\u0300 un e\u0301tat de guerre pour contrer les menaces se\u0301curitaires multiformes, a\u0300 la re\u0301quisition des citoyens pour la de\u0301fense de la patrie et l\u2019interdiction de divulgation des informations sensibles.<\/p>\n<p>L\u2019AD d\u2019Ibohamane, l\u2019adjudant-chef Mahamadou Boubacar a tenu a\u0300 remercier tous ceux qui ont contribue\u0301 a\u0300 l\u2019organisation de cette mobilisation, avant de lancer un appel a\u0300 la population d\u2019e\u0302tre vigilante pour parer a\u0300 toute e\u0301ventualite\u0301.<\/p>\n<p>Quant au Coordonnateur national du CPASS-Niger, Elhadji Habibou Ibrahim, il a adresse\u0301 ses chaleureuses salutations et ses since\u0300res remerciements a\u0300 la population du secteur de Loudou pour sa forte mobilisation. Il a fait savoir que cette journe\u0301e de mobilisation ge\u0301ne\u0301rale entre dans le cadre du soutien du CPASS-Niger aux autorite\u0301s militaires du CNSP et au Gouvernement, notamment le Pre\u0301sident de la Re\u0301publique, le Ge\u0301ne\u0301ral d\u2019arme\u0301e Abdourahamane Tiani.<\/p>\n<p>Le Responsable national du CPASS-Niger a rappele\u0301 que son organisation e\u0301tait aux co\u0302te\u0301s des soutiens du CNSP depuis les e\u0301ve\u0301nements du 26 juillet 2023, deux semaines apre\u0300s sa cre\u0301ation le 19 aou\u0302t 2023.<\/p>\n<p>En outre, le pre\u0301sident du CPASS-Niger a pre\u0301cise\u0301 que son organisation e\u0301tait pre\u0301sente dans toutes les sit-in de l\u2019escadrille et les marches en guise de soutien aux nouvelles autorite\u0301s. Elhadji Habibou Ibrahim a, en outre, rappele\u0301 que le CPASS-Niger a eu a\u0300 organiser des forums et meetings autour de la paix et la cohe\u0301sion sociale un peu partout dans plusieurs localite\u0301s de la re\u0301gion de Tahoua pour apporter son soutien au CNSP.<\/p>\n<p>Il faut noter qu\u2019auparavant, le membre du CCR Mahamadou Habibou, le Coordonnateur du CPASS secteur de Loudou, M. Ousmane Aboubacar, le Coordonnateur du CPASS d\u2019Iribakkat, M. Ibrahim Attaher et le Repre\u0301sentant des chefs des villages environnants, M. Boulla Agmar, ont tour a\u0300 tour pris la parole pour souhaiter la chaleureuse bienvenue aux invite\u0301s ainsi qu\u2019a\u0300 la population de Loudou pour cette importante mobilisation qui te\u0301moigne de leur attachement aux ide\u0301aux du CNSP, notamment pour la refondation du pays et l\u2019affirmation de la souverainete\u0301 du Niger.<\/p>\n<p><strong>Pour plus d&rsquo;informations et d&rsquo;analyses sur la <span style=\"color: #ff6600\">Niger<\/span>, suivez <span style=\"color: #ff6600\">Africa-Press<\/span><\/strong><\/p>\n","protected":false},"excerpt":{"rendered":"<p>Africa-Press &#8211; Niger. La Coordination Re\u0301gionale du Comite\u0301 pour la Paix, la Sauvegarde de la Souverainete\u0301 du Niger (CPASS-Niger) a organise\u0301, ce dimanche 26 avril 2026 a\u0300 Loudou (Commune Rurale d\u2019Ibohamane), dans le de\u0301partement de Keita (Re\u0301gion de Tahoua), une journe\u0301e de sensibilisation sur la paix et la cohe\u0301sion sociale. Cette activite\u0301 entre dans le [&hellip;]<\/p>\n","protected":false},"author":82,"featured_media":97557,"comment_status":"open","ping_status":"closed","sticky":false,"template":"","format":"standard","meta":{"footnotes":""},"categories":[2,10],"tags":[29],"class_list":["post-97558","post","type-post","status-publish","format-standard","has-post-thumbnail","hentry","category-politique","category-toutes-les-actualites","tag-niger"],"yoast_head":"<!-- This site is optimized with the Yoast SEO Premium plugin v26.1 (Yoast SEO v27.0) - https:\/\/yoast.com\/product\/yoast-seo-premium-wordpress\/ -->\n<title>Mobilisation G\u00e9n\u00e9rale Pour La Paix \u00c0 Loudou - niger<\/title>\n<meta name=\"description\" content=\"La Coordination Re\u0301gionale du Comite\u0301 pour la Paix, la Sauvegarde de la Souverainete\u0301 du Niger (CPASS-Niger) a organise\u0301 ...\" \/>\n<meta name=\"robots\" content=\"index, follow, max-snippet:-1, max-image-preview:large, max-video-preview:-1\" \/>\n<link rel=\"canonical\" href=\"https:\/\/www.africa-press.net\/niger\/politique\/mobilisation-generale-pour-la-paix-a-loudou\" \/>\n<meta property=\"og:locale\" content=\"fr_FR\" \/>\n<meta property=\"og:type\" content=\"article\" \/>\n<meta property=\"og:title\" content=\"Mobilisation G\u00e9n\u00e9rale Pour La Paix \u00c0 Loudou\" \/>\n<meta property=\"og:description\" content=\"La Coordination Re\u0301gionale du Comite\u0301 pour la Paix, la Sauvegarde de la Souverainete\u0301 du Niger (CPASS-Niger) a organise\u0301 ...\" \/>\n<meta property=\"og:url\" content=\"https:\/\/www.africa-press.net\/niger\/politique\/mobilisation-generale-pour-la-paix-a-loudou\" \/>\n<meta property=\"og:site_name\" content=\"niger\" \/>\n<meta property=\"article:published_time\" content=\"2026-04-27T07:09:36+00:00\" \/>\n<meta property=\"article:modified_time\" content=\"2026-04-27T07:14:59+00:00\" \/>\n<meta property=\"og:image\" content=\"https:\/\/static.africa-press.net\/niger\/sites\/40\/2026\/04\/sm_1777261467.492014.jpg\" \/>\n\t<meta property=\"og:image:width\" content=\"1024\" \/>\n\t<meta property=\"og:image:height\" content=\"460\" \/>\n\t<meta property=\"og:image:type\" content=\"image\/jpeg\" \/>\n<meta name=\"author\" content=\"cfeditorfr\" \/>\n<meta name=\"twitter:card\" content=\"summary_large_image\" \/>\n<meta name=\"twitter:label1\" content=\"\u00c9crit par\" \/>\n\t<meta name=\"twitter:data1\" content=\"cfeditorfr\" \/>\n\t<meta name=\"twitter:label2\" content=\"Dur\u00e9e de lecture estim\u00e9e\" \/>\n\t<meta name=\"twitter:data2\" content=\"5 minutes\" \/>\n<script type=\"application\/ld+json\" class=\"yoast-schema-graph\">{\"@context\":\"https:\/\/schema.org\",\"@graph\":[{\"@type\":\"Article\",\"@id\":\"https:\/\/www.africa-press.net\/niger\/politique\/mobilisation-generale-pour-la-paix-a-loudou#article\",\"isPartOf\":{\"@id\":\"https:\/\/www.africa-press.net\/niger\/politique\/mobilisation-generale-pour-la-paix-a-loudou\"},\"author\":{\"name\":\"cfeditorfr\",\"@id\":\"https:\/\/www.africa-press.net\/niger\/#\/schema\/person\/2b1cf3cd81a31e3cd26889ca66d677f1\"},\"headline\":\"Mobilisation G\u00e9n\u00e9rale Pour La Paix \u00c0 Loudou\",\"datePublished\":\"2026-04-27T07:09:36+00:00\",\"dateModified\":\"2026-04-27T07:14:59+00:00\",\"mainEntityOfPage\":{\"@id\":\"https:\/\/www.africa-press.net\/niger\/politique\/mobilisation-generale-pour-la-paix-a-loudou\"},\"wordCount\":888,\"commentCount\":0,\"image\":{\"@id\":\"https:\/\/www.africa-press.net\/niger\/politique\/mobilisation-generale-pour-la-paix-a-loudou#primaryimage\"},\"thumbnailUrl\":\"https:\/\/static.africa-press.net\/niger\/sites\/40\/2026\/04\/sm_1777261467.492014.jpg\",\"keywords\":[\"Niger\"],\"articleSection\":[\"Politique\",\"Toutes les actualit\u00e9s\"],\"inLanguage\":\"fr-FR\",\"potentialAction\":[{\"@type\":\"CommentAction\",\"name\":\"Comment\",\"target\":[\"https:\/\/www.africa-press.net\/niger\/politique\/mobilisation-generale-pour-la-paix-a-loudou#respond\"]}]},{\"@type\":\"WebPage\",\"@id\":\"https:\/\/www.africa-press.net\/niger\/politique\/mobilisation-generale-pour-la-paix-a-loudou\",\"url\":\"https:\/\/www.africa-press.net\/niger\/politique\/mobilisation-generale-pour-la-paix-a-loudou\",\"name\":\"Mobilisation G\u00e9n\u00e9rale Pour La Paix \u00c0 Loudou - niger\",\"isPartOf\":{\"@id\":\"https:\/\/www.africa-press.net\/niger\/#website\"},\"primaryImageOfPage\":{\"@id\":\"https:\/\/www.africa-press.net\/niger\/politique\/mobilisation-generale-pour-la-paix-a-loudou#primaryimage\"},\"image\":{\"@id\":\"https:\/\/www.africa-press.net\/niger\/politique\/mobilisation-generale-pour-la-paix-a-loudou#primaryimage\"},\"thumbnailUrl\":\"https:\/\/static.africa-press.net\/niger\/sites\/40\/2026\/04\/sm_1777261467.492014.jpg\",\"datePublished\":\"2026-04-27T07:09:36+00:00\",\"dateModified\":\"2026-04-27T07:14:59+00:00\",\"author\":{\"@id\":\"https:\/\/www.africa-press.net\/niger\/#\/schema\/person\/2b1cf3cd81a31e3cd26889ca66d677f1\"},\"description\":\"La Coordination Re\u0301gionale du Comite\u0301 pour la Paix, la Sauvegarde de la Souverainete\u0301 du Niger (CPASS-Niger) a organise\u0301 ...\",\"breadcrumb\":{\"@id\":\"https:\/\/www.africa-press.net\/niger\/politique\/mobilisation-generale-pour-la-paix-a-loudou#breadcrumb\"},\"inLanguage\":\"fr-FR\",\"potentialAction\":[{\"@type\":\"ReadAction\",\"target\":[\"https:\/\/www.africa-press.net\/niger\/politique\/mobilisation-generale-pour-la-paix-a-loudou\"]}]},{\"@type\":\"ImageObject\",\"inLanguage\":\"fr-FR\",\"@id\":\"https:\/\/www.africa-press.net\/niger\/politique\/mobilisation-generale-pour-la-paix-a-loudou#primaryimage\",\"url\":\"https:\/\/static.africa-press.net\/niger\/sites\/40\/2026\/04\/sm_1777261467.492014.jpg\",\"contentUrl\":\"https:\/\/static.africa-press.net\/niger\/sites\/40\/2026\/04\/sm_1777261467.492014.jpg\",\"width\":1024,\"height\":460,\"caption\":\"Mobilisation G\u00e9n\u00e9rale Pour La Paix \u00c0 Loudou\"},{\"@type\":\"BreadcrumbList\",\"@id\":\"https:\/\/www.africa-press.net\/niger\/politique\/mobilisation-generale-pour-la-paix-a-loudou#breadcrumb\",\"itemListElement\":[{\"@type\":\"ListItem\",\"position\":1,\"name\":\"Accueil\",\"item\":\"https:\/\/www.africa-press.net\/niger\/\"},{\"@type\":\"ListItem\",\"position\":2,\"name\":\"Mobilisation G\u00e9n\u00e9rale Pour La Paix \u00c0 Loudou\"}]},{\"@type\":\"WebSite\",\"@id\":\"https:\/\/www.africa-press.net\/niger\/#website\",\"url\":\"https:\/\/www.africa-press.net\/niger\/\",\"name\":\"niger\",\"description\":\"Just another Africa News Agency Sites site\",\"potentialAction\":[{\"@type\":\"SearchAction\",\"target\":{\"@type\":\"EntryPoint\",\"urlTemplate\":\"https:\/\/www.africa-press.net\/niger\/?s={search_term_string}\"},\"query-input\":{\"@type\":\"PropertyValueSpecification\",\"valueRequired\":true,\"valueName\":\"search_term_string\"}}],\"inLanguage\":\"fr-FR\"},{\"@type\":\"Person\",\"@id\":\"https:\/\/www.africa-press.net\/niger\/#\/schema\/person\/2b1cf3cd81a31e3cd26889ca66d677f1\",\"name\":\"cfeditorfr\"}]}<\/script>\n<!-- \/ Yoast SEO Premium plugin. -->","yoast_head_json":{"title":"Mobilisation G\u00e9n\u00e9rale Pour La Paix \u00c0 Loudou - niger","description":"La Coordination Re\u0301gionale du Comite\u0301 pour la Paix, la Sauvegarde de la Souverainete\u0301 du Niger (CPASS-Niger) a organise\u0301 ...","robots":{"index":"index","follow":"follow","max-snippet":"max-snippet:-1","max-image-preview":"max-image-preview:large","max-video-preview":"max-video-preview:-1"},"canonical":"https:\/\/www.africa-press.net\/niger\/politique\/mobilisation-generale-pour-la-paix-a-loudou","og_locale":"fr_FR","og_type":"article","og_title":"Mobilisation G\u00e9n\u00e9rale Pour La Paix \u00c0 Loudou","og_description":"La Coordination Re\u0301gionale du Comite\u0301 pour la Paix, la Sauvegarde de la Souverainete\u0301 du Niger (CPASS-Niger) a organise\u0301 ...","og_url":"https:\/\/www.africa-press.net\/niger\/politique\/mobilisation-generale-pour-la-paix-a-loudou","og_site_name":"niger","article_published_time":"2026-04-27T07:09:36+00:00","article_modified_time":"2026-04-27T07:14:59+00:00","og_image":[{"width":1024,"height":460,"url":"https:\/\/static.africa-press.net\/niger\/sites\/40\/2026\/04\/sm_1777261467.492014.jpg","type":"image\/jpeg"}],"author":"cfeditorfr","twitter_card":"summary_large_image","twitter_misc":{"\u00c9crit par":"cfeditorfr","Dur\u00e9e de lecture estim\u00e9e":"5 minutes"},"schema":{"@context":"https:\/\/schema.org","@graph":[{"@type":"Article","@id":"https:\/\/www.africa-press.net\/niger\/politique\/mobilisation-generale-pour-la-paix-a-loudou#article","isPartOf":{"@id":"https:\/\/www.africa-press.net\/niger\/politique\/mobilisation-generale-pour-la-paix-a-loudou"},"author":{"name":"cfeditorfr","@id":"https:\/\/www.africa-press.net\/niger\/#\/schema\/person\/2b1cf3cd81a31e3cd26889ca66d677f1"},"headline":"Mobilisation G\u00e9n\u00e9rale Pour La Paix \u00c0 Loudou","datePublished":"2026-04-27T07:09:36+00:00","dateModified":"2026-04-27T07:14:59+00:00","mainEntityOfPage":{"@id":"https:\/\/www.africa-press.net\/niger\/politique\/mobilisation-generale-pour-la-paix-a-loudou"},"wordCount":888,"commentCount":0,"image":{"@id":"https:\/\/www.africa-press.net\/niger\/politique\/mobilisation-generale-pour-la-paix-a-loudou#primaryimage"},"thumbnailUrl":"https:\/\/static.africa-press.net\/niger\/sites\/40\/2026\/04\/sm_1777261467.492014.jpg","keywords":["Niger"],"articleSection":["Politique","Toutes les actualit\u00e9s"],"inLanguage":"fr-FR","potentialAction":[{"@type":"CommentAction","name":"Comment","target":["https:\/\/www.africa-press.net\/niger\/politique\/mobilisation-generale-pour-la-paix-a-loudou#respond"]}]},{"@type":"WebPage","@id":"https:\/\/www.africa-press.net\/niger\/politique\/mobilisation-generale-pour-la-paix-a-loudou","url":"https:\/\/www.africa-press.net\/niger\/politique\/mobilisation-generale-pour-la-paix-a-loudou","name":"Mobilisation G\u00e9n\u00e9rale Pour La Paix \u00c0 Loudou - niger","isPartOf":{"@id":"https:\/\/www.africa-press.net\/niger\/#website"},"primaryImageOfPage":{"@id":"https:\/\/www.africa-press.net\/niger\/politique\/mobilisation-generale-pour-la-paix-a-loudou#primaryimage"},"image":{"@id":"https:\/\/www.africa-press.net\/niger\/politique\/mobilisation-generale-pour-la-paix-a-loudou#primaryimage"},"thumbnailUrl":"https:\/\/static.africa-press.net\/niger\/sites\/40\/2026\/04\/sm_1777261467.492014.jpg","datePublished":"2026-04-27T07:09:36+00:00","dateModified":"2026-04-27T07:14:59+00:00","author":{"@id":"https:\/\/www.africa-press.net\/niger\/#\/schema\/person\/2b1cf3cd81a31e3cd26889ca66d677f1"},"description":"La Coordination Re\u0301gionale du Comite\u0301 pour la Paix, la Sauvegarde de la Souverainete\u0301 du Niger (CPASS-Niger) a organise\u0301 ...","breadcrumb":{"@id":"https:\/\/www.africa-press.net\/niger\/politique\/mobilisation-generale-pour-la-paix-a-loudou#breadcrumb"},"inLanguage":"fr-FR","potentialAction":[{"@type":"ReadAction","target":["https:\/\/www.africa-press.net\/niger\/politique\/mobilisation-generale-pour-la-paix-a-loudou"]}]},{"@type":"ImageObject","inLanguage":"fr-FR","@id":"https:\/\/www.africa-press.net\/niger\/politique\/mobilisation-generale-pour-la-paix-a-loudou#primaryimage","url":"https:\/\/static.africa-press.net\/niger\/sites\/40\/2026\/04\/sm_1777261467.492014.jpg","contentUrl":"https:\/\/static.africa-press.net\/niger\/sites\/40\/2026\/04\/sm_1777261467.492014.jpg","width":1024,"height":460,"caption":"Mobilisation G\u00e9n\u00e9rale Pour La Paix \u00c0 Loudou"},{"@type":"BreadcrumbList","@id":"https:\/\/www.africa-press.net\/niger\/politique\/mobilisation-generale-pour-la-paix-a-loudou#breadcrumb","itemListElement":[{"@type":"ListItem","position":1,"name":"Accueil","item":"https:\/\/www.africa-press.net\/niger\/"},{"@type":"ListItem","position":2,"name":"Mobilisation G\u00e9n\u00e9rale Pour La Paix \u00c0 Loudou"}]},{"@type":"WebSite","@id":"https:\/\/www.africa-press.net\/niger\/#website","url":"https:\/\/www.africa-press.net\/niger\/","name":"niger","description":"Just another Africa News Agency Sites site","potentialAction":[{"@type":"SearchAction","target":{"@type":"EntryPoint","urlTemplate":"https:\/\/www.africa-press.net\/niger\/?s={search_term_string}"},"query-input":{"@type":"PropertyValueSpecification","valueRequired":true,"valueName":"search_term_string"}}],"inLanguage":"fr-FR"},{"@type":"Person","@id":"https:\/\/www.africa-press.net\/niger\/#\/schema\/person\/2b1cf3cd81a31e3cd26889ca66d677f1","name":"cfeditorfr"}]}},"_links":{"self":[{"href":"https:\/\/www.africa-press.net\/niger\/wp-json\/wp\/v2\/posts\/97558","targetHints":{"allow":["GET"]}}],"collection":[{"href":"https:\/\/www.africa-press.net\/niger\/wp-json\/wp\/v2\/posts"}],"about":[{"href":"https:\/\/www.africa-press.net\/niger\/wp-json\/wp\/v2\/types\/post"}],"author":[{"embeddable":true,"href":"https:\/\/www.africa-press.net\/niger\/wp-json\/wp\/v2\/users\/82"}],"replies":[{"embeddable":true,"href":"https:\/\/www.africa-press.net\/niger\/wp-json\/wp\/v2\/comments?post=97558"}],"version-history":[{"count":1,"href":"https:\/\/www.africa-press.net\/niger\/wp-json\/wp\/v2\/posts\/97558\/revisions"}],"predecessor-version":[{"id":97563,"href":"https:\/\/www.africa-press.net\/niger\/wp-json\/wp\/v2\/posts\/97558\/revisions\/97563"}],"wp:featuredmedia":[{"embeddable":true,"href":"https:\/\/www.africa-press.net\/niger\/wp-json\/wp\/v2\/media\/97557"}],"wp:attachment":[{"href":"https:\/\/www.africa-press.net\/niger\/wp-json\/wp\/v2\/media?parent=97558"}],"wp:term":[{"taxonomy":"category","embeddable":true,"href":"https:\/\/www.africa-press.net\/niger\/wp-json\/wp\/v2\/categories?post=97558"},{"taxonomy":"post_tag","embeddable":true,"href":"https:\/\/www.africa-press.net\/niger\/wp-json\/wp\/v2\/tags?post=97558"}],"curies":[{"name":"wp","href":"https:\/\/api.w.org\/{rel}","templated":true}]}}