{"id":97565,"date":"2026-04-27T07:11:16","date_gmt":"2026-04-27T07:11:16","guid":{"rendered":"https:\/\/www.africa-press.net\/niger\/politique\/ministre-de-leducation-appelle-a-lunite-a-dosso"},"modified":"2026-04-27T07:15:48","modified_gmt":"2026-04-27T07:15:48","slug":"ministre-de-leducation-appelle-a-lunite-a-dosso","status":"publish","type":"post","link":"https:\/\/www.africa-press.net\/niger\/culture-et-art\/ministre-de-leducation-appelle-a-lunite-a-dosso","title":{"rendered":"Ministre de l&rsquo;\u00c9ducation Appelle \u00e0 l&rsquo;Unit\u00e9 \u00e0 Dosso"},"content":{"rendered":"<p><span style=\"color: #ff6600\"><strong>Africa-Press &#8211; Niger. <\/strong><\/span>La Ministre de l\u2019E\u0301ducation Nationale, de l\u2019Alphabe\u0301tisation et de la Promotion des Langues, Mme Elisabeth Che\u0301rif a pre\u0301side\u0301, le vendredi 24 avril 2026 a\u0300 Dosso, une rencontre avec les cadres re\u0301gionaux de l\u2019e\u0301ducation, en pre\u0301sence du Gouverneur de la re\u0301gion le colonel-major Bana Alhassane, du Pre\u0301fet du De\u0301partement, des responsables des forces de de\u0301fense et de se\u0301curite\u0301 ainsi que des autorite\u0301s communales.<\/p>\n<p>Mme Elisabeth Che\u0301rif a reconnu les difficulte\u0301s auxquelles fait face le syste\u0300me e\u0301ducatif dans la re\u0301gion qui sont, entre autres, l\u2019insuffisance d\u2019infrastructures, le manque d\u2019enseignants et la menace se\u0301curitaire. Toutefois, elle a releve\u0301 la de\u0301termination et le courage du personnel d\u2019encadrement, affirmant que \u00ab la nation a besoin des enseignants de Dosso \u00bb.<\/p>\n<p>La Ministre en charge de l\u2019e\u0301ducation a insiste\u0301 sur la gestion rigoureuse des ressources alloue\u0301es a\u0300 l\u2019e\u0301ducation. Elle a rappele\u0301 que chaque franc destine\u0301 a\u0300 l\u2019e\u0301cole doit servir a\u0300 la formation des enseignants et a\u0300 l\u2019ame\u0301lioration des conditions d\u2019apprentissage. Entre 2023 et 2025, plus de 3 331 classes ont e\u0301te\u0301 construites, mais \u00ab nous pouvons aller au-dela\u0300 si nous persistons dans une gestion transparente \u00bb, a-t-elle souligne\u0301.<\/p>\n<p>La Ministre Elizabeth a encourage\u0301 la poursuite des efforts pour promouvoir les filie\u0300res scientifiques, indispensables au de\u0301veloppement du pays. Elle a fe\u0301licite\u0301 les e\u0301le\u0300ves du colle\u0300ge scientifique de Niamey, dont plusieurs sont issus de Dosso, pour leurs re\u0301sultats remarquables. Elle a e\u0301galement insiste\u0301 sur l\u2019importance du nume\u0301rique dans la modernisation du syste\u0300me e\u0301ducatif.<\/p>\n<p>La Ministre de l\u2019e\u0301ducation nationale a plaide\u0301 pour une meilleure gestion des bourses destine\u0301es aux filles issues de familles vulne\u0301rables, ainsi que pour la scolarisation des enfants handicape\u0301s. \u00ab Chaque enfant vient avec une mission, y compris ceux vivant avec un handicap. Ils ont besoin de respect et de confiance pour servir la nation \u00bb, a-t-elle affirme\u0301.<\/p>\n<p>Enfin, Mme Elizabeth a rappele\u0301 que l\u2019enseignant est un acteur incontournable de la cohe\u0301sion sociale, capable de transformer une classe en espace d\u2019unite\u0301 nationale. Elle a exhorte\u0301 les encadreurs a\u0300 promouvoir le me\u0301rite, la compe\u0301tence et l\u2019inte\u0301grite\u0301 dans les e\u0301tablissements scolaires.<\/p>\n<p>Le directeur re\u0301gional de l\u2019e\u0301ducation, M. Issa Maidanda a pre\u0301sente\u0301 la situation ge\u0301ne\u0301rale de l\u2019e\u0301cole dans la re\u0301gion. Son expose\u0301 a permis de mettre en lumie\u0300re les progre\u0300s re\u0301alise\u0301s ainsi que les de\u0301fis persistants, notamment en matie\u0300re d\u2019acce\u0300s, de qualite\u0301 des apprentissages et de formation des enseignants. La Ministre a salue\u0301 cette pre\u0301sentation et exprime\u0301 sa satisfaction.<\/p>\n<p>A\u0300 la suite de cette pre\u0301sentation, inspecteurs, conseillers pe\u0301dagogiques, directeurs d\u2019e\u0301coles et repre\u0301sentants des syndicats ont pose\u0301 plusieurs questions et pre\u0301occupations auxquelles la ministre et sa de\u0301le\u0301gation ont apporte\u0301 des re\u0301ponses juge\u0301es satisfaisantes par les participants, renforc\u0327ant ainsi le climat de confiance et de collaboration.<\/p>\n<p>Le Gouverneur de Dosso, le colonel-major BanaAlhassane a salue\u0301 la visite de la ministre, te\u0301moignant de l\u2019engagement des autorite\u0301s locales a\u0300 accompagner les initiatives en faveur d\u2019une e\u0301ducation de qualite\u0301.<\/p>\n<p>Auparavant, le secre\u0301taire ge\u0301ne\u0301ral de la commune urbaine de Dosso, M. Adamou Garba a souhaite\u0301 la bienvenue a\u0300 la de\u0301le\u0301gation ministe\u0301rielle. Il a souligne\u0301 que la pre\u0301sence de la ministre constitue \u00ab un te\u0301moignage e\u0301loquent de l\u2019attention particulie\u0300re que les plus hautes autorite\u0301s accordent au de\u0301veloppement du secteur e\u0301ducatif, pilier fondamental de tout progre\u0300s durable \u00bb. Il a assure\u0301 de la disponibilite\u0301 et de l\u2019engagement des autorite\u0301s communales a\u0300 accompagner toutes les initiatives visant a\u0300 promouvoir une e\u0301ducation de qualite\u0301 pour tous.<\/p>\n<p><strong>Pour plus d&rsquo;informations et d&rsquo;analyses sur la <span style=\"color: #ff6600\">Niger<\/span>, suivez <span style=\"color: #ff6600\">Africa-Press<\/span><\/strong><\/p>\n","protected":false},"excerpt":{"rendered":"<p>Africa-Press &#8211; Niger. La Ministre de l\u2019E\u0301ducation Nationale, de l\u2019Alphabe\u0301tisation et de la Promotion des Langues, Mme Elisabeth Che\u0301rif a pre\u0301side\u0301, le vendredi 24 avril 2026 a\u0300 Dosso, une rencontre avec les cadres re\u0301gionaux de l\u2019e\u0301ducation, en pre\u0301sence du Gouverneur de la re\u0301gion le colonel-major Bana Alhassane, du Pre\u0301fet du De\u0301partement, des responsables des forces [&hellip;]<\/p>\n","protected":false},"author":82,"featured_media":97564,"comment_status":"open","ping_status":"closed","sticky":false,"template":"","format":"standard","meta":{"footnotes":""},"categories":[5,10],"tags":[29],"class_list":["post-97565","post","type-post","status-publish","format-standard","has-post-thumbnail","hentry","category-culture-et-art","category-toutes-les-actualites","tag-niger"],"yoast_head":"<!-- This site is optimized with the Yoast SEO Premium plugin v26.1 (Yoast SEO v27.0) - https:\/\/yoast.com\/product\/yoast-seo-premium-wordpress\/ -->\n<title>Ministre de l&#039;\u00c9ducation Appelle \u00e0 l&#039;Unit\u00e9 \u00e0 Dosso - niger<\/title>\n<meta name=\"description\" content=\"La Ministre de l\u2019E\u0301ducation Nationale, de l\u2019Alphabe\u0301tisation et de la Promotion des Langues, Mme Elisabeth Che\u0301rif a pre ...\" \/>\n<meta name=\"robots\" content=\"index, follow, max-snippet:-1, max-image-preview:large, max-video-preview:-1\" \/>\n<link rel=\"canonical\" href=\"https:\/\/www.africa-press.net\/niger\/culture-et-art\/ministre-de-leducation-appelle-a-lunite-a-dosso\" \/>\n<meta property=\"og:locale\" content=\"fr_FR\" \/>\n<meta property=\"og:type\" content=\"article\" \/>\n<meta property=\"og:title\" content=\"Ministre de l&#039;\u00c9ducation Appelle \u00e0 l&#039;Unit\u00e9 \u00e0 Dosso\" \/>\n<meta property=\"og:description\" content=\"La Ministre de l\u2019E\u0301ducation Nationale, de l\u2019Alphabe\u0301tisation et de la Promotion des Langues, Mme Elisabeth Che\u0301rif a pre ...\" \/>\n<meta property=\"og:url\" content=\"https:\/\/www.africa-press.net\/niger\/culture-et-art\/ministre-de-leducation-appelle-a-lunite-a-dosso\" \/>\n<meta property=\"og:site_name\" content=\"niger\" \/>\n<meta property=\"article:published_time\" content=\"2026-04-27T07:11:16+00:00\" \/>\n<meta property=\"article:modified_time\" content=\"2026-04-27T07:15:48+00:00\" \/>\n<meta property=\"og:image\" content=\"https:\/\/static.africa-press.net\/niger\/sites\/40\/2026\/04\/sm_1777261509.210478.jpg\" \/>\n\t<meta property=\"og:image:width\" content=\"1024\" \/>\n\t<meta property=\"og:image:height\" content=\"576\" \/>\n\t<meta property=\"og:image:type\" content=\"image\/jpeg\" \/>\n<meta name=\"author\" content=\"cfeditorfr\" \/>\n<meta name=\"twitter:card\" content=\"summary_large_image\" \/>\n<meta name=\"twitter:label1\" content=\"\u00c9crit par\" \/>\n\t<meta name=\"twitter:data1\" content=\"cfeditorfr\" \/>\n\t<meta name=\"twitter:label2\" content=\"Dur\u00e9e de lecture estim\u00e9e\" \/>\n\t<meta name=\"twitter:data2\" content=\"3 minutes\" \/>\n<script type=\"application\/ld+json\" class=\"yoast-schema-graph\">{\"@context\":\"https:\/\/schema.org\",\"@graph\":[{\"@type\":\"Article\",\"@id\":\"https:\/\/www.africa-press.net\/niger\/culture-et-art\/ministre-de-leducation-appelle-a-lunite-a-dosso#article\",\"isPartOf\":{\"@id\":\"https:\/\/www.africa-press.net\/niger\/culture-et-art\/ministre-de-leducation-appelle-a-lunite-a-dosso\"},\"author\":{\"name\":\"cfeditorfr\",\"@id\":\"https:\/\/www.africa-press.net\/niger\/#\/schema\/person\/2b1cf3cd81a31e3cd26889ca66d677f1\"},\"headline\":\"Ministre de l&rsquo;\u00c9ducation Appelle \u00e0 l&rsquo;Unit\u00e9 \u00e0 Dosso\",\"datePublished\":\"2026-04-27T07:11:16+00:00\",\"dateModified\":\"2026-04-27T07:15:48+00:00\",\"mainEntityOfPage\":{\"@id\":\"https:\/\/www.africa-press.net\/niger\/culture-et-art\/ministre-de-leducation-appelle-a-lunite-a-dosso\"},\"wordCount\":671,\"commentCount\":0,\"image\":{\"@id\":\"https:\/\/www.africa-press.net\/niger\/culture-et-art\/ministre-de-leducation-appelle-a-lunite-a-dosso#primaryimage\"},\"thumbnailUrl\":\"https:\/\/static.africa-press.net\/niger\/sites\/40\/2026\/04\/sm_1777261509.210478.jpg\",\"keywords\":[\"Niger\"],\"articleSection\":[\"Culture et Art\",\"Toutes les actualit\u00e9s\"],\"inLanguage\":\"fr-FR\",\"potentialAction\":[{\"@type\":\"CommentAction\",\"name\":\"Comment\",\"target\":[\"https:\/\/www.africa-press.net\/niger\/culture-et-art\/ministre-de-leducation-appelle-a-lunite-a-dosso#respond\"]}]},{\"@type\":\"WebPage\",\"@id\":\"https:\/\/www.africa-press.net\/niger\/culture-et-art\/ministre-de-leducation-appelle-a-lunite-a-dosso\",\"url\":\"https:\/\/www.africa-press.net\/niger\/culture-et-art\/ministre-de-leducation-appelle-a-lunite-a-dosso\",\"name\":\"Ministre de l'\u00c9ducation Appelle \u00e0 l'Unit\u00e9 \u00e0 Dosso - niger\",\"isPartOf\":{\"@id\":\"https:\/\/www.africa-press.net\/niger\/#website\"},\"primaryImageOfPage\":{\"@id\":\"https:\/\/www.africa-press.net\/niger\/culture-et-art\/ministre-de-leducation-appelle-a-lunite-a-dosso#primaryimage\"},\"image\":{\"@id\":\"https:\/\/www.africa-press.net\/niger\/culture-et-art\/ministre-de-leducation-appelle-a-lunite-a-dosso#primaryimage\"},\"thumbnailUrl\":\"https:\/\/static.africa-press.net\/niger\/sites\/40\/2026\/04\/sm_1777261509.210478.jpg\",\"datePublished\":\"2026-04-27T07:11:16+00:00\",\"dateModified\":\"2026-04-27T07:15:48+00:00\",\"author\":{\"@id\":\"https:\/\/www.africa-press.net\/niger\/#\/schema\/person\/2b1cf3cd81a31e3cd26889ca66d677f1\"},\"description\":\"La Ministre de l\u2019E\u0301ducation Nationale, de l\u2019Alphabe\u0301tisation et de la Promotion des Langues, Mme Elisabeth Che\u0301rif a pre ...\",\"breadcrumb\":{\"@id\":\"https:\/\/www.africa-press.net\/niger\/culture-et-art\/ministre-de-leducation-appelle-a-lunite-a-dosso#breadcrumb\"},\"inLanguage\":\"fr-FR\",\"potentialAction\":[{\"@type\":\"ReadAction\",\"target\":[\"https:\/\/www.africa-press.net\/niger\/culture-et-art\/ministre-de-leducation-appelle-a-lunite-a-dosso\"]}]},{\"@type\":\"ImageObject\",\"inLanguage\":\"fr-FR\",\"@id\":\"https:\/\/www.africa-press.net\/niger\/culture-et-art\/ministre-de-leducation-appelle-a-lunite-a-dosso#primaryimage\",\"url\":\"https:\/\/static.africa-press.net\/niger\/sites\/40\/2026\/04\/sm_1777261509.210478.jpg\",\"contentUrl\":\"https:\/\/static.africa-press.net\/niger\/sites\/40\/2026\/04\/sm_1777261509.210478.jpg\",\"width\":1024,\"height\":576,\"caption\":\"Ministre de l'\u00c9ducation Appelle \u00e0 l'Unit\u00e9 \u00e0 Dosso\"},{\"@type\":\"BreadcrumbList\",\"@id\":\"https:\/\/www.africa-press.net\/niger\/culture-et-art\/ministre-de-leducation-appelle-a-lunite-a-dosso#breadcrumb\",\"itemListElement\":[{\"@type\":\"ListItem\",\"position\":1,\"name\":\"Accueil\",\"item\":\"https:\/\/www.africa-press.net\/niger\/\"},{\"@type\":\"ListItem\",\"position\":2,\"name\":\"Ministre de l&#8217;\u00c9ducation Appelle \u00e0 l&#8217;Unit\u00e9 \u00e0 Dosso\"}]},{\"@type\":\"WebSite\",\"@id\":\"https:\/\/www.africa-press.net\/niger\/#website\",\"url\":\"https:\/\/www.africa-press.net\/niger\/\",\"name\":\"niger\",\"description\":\"Just another Africa News Agency Sites site\",\"potentialAction\":[{\"@type\":\"SearchAction\",\"target\":{\"@type\":\"EntryPoint\",\"urlTemplate\":\"https:\/\/www.africa-press.net\/niger\/?s={search_term_string}\"},\"query-input\":{\"@type\":\"PropertyValueSpecification\",\"valueRequired\":true,\"valueName\":\"search_term_string\"}}],\"inLanguage\":\"fr-FR\"},{\"@type\":\"Person\",\"@id\":\"https:\/\/www.africa-press.net\/niger\/#\/schema\/person\/2b1cf3cd81a31e3cd26889ca66d677f1\",\"name\":\"cfeditorfr\"}]}<\/script>\n<!-- \/ Yoast SEO Premium plugin. -->","yoast_head_json":{"title":"Ministre de l'\u00c9ducation Appelle \u00e0 l'Unit\u00e9 \u00e0 Dosso - niger","description":"La Ministre de l\u2019E\u0301ducation Nationale, de l\u2019Alphabe\u0301tisation et de la Promotion des Langues, Mme Elisabeth Che\u0301rif a pre ...","robots":{"index":"index","follow":"follow","max-snippet":"max-snippet:-1","max-image-preview":"max-image-preview:large","max-video-preview":"max-video-preview:-1"},"canonical":"https:\/\/www.africa-press.net\/niger\/culture-et-art\/ministre-de-leducation-appelle-a-lunite-a-dosso","og_locale":"fr_FR","og_type":"article","og_title":"Ministre de l'\u00c9ducation Appelle \u00e0 l'Unit\u00e9 \u00e0 Dosso","og_description":"La Ministre de l\u2019E\u0301ducation Nationale, de l\u2019Alphabe\u0301tisation et de la Promotion des Langues, Mme Elisabeth Che\u0301rif a pre ...","og_url":"https:\/\/www.africa-press.net\/niger\/culture-et-art\/ministre-de-leducation-appelle-a-lunite-a-dosso","og_site_name":"niger","article_published_time":"2026-04-27T07:11:16+00:00","article_modified_time":"2026-04-27T07:15:48+00:00","og_image":[{"width":1024,"height":576,"url":"https:\/\/static.africa-press.net\/niger\/sites\/40\/2026\/04\/sm_1777261509.210478.jpg","type":"image\/jpeg"}],"author":"cfeditorfr","twitter_card":"summary_large_image","twitter_misc":{"\u00c9crit par":"cfeditorfr","Dur\u00e9e de lecture estim\u00e9e":"3 minutes"},"schema":{"@context":"https:\/\/schema.org","@graph":[{"@type":"Article","@id":"https:\/\/www.africa-press.net\/niger\/culture-et-art\/ministre-de-leducation-appelle-a-lunite-a-dosso#article","isPartOf":{"@id":"https:\/\/www.africa-press.net\/niger\/culture-et-art\/ministre-de-leducation-appelle-a-lunite-a-dosso"},"author":{"name":"cfeditorfr","@id":"https:\/\/www.africa-press.net\/niger\/#\/schema\/person\/2b1cf3cd81a31e3cd26889ca66d677f1"},"headline":"Ministre de l&rsquo;\u00c9ducation Appelle \u00e0 l&rsquo;Unit\u00e9 \u00e0 Dosso","datePublished":"2026-04-27T07:11:16+00:00","dateModified":"2026-04-27T07:15:48+00:00","mainEntityOfPage":{"@id":"https:\/\/www.africa-press.net\/niger\/culture-et-art\/ministre-de-leducation-appelle-a-lunite-a-dosso"},"wordCount":671,"commentCount":0,"image":{"@id":"https:\/\/www.africa-press.net\/niger\/culture-et-art\/ministre-de-leducation-appelle-a-lunite-a-dosso#primaryimage"},"thumbnailUrl":"https:\/\/static.africa-press.net\/niger\/sites\/40\/2026\/04\/sm_1777261509.210478.jpg","keywords":["Niger"],"articleSection":["Culture et Art","Toutes les actualit\u00e9s"],"inLanguage":"fr-FR","potentialAction":[{"@type":"CommentAction","name":"Comment","target":["https:\/\/www.africa-press.net\/niger\/culture-et-art\/ministre-de-leducation-appelle-a-lunite-a-dosso#respond"]}]},{"@type":"WebPage","@id":"https:\/\/www.africa-press.net\/niger\/culture-et-art\/ministre-de-leducation-appelle-a-lunite-a-dosso","url":"https:\/\/www.africa-press.net\/niger\/culture-et-art\/ministre-de-leducation-appelle-a-lunite-a-dosso","name":"Ministre de l'\u00c9ducation Appelle \u00e0 l'Unit\u00e9 \u00e0 Dosso - niger","isPartOf":{"@id":"https:\/\/www.africa-press.net\/niger\/#website"},"primaryImageOfPage":{"@id":"https:\/\/www.africa-press.net\/niger\/culture-et-art\/ministre-de-leducation-appelle-a-lunite-a-dosso#primaryimage"},"image":{"@id":"https:\/\/www.africa-press.net\/niger\/culture-et-art\/ministre-de-leducation-appelle-a-lunite-a-dosso#primaryimage"},"thumbnailUrl":"https:\/\/static.africa-press.net\/niger\/sites\/40\/2026\/04\/sm_1777261509.210478.jpg","datePublished":"2026-04-27T07:11:16+00:00","dateModified":"2026-04-27T07:15:48+00:00","author":{"@id":"https:\/\/www.africa-press.net\/niger\/#\/schema\/person\/2b1cf3cd81a31e3cd26889ca66d677f1"},"description":"La Ministre de l\u2019E\u0301ducation Nationale, de l\u2019Alphabe\u0301tisation et de la Promotion des Langues, Mme Elisabeth Che\u0301rif a pre ...","breadcrumb":{"@id":"https:\/\/www.africa-press.net\/niger\/culture-et-art\/ministre-de-leducation-appelle-a-lunite-a-dosso#breadcrumb"},"inLanguage":"fr-FR","potentialAction":[{"@type":"ReadAction","target":["https:\/\/www.africa-press.net\/niger\/culture-et-art\/ministre-de-leducation-appelle-a-lunite-a-dosso"]}]},{"@type":"ImageObject","inLanguage":"fr-FR","@id":"https:\/\/www.africa-press.net\/niger\/culture-et-art\/ministre-de-leducation-appelle-a-lunite-a-dosso#primaryimage","url":"https:\/\/static.africa-press.net\/niger\/sites\/40\/2026\/04\/sm_1777261509.210478.jpg","contentUrl":"https:\/\/static.africa-press.net\/niger\/sites\/40\/2026\/04\/sm_1777261509.210478.jpg","width":1024,"height":576,"caption":"Ministre de l'\u00c9ducation Appelle \u00e0 l'Unit\u00e9 \u00e0 Dosso"},{"@type":"BreadcrumbList","@id":"https:\/\/www.africa-press.net\/niger\/culture-et-art\/ministre-de-leducation-appelle-a-lunite-a-dosso#breadcrumb","itemListElement":[{"@type":"ListItem","position":1,"name":"Accueil","item":"https:\/\/www.africa-press.net\/niger\/"},{"@type":"ListItem","position":2,"name":"Ministre de l&#8217;\u00c9ducation Appelle \u00e0 l&#8217;Unit\u00e9 \u00e0 Dosso"}]},{"@type":"WebSite","@id":"https:\/\/www.africa-press.net\/niger\/#website","url":"https:\/\/www.africa-press.net\/niger\/","name":"niger","description":"Just another Africa News Agency Sites site","potentialAction":[{"@type":"SearchAction","target":{"@type":"EntryPoint","urlTemplate":"https:\/\/www.africa-press.net\/niger\/?s={search_term_string}"},"query-input":{"@type":"PropertyValueSpecification","valueRequired":true,"valueName":"search_term_string"}}],"inLanguage":"fr-FR"},{"@type":"Person","@id":"https:\/\/www.africa-press.net\/niger\/#\/schema\/person\/2b1cf3cd81a31e3cd26889ca66d677f1","name":"cfeditorfr"}]}},"_links":{"self":[{"href":"https:\/\/www.africa-press.net\/niger\/wp-json\/wp\/v2\/posts\/97565","targetHints":{"allow":["GET"]}}],"collection":[{"href":"https:\/\/www.africa-press.net\/niger\/wp-json\/wp\/v2\/posts"}],"about":[{"href":"https:\/\/www.africa-press.net\/niger\/wp-json\/wp\/v2\/types\/post"}],"author":[{"embeddable":true,"href":"https:\/\/www.africa-press.net\/niger\/wp-json\/wp\/v2\/users\/82"}],"replies":[{"embeddable":true,"href":"https:\/\/www.africa-press.net\/niger\/wp-json\/wp\/v2\/comments?post=97565"}],"version-history":[{"count":1,"href":"https:\/\/www.africa-press.net\/niger\/wp-json\/wp\/v2\/posts\/97565\/revisions"}],"predecessor-version":[{"id":97568,"href":"https:\/\/www.africa-press.net\/niger\/wp-json\/wp\/v2\/posts\/97565\/revisions\/97568"}],"wp:featuredmedia":[{"embeddable":true,"href":"https:\/\/www.africa-press.net\/niger\/wp-json\/wp\/v2\/media\/97564"}],"wp:attachment":[{"href":"https:\/\/www.africa-press.net\/niger\/wp-json\/wp\/v2\/media?parent=97565"}],"wp:term":[{"taxonomy":"category","embeddable":true,"href":"https:\/\/www.africa-press.net\/niger\/wp-json\/wp\/v2\/categories?post=97565"},{"taxonomy":"post_tag","embeddable":true,"href":"https:\/\/www.africa-press.net\/niger\/wp-json\/wp\/v2\/tags?post=97565"}],"curies":[{"name":"wp","href":"https:\/\/api.w.org\/{rel}","templated":true}]}}