{"id":97590,"date":"2026-04-28T13:45:35","date_gmt":"2026-04-28T13:45:35","guid":{"rendered":"https:\/\/www.africa-press.net\/niger\/politique\/atelier-de-formation-sur-les-systemes-dalerte-precoce"},"modified":"2026-04-28T14:08:40","modified_gmt":"2026-04-28T14:08:40","slug":"atelier-de-formation-sur-les-systemes-dalerte-precoce","status":"publish","type":"post","link":"https:\/\/www.africa-press.net\/niger\/culture-et-art\/atelier-de-formation-sur-les-systemes-dalerte-precoce","title":{"rendered":"Atelier de Formation sur les Syst\u00e8mes d&rsquo;Alerte Pr\u00e9coce"},"content":{"rendered":"<p><span style=\"color: #ff6600\"><strong>Africa-Press &#8211; Niger. <\/strong><\/span>Le Ministe\u0300re de l\u2019Inte\u0301rieur, de la Se\u0301curite\u0301 Publique et de l\u2019Administration du Territoire organise depuis, ce lundi 27 Avril 2026, a\u0300 Niamey, et a\u0300 travers sa Direction Ge\u0301ne\u0301rale de la Protection Civile (DGPC), un atelier technique de formation des formateurs sur la connaissance des risques pour les syste\u0300mes d\u2019alerte pre\u0301coce multi-ale\u0301as (SAP-MR).<\/p>\n<p>Cette initiative vise a\u0300 renforcer la compre\u0301hension des participants, issus de plusieurs de\u0301partements ministe\u0301riels, et tous membres du centre ope\u0301rationnel de veille, d\u2019alerte et de conduite de crise (COVACC), sur les risques, leurs interactions et leurs impacts.<\/p>\n<p>L\u2019organisation de la pre\u0301sente rencontre a eu l\u2019accompagnement technique du Bureau des Nations Unies pour la re\u0301duction des risques de catastrophe (UNDRR).<\/p>\n<p>C\u2019est le Secre\u0301taire Ge\u0301ne\u0301ral Adjoint du Ministe\u0300re en charge de l\u2019inte\u0301rieur M. Abdoulkader Garba Moussa qui a pre\u0301side\u0301 la ce\u0301re\u0301monie d\u2019ouverture, en pre\u0301sence notamment du Directeur Ge\u0301ne\u0301ral de la protection civile le Colonel-major Boubacar Bako, des repre\u0301sentants des partenaires et des responsables des institutions nationales repre\u0301sente\u0301es au sein du COVACC, dont le Directeur Ge\u0301ne\u0301ral de l\u2019Agence Nige\u0301rienne de Presse (ANP) M. Dalatou Malan Maman.<\/p>\n<p>\u00ab Il convient de (&#8230;) souligner que notre pays, a\u0300 l\u2019instar de nombreux autres, est confronte\u0301 a\u0300 une diversite\u0301 de risques naturels et anthropiques qui ont pour noms: inondations, se\u0301cheresses et risques sanitaires. Ces ale\u0301as, souvent impre\u0301visibles et parfois simultane\u0301s, mettent a\u0300 rude e\u0301preuve la re\u0301silience de nos communaute\u0301s et de nos infrastructures \u00bb, a indique\u0301 le secre\u0301taire ge\u0301ne\u0301ral du Ministe\u0300re de l\u2019inte\u0301rieur dans son discours d\u2019ouverture de l\u2019atelier.<\/p>\n<p>Dans un tel contexte, a poursuivi M. Abdoulkader Moussa, le de\u0301veloppement de syste\u0300mes d\u2019alerte pre\u0301coce efficaces, inclusifs et adapte\u0301s constitue une priorite\u0301 absolue.<\/p>\n<p>\u00abMais un syste\u0300me d\u2019alerte performant ne peut exister sans une connaissance approfondie et inte\u0301gre\u0301e des risques\u00bb, a-t-il explique\u0301, justifiant \u00abC\u2019est pre\u0301cise\u0301ment tout l\u2019enjeu de cet atelier qui vise a\u0300 renforcer notre compre\u0301hension des ale\u0301as, leurs interactions et leurs impacts\u00bb.<\/p>\n<p>Selon cet officiel nige\u0301rien, cet atelier, le deuxie\u0300me du genre en une semaine, offre un cadre privile\u0301gie\u0301 pour: renforcer les compe\u0301tences techniques des acteurs nationaux pour les analyser et interpre\u0301ter la connaissance des risques dans un contexte multi-ale\u0301as ; faciliter l\u2019appropriation des outils, cadres me\u0301thodologiques et re\u0301fe\u0301rentiels de l\u2019UNDRR, notamment le Manuel sur l\u2019utilisation de la connaissance du risque pour les SAP multi-ale\u0301as ; et de\u0301velopper les capacite\u0301s des futurs formateurs a\u0300 relier la connaissance des risques aux de\u0301cisions d\u2019alerte et a\u0300 l\u2019action pre\u0301coce, en cohe\u0301rence avec les me\u0301canismes nationaux existants.<\/p>\n<p>Au demeurant, a-t-il laisse\u0301 entendre \u00abje voudrais insister sur un point essentiel: la connaissance multi-ale\u0301as ne doit pas rester the\u0301orique. Elle doit e\u0302tre traduite en actions concre\u0300tes, en outils ope\u0301rationnels et en me\u0301canismes d\u2019alerte accessibles a\u0300 tous, notamment aux communaute\u0301s les plus vulne\u0301rables \u00bb.<\/p>\n<p>Il a en outre fait savoir que le pre\u0301sent atelier de formation des formateurs, consacre\u0301 au renforcement des capacite\u0301s des ressources humaines engage\u0301es dans la pre\u0301vention et la gestion des risques de catastrophes, s\u2019inscrit dans la vision de la gouvernance se\u0301curitaire nationale.<\/p>\n<p>\u00abII permettra de former des compe\u0301tences nationales (&#8230;) dans la connaissance et l\u2019analyse des risques, d\u2019une part, et, d\u2019autre part, sur l\u2019utilisation des outils et re\u0301fe\u0301rentiels du Bureau des Nations Unies pour la re\u0301duction des risques de catastrophes pertinents a\u0300 la re\u0301duction des risques de catastrophes\u00bb , a indique\u0301 l\u2019autorite\u0301 Nige\u0301rienne.<\/p>\n<p>Conc\u0327ue autour de l\u2019objectif fondamental qui vise a\u0300 assurer la se\u0301curite\u0301 des populations contre les catastrophes de toute nature a\u0300 travers des syste\u0300mes d\u2019alertes pre\u0301coces d\u2019ici a\u0300 2027, \u00ab l\u2019initiative mondiale Alerte pre\u0301coce pour tous\u00bb pre\u0301sente, selon lui, un inte\u0301re\u0302t majeur pour les plus hautes autorite\u0301s du pays, au premier rang desquelles, il a cite\u0301 le Pre\u0301sident de la Re\u0301publique, Chef de l\u2019E\u0301tat, le Ge\u0301ne\u0301ral d\u2019Arme\u0301e Abdourahamane Tiani et le Premier ministre, M. Ali Mahamane Lamine Zeine.<\/p>\n<p>\u00abC\u2019est pourquoi, j\u2019invite l\u2019ensemble des participants a\u0300 tirer le meilleur profit des enseignements qui seront dispense\u0301s afin que vous soyez en mesure de transmettre a\u0300 votre tour les connaissances acquises\u00bb, a-t-il conclu.<\/p>\n<p>Intervenant a\u0300 son tour, le Directeur Ge\u0301ne\u0301ral de la Protection Civile, a tout d\u2019abord rappele\u0301 que \u00ab conforme\u0301ment aux instructions du Ge\u0301ne\u0301ral de Division Mohamed Toumba Ministre d\u2019E\u0301tat, Ministre de l\u2019Inte\u0301rieur, de la Se\u0301curite\u0301 publique et de l\u2019Administration du Territoire visant a\u0300 renforcer les capacite\u0301s du personnel interministe\u0301riel qui arme le COVACC, la connaissance des risques a e\u0301te\u0301 identifie\u0301e comme une des capacite\u0301s fondamentales pour assurer les missions \u00bb qui sont de plusieurs ordres.<\/p>\n<p>Parmi celles-ci, le Colonel-major Boubacar Bako a cite\u0301 le fait d\u2019assurer la permanence de l\u2019analyse des risques majeurs identifie\u0301s sur le territoire national, qu\u2019ils soient intentionnels ou accidentels ; d\u2019informer en permanence le Ministre charge\u0301 de la Protection Civile ainsi que les autres ministres concerne\u0301s ou encore d\u2019anticiper, re\u0301agir et suivre l\u2019e\u0301volution des e\u0301ve\u0300nements susceptibles d\u2019affecter durablement la vie collective, en mesure si ne\u0301cessaire, d\u2019engager ou d\u2019anticiper l\u2019envoi de renforts significatifs dans une ou plusieurs re\u0301gions touche\u0301es.<\/p>\n<p>Et, \u00absi ne\u0301cessaire, traiter les e\u0301ve\u0301nements susceptibles d\u2019affecter durablement la vie collective, de fac\u0327on globale en environnement interministe\u0301riel \u00bb, a-t-il ajoute\u0301.<\/p>\n<p>Selon ce haut responsable de la protection civile, \u00abla connaissance des risques, couvre l\u2019analyse des ale\u0301as, l\u2019exposition, la vulne\u0301rabilite\u0301, les impacts potentiels, les pertes et les dommages, ainsi que la gouvernance des donne\u0301es, constitue le Pilier 1 de l\u2019Initiative mondiale \u00ab Alertes pre\u0301coces pour tous \u00bb et du Cadre de Sendai \u00bb.<\/p>\n<p>Aussi, a poursuivi le haut grade\u0301 des Forces Arme\u0301es du Niger (FAN), dans le cadre de l\u2019initiative alerte pre\u0301coce pour tous du Secre\u0301taire Ge\u0301ne\u0301ral des Nations-Unies, le Niger est sur la dynamique du renforcement de ses capacite\u0301s humaines, techniques et mate\u0301rielles pour un syste\u0300me d\u2019alerte pre\u0301coce performant en vue de re\u0301duire significativement l\u2019impact des ale\u0301as sur les enjeux.<\/p>\n<p>\u00ab Ainsi, faut-il le rappeler, l\u2019initiative Early Warnings for All (EW4All), vise a\u0300 garantir que chaque personne soit prote\u0301ge\u0301e par des syste\u0300mes d\u2019alerte pre\u0301coce multirisques d\u2019ici 2027. Et que cette initiative fournit un cadre strate\u0301gique pour renforcer la pre\u0301vention et la re\u0301silience face aux risques climatiques \u00bb, a-t-il rappele\u0301.<\/p>\n<p>Cet atelier ouvert ce lundi 27 Avril devait se poursuivre jusqu\u2019au jeudi 30 avril.<\/p>\n<p><strong>Pour plus d&rsquo;informations et d&rsquo;analyses sur la <span style=\"color: #ff6600\">Niger<\/span>, suivez <span style=\"color: #ff6600\">Africa-Press<\/span><\/strong><\/p>\n","protected":false},"excerpt":{"rendered":"<p>Africa-Press &#8211; Niger. Le Ministe\u0300re de l\u2019Inte\u0301rieur, de la Se\u0301curite\u0301 Publique et de l\u2019Administration du Territoire organise depuis, ce lundi 27 Avril 2026, a\u0300 Niamey, et a\u0300 travers sa Direction Ge\u0301ne\u0301rale de la Protection Civile (DGPC), un atelier technique de formation des formateurs sur la connaissance des risques pour les syste\u0300mes d\u2019alerte pre\u0301coce multi-ale\u0301as (SAP-MR). [&hellip;]<\/p>\n","protected":false},"author":82,"featured_media":97589,"comment_status":"open","ping_status":"closed","sticky":false,"template":"","format":"standard","meta":{"footnotes":""},"categories":[5,10],"tags":[29],"class_list":["post-97590","post","type-post","status-publish","format-standard","has-post-thumbnail","hentry","category-culture-et-art","category-toutes-les-actualites","tag-niger"],"yoast_head":"<!-- This site is optimized with the Yoast SEO Premium plugin v26.1 (Yoast SEO v27.0) - https:\/\/yoast.com\/product\/yoast-seo-premium-wordpress\/ -->\n<title>Atelier de Formation sur les Syst\u00e8mes d&#039;Alerte Pr\u00e9coce - niger<\/title>\n<meta name=\"description\" content=\"Le Ministe\u0300re de l\u2019Inte\u0301rieur, de la Se\u0301curite\u0301 Publique et de l\u2019Administration du Territoire organise depuis, ce lundi ...\" \/>\n<meta name=\"robots\" content=\"index, follow, max-snippet:-1, max-image-preview:large, max-video-preview:-1\" \/>\n<link rel=\"canonical\" href=\"https:\/\/www.africa-press.net\/niger\/culture-et-art\/atelier-de-formation-sur-les-systemes-dalerte-precoce\" \/>\n<meta property=\"og:locale\" content=\"fr_FR\" \/>\n<meta property=\"og:type\" content=\"article\" \/>\n<meta property=\"og:title\" content=\"Atelier de Formation sur les Syst\u00e8mes d&#039;Alerte Pr\u00e9coce\" \/>\n<meta property=\"og:description\" content=\"Le Ministe\u0300re de l\u2019Inte\u0301rieur, de la Se\u0301curite\u0301 Publique et de l\u2019Administration du Territoire organise depuis, ce lundi ...\" \/>\n<meta property=\"og:url\" content=\"https:\/\/www.africa-press.net\/niger\/culture-et-art\/atelier-de-formation-sur-les-systemes-dalerte-precoce\" \/>\n<meta property=\"og:site_name\" content=\"niger\" \/>\n<meta property=\"article:published_time\" content=\"2026-04-28T13:45:35+00:00\" \/>\n<meta property=\"article:modified_time\" content=\"2026-04-28T14:08:40+00:00\" \/>\n<meta property=\"og:image\" content=\"https:\/\/static.africa-press.net\/niger\/sites\/40\/2026\/04\/sm_1777372630.087561.jpg\" \/>\n\t<meta property=\"og:image:width\" content=\"597\" \/>\n\t<meta property=\"og:image:height\" content=\"458\" \/>\n\t<meta property=\"og:image:type\" content=\"image\/jpeg\" \/>\n<meta name=\"author\" content=\"cfeditorfr\" \/>\n<meta name=\"twitter:card\" content=\"summary_large_image\" \/>\n<meta name=\"twitter:label1\" content=\"\u00c9crit par\" \/>\n\t<meta name=\"twitter:data1\" content=\"cfeditorfr\" \/>\n\t<meta name=\"twitter:label2\" content=\"Dur\u00e9e de lecture estim\u00e9e\" \/>\n\t<meta name=\"twitter:data2\" content=\"6 minutes\" \/>\n<script type=\"application\/ld+json\" class=\"yoast-schema-graph\">{\"@context\":\"https:\/\/schema.org\",\"@graph\":[{\"@type\":\"Article\",\"@id\":\"https:\/\/www.africa-press.net\/niger\/culture-et-art\/atelier-de-formation-sur-les-systemes-dalerte-precoce#article\",\"isPartOf\":{\"@id\":\"https:\/\/www.africa-press.net\/niger\/culture-et-art\/atelier-de-formation-sur-les-systemes-dalerte-precoce\"},\"author\":{\"name\":\"cfeditorfr\",\"@id\":\"https:\/\/www.africa-press.net\/niger\/#\/schema\/person\/2b1cf3cd81a31e3cd26889ca66d677f1\"},\"headline\":\"Atelier de Formation sur les Syst\u00e8mes d&rsquo;Alerte Pr\u00e9coce\",\"datePublished\":\"2026-04-28T13:45:35+00:00\",\"dateModified\":\"2026-04-28T14:08:40+00:00\",\"mainEntityOfPage\":{\"@id\":\"https:\/\/www.africa-press.net\/niger\/culture-et-art\/atelier-de-formation-sur-les-systemes-dalerte-precoce\"},\"wordCount\":1208,\"commentCount\":0,\"image\":{\"@id\":\"https:\/\/www.africa-press.net\/niger\/culture-et-art\/atelier-de-formation-sur-les-systemes-dalerte-precoce#primaryimage\"},\"thumbnailUrl\":\"https:\/\/static.africa-press.net\/niger\/sites\/40\/2026\/04\/sm_1777372630.087561.jpg\",\"keywords\":[\"Niger\"],\"articleSection\":[\"Culture et Art\",\"Toutes les actualit\u00e9s\"],\"inLanguage\":\"fr-FR\",\"potentialAction\":[{\"@type\":\"CommentAction\",\"name\":\"Comment\",\"target\":[\"https:\/\/www.africa-press.net\/niger\/culture-et-art\/atelier-de-formation-sur-les-systemes-dalerte-precoce#respond\"]}]},{\"@type\":\"WebPage\",\"@id\":\"https:\/\/www.africa-press.net\/niger\/culture-et-art\/atelier-de-formation-sur-les-systemes-dalerte-precoce\",\"url\":\"https:\/\/www.africa-press.net\/niger\/culture-et-art\/atelier-de-formation-sur-les-systemes-dalerte-precoce\",\"name\":\"Atelier de Formation sur les Syst\u00e8mes d'Alerte Pr\u00e9coce - niger\",\"isPartOf\":{\"@id\":\"https:\/\/www.africa-press.net\/niger\/#website\"},\"primaryImageOfPage\":{\"@id\":\"https:\/\/www.africa-press.net\/niger\/culture-et-art\/atelier-de-formation-sur-les-systemes-dalerte-precoce#primaryimage\"},\"image\":{\"@id\":\"https:\/\/www.africa-press.net\/niger\/culture-et-art\/atelier-de-formation-sur-les-systemes-dalerte-precoce#primaryimage\"},\"thumbnailUrl\":\"https:\/\/static.africa-press.net\/niger\/sites\/40\/2026\/04\/sm_1777372630.087561.jpg\",\"datePublished\":\"2026-04-28T13:45:35+00:00\",\"dateModified\":\"2026-04-28T14:08:40+00:00\",\"author\":{\"@id\":\"https:\/\/www.africa-press.net\/niger\/#\/schema\/person\/2b1cf3cd81a31e3cd26889ca66d677f1\"},\"description\":\"Le Ministe\u0300re de l\u2019Inte\u0301rieur, de la Se\u0301curite\u0301 Publique et de l\u2019Administration du Territoire organise depuis, ce lundi ...\",\"breadcrumb\":{\"@id\":\"https:\/\/www.africa-press.net\/niger\/culture-et-art\/atelier-de-formation-sur-les-systemes-dalerte-precoce#breadcrumb\"},\"inLanguage\":\"fr-FR\",\"potentialAction\":[{\"@type\":\"ReadAction\",\"target\":[\"https:\/\/www.africa-press.net\/niger\/culture-et-art\/atelier-de-formation-sur-les-systemes-dalerte-precoce\"]}]},{\"@type\":\"ImageObject\",\"inLanguage\":\"fr-FR\",\"@id\":\"https:\/\/www.africa-press.net\/niger\/culture-et-art\/atelier-de-formation-sur-les-systemes-dalerte-precoce#primaryimage\",\"url\":\"https:\/\/static.africa-press.net\/niger\/sites\/40\/2026\/04\/sm_1777372630.087561.jpg\",\"contentUrl\":\"https:\/\/static.africa-press.net\/niger\/sites\/40\/2026\/04\/sm_1777372630.087561.jpg\",\"width\":597,\"height\":458,\"caption\":\"Atelier de Formation sur les Syst\u00e8mes d'Alerte Pr\u00e9coce\"},{\"@type\":\"BreadcrumbList\",\"@id\":\"https:\/\/www.africa-press.net\/niger\/culture-et-art\/atelier-de-formation-sur-les-systemes-dalerte-precoce#breadcrumb\",\"itemListElement\":[{\"@type\":\"ListItem\",\"position\":1,\"name\":\"Accueil\",\"item\":\"https:\/\/www.africa-press.net\/niger\/\"},{\"@type\":\"ListItem\",\"position\":2,\"name\":\"Atelier de Formation sur les Syst\u00e8mes d&#8217;Alerte Pr\u00e9coce\"}]},{\"@type\":\"WebSite\",\"@id\":\"https:\/\/www.africa-press.net\/niger\/#website\",\"url\":\"https:\/\/www.africa-press.net\/niger\/\",\"name\":\"niger\",\"description\":\"Just another Africa News Agency Sites site\",\"potentialAction\":[{\"@type\":\"SearchAction\",\"target\":{\"@type\":\"EntryPoint\",\"urlTemplate\":\"https:\/\/www.africa-press.net\/niger\/?s={search_term_string}\"},\"query-input\":{\"@type\":\"PropertyValueSpecification\",\"valueRequired\":true,\"valueName\":\"search_term_string\"}}],\"inLanguage\":\"fr-FR\"},{\"@type\":\"Person\",\"@id\":\"https:\/\/www.africa-press.net\/niger\/#\/schema\/person\/2b1cf3cd81a31e3cd26889ca66d677f1\",\"name\":\"cfeditorfr\"}]}<\/script>\n<!-- \/ Yoast SEO Premium plugin. -->","yoast_head_json":{"title":"Atelier de Formation sur les Syst\u00e8mes d'Alerte Pr\u00e9coce - niger","description":"Le Ministe\u0300re de l\u2019Inte\u0301rieur, de la Se\u0301curite\u0301 Publique et de l\u2019Administration du Territoire organise depuis, ce lundi ...","robots":{"index":"index","follow":"follow","max-snippet":"max-snippet:-1","max-image-preview":"max-image-preview:large","max-video-preview":"max-video-preview:-1"},"canonical":"https:\/\/www.africa-press.net\/niger\/culture-et-art\/atelier-de-formation-sur-les-systemes-dalerte-precoce","og_locale":"fr_FR","og_type":"article","og_title":"Atelier de Formation sur les Syst\u00e8mes d'Alerte Pr\u00e9coce","og_description":"Le Ministe\u0300re de l\u2019Inte\u0301rieur, de la Se\u0301curite\u0301 Publique et de l\u2019Administration du Territoire organise depuis, ce lundi ...","og_url":"https:\/\/www.africa-press.net\/niger\/culture-et-art\/atelier-de-formation-sur-les-systemes-dalerte-precoce","og_site_name":"niger","article_published_time":"2026-04-28T13:45:35+00:00","article_modified_time":"2026-04-28T14:08:40+00:00","og_image":[{"width":597,"height":458,"url":"https:\/\/static.africa-press.net\/niger\/sites\/40\/2026\/04\/sm_1777372630.087561.jpg","type":"image\/jpeg"}],"author":"cfeditorfr","twitter_card":"summary_large_image","twitter_misc":{"\u00c9crit par":"cfeditorfr","Dur\u00e9e de lecture estim\u00e9e":"6 minutes"},"schema":{"@context":"https:\/\/schema.org","@graph":[{"@type":"Article","@id":"https:\/\/www.africa-press.net\/niger\/culture-et-art\/atelier-de-formation-sur-les-systemes-dalerte-precoce#article","isPartOf":{"@id":"https:\/\/www.africa-press.net\/niger\/culture-et-art\/atelier-de-formation-sur-les-systemes-dalerte-precoce"},"author":{"name":"cfeditorfr","@id":"https:\/\/www.africa-press.net\/niger\/#\/schema\/person\/2b1cf3cd81a31e3cd26889ca66d677f1"},"headline":"Atelier de Formation sur les Syst\u00e8mes d&rsquo;Alerte Pr\u00e9coce","datePublished":"2026-04-28T13:45:35+00:00","dateModified":"2026-04-28T14:08:40+00:00","mainEntityOfPage":{"@id":"https:\/\/www.africa-press.net\/niger\/culture-et-art\/atelier-de-formation-sur-les-systemes-dalerte-precoce"},"wordCount":1208,"commentCount":0,"image":{"@id":"https:\/\/www.africa-press.net\/niger\/culture-et-art\/atelier-de-formation-sur-les-systemes-dalerte-precoce#primaryimage"},"thumbnailUrl":"https:\/\/static.africa-press.net\/niger\/sites\/40\/2026\/04\/sm_1777372630.087561.jpg","keywords":["Niger"],"articleSection":["Culture et Art","Toutes les actualit\u00e9s"],"inLanguage":"fr-FR","potentialAction":[{"@type":"CommentAction","name":"Comment","target":["https:\/\/www.africa-press.net\/niger\/culture-et-art\/atelier-de-formation-sur-les-systemes-dalerte-precoce#respond"]}]},{"@type":"WebPage","@id":"https:\/\/www.africa-press.net\/niger\/culture-et-art\/atelier-de-formation-sur-les-systemes-dalerte-precoce","url":"https:\/\/www.africa-press.net\/niger\/culture-et-art\/atelier-de-formation-sur-les-systemes-dalerte-precoce","name":"Atelier de Formation sur les Syst\u00e8mes d'Alerte Pr\u00e9coce - niger","isPartOf":{"@id":"https:\/\/www.africa-press.net\/niger\/#website"},"primaryImageOfPage":{"@id":"https:\/\/www.africa-press.net\/niger\/culture-et-art\/atelier-de-formation-sur-les-systemes-dalerte-precoce#primaryimage"},"image":{"@id":"https:\/\/www.africa-press.net\/niger\/culture-et-art\/atelier-de-formation-sur-les-systemes-dalerte-precoce#primaryimage"},"thumbnailUrl":"https:\/\/static.africa-press.net\/niger\/sites\/40\/2026\/04\/sm_1777372630.087561.jpg","datePublished":"2026-04-28T13:45:35+00:00","dateModified":"2026-04-28T14:08:40+00:00","author":{"@id":"https:\/\/www.africa-press.net\/niger\/#\/schema\/person\/2b1cf3cd81a31e3cd26889ca66d677f1"},"description":"Le Ministe\u0300re de l\u2019Inte\u0301rieur, de la Se\u0301curite\u0301 Publique et de l\u2019Administration du Territoire organise depuis, ce lundi ...","breadcrumb":{"@id":"https:\/\/www.africa-press.net\/niger\/culture-et-art\/atelier-de-formation-sur-les-systemes-dalerte-precoce#breadcrumb"},"inLanguage":"fr-FR","potentialAction":[{"@type":"ReadAction","target":["https:\/\/www.africa-press.net\/niger\/culture-et-art\/atelier-de-formation-sur-les-systemes-dalerte-precoce"]}]},{"@type":"ImageObject","inLanguage":"fr-FR","@id":"https:\/\/www.africa-press.net\/niger\/culture-et-art\/atelier-de-formation-sur-les-systemes-dalerte-precoce#primaryimage","url":"https:\/\/static.africa-press.net\/niger\/sites\/40\/2026\/04\/sm_1777372630.087561.jpg","contentUrl":"https:\/\/static.africa-press.net\/niger\/sites\/40\/2026\/04\/sm_1777372630.087561.jpg","width":597,"height":458,"caption":"Atelier de Formation sur les Syst\u00e8mes d'Alerte Pr\u00e9coce"},{"@type":"BreadcrumbList","@id":"https:\/\/www.africa-press.net\/niger\/culture-et-art\/atelier-de-formation-sur-les-systemes-dalerte-precoce#breadcrumb","itemListElement":[{"@type":"ListItem","position":1,"name":"Accueil","item":"https:\/\/www.africa-press.net\/niger\/"},{"@type":"ListItem","position":2,"name":"Atelier de Formation sur les Syst\u00e8mes d&#8217;Alerte Pr\u00e9coce"}]},{"@type":"WebSite","@id":"https:\/\/www.africa-press.net\/niger\/#website","url":"https:\/\/www.africa-press.net\/niger\/","name":"niger","description":"Just another Africa News Agency Sites site","potentialAction":[{"@type":"SearchAction","target":{"@type":"EntryPoint","urlTemplate":"https:\/\/www.africa-press.net\/niger\/?s={search_term_string}"},"query-input":{"@type":"PropertyValueSpecification","valueRequired":true,"valueName":"search_term_string"}}],"inLanguage":"fr-FR"},{"@type":"Person","@id":"https:\/\/www.africa-press.net\/niger\/#\/schema\/person\/2b1cf3cd81a31e3cd26889ca66d677f1","name":"cfeditorfr"}]}},"_links":{"self":[{"href":"https:\/\/www.africa-press.net\/niger\/wp-json\/wp\/v2\/posts\/97590","targetHints":{"allow":["GET"]}}],"collection":[{"href":"https:\/\/www.africa-press.net\/niger\/wp-json\/wp\/v2\/posts"}],"about":[{"href":"https:\/\/www.africa-press.net\/niger\/wp-json\/wp\/v2\/types\/post"}],"author":[{"embeddable":true,"href":"https:\/\/www.africa-press.net\/niger\/wp-json\/wp\/v2\/users\/82"}],"replies":[{"embeddable":true,"href":"https:\/\/www.africa-press.net\/niger\/wp-json\/wp\/v2\/comments?post=97590"}],"version-history":[{"count":1,"href":"https:\/\/www.africa-press.net\/niger\/wp-json\/wp\/v2\/posts\/97590\/revisions"}],"predecessor-version":[{"id":97596,"href":"https:\/\/www.africa-press.net\/niger\/wp-json\/wp\/v2\/posts\/97590\/revisions\/97596"}],"wp:featuredmedia":[{"embeddable":true,"href":"https:\/\/www.africa-press.net\/niger\/wp-json\/wp\/v2\/media\/97589"}],"wp:attachment":[{"href":"https:\/\/www.africa-press.net\/niger\/wp-json\/wp\/v2\/media?parent=97590"}],"wp:term":[{"taxonomy":"category","embeddable":true,"href":"https:\/\/www.africa-press.net\/niger\/wp-json\/wp\/v2\/categories?post=97590"},{"taxonomy":"post_tag","embeddable":true,"href":"https:\/\/www.africa-press.net\/niger\/wp-json\/wp\/v2\/tags?post=97590"}],"curies":[{"name":"wp","href":"https:\/\/api.w.org\/{rel}","templated":true}]}}