{"id":97594,"date":"2026-04-28T13:46:47","date_gmt":"2026-04-28T13:46:47","guid":{"rendered":"https:\/\/www.africa-press.net\/niger\/politique\/agadez-relance-du-programme-dinvestissement-territorial"},"modified":"2026-04-28T14:09:30","modified_gmt":"2026-04-28T14:09:30","slug":"agadez-relance-du-programme-dinvestissement-territorial","status":"publish","type":"post","link":"https:\/\/www.africa-press.net\/niger\/economie\/agadez-relance-du-programme-dinvestissement-territorial","title":{"rendered":"Agadez Relance du Programme d&rsquo;Investissement Territorial"},"content":{"rendered":"<p><span style=\"color: #ff6600\"><strong>Africa-Press &#8211; Niger. <\/strong><\/span>Le Gouverneur de la Re\u0301gion d\u2019Agadez, le Ge\u0301ne\u0301ral de Division Ibra Boulama Issa a pre\u0301side\u0301, ce lundi 27 Avril 2026 a\u0300 la Maison des Jeunes et de la culture Laya d\u2019Agadez, la ce\u0301re\u0301monie d\u2019ouverture de l\u2019atelier re\u0301gional de rede\u0301marrage du Programme d\u2019Investissement et de Capacitation des Collectivite\u0301s Territoriales (PICCT) III &amp; IV.<\/p>\n<p>Pour le Gouverneur de la Re\u0301gion d\u2019Agadez, <b>\u00ab <\/b>cette rencontre te\u0301moigne de l\u2019engagement des autorite\u0301s et des partenaires a\u0300 renforcer les me\u0301canismes de coordination et de pilotage des programmes structurants en faveur de nos collectivite\u0301s territoriales et cet engagement prend tout son sens dans le contexte de la refondation marque\u0301 par des de\u0301fis multiples, qui exigent des re\u0301ponses adapte\u0301es, concerte\u0301es et durables \u00bb.<\/p>\n<p>Apre\u0300s avoir fait remarquer que la Re\u0301gion d\u2019Agadez, caracte\u0301rise\u0301e par son vaste territoire et son enclavement, fait face a\u0300 des contraintes importantes en matie\u0300re d\u2019acce\u0300s aux services de base et de de\u0301veloppement des infrastructures, le Ge\u0301ne\u0301ral Ibra Boulama Issa a de\u0301clare\u0301 que \u00ab le renforcement de la planification territoriale et des investissements locaux constitue donc un enjeu majeur pour son de\u0301veloppement e\u0301quilibre\u0301 \u00bb.<\/p>\n<p>Pour lui, \u00ab la mise en \u0153uvre du PICCT Phases 3 et 4 s\u2019inscrit parfaitement dans la droite ligne des orientations du Programme de la Refondation de la Re\u0301publique (PRR), qui est au c\u0153ur de l\u2019action gouvernementale, et impulse\u0301 par les plus hautes autorite\u0301s de notre pays, sous la vision patriotique de Son Excellence, le Ge\u0301ne\u0301ral d\u2019Arme\u0301e ABDOURAHAMANE TIANI, Pre\u0301sident de la Re\u0301publique, Chef de l\u2019Etat, avec l\u2019accompagnement de Son Excellence Monsieur MAHAMAN ALI LAMINE ZEINE, Premier Ministre \u00bb.<\/p>\n<p>Notons que le PICCT concerne l\u2019ensemble des 15 communes de la Re\u0301gion, qui sont au c\u0153ur de la mise en \u0153uvre du programme et repre\u0301sentent les principaux acteurs du de\u0301veloppement local avec notamment une re\u0301duction des ine\u0301galite\u0301s territoriales.<\/p>\n<p>Aussi, le Gouverneur Boulama a-t-il invite\u0301 l\u2019ensemble des participants a\u0300 faire preuve d\u2019engagement, de responsabilite\u0301 et d\u2019esprit de collaboration afin que les recommandations issues de cet atelier contribuent concre\u0300tement a\u0300 l\u2019ame\u0301lioration des conditions de vie des populations de cette re\u0301gion du Niger.<br \/>\n<b> <\/b><\/p>\n<p><strong>Pour plus d&rsquo;informations et d&rsquo;analyses sur la <span style=\"color: #ff6600\">Niger<\/span>, suivez <span style=\"color: #ff6600\">Africa-Press<\/span><\/strong><\/p>\n","protected":false},"excerpt":{"rendered":"<p>Africa-Press &#8211; Niger. Le Gouverneur de la Re\u0301gion d\u2019Agadez, le Ge\u0301ne\u0301ral de Division Ibra Boulama Issa a pre\u0301side\u0301, ce lundi 27 Avril 2026 a\u0300 la Maison des Jeunes et de la culture Laya d\u2019Agadez, la ce\u0301re\u0301monie d\u2019ouverture de l\u2019atelier re\u0301gional de rede\u0301marrage du Programme d\u2019Investissement et de Capacitation des Collectivite\u0301s Territoriales (PICCT) III &amp; IV. [&hellip;]<\/p>\n","protected":false},"author":82,"featured_media":97593,"comment_status":"open","ping_status":"closed","sticky":false,"template":"","format":"standard","meta":{"footnotes":""},"categories":[3,10],"tags":[29],"class_list":["post-97594","post","type-post","status-publish","format-standard","has-post-thumbnail","hentry","category-economie","category-toutes-les-actualites","tag-niger"],"yoast_head":"<!-- This site is optimized with the Yoast SEO Premium plugin v26.1 (Yoast SEO v27.0) - https:\/\/yoast.com\/product\/yoast-seo-premium-wordpress\/ -->\n<title>Agadez Relance du Programme d&#039;Investissement Territorial - niger<\/title>\n<meta name=\"description\" content=\"Le Gouverneur de la Re\u0301gion d\u2019Agadez, le Ge\u0301ne\u0301ral de Division Ibra Boulama Issa a pre\u0301side\u0301, ce lundi 27 Avril 2026 a\u0300 ...\" \/>\n<meta name=\"robots\" content=\"index, follow, max-snippet:-1, max-image-preview:large, max-video-preview:-1\" \/>\n<link rel=\"canonical\" href=\"https:\/\/www.africa-press.net\/niger\/economie\/agadez-relance-du-programme-dinvestissement-territorial\" \/>\n<meta property=\"og:locale\" content=\"fr_FR\" \/>\n<meta property=\"og:type\" content=\"article\" \/>\n<meta property=\"og:title\" content=\"Agadez Relance du Programme d&#039;Investissement Territorial\" \/>\n<meta property=\"og:description\" content=\"Le Gouverneur de la Re\u0301gion d\u2019Agadez, le Ge\u0301ne\u0301ral de Division Ibra Boulama Issa a pre\u0301side\u0301, ce lundi 27 Avril 2026 a\u0300 ...\" \/>\n<meta property=\"og:url\" content=\"https:\/\/www.africa-press.net\/niger\/economie\/agadez-relance-du-programme-dinvestissement-territorial\" \/>\n<meta property=\"og:site_name\" content=\"niger\" \/>\n<meta property=\"article:published_time\" content=\"2026-04-28T13:46:47+00:00\" \/>\n<meta property=\"article:modified_time\" content=\"2026-04-28T14:09:30+00:00\" \/>\n<meta property=\"og:image\" content=\"https:\/\/static.africa-press.net\/niger\/sites\/40\/2026\/04\/sm_1777372656.519815.jpg\" \/>\n\t<meta property=\"og:image:width\" content=\"588\" \/>\n\t<meta property=\"og:image:height\" content=\"438\" \/>\n\t<meta property=\"og:image:type\" content=\"image\/jpeg\" \/>\n<meta name=\"author\" content=\"cfeditorfr\" \/>\n<meta name=\"twitter:card\" content=\"summary_large_image\" \/>\n<meta name=\"twitter:label1\" content=\"\u00c9crit par\" \/>\n\t<meta name=\"twitter:data1\" content=\"cfeditorfr\" \/>\n\t<meta name=\"twitter:label2\" content=\"Dur\u00e9e de lecture estim\u00e9e\" \/>\n\t<meta name=\"twitter:data2\" content=\"2 minutes\" \/>\n<script type=\"application\/ld+json\" class=\"yoast-schema-graph\">{\"@context\":\"https:\/\/schema.org\",\"@graph\":[{\"@type\":\"Article\",\"@id\":\"https:\/\/www.africa-press.net\/niger\/economie\/agadez-relance-du-programme-dinvestissement-territorial#article\",\"isPartOf\":{\"@id\":\"https:\/\/www.africa-press.net\/niger\/economie\/agadez-relance-du-programme-dinvestissement-territorial\"},\"author\":{\"name\":\"cfeditorfr\",\"@id\":\"https:\/\/www.africa-press.net\/niger\/#\/schema\/person\/2b1cf3cd81a31e3cd26889ca66d677f1\"},\"headline\":\"Agadez Relance du Programme d&rsquo;Investissement Territorial\",\"datePublished\":\"2026-04-28T13:46:47+00:00\",\"dateModified\":\"2026-04-28T14:09:30+00:00\",\"mainEntityOfPage\":{\"@id\":\"https:\/\/www.africa-press.net\/niger\/economie\/agadez-relance-du-programme-dinvestissement-territorial\"},\"wordCount\":415,\"commentCount\":0,\"image\":{\"@id\":\"https:\/\/www.africa-press.net\/niger\/economie\/agadez-relance-du-programme-dinvestissement-territorial#primaryimage\"},\"thumbnailUrl\":\"https:\/\/static.africa-press.net\/niger\/sites\/40\/2026\/04\/sm_1777372656.519815.jpg\",\"keywords\":[\"Niger\"],\"articleSection\":[\"\u00c9conomie\",\"Toutes les actualit\u00e9s\"],\"inLanguage\":\"fr-FR\",\"potentialAction\":[{\"@type\":\"CommentAction\",\"name\":\"Comment\",\"target\":[\"https:\/\/www.africa-press.net\/niger\/economie\/agadez-relance-du-programme-dinvestissement-territorial#respond\"]}]},{\"@type\":\"WebPage\",\"@id\":\"https:\/\/www.africa-press.net\/niger\/economie\/agadez-relance-du-programme-dinvestissement-territorial\",\"url\":\"https:\/\/www.africa-press.net\/niger\/economie\/agadez-relance-du-programme-dinvestissement-territorial\",\"name\":\"Agadez Relance du Programme d'Investissement Territorial - niger\",\"isPartOf\":{\"@id\":\"https:\/\/www.africa-press.net\/niger\/#website\"},\"primaryImageOfPage\":{\"@id\":\"https:\/\/www.africa-press.net\/niger\/economie\/agadez-relance-du-programme-dinvestissement-territorial#primaryimage\"},\"image\":{\"@id\":\"https:\/\/www.africa-press.net\/niger\/economie\/agadez-relance-du-programme-dinvestissement-territorial#primaryimage\"},\"thumbnailUrl\":\"https:\/\/static.africa-press.net\/niger\/sites\/40\/2026\/04\/sm_1777372656.519815.jpg\",\"datePublished\":\"2026-04-28T13:46:47+00:00\",\"dateModified\":\"2026-04-28T14:09:30+00:00\",\"author\":{\"@id\":\"https:\/\/www.africa-press.net\/niger\/#\/schema\/person\/2b1cf3cd81a31e3cd26889ca66d677f1\"},\"description\":\"Le Gouverneur de la Re\u0301gion d\u2019Agadez, le Ge\u0301ne\u0301ral de Division Ibra Boulama Issa a pre\u0301side\u0301, ce lundi 27 Avril 2026 a\u0300 ...\",\"breadcrumb\":{\"@id\":\"https:\/\/www.africa-press.net\/niger\/economie\/agadez-relance-du-programme-dinvestissement-territorial#breadcrumb\"},\"inLanguage\":\"fr-FR\",\"potentialAction\":[{\"@type\":\"ReadAction\",\"target\":[\"https:\/\/www.africa-press.net\/niger\/economie\/agadez-relance-du-programme-dinvestissement-territorial\"]}]},{\"@type\":\"ImageObject\",\"inLanguage\":\"fr-FR\",\"@id\":\"https:\/\/www.africa-press.net\/niger\/economie\/agadez-relance-du-programme-dinvestissement-territorial#primaryimage\",\"url\":\"https:\/\/static.africa-press.net\/niger\/sites\/40\/2026\/04\/sm_1777372656.519815.jpg\",\"contentUrl\":\"https:\/\/static.africa-press.net\/niger\/sites\/40\/2026\/04\/sm_1777372656.519815.jpg\",\"width\":588,\"height\":438,\"caption\":\"Agadez Relance du Programme d'Investissement Territorial\"},{\"@type\":\"BreadcrumbList\",\"@id\":\"https:\/\/www.africa-press.net\/niger\/economie\/agadez-relance-du-programme-dinvestissement-territorial#breadcrumb\",\"itemListElement\":[{\"@type\":\"ListItem\",\"position\":1,\"name\":\"Accueil\",\"item\":\"https:\/\/www.africa-press.net\/niger\/\"},{\"@type\":\"ListItem\",\"position\":2,\"name\":\"Agadez Relance du Programme d&#8217;Investissement Territorial\"}]},{\"@type\":\"WebSite\",\"@id\":\"https:\/\/www.africa-press.net\/niger\/#website\",\"url\":\"https:\/\/www.africa-press.net\/niger\/\",\"name\":\"niger\",\"description\":\"Just another Africa News Agency Sites site\",\"potentialAction\":[{\"@type\":\"SearchAction\",\"target\":{\"@type\":\"EntryPoint\",\"urlTemplate\":\"https:\/\/www.africa-press.net\/niger\/?s={search_term_string}\"},\"query-input\":{\"@type\":\"PropertyValueSpecification\",\"valueRequired\":true,\"valueName\":\"search_term_string\"}}],\"inLanguage\":\"fr-FR\"},{\"@type\":\"Person\",\"@id\":\"https:\/\/www.africa-press.net\/niger\/#\/schema\/person\/2b1cf3cd81a31e3cd26889ca66d677f1\",\"name\":\"cfeditorfr\"}]}<\/script>\n<!-- \/ Yoast SEO Premium plugin. -->","yoast_head_json":{"title":"Agadez Relance du Programme d'Investissement Territorial - niger","description":"Le Gouverneur de la Re\u0301gion d\u2019Agadez, le Ge\u0301ne\u0301ral de Division Ibra Boulama Issa a pre\u0301side\u0301, ce lundi 27 Avril 2026 a\u0300 ...","robots":{"index":"index","follow":"follow","max-snippet":"max-snippet:-1","max-image-preview":"max-image-preview:large","max-video-preview":"max-video-preview:-1"},"canonical":"https:\/\/www.africa-press.net\/niger\/economie\/agadez-relance-du-programme-dinvestissement-territorial","og_locale":"fr_FR","og_type":"article","og_title":"Agadez Relance du Programme d'Investissement Territorial","og_description":"Le Gouverneur de la Re\u0301gion d\u2019Agadez, le Ge\u0301ne\u0301ral de Division Ibra Boulama Issa a pre\u0301side\u0301, ce lundi 27 Avril 2026 a\u0300 ...","og_url":"https:\/\/www.africa-press.net\/niger\/economie\/agadez-relance-du-programme-dinvestissement-territorial","og_site_name":"niger","article_published_time":"2026-04-28T13:46:47+00:00","article_modified_time":"2026-04-28T14:09:30+00:00","og_image":[{"width":588,"height":438,"url":"https:\/\/static.africa-press.net\/niger\/sites\/40\/2026\/04\/sm_1777372656.519815.jpg","type":"image\/jpeg"}],"author":"cfeditorfr","twitter_card":"summary_large_image","twitter_misc":{"\u00c9crit par":"cfeditorfr","Dur\u00e9e de lecture estim\u00e9e":"2 minutes"},"schema":{"@context":"https:\/\/schema.org","@graph":[{"@type":"Article","@id":"https:\/\/www.africa-press.net\/niger\/economie\/agadez-relance-du-programme-dinvestissement-territorial#article","isPartOf":{"@id":"https:\/\/www.africa-press.net\/niger\/economie\/agadez-relance-du-programme-dinvestissement-territorial"},"author":{"name":"cfeditorfr","@id":"https:\/\/www.africa-press.net\/niger\/#\/schema\/person\/2b1cf3cd81a31e3cd26889ca66d677f1"},"headline":"Agadez Relance du Programme d&rsquo;Investissement Territorial","datePublished":"2026-04-28T13:46:47+00:00","dateModified":"2026-04-28T14:09:30+00:00","mainEntityOfPage":{"@id":"https:\/\/www.africa-press.net\/niger\/economie\/agadez-relance-du-programme-dinvestissement-territorial"},"wordCount":415,"commentCount":0,"image":{"@id":"https:\/\/www.africa-press.net\/niger\/economie\/agadez-relance-du-programme-dinvestissement-territorial#primaryimage"},"thumbnailUrl":"https:\/\/static.africa-press.net\/niger\/sites\/40\/2026\/04\/sm_1777372656.519815.jpg","keywords":["Niger"],"articleSection":["\u00c9conomie","Toutes les actualit\u00e9s"],"inLanguage":"fr-FR","potentialAction":[{"@type":"CommentAction","name":"Comment","target":["https:\/\/www.africa-press.net\/niger\/economie\/agadez-relance-du-programme-dinvestissement-territorial#respond"]}]},{"@type":"WebPage","@id":"https:\/\/www.africa-press.net\/niger\/economie\/agadez-relance-du-programme-dinvestissement-territorial","url":"https:\/\/www.africa-press.net\/niger\/economie\/agadez-relance-du-programme-dinvestissement-territorial","name":"Agadez Relance du Programme d'Investissement Territorial - niger","isPartOf":{"@id":"https:\/\/www.africa-press.net\/niger\/#website"},"primaryImageOfPage":{"@id":"https:\/\/www.africa-press.net\/niger\/economie\/agadez-relance-du-programme-dinvestissement-territorial#primaryimage"},"image":{"@id":"https:\/\/www.africa-press.net\/niger\/economie\/agadez-relance-du-programme-dinvestissement-territorial#primaryimage"},"thumbnailUrl":"https:\/\/static.africa-press.net\/niger\/sites\/40\/2026\/04\/sm_1777372656.519815.jpg","datePublished":"2026-04-28T13:46:47+00:00","dateModified":"2026-04-28T14:09:30+00:00","author":{"@id":"https:\/\/www.africa-press.net\/niger\/#\/schema\/person\/2b1cf3cd81a31e3cd26889ca66d677f1"},"description":"Le Gouverneur de la Re\u0301gion d\u2019Agadez, le Ge\u0301ne\u0301ral de Division Ibra Boulama Issa a pre\u0301side\u0301, ce lundi 27 Avril 2026 a\u0300 ...","breadcrumb":{"@id":"https:\/\/www.africa-press.net\/niger\/economie\/agadez-relance-du-programme-dinvestissement-territorial#breadcrumb"},"inLanguage":"fr-FR","potentialAction":[{"@type":"ReadAction","target":["https:\/\/www.africa-press.net\/niger\/economie\/agadez-relance-du-programme-dinvestissement-territorial"]}]},{"@type":"ImageObject","inLanguage":"fr-FR","@id":"https:\/\/www.africa-press.net\/niger\/economie\/agadez-relance-du-programme-dinvestissement-territorial#primaryimage","url":"https:\/\/static.africa-press.net\/niger\/sites\/40\/2026\/04\/sm_1777372656.519815.jpg","contentUrl":"https:\/\/static.africa-press.net\/niger\/sites\/40\/2026\/04\/sm_1777372656.519815.jpg","width":588,"height":438,"caption":"Agadez Relance du Programme d'Investissement Territorial"},{"@type":"BreadcrumbList","@id":"https:\/\/www.africa-press.net\/niger\/economie\/agadez-relance-du-programme-dinvestissement-territorial#breadcrumb","itemListElement":[{"@type":"ListItem","position":1,"name":"Accueil","item":"https:\/\/www.africa-press.net\/niger\/"},{"@type":"ListItem","position":2,"name":"Agadez Relance du Programme d&#8217;Investissement Territorial"}]},{"@type":"WebSite","@id":"https:\/\/www.africa-press.net\/niger\/#website","url":"https:\/\/www.africa-press.net\/niger\/","name":"niger","description":"Just another Africa News Agency Sites site","potentialAction":[{"@type":"SearchAction","target":{"@type":"EntryPoint","urlTemplate":"https:\/\/www.africa-press.net\/niger\/?s={search_term_string}"},"query-input":{"@type":"PropertyValueSpecification","valueRequired":true,"valueName":"search_term_string"}}],"inLanguage":"fr-FR"},{"@type":"Person","@id":"https:\/\/www.africa-press.net\/niger\/#\/schema\/person\/2b1cf3cd81a31e3cd26889ca66d677f1","name":"cfeditorfr"}]}},"_links":{"self":[{"href":"https:\/\/www.africa-press.net\/niger\/wp-json\/wp\/v2\/posts\/97594","targetHints":{"allow":["GET"]}}],"collection":[{"href":"https:\/\/www.africa-press.net\/niger\/wp-json\/wp\/v2\/posts"}],"about":[{"href":"https:\/\/www.africa-press.net\/niger\/wp-json\/wp\/v2\/types\/post"}],"author":[{"embeddable":true,"href":"https:\/\/www.africa-press.net\/niger\/wp-json\/wp\/v2\/users\/82"}],"replies":[{"embeddable":true,"href":"https:\/\/www.africa-press.net\/niger\/wp-json\/wp\/v2\/comments?post=97594"}],"version-history":[{"count":1,"href":"https:\/\/www.africa-press.net\/niger\/wp-json\/wp\/v2\/posts\/97594\/revisions"}],"predecessor-version":[{"id":97599,"href":"https:\/\/www.africa-press.net\/niger\/wp-json\/wp\/v2\/posts\/97594\/revisions\/97599"}],"wp:featuredmedia":[{"embeddable":true,"href":"https:\/\/www.africa-press.net\/niger\/wp-json\/wp\/v2\/media\/97593"}],"wp:attachment":[{"href":"https:\/\/www.africa-press.net\/niger\/wp-json\/wp\/v2\/media?parent=97594"}],"wp:term":[{"taxonomy":"category","embeddable":true,"href":"https:\/\/www.africa-press.net\/niger\/wp-json\/wp\/v2\/categories?post=97594"},{"taxonomy":"post_tag","embeddable":true,"href":"https:\/\/www.africa-press.net\/niger\/wp-json\/wp\/v2\/tags?post=97594"}],"curies":[{"name":"wp","href":"https:\/\/api.w.org\/{rel}","templated":true}]}}