{"id":97597,"date":"2026-04-28T13:48:00","date_gmt":"2026-04-28T13:48:00","guid":{"rendered":"https:\/\/www.africa-press.net\/niger\/politique\/lancement-de-linitiative-une-semaine-une-ecole"},"modified":"2026-04-28T14:10:08","modified_gmt":"2026-04-28T14:10:08","slug":"lancement-de-linitiative-une-semaine-une-ecole","status":"publish","type":"post","link":"https:\/\/www.africa-press.net\/niger\/culture-et-art\/lancement-de-linitiative-une-semaine-une-ecole","title":{"rendered":"Lancement de l&rsquo;Initiative Une Semaine, Une \u00c9cole"},"content":{"rendered":"<p><span style=\"color: #ff6600\"><strong>Africa-Press &#8211; Niger. <\/strong><\/span>La Ministre de l\u2019Education Nationale, Dr Elisabeth She\u0301rif a proce\u0301de\u0301 dans le cadre de l\u2019initiative \u2018\u2019une semaine, une e\u0301cole\u2019\u2019 de ce lundi 27 Avril 2026, au lancement de l\u2019enregistrement des lec\u0327ons structure\u0301es a\u0300 l\u2019e\u0301cole normale Sadou Galadima, au quartier Kwara Tegui de Niamey.<\/p>\n<p>Apre\u0300s la traditionnelle monte\u0301e des couleurs accompagne\u0301e des hymnes du Niger et de l\u2019AES, Dr Elizabeth She\u0301rif a lance\u0301 l\u2019enregistrement des lec\u0327ons structure\u0301es, avant de visiter la salle nume\u0301rique ou\u0300 le directeur de la formation initiale et continue lui a explique\u0301 comment se de\u0301roule le Canevas des lec\u0327ons de grammaire, orthographe et de conjugaison.<\/p>\n<p>A l\u2019issue de cette visite, la ministre a remercie\u0301 les responsables de cette initiative pour avoir accepte\u0301 cette mission qui est d\u2019une tre\u0300s \u2018\u2019grande importance, parce que lorsqu\u2019il y\u2019a un projet important, le plus important, c\u2019est le de\u0301but, mais ce qui est surtout significatif, c\u2018est la suite\u2019\u2019.<\/p>\n<p>\u2018\u2019Nous avons de\u0301bute\u0301, donc il est important que c\u0327a se poursuive de la plus belle des manie\u0300res, et certainement pour le de\u0301but il y\u2019a quelques difficulte\u0301s, mais ne vous de\u0301couragez pas, il faut poursuivre le projet dans une perspective de dure\u0301e, une dure\u0301e qui serait favorable non pas seulement a\u0300 la communaute\u0301 e\u0301ducative d\u2019aujourd\u2018hui, mais a\u0300 la communaute\u0301 e\u0301ducative des ge\u0301ne\u0301rations a\u0300 venir, d\u2019ou\u0300 l\u2019importance de la since\u0301rite\u0301 tout ce que nous faisons\u2019\u2019, a-t-elle souligne\u0301, conseillant de \u2018\u2019le faire a\u0300 notre a\u0302me et conscience, en mettant le meilleur de nous-me\u0302mes parce que c\u2018est l\u2019histoire qui retient et immanquablement Dieu va re\u0301compenser les uns et les autres pour leurs engagements since\u0300res en faveur de l\u2019ame\u0301lioration de l\u2019e\u0301cole nige\u0301rienne\u2019\u2019.<\/p>\n<p>Pour sa part, le directeur de la formation initiale et continue au ministe\u0300re de l\u2019e\u0301ducation nationale, M. Souley Adamou a explique\u0301 que l\u2019initiative \u2018\u2019Apprendre et faire Apprendre par le nume\u0301rique\u2019\u2019 est une initiative de la ministre de l\u2019e\u0301ducation nationale qui est mise en \u0153uvre par la direction re\u0301gionale de Niamey avec la supervision technique de la direction de la formation initiale et continue du ministe\u0300re\u2019\u2019.<\/p>\n<p>\u2018\u2019Cette initiative a pour objectif de lever les barrie\u0300res ge\u0301ographiques et les de\u0301fis lie\u0301s a\u0300 la logistique en termes d\u2019encadrement pe\u0301dagogique et aussi de de\u0301fis se\u0301curitaires parce qu\u2019il y\u2019a des enseignants, des encadreurs qui sont aujourd\u2019hui dans des zones d\u2019inse\u0301curite\u0301. Par l\u2019encadrement pe\u0301dagogique, l\u2019initiative permet de porter le savoir pe\u0301dagogique vers les enseignants afin de les aider efficacement. Pour les e\u0301le\u0300ves e\u0301galement nous avons pre\u0301vu des exercices pre\u0301paratoires aux examens de CFEPD, du BEPC et du BAC\u2019\u2019, a-t-il indique\u0301.<\/p>\n<p>Le directeur de la formation initiale de pre\u0301ciser que \u2018\u2019la base fondamentale de cette initiative est les lec\u0327ons structure\u0301es que nous avons sce\u0301narise\u0301es, et ce sont ces lec\u0327ons structure\u0301es que nous sommes en train de transformer en vide\u0301os pe\u0301dagogiques pour les enseignants\u2019\u2019, de\u0301taillant qu\u2019a\u0300 terme, \u2018\u2019nous allons faire 106 e\u0301le\u0301ments, en termes d\u2019exercice, de didactique pour le primaire, 96 e\u0301le\u0301ments pour le secondaire dans toutes les disciplines, avec des sujets de pre\u0301paration aux examens, y compris au niveau du baccalaure\u0301at\u2019\u2019<\/p>\n<p>Notons que ce sont environ 45 enseignants et encadreurs pe\u0301dagogiques qui sont mobilise\u0301s dans le cadre de la mise en \u0153uvre de cette initiative.<\/p>\n<p><strong>Pour plus d&rsquo;informations et d&rsquo;analyses sur la <span style=\"color: #ff6600\">Niger<\/span>, suivez <span style=\"color: #ff6600\">Africa-Press<\/span><\/strong><\/p>\n","protected":false},"excerpt":{"rendered":"<p>Africa-Press &#8211; Niger. La Ministre de l\u2019Education Nationale, Dr Elisabeth She\u0301rif a proce\u0301de\u0301 dans le cadre de l\u2019initiative \u2018\u2019une semaine, une e\u0301cole\u2019\u2019 de ce lundi 27 Avril 2026, au lancement de l\u2019enregistrement des lec\u0327ons structure\u0301es a\u0300 l\u2019e\u0301cole normale Sadou Galadima, au quartier Kwara Tegui de Niamey. Apre\u0300s la traditionnelle monte\u0301e des couleurs accompagne\u0301e des hymnes [&hellip;]<\/p>\n","protected":false},"author":82,"featured_media":97595,"comment_status":"open","ping_status":"closed","sticky":false,"template":"","format":"standard","meta":{"footnotes":""},"categories":[5,10],"tags":[29],"class_list":["post-97597","post","type-post","status-publish","format-standard","has-post-thumbnail","hentry","category-culture-et-art","category-toutes-les-actualites","tag-niger"],"yoast_head":"<!-- This site is optimized with the Yoast SEO Premium plugin v26.1 (Yoast SEO v27.0) - https:\/\/yoast.com\/product\/yoast-seo-premium-wordpress\/ -->\n<title>Lancement de l&#039;Initiative Une Semaine, Une \u00c9cole - niger<\/title>\n<meta name=\"description\" content=\"La Ministre de l\u2019Education Nationale, Dr Elisabeth She\u0301rif a proce\u0301de\u0301 dans le cadre de l\u2019initiative \u2018\u2019une semaine, une ...\" \/>\n<meta name=\"robots\" content=\"index, follow, max-snippet:-1, max-image-preview:large, max-video-preview:-1\" \/>\n<link rel=\"canonical\" href=\"https:\/\/www.africa-press.net\/niger\/culture-et-art\/lancement-de-linitiative-une-semaine-une-ecole\" \/>\n<meta property=\"og:locale\" content=\"fr_FR\" \/>\n<meta property=\"og:type\" content=\"article\" \/>\n<meta property=\"og:title\" content=\"Lancement de l&#039;Initiative Une Semaine, Une \u00c9cole\" \/>\n<meta property=\"og:description\" content=\"La Ministre de l\u2019Education Nationale, Dr Elisabeth She\u0301rif a proce\u0301de\u0301 dans le cadre de l\u2019initiative \u2018\u2019une semaine, une ...\" \/>\n<meta property=\"og:url\" content=\"https:\/\/www.africa-press.net\/niger\/culture-et-art\/lancement-de-linitiative-une-semaine-une-ecole\" \/>\n<meta property=\"og:site_name\" content=\"niger\" \/>\n<meta property=\"article:published_time\" content=\"2026-04-28T13:48:00+00:00\" \/>\n<meta property=\"article:modified_time\" content=\"2026-04-28T14:10:08+00:00\" \/>\n<meta property=\"og:image\" content=\"https:\/\/static.africa-press.net\/niger\/sites\/40\/2026\/04\/sm_1777372711.543301.jpg\" \/>\n\t<meta property=\"og:image:width\" content=\"596\" \/>\n\t<meta property=\"og:image:height\" content=\"381\" \/>\n\t<meta property=\"og:image:type\" content=\"image\/jpeg\" \/>\n<meta name=\"author\" content=\"cfeditorfr\" \/>\n<meta name=\"twitter:card\" content=\"summary_large_image\" \/>\n<meta name=\"twitter:label1\" content=\"\u00c9crit par\" \/>\n\t<meta name=\"twitter:data1\" content=\"cfeditorfr\" \/>\n\t<meta name=\"twitter:label2\" content=\"Dur\u00e9e de lecture estim\u00e9e\" \/>\n\t<meta name=\"twitter:data2\" content=\"3 minutes\" \/>\n<script type=\"application\/ld+json\" class=\"yoast-schema-graph\">{\"@context\":\"https:\/\/schema.org\",\"@graph\":[{\"@type\":\"Article\",\"@id\":\"https:\/\/www.africa-press.net\/niger\/culture-et-art\/lancement-de-linitiative-une-semaine-une-ecole#article\",\"isPartOf\":{\"@id\":\"https:\/\/www.africa-press.net\/niger\/culture-et-art\/lancement-de-linitiative-une-semaine-une-ecole\"},\"author\":{\"name\":\"cfeditorfr\",\"@id\":\"https:\/\/www.africa-press.net\/niger\/#\/schema\/person\/2b1cf3cd81a31e3cd26889ca66d677f1\"},\"headline\":\"Lancement de l&rsquo;Initiative Une Semaine, Une \u00c9cole\",\"datePublished\":\"2026-04-28T13:48:00+00:00\",\"dateModified\":\"2026-04-28T14:10:08+00:00\",\"mainEntityOfPage\":{\"@id\":\"https:\/\/www.africa-press.net\/niger\/culture-et-art\/lancement-de-linitiative-une-semaine-une-ecole\"},\"wordCount\":636,\"commentCount\":0,\"image\":{\"@id\":\"https:\/\/www.africa-press.net\/niger\/culture-et-art\/lancement-de-linitiative-une-semaine-une-ecole#primaryimage\"},\"thumbnailUrl\":\"https:\/\/static.africa-press.net\/niger\/sites\/40\/2026\/04\/sm_1777372711.543301.jpg\",\"keywords\":[\"Niger\"],\"articleSection\":[\"Culture et Art\",\"Toutes les actualit\u00e9s\"],\"inLanguage\":\"fr-FR\",\"potentialAction\":[{\"@type\":\"CommentAction\",\"name\":\"Comment\",\"target\":[\"https:\/\/www.africa-press.net\/niger\/culture-et-art\/lancement-de-linitiative-une-semaine-une-ecole#respond\"]}]},{\"@type\":\"WebPage\",\"@id\":\"https:\/\/www.africa-press.net\/niger\/culture-et-art\/lancement-de-linitiative-une-semaine-une-ecole\",\"url\":\"https:\/\/www.africa-press.net\/niger\/culture-et-art\/lancement-de-linitiative-une-semaine-une-ecole\",\"name\":\"Lancement de l'Initiative Une Semaine, Une \u00c9cole - niger\",\"isPartOf\":{\"@id\":\"https:\/\/www.africa-press.net\/niger\/#website\"},\"primaryImageOfPage\":{\"@id\":\"https:\/\/www.africa-press.net\/niger\/culture-et-art\/lancement-de-linitiative-une-semaine-une-ecole#primaryimage\"},\"image\":{\"@id\":\"https:\/\/www.africa-press.net\/niger\/culture-et-art\/lancement-de-linitiative-une-semaine-une-ecole#primaryimage\"},\"thumbnailUrl\":\"https:\/\/static.africa-press.net\/niger\/sites\/40\/2026\/04\/sm_1777372711.543301.jpg\",\"datePublished\":\"2026-04-28T13:48:00+00:00\",\"dateModified\":\"2026-04-28T14:10:08+00:00\",\"author\":{\"@id\":\"https:\/\/www.africa-press.net\/niger\/#\/schema\/person\/2b1cf3cd81a31e3cd26889ca66d677f1\"},\"description\":\"La Ministre de l\u2019Education Nationale, Dr Elisabeth She\u0301rif a proce\u0301de\u0301 dans le cadre de l\u2019initiative \u2018\u2019une semaine, une ...\",\"breadcrumb\":{\"@id\":\"https:\/\/www.africa-press.net\/niger\/culture-et-art\/lancement-de-linitiative-une-semaine-une-ecole#breadcrumb\"},\"inLanguage\":\"fr-FR\",\"potentialAction\":[{\"@type\":\"ReadAction\",\"target\":[\"https:\/\/www.africa-press.net\/niger\/culture-et-art\/lancement-de-linitiative-une-semaine-une-ecole\"]}]},{\"@type\":\"ImageObject\",\"inLanguage\":\"fr-FR\",\"@id\":\"https:\/\/www.africa-press.net\/niger\/culture-et-art\/lancement-de-linitiative-une-semaine-une-ecole#primaryimage\",\"url\":\"https:\/\/static.africa-press.net\/niger\/sites\/40\/2026\/04\/sm_1777372711.543301.jpg\",\"contentUrl\":\"https:\/\/static.africa-press.net\/niger\/sites\/40\/2026\/04\/sm_1777372711.543301.jpg\",\"width\":596,\"height\":381,\"caption\":\"Lancement de l'Initiative Une Semaine, Une \u00c9cole\"},{\"@type\":\"BreadcrumbList\",\"@id\":\"https:\/\/www.africa-press.net\/niger\/culture-et-art\/lancement-de-linitiative-une-semaine-une-ecole#breadcrumb\",\"itemListElement\":[{\"@type\":\"ListItem\",\"position\":1,\"name\":\"Accueil\",\"item\":\"https:\/\/www.africa-press.net\/niger\/\"},{\"@type\":\"ListItem\",\"position\":2,\"name\":\"Lancement de l&#8217;Initiative Une Semaine, Une \u00c9cole\"}]},{\"@type\":\"WebSite\",\"@id\":\"https:\/\/www.africa-press.net\/niger\/#website\",\"url\":\"https:\/\/www.africa-press.net\/niger\/\",\"name\":\"niger\",\"description\":\"Just another Africa News Agency Sites site\",\"potentialAction\":[{\"@type\":\"SearchAction\",\"target\":{\"@type\":\"EntryPoint\",\"urlTemplate\":\"https:\/\/www.africa-press.net\/niger\/?s={search_term_string}\"},\"query-input\":{\"@type\":\"PropertyValueSpecification\",\"valueRequired\":true,\"valueName\":\"search_term_string\"}}],\"inLanguage\":\"fr-FR\"},{\"@type\":\"Person\",\"@id\":\"https:\/\/www.africa-press.net\/niger\/#\/schema\/person\/2b1cf3cd81a31e3cd26889ca66d677f1\",\"name\":\"cfeditorfr\"}]}<\/script>\n<!-- \/ Yoast SEO Premium plugin. -->","yoast_head_json":{"title":"Lancement de l'Initiative Une Semaine, Une \u00c9cole - niger","description":"La Ministre de l\u2019Education Nationale, Dr Elisabeth She\u0301rif a proce\u0301de\u0301 dans le cadre de l\u2019initiative \u2018\u2019une semaine, une ...","robots":{"index":"index","follow":"follow","max-snippet":"max-snippet:-1","max-image-preview":"max-image-preview:large","max-video-preview":"max-video-preview:-1"},"canonical":"https:\/\/www.africa-press.net\/niger\/culture-et-art\/lancement-de-linitiative-une-semaine-une-ecole","og_locale":"fr_FR","og_type":"article","og_title":"Lancement de l'Initiative Une Semaine, Une \u00c9cole","og_description":"La Ministre de l\u2019Education Nationale, Dr Elisabeth She\u0301rif a proce\u0301de\u0301 dans le cadre de l\u2019initiative \u2018\u2019une semaine, une ...","og_url":"https:\/\/www.africa-press.net\/niger\/culture-et-art\/lancement-de-linitiative-une-semaine-une-ecole","og_site_name":"niger","article_published_time":"2026-04-28T13:48:00+00:00","article_modified_time":"2026-04-28T14:10:08+00:00","og_image":[{"width":596,"height":381,"url":"https:\/\/static.africa-press.net\/niger\/sites\/40\/2026\/04\/sm_1777372711.543301.jpg","type":"image\/jpeg"}],"author":"cfeditorfr","twitter_card":"summary_large_image","twitter_misc":{"\u00c9crit par":"cfeditorfr","Dur\u00e9e de lecture estim\u00e9e":"3 minutes"},"schema":{"@context":"https:\/\/schema.org","@graph":[{"@type":"Article","@id":"https:\/\/www.africa-press.net\/niger\/culture-et-art\/lancement-de-linitiative-une-semaine-une-ecole#article","isPartOf":{"@id":"https:\/\/www.africa-press.net\/niger\/culture-et-art\/lancement-de-linitiative-une-semaine-une-ecole"},"author":{"name":"cfeditorfr","@id":"https:\/\/www.africa-press.net\/niger\/#\/schema\/person\/2b1cf3cd81a31e3cd26889ca66d677f1"},"headline":"Lancement de l&rsquo;Initiative Une Semaine, Une \u00c9cole","datePublished":"2026-04-28T13:48:00+00:00","dateModified":"2026-04-28T14:10:08+00:00","mainEntityOfPage":{"@id":"https:\/\/www.africa-press.net\/niger\/culture-et-art\/lancement-de-linitiative-une-semaine-une-ecole"},"wordCount":636,"commentCount":0,"image":{"@id":"https:\/\/www.africa-press.net\/niger\/culture-et-art\/lancement-de-linitiative-une-semaine-une-ecole#primaryimage"},"thumbnailUrl":"https:\/\/static.africa-press.net\/niger\/sites\/40\/2026\/04\/sm_1777372711.543301.jpg","keywords":["Niger"],"articleSection":["Culture et Art","Toutes les actualit\u00e9s"],"inLanguage":"fr-FR","potentialAction":[{"@type":"CommentAction","name":"Comment","target":["https:\/\/www.africa-press.net\/niger\/culture-et-art\/lancement-de-linitiative-une-semaine-une-ecole#respond"]}]},{"@type":"WebPage","@id":"https:\/\/www.africa-press.net\/niger\/culture-et-art\/lancement-de-linitiative-une-semaine-une-ecole","url":"https:\/\/www.africa-press.net\/niger\/culture-et-art\/lancement-de-linitiative-une-semaine-une-ecole","name":"Lancement de l'Initiative Une Semaine, Une \u00c9cole - niger","isPartOf":{"@id":"https:\/\/www.africa-press.net\/niger\/#website"},"primaryImageOfPage":{"@id":"https:\/\/www.africa-press.net\/niger\/culture-et-art\/lancement-de-linitiative-une-semaine-une-ecole#primaryimage"},"image":{"@id":"https:\/\/www.africa-press.net\/niger\/culture-et-art\/lancement-de-linitiative-une-semaine-une-ecole#primaryimage"},"thumbnailUrl":"https:\/\/static.africa-press.net\/niger\/sites\/40\/2026\/04\/sm_1777372711.543301.jpg","datePublished":"2026-04-28T13:48:00+00:00","dateModified":"2026-04-28T14:10:08+00:00","author":{"@id":"https:\/\/www.africa-press.net\/niger\/#\/schema\/person\/2b1cf3cd81a31e3cd26889ca66d677f1"},"description":"La Ministre de l\u2019Education Nationale, Dr Elisabeth She\u0301rif a proce\u0301de\u0301 dans le cadre de l\u2019initiative \u2018\u2019une semaine, une ...","breadcrumb":{"@id":"https:\/\/www.africa-press.net\/niger\/culture-et-art\/lancement-de-linitiative-une-semaine-une-ecole#breadcrumb"},"inLanguage":"fr-FR","potentialAction":[{"@type":"ReadAction","target":["https:\/\/www.africa-press.net\/niger\/culture-et-art\/lancement-de-linitiative-une-semaine-une-ecole"]}]},{"@type":"ImageObject","inLanguage":"fr-FR","@id":"https:\/\/www.africa-press.net\/niger\/culture-et-art\/lancement-de-linitiative-une-semaine-une-ecole#primaryimage","url":"https:\/\/static.africa-press.net\/niger\/sites\/40\/2026\/04\/sm_1777372711.543301.jpg","contentUrl":"https:\/\/static.africa-press.net\/niger\/sites\/40\/2026\/04\/sm_1777372711.543301.jpg","width":596,"height":381,"caption":"Lancement de l'Initiative Une Semaine, Une \u00c9cole"},{"@type":"BreadcrumbList","@id":"https:\/\/www.africa-press.net\/niger\/culture-et-art\/lancement-de-linitiative-une-semaine-une-ecole#breadcrumb","itemListElement":[{"@type":"ListItem","position":1,"name":"Accueil","item":"https:\/\/www.africa-press.net\/niger\/"},{"@type":"ListItem","position":2,"name":"Lancement de l&#8217;Initiative Une Semaine, Une \u00c9cole"}]},{"@type":"WebSite","@id":"https:\/\/www.africa-press.net\/niger\/#website","url":"https:\/\/www.africa-press.net\/niger\/","name":"niger","description":"Just another Africa News Agency Sites site","potentialAction":[{"@type":"SearchAction","target":{"@type":"EntryPoint","urlTemplate":"https:\/\/www.africa-press.net\/niger\/?s={search_term_string}"},"query-input":{"@type":"PropertyValueSpecification","valueRequired":true,"valueName":"search_term_string"}}],"inLanguage":"fr-FR"},{"@type":"Person","@id":"https:\/\/www.africa-press.net\/niger\/#\/schema\/person\/2b1cf3cd81a31e3cd26889ca66d677f1","name":"cfeditorfr"}]}},"_links":{"self":[{"href":"https:\/\/www.africa-press.net\/niger\/wp-json\/wp\/v2\/posts\/97597","targetHints":{"allow":["GET"]}}],"collection":[{"href":"https:\/\/www.africa-press.net\/niger\/wp-json\/wp\/v2\/posts"}],"about":[{"href":"https:\/\/www.africa-press.net\/niger\/wp-json\/wp\/v2\/types\/post"}],"author":[{"embeddable":true,"href":"https:\/\/www.africa-press.net\/niger\/wp-json\/wp\/v2\/users\/82"}],"replies":[{"embeddable":true,"href":"https:\/\/www.africa-press.net\/niger\/wp-json\/wp\/v2\/comments?post=97597"}],"version-history":[{"count":1,"href":"https:\/\/www.africa-press.net\/niger\/wp-json\/wp\/v2\/posts\/97597\/revisions"}],"predecessor-version":[{"id":97600,"href":"https:\/\/www.africa-press.net\/niger\/wp-json\/wp\/v2\/posts\/97597\/revisions\/97600"}],"wp:featuredmedia":[{"embeddable":true,"href":"https:\/\/www.africa-press.net\/niger\/wp-json\/wp\/v2\/media\/97595"}],"wp:attachment":[{"href":"https:\/\/www.africa-press.net\/niger\/wp-json\/wp\/v2\/media?parent=97597"}],"wp:term":[{"taxonomy":"category","embeddable":true,"href":"https:\/\/www.africa-press.net\/niger\/wp-json\/wp\/v2\/categories?post=97597"},{"taxonomy":"post_tag","embeddable":true,"href":"https:\/\/www.africa-press.net\/niger\/wp-json\/wp\/v2\/tags?post=97597"}],"curies":[{"name":"wp","href":"https:\/\/api.w.org\/{rel}","templated":true}]}}