{"id":9765,"date":"2021-08-09T17:31:52","date_gmt":"2021-08-09T17:31:52","guid":{"rendered":"https:\/\/www.africa-press.net\/niger\/?p=9765"},"modified":"2021-08-09T17:55:14","modified_gmt":"2021-08-09T17:55:14","slug":"le-president-mohamed-bazoum-sentretient-avec-le-greffier-du-mecanisme-des-tribunaux-penaux-internationaux","status":"publish","type":"post","link":"https:\/\/www.africa-press.net\/niger\/politique\/le-president-mohamed-bazoum-sentretient-avec-le-greffier-du-mecanisme-des-tribunaux-penaux-internationaux","title":{"rendered":"Le Pr\u00e9sident Mohamed Bazoum s&rsquo;entretient avec le greffier du M\u00e9canisme des tribunaux p\u00e9naux internationaux"},"content":{"rendered":"<p><span style=\"color: #ff6600\"><strong><a href=\"https:\/\/www.africa-press.net\/\">Africa-Press<\/a> &#8211; <a href=\"https:\/\/www.africa-press.net\/niger\">Niger<\/a>. <\/strong><\/span>Le Pr\u00e9sident de la R\u00e9publique Mohamed Bazoum s&rsquo;est entretenu, ce lundi 9 ao\u00fbt 2021 en fin de matin\u00e9e, avec le Greffier du M\u00e9canisme des Tribunaux P\u00e9naux Internationaux et assistant du Secr\u00e9taire G\u00e9n\u00e9ral des Nations Unies, M. Abubacarr Tambadou qui s\u00e9journe au Niger dans le cadre d&rsquo;une visite de travail.<\/p>\n<p>A l&rsquo;issue de cet entretien, M. Abubacarr Tambadou a indiqu\u00e9 \u00e0 la presse qu&rsquo;il est \u00ab\u00a0venu rencontrer le Pr\u00e9sident Mohamed Bazoum pour discuter avec lui de la coop\u00e9ration entre la R\u00e9publique du Niger et le M\u00e9canisme des Nations Unies pour les tribunaux p\u00e9naux\u00a0\u00bb.<\/p>\n<p>Selon le Diplomate Onusien, le Niger joue un r\u00f4le important dans la sous-r\u00e9gion, en particulier dans le domaine de la s\u00e9curit\u00e9, pr\u00e9cisant ainsi que ce r\u00f4le important que joue le Niger a \u00e9t\u00e9 m\u00eame couronn\u00e9 r\u00e9cemment de succ\u00e8s avec l&rsquo;accession du Niger au Conseil de S\u00e9curit\u00e9 des Nations Unies comme membre non permanent.<\/p>\n<p>&nbsp;<\/p>\n","protected":false},"excerpt":{"rendered":"<p>Africa-Press &#8211; Niger. Le Pr\u00e9sident de la R\u00e9publique Mohamed Bazoum s&rsquo;est entretenu, ce lundi 9 ao\u00fbt 2021 en fin de matin\u00e9e, avec le Greffier du M\u00e9canisme des Tribunaux P\u00e9naux Internationaux et assistant du Secr\u00e9taire G\u00e9n\u00e9ral des Nations Unies, M. Abubacarr Tambadou qui s\u00e9journe au Niger dans le cadre d&rsquo;une visite de travail. A l&rsquo;issue de [&hellip;]<\/p>\n","protected":false},"author":82,"featured_media":9541,"comment_status":"open","ping_status":"closed","sticky":false,"template":"","format":"standard","meta":{"footnotes":""},"categories":[11,2,10],"tags":[55,60,29],"class_list":["post-9765","post","type-post","status-publish","format-standard","has-post-thumbnail","hentry","category-homepage-french","category-politique","category-toutes-les-actualites","tag-africa-press","tag-africa-press-niger","tag-niger"],"yoast_head":"<!-- This site is optimized with the Yoast SEO Premium plugin v26.1 (Yoast SEO v27.0) - https:\/\/yoast.com\/product\/yoast-seo-premium-wordpress\/ -->\n<title>Le Pr\u00e9sident Mohamed Bazoum s&#039;entretient avec le greffier du M\u00e9canisme des tribunaux p\u00e9naux internationaux - niger<\/title>\n<meta name=\"description\" content=\", 09 Ao\u00fbt (ANP) - Le Pr\u00e9sident de la R\u00e9publique Mohamed Bazoum s&#039;est entretenu, ce lundi 9 ao\u00fbt 2021 en fin de matin\u00e9e, ...\" \/>\n<meta name=\"robots\" content=\"index, follow, max-snippet:-1, max-image-preview:large, max-video-preview:-1\" \/>\n<link rel=\"canonical\" href=\"https:\/\/www.africa-press.net\/niger\/politique\/le-president-mohamed-bazoum-sentretient-avec-le-greffier-du-mecanisme-des-tribunaux-penaux-internationaux\" \/>\n<meta property=\"og:locale\" content=\"fr_FR\" \/>\n<meta property=\"og:type\" content=\"article\" \/>\n<meta property=\"og:title\" content=\"Le Pr\u00e9sident Mohamed Bazoum s&#039;entretient avec le greffier du M\u00e9canisme des tribunaux p\u00e9naux internationaux\" \/>\n<meta property=\"og:description\" content=\", 09 Ao\u00fbt (ANP) - Le Pr\u00e9sident de la R\u00e9publique Mohamed Bazoum s&#039;est entretenu, ce lundi 9 ao\u00fbt 2021 en fin de matin\u00e9e, ...\" \/>\n<meta property=\"og:url\" content=\"https:\/\/www.africa-press.net\/niger\/politique\/le-president-mohamed-bazoum-sentretient-avec-le-greffier-du-mecanisme-des-tribunaux-penaux-internationaux\" \/>\n<meta property=\"og:site_name\" content=\"niger\" \/>\n<meta property=\"article:published_time\" content=\"2021-08-09T17:31:52+00:00\" \/>\n<meta property=\"article:modified_time\" content=\"2021-08-09T17:55:14+00:00\" \/>\n<meta property=\"og:image\" content=\"https:\/\/static.africa-press.net\/niger\/sites\/40\/2021\/08\/img-610947e1cd58b.jpg\" \/>\n\t<meta property=\"og:image:width\" content=\"1000\" \/>\n\t<meta property=\"og:image:height\" content=\"1294\" \/>\n\t<meta property=\"og:image:type\" content=\"image\/jpeg\" \/>\n<meta name=\"author\" content=\"cfeditorfr\" \/>\n<meta name=\"twitter:card\" content=\"summary_large_image\" \/>\n<meta name=\"twitter:label1\" content=\"\u00c9crit par\" \/>\n\t<meta name=\"twitter:data1\" content=\"cfeditorfr\" \/>\n\t<meta name=\"twitter:label2\" content=\"Dur\u00e9e de lecture estim\u00e9e\" \/>\n\t<meta name=\"twitter:data2\" content=\"1 minute\" \/>\n<script type=\"application\/ld+json\" class=\"yoast-schema-graph\">{\"@context\":\"https:\/\/schema.org\",\"@graph\":[{\"@type\":\"Article\",\"@id\":\"https:\/\/www.africa-press.net\/niger\/politique\/le-president-mohamed-bazoum-sentretient-avec-le-greffier-du-mecanisme-des-tribunaux-penaux-internationaux#article\",\"isPartOf\":{\"@id\":\"https:\/\/www.africa-press.net\/niger\/politique\/le-president-mohamed-bazoum-sentretient-avec-le-greffier-du-mecanisme-des-tribunaux-penaux-internationaux\"},\"author\":{\"name\":\"cfeditorfr\",\"@id\":\"https:\/\/www.africa-press.net\/niger\/#\/schema\/person\/2b1cf3cd81a31e3cd26889ca66d677f1\"},\"headline\":\"Le Pr\u00e9sident Mohamed Bazoum s&rsquo;entretient avec le greffier du M\u00e9canisme des tribunaux p\u00e9naux internationaux\",\"datePublished\":\"2021-08-09T17:31:52+00:00\",\"dateModified\":\"2021-08-09T17:55:14+00:00\",\"mainEntityOfPage\":{\"@id\":\"https:\/\/www.africa-press.net\/niger\/politique\/le-president-mohamed-bazoum-sentretient-avec-le-greffier-du-mecanisme-des-tribunaux-penaux-internationaux\"},\"wordCount\":193,\"commentCount\":0,\"image\":{\"@id\":\"https:\/\/www.africa-press.net\/niger\/politique\/le-president-mohamed-bazoum-sentretient-avec-le-greffier-du-mecanisme-des-tribunaux-penaux-internationaux#primaryimage\"},\"thumbnailUrl\":\"https:\/\/static.africa-press.net\/niger\/sites\/40\/2021\/08\/img-610947e1cd58b.jpg\",\"keywords\":[\"Africa Press\",\"Africa Press-Niger\",\"Niger\"],\"articleSection\":[\"homepage-french\",\"Politique\",\"Toutes les actualit\u00e9s\"],\"inLanguage\":\"fr-FR\",\"potentialAction\":[{\"@type\":\"CommentAction\",\"name\":\"Comment\",\"target\":[\"https:\/\/www.africa-press.net\/niger\/politique\/le-president-mohamed-bazoum-sentretient-avec-le-greffier-du-mecanisme-des-tribunaux-penaux-internationaux#respond\"]}]},{\"@type\":\"WebPage\",\"@id\":\"https:\/\/www.africa-press.net\/niger\/politique\/le-president-mohamed-bazoum-sentretient-avec-le-greffier-du-mecanisme-des-tribunaux-penaux-internationaux\",\"url\":\"https:\/\/www.africa-press.net\/niger\/politique\/le-president-mohamed-bazoum-sentretient-avec-le-greffier-du-mecanisme-des-tribunaux-penaux-internationaux\",\"name\":\"Le Pr\u00e9sident Mohamed Bazoum s'entretient avec le greffier du M\u00e9canisme des tribunaux p\u00e9naux internationaux - niger\",\"isPartOf\":{\"@id\":\"https:\/\/www.africa-press.net\/niger\/#website\"},\"primaryImageOfPage\":{\"@id\":\"https:\/\/www.africa-press.net\/niger\/politique\/le-president-mohamed-bazoum-sentretient-avec-le-greffier-du-mecanisme-des-tribunaux-penaux-internationaux#primaryimage\"},\"image\":{\"@id\":\"https:\/\/www.africa-press.net\/niger\/politique\/le-president-mohamed-bazoum-sentretient-avec-le-greffier-du-mecanisme-des-tribunaux-penaux-internationaux#primaryimage\"},\"thumbnailUrl\":\"https:\/\/static.africa-press.net\/niger\/sites\/40\/2021\/08\/img-610947e1cd58b.jpg\",\"datePublished\":\"2021-08-09T17:31:52+00:00\",\"dateModified\":\"2021-08-09T17:55:14+00:00\",\"author\":{\"@id\":\"https:\/\/www.africa-press.net\/niger\/#\/schema\/person\/2b1cf3cd81a31e3cd26889ca66d677f1\"},\"description\":\", 09 Ao\u00fbt (ANP) - Le Pr\u00e9sident de la R\u00e9publique Mohamed Bazoum s'est entretenu, ce lundi 9 ao\u00fbt 2021 en fin de matin\u00e9e, ...\",\"breadcrumb\":{\"@id\":\"https:\/\/www.africa-press.net\/niger\/politique\/le-president-mohamed-bazoum-sentretient-avec-le-greffier-du-mecanisme-des-tribunaux-penaux-internationaux#breadcrumb\"},\"inLanguage\":\"fr-FR\",\"potentialAction\":[{\"@type\":\"ReadAction\",\"target\":[\"https:\/\/www.africa-press.net\/niger\/politique\/le-president-mohamed-bazoum-sentretient-avec-le-greffier-du-mecanisme-des-tribunaux-penaux-internationaux\"]}]},{\"@type\":\"ImageObject\",\"inLanguage\":\"fr-FR\",\"@id\":\"https:\/\/www.africa-press.net\/niger\/politique\/le-president-mohamed-bazoum-sentretient-avec-le-greffier-du-mecanisme-des-tribunaux-penaux-internationaux#primaryimage\",\"url\":\"https:\/\/static.africa-press.net\/niger\/sites\/40\/2021\/08\/img-610947e1cd58b.jpg\",\"contentUrl\":\"https:\/\/static.africa-press.net\/niger\/sites\/40\/2021\/08\/img-610947e1cd58b.jpg\",\"width\":1000,\"height\":1294,\"caption\":\"\"},{\"@type\":\"BreadcrumbList\",\"@id\":\"https:\/\/www.africa-press.net\/niger\/politique\/le-president-mohamed-bazoum-sentretient-avec-le-greffier-du-mecanisme-des-tribunaux-penaux-internationaux#breadcrumb\",\"itemListElement\":[{\"@type\":\"ListItem\",\"position\":1,\"name\":\"Accueil\",\"item\":\"https:\/\/www.africa-press.net\/niger\/\"},{\"@type\":\"ListItem\",\"position\":2,\"name\":\"Le Pr\u00e9sident Mohamed Bazoum s&#8217;entretient avec le greffier du M\u00e9canisme des tribunaux p\u00e9naux internationaux\"}]},{\"@type\":\"WebSite\",\"@id\":\"https:\/\/www.africa-press.net\/niger\/#website\",\"url\":\"https:\/\/www.africa-press.net\/niger\/\",\"name\":\"niger\",\"description\":\"Just another Africa News Agency Sites site\",\"potentialAction\":[{\"@type\":\"SearchAction\",\"target\":{\"@type\":\"EntryPoint\",\"urlTemplate\":\"https:\/\/www.africa-press.net\/niger\/?s={search_term_string}\"},\"query-input\":{\"@type\":\"PropertyValueSpecification\",\"valueRequired\":true,\"valueName\":\"search_term_string\"}}],\"inLanguage\":\"fr-FR\"},{\"@type\":\"Person\",\"@id\":\"https:\/\/www.africa-press.net\/niger\/#\/schema\/person\/2b1cf3cd81a31e3cd26889ca66d677f1\",\"name\":\"cfeditorfr\"}]}<\/script>\n<!-- \/ Yoast SEO Premium plugin. -->","yoast_head_json":{"title":"Le Pr\u00e9sident Mohamed Bazoum s'entretient avec le greffier du M\u00e9canisme des tribunaux p\u00e9naux internationaux - niger","description":", 09 Ao\u00fbt (ANP) - Le Pr\u00e9sident de la R\u00e9publique Mohamed Bazoum s'est entretenu, ce lundi 9 ao\u00fbt 2021 en fin de matin\u00e9e, ...","robots":{"index":"index","follow":"follow","max-snippet":"max-snippet:-1","max-image-preview":"max-image-preview:large","max-video-preview":"max-video-preview:-1"},"canonical":"https:\/\/www.africa-press.net\/niger\/politique\/le-president-mohamed-bazoum-sentretient-avec-le-greffier-du-mecanisme-des-tribunaux-penaux-internationaux","og_locale":"fr_FR","og_type":"article","og_title":"Le Pr\u00e9sident Mohamed Bazoum s'entretient avec le greffier du M\u00e9canisme des tribunaux p\u00e9naux internationaux","og_description":", 09 Ao\u00fbt (ANP) - Le Pr\u00e9sident de la R\u00e9publique Mohamed Bazoum s'est entretenu, ce lundi 9 ao\u00fbt 2021 en fin de matin\u00e9e, ...","og_url":"https:\/\/www.africa-press.net\/niger\/politique\/le-president-mohamed-bazoum-sentretient-avec-le-greffier-du-mecanisme-des-tribunaux-penaux-internationaux","og_site_name":"niger","article_published_time":"2021-08-09T17:31:52+00:00","article_modified_time":"2021-08-09T17:55:14+00:00","og_image":[{"width":1000,"height":1294,"url":"https:\/\/static.africa-press.net\/niger\/sites\/40\/2021\/08\/img-610947e1cd58b.jpg","type":"image\/jpeg"}],"author":"cfeditorfr","twitter_card":"summary_large_image","twitter_misc":{"\u00c9crit par":"cfeditorfr","Dur\u00e9e de lecture estim\u00e9e":"1 minute"},"schema":{"@context":"https:\/\/schema.org","@graph":[{"@type":"Article","@id":"https:\/\/www.africa-press.net\/niger\/politique\/le-president-mohamed-bazoum-sentretient-avec-le-greffier-du-mecanisme-des-tribunaux-penaux-internationaux#article","isPartOf":{"@id":"https:\/\/www.africa-press.net\/niger\/politique\/le-president-mohamed-bazoum-sentretient-avec-le-greffier-du-mecanisme-des-tribunaux-penaux-internationaux"},"author":{"name":"cfeditorfr","@id":"https:\/\/www.africa-press.net\/niger\/#\/schema\/person\/2b1cf3cd81a31e3cd26889ca66d677f1"},"headline":"Le Pr\u00e9sident Mohamed Bazoum s&rsquo;entretient avec le greffier du M\u00e9canisme des tribunaux p\u00e9naux internationaux","datePublished":"2021-08-09T17:31:52+00:00","dateModified":"2021-08-09T17:55:14+00:00","mainEntityOfPage":{"@id":"https:\/\/www.africa-press.net\/niger\/politique\/le-president-mohamed-bazoum-sentretient-avec-le-greffier-du-mecanisme-des-tribunaux-penaux-internationaux"},"wordCount":193,"commentCount":0,"image":{"@id":"https:\/\/www.africa-press.net\/niger\/politique\/le-president-mohamed-bazoum-sentretient-avec-le-greffier-du-mecanisme-des-tribunaux-penaux-internationaux#primaryimage"},"thumbnailUrl":"https:\/\/static.africa-press.net\/niger\/sites\/40\/2021\/08\/img-610947e1cd58b.jpg","keywords":["Africa Press","Africa Press-Niger","Niger"],"articleSection":["homepage-french","Politique","Toutes les actualit\u00e9s"],"inLanguage":"fr-FR","potentialAction":[{"@type":"CommentAction","name":"Comment","target":["https:\/\/www.africa-press.net\/niger\/politique\/le-president-mohamed-bazoum-sentretient-avec-le-greffier-du-mecanisme-des-tribunaux-penaux-internationaux#respond"]}]},{"@type":"WebPage","@id":"https:\/\/www.africa-press.net\/niger\/politique\/le-president-mohamed-bazoum-sentretient-avec-le-greffier-du-mecanisme-des-tribunaux-penaux-internationaux","url":"https:\/\/www.africa-press.net\/niger\/politique\/le-president-mohamed-bazoum-sentretient-avec-le-greffier-du-mecanisme-des-tribunaux-penaux-internationaux","name":"Le Pr\u00e9sident Mohamed Bazoum s'entretient avec le greffier du M\u00e9canisme des tribunaux p\u00e9naux internationaux - niger","isPartOf":{"@id":"https:\/\/www.africa-press.net\/niger\/#website"},"primaryImageOfPage":{"@id":"https:\/\/www.africa-press.net\/niger\/politique\/le-president-mohamed-bazoum-sentretient-avec-le-greffier-du-mecanisme-des-tribunaux-penaux-internationaux#primaryimage"},"image":{"@id":"https:\/\/www.africa-press.net\/niger\/politique\/le-president-mohamed-bazoum-sentretient-avec-le-greffier-du-mecanisme-des-tribunaux-penaux-internationaux#primaryimage"},"thumbnailUrl":"https:\/\/static.africa-press.net\/niger\/sites\/40\/2021\/08\/img-610947e1cd58b.jpg","datePublished":"2021-08-09T17:31:52+00:00","dateModified":"2021-08-09T17:55:14+00:00","author":{"@id":"https:\/\/www.africa-press.net\/niger\/#\/schema\/person\/2b1cf3cd81a31e3cd26889ca66d677f1"},"description":", 09 Ao\u00fbt (ANP) - Le Pr\u00e9sident de la R\u00e9publique Mohamed Bazoum s'est entretenu, ce lundi 9 ao\u00fbt 2021 en fin de matin\u00e9e, ...","breadcrumb":{"@id":"https:\/\/www.africa-press.net\/niger\/politique\/le-president-mohamed-bazoum-sentretient-avec-le-greffier-du-mecanisme-des-tribunaux-penaux-internationaux#breadcrumb"},"inLanguage":"fr-FR","potentialAction":[{"@type":"ReadAction","target":["https:\/\/www.africa-press.net\/niger\/politique\/le-president-mohamed-bazoum-sentretient-avec-le-greffier-du-mecanisme-des-tribunaux-penaux-internationaux"]}]},{"@type":"ImageObject","inLanguage":"fr-FR","@id":"https:\/\/www.africa-press.net\/niger\/politique\/le-president-mohamed-bazoum-sentretient-avec-le-greffier-du-mecanisme-des-tribunaux-penaux-internationaux#primaryimage","url":"https:\/\/static.africa-press.net\/niger\/sites\/40\/2021\/08\/img-610947e1cd58b.jpg","contentUrl":"https:\/\/static.africa-press.net\/niger\/sites\/40\/2021\/08\/img-610947e1cd58b.jpg","width":1000,"height":1294,"caption":""},{"@type":"BreadcrumbList","@id":"https:\/\/www.africa-press.net\/niger\/politique\/le-president-mohamed-bazoum-sentretient-avec-le-greffier-du-mecanisme-des-tribunaux-penaux-internationaux#breadcrumb","itemListElement":[{"@type":"ListItem","position":1,"name":"Accueil","item":"https:\/\/www.africa-press.net\/niger\/"},{"@type":"ListItem","position":2,"name":"Le Pr\u00e9sident Mohamed Bazoum s&#8217;entretient avec le greffier du M\u00e9canisme des tribunaux p\u00e9naux internationaux"}]},{"@type":"WebSite","@id":"https:\/\/www.africa-press.net\/niger\/#website","url":"https:\/\/www.africa-press.net\/niger\/","name":"niger","description":"Just another Africa News Agency Sites site","potentialAction":[{"@type":"SearchAction","target":{"@type":"EntryPoint","urlTemplate":"https:\/\/www.africa-press.net\/niger\/?s={search_term_string}"},"query-input":{"@type":"PropertyValueSpecification","valueRequired":true,"valueName":"search_term_string"}}],"inLanguage":"fr-FR"},{"@type":"Person","@id":"https:\/\/www.africa-press.net\/niger\/#\/schema\/person\/2b1cf3cd81a31e3cd26889ca66d677f1","name":"cfeditorfr"}]}},"_links":{"self":[{"href":"https:\/\/www.africa-press.net\/niger\/wp-json\/wp\/v2\/posts\/9765","targetHints":{"allow":["GET"]}}],"collection":[{"href":"https:\/\/www.africa-press.net\/niger\/wp-json\/wp\/v2\/posts"}],"about":[{"href":"https:\/\/www.africa-press.net\/niger\/wp-json\/wp\/v2\/types\/post"}],"author":[{"embeddable":true,"href":"https:\/\/www.africa-press.net\/niger\/wp-json\/wp\/v2\/users\/82"}],"replies":[{"embeddable":true,"href":"https:\/\/www.africa-press.net\/niger\/wp-json\/wp\/v2\/comments?post=9765"}],"version-history":[{"count":0,"href":"https:\/\/www.africa-press.net\/niger\/wp-json\/wp\/v2\/posts\/9765\/revisions"}],"wp:featuredmedia":[{"embeddable":true,"href":"https:\/\/www.africa-press.net\/niger\/wp-json\/wp\/v2\/media\/9541"}],"wp:attachment":[{"href":"https:\/\/www.africa-press.net\/niger\/wp-json\/wp\/v2\/media?parent=9765"}],"wp:term":[{"taxonomy":"category","embeddable":true,"href":"https:\/\/www.africa-press.net\/niger\/wp-json\/wp\/v2\/categories?post=9765"},{"taxonomy":"post_tag","embeddable":true,"href":"https:\/\/www.africa-press.net\/niger\/wp-json\/wp\/v2\/tags?post=9765"}],"curies":[{"name":"wp","href":"https:\/\/api.w.org\/{rel}","templated":true}]}}