{"id":9768,"date":"2021-08-09T17:38:31","date_gmt":"2021-08-09T17:38:31","guid":{"rendered":"https:\/\/www.africa-press.net\/niger\/?p=9768"},"modified":"2021-08-09T17:55:58","modified_gmt":"2021-08-09T17:55:58","slug":"niger-une-epidemie-de-cholera-fait-12-deces-ministre-de-la-sante-publique","status":"publish","type":"post","link":"https:\/\/www.africa-press.net\/niger\/toutes-les-actualites\/niger-une-epidemie-de-cholera-fait-12-deces-ministre-de-la-sante-publique","title":{"rendered":"Une \u00e9pid\u00e9mie de chol\u00e9ra fait 12 d\u00e9c\u00e8s (Ministre de la Sant\u00e9 Publique)"},"content":{"rendered":"<p><span style=\"color: #ff6600\"><strong><a href=\"https:\/\/www.africa-press.net\/\">Africa-Press<\/a> &#8211; <a href=\"https:\/\/www.africa-press.net\/niger\">Niger<\/a>.\u00a0 <\/strong><\/span>Au Niger, une \u00e9pid\u00e9mie de chol\u00e9ra a caus\u00e9 12 morts, a annonc\u00e9 le Ministre de la Sant\u00e9 Publique, Dr Idi Illiassou Ma\u00efnassara, lors d\u2019un point de presse qu\u2019il a anim\u00e9 ce lundi 09 Ao\u00fbt 2021,<\/p>\n<p>Faisant la situation de la gastro-ent\u00e9rite au Niger, Dr Idi Illiassou Ma\u00efnasara a d\u00e9clar\u00e9 que \u00ab depuis quelques semaines, notre pays enregistre des cas de diarrh\u00e9es et de vomissements dans les r\u00e9gions de Zinder, Dosso et Maradi. Apr\u00e8s analyse au niveau de notre Laboratoire National de R\u00e9f\u00e9rence, le germe du chol\u00e9ra a \u00e9t\u00e9 identifi\u00e9 \u00bb.<\/p>\n<p>Selon lui, les 3 r\u00e9gions touch\u00e9es enregistrent de fa\u00e7on r\u00e9currente des \u00e9pid\u00e9mies de chol\u00e9ra, avec le plus souvent l\u2019implication des brassages des populations de part et d\u2019autre de leurs fronti\u00e8res.<\/p>\n<p>A la date du 06 Ao\u00fbt 2021, au niveau des 3 r\u00e9gions, la situation se pr\u00e9sente comme suit : 125 cas dans la R\u00e9gion de Zinder dont 9 d\u00e9c\u00e8s, 85 cas \u00e0 Maradi dont 3 d\u00e9c\u00e8s et 3 cas \u00e0 Dosso pour 0 d\u00e9c\u00e8s, soit un total de 213 cas dont 12 d\u00e9c\u00e8s, a d\u00e9taill\u00e9 le Ministre Idi Illiassou Mainassara.<\/p>\n<p>Les districts sanitaires touch\u00e9s sont ceux de Tanout, Magaria, Takaya, Mirriah dans la r\u00e9gion de Zinder, Maradi commune, Madaraounfa et Guidan Roumdji, dans la r\u00e9gion de Maradi ; Gaya et Dogondoutchi dans la r\u00e9gion de Dosso, informe le ministre Dr Idi Illiassou.<\/p>\n<p>Face \u00e0 cette situation, a-t-il fait savoir, \u00ab des dispositions ont \u00e9t\u00e9 prises, \u00e0 savoir : envoi d\u2019une lettre d\u2019information du niveau central vers les r\u00e9gions depuis le 10 Mai 2021 pour le renforcement de la surveillance suite aux informations re\u00e7ues du Nig\u00e9ria voisin ; \u00e9changes r\u00e9guliers avec les directions r\u00e9gionales de la sant\u00e9 publique, de la population et des affaires sociales sur la situation de chol\u00e9ra dans la sous-r\u00e9gion \u00bb.<\/p>\n<p>Par ailleurs, a-t-il en outre inform\u00e9, il a \u00e9t\u00e9 pr\u00e9-positionn\u00e9 des kits chol\u00e9ra et des tests de d\u00e9pistage rapide, en plus du renforcement des stocks au niveau des r\u00e9gions qui ont le plus de cas, alors que des missions d\u2019investigation au niveau de tous les foyers ont \u00e9t\u00e9 conduites d\u00e8s la d\u00e9tection des premiers cas par les \u00e9quipes des districts sanitaires.<\/p>\n<p>Bien plus, a ajout\u00e9 le Ministre en charge de la Sant\u00e9 Publique, il a \u00e9t\u00e9 mis en place des sites d\u2019isolement et de prise en charge des cas au niveau des foyers, des traitements r\u00e9guliers des points d\u2019eau et la distribution des comprim\u00e9s d\u2019Aquatab sont conduits et la population et les diff\u00e9rents leaders sont sensibilis\u00e9s en continu sur les mesures de pr\u00e9vention.<\/p>\n<p>D\u2019autres mesures ont concern\u00e9 la d\u00e9sinfection intra-domiciliaire et sur les sites de prise en charge, mais aussi le suivi journalier de l\u2019\u00e9volution de la maladie \u00e0 tous les niveaux, a laiss\u00e9 entendre le Ministre Idi Illiassou Ma\u00efnassara, selon qui \u00ab la situation est sous contr\u00f4le avec la mobilisation locale, l\u2019appui de l\u2019Etat et de ses partenaires \u00bb, m\u00eame si \u00ab nous devons nous pr\u00e9parer davantage et renforcer la vigilance au vu du contexte et du caract\u00e8re tr\u00e8s contagieux de la maladie \u00bb.<\/p>\n<p>Aussi, le Ministre de la Sant\u00e9 Publique a-t-il conseill\u00e9 le recours urgent aux services de sant\u00e9 devant tout cas pr\u00e9sentant les signes de suspicion de chol\u00e9ra, \u00e0 savoir : la diarrh\u00e9e, les vomissements, la d\u00e9shydratation.<\/p>\n<p>L\u2019utilisation des toilettes et \u00e0 d\u00e9faut l\u2019enfouissement des selles, la consommation d\u2019une eau potable, de l\u2019eau bouillie ou de l\u2019eau trait\u00e9e avec les d\u00e9sinfectants (eau de javel, aqua tab, comprim\u00e9 de Pur), le lavage soigneux des mains avant la pr\u00e9paration et la consommation des repas, la propret\u00e9 de l\u2019environnement, la protection des denr\u00e9es alimentaires, la d\u00e9sinfection des aliments crus avant leur consommation, le respect strict des conseils donn\u00e9s par les professionnels de la sant\u00e9 sont autant de pr\u00e9cautions qui peuvent emp\u00eacher la propagation de la maladie.<\/p>\n<p>&nbsp;<\/p>\n","protected":false},"excerpt":{"rendered":"<p>Africa-Press &#8211; Niger.\u00a0 Au Niger, une \u00e9pid\u00e9mie de chol\u00e9ra a caus\u00e9 12 morts, a annonc\u00e9 le Ministre de la Sant\u00e9 Publique, Dr Idi Illiassou Ma\u00efnassara, lors d\u2019un point de presse qu\u2019il a anim\u00e9 ce lundi 09 Ao\u00fbt 2021, Faisant la situation de la gastro-ent\u00e9rite au Niger, Dr Idi Illiassou Ma\u00efnasara a d\u00e9clar\u00e9 que \u00ab depuis [&hellip;]<\/p>\n","protected":false},"author":82,"featured_media":9767,"comment_status":"open","ping_status":"closed","sticky":false,"template":"","format":"standard","meta":{"footnotes":""},"categories":[21,11,20,10],"tags":[55,60,29],"class_list":["post-9768","post","type-post","status-publish","format-standard","has-post-thumbnail","hentry","category-communaute","category-homepage-french","category-top-nouvelles","category-toutes-les-actualites","tag-africa-press","tag-africa-press-niger","tag-niger"],"yoast_head":"<!-- This site is optimized with the Yoast SEO Premium plugin v26.1 (Yoast SEO v27.0) - https:\/\/yoast.com\/product\/yoast-seo-premium-wordpress\/ -->\n<title>Une \u00e9pid\u00e9mie de chol\u00e9ra fait 12 d\u00e9c\u00e8s (Ministre de la Sant\u00e9 Publique) - niger<\/title>\n<meta name=\"description\" content=\", 09 Ao\u00fbt (ANP) - Au Niger, une \u00e9pid\u00e9mie de chol\u00e9ra a caus\u00e9 12 morts, a annonc\u00e9 le Ministre de la Sant\u00e9 Publique, Dr Idi ...\" \/>\n<meta name=\"robots\" content=\"index, follow, max-snippet:-1, max-image-preview:large, max-video-preview:-1\" \/>\n<link rel=\"canonical\" href=\"https:\/\/www.africa-press.net\/niger\/toutes-les-actualites\/niger-une-epidemie-de-cholera-fait-12-deces-ministre-de-la-sante-publique\" \/>\n<meta property=\"og:locale\" content=\"fr_FR\" \/>\n<meta property=\"og:type\" content=\"article\" \/>\n<meta property=\"og:title\" content=\"Une \u00e9pid\u00e9mie de chol\u00e9ra fait 12 d\u00e9c\u00e8s (Ministre de la Sant\u00e9 Publique)\" \/>\n<meta property=\"og:description\" content=\", 09 Ao\u00fbt (ANP) - Au Niger, une \u00e9pid\u00e9mie de chol\u00e9ra a caus\u00e9 12 morts, a annonc\u00e9 le Ministre de la Sant\u00e9 Publique, Dr Idi ...\" \/>\n<meta property=\"og:url\" content=\"https:\/\/www.africa-press.net\/niger\/toutes-les-actualites\/niger-une-epidemie-de-cholera-fait-12-deces-ministre-de-la-sante-publique\" \/>\n<meta property=\"og:site_name\" content=\"niger\" \/>\n<meta property=\"article:published_time\" content=\"2021-08-09T17:38:31+00:00\" \/>\n<meta property=\"article:modified_time\" content=\"2021-08-09T17:55:58+00:00\" \/>\n<meta property=\"og:image\" content=\"https:\/\/static.africa-press.net\/niger\/sites\/40\/2021\/08\/img-611163cf4d127.jpg\" \/>\n\t<meta property=\"og:image:width\" content=\"976\" \/>\n\t<meta property=\"og:image:height\" content=\"549\" \/>\n\t<meta property=\"og:image:type\" content=\"image\/jpeg\" \/>\n<meta name=\"author\" content=\"cfeditorfr\" \/>\n<meta name=\"twitter:card\" content=\"summary_large_image\" \/>\n<meta name=\"twitter:label1\" content=\"\u00c9crit par\" \/>\n\t<meta name=\"twitter:data1\" content=\"cfeditorfr\" \/>\n\t<meta name=\"twitter:label2\" content=\"Dur\u00e9e de lecture estim\u00e9e\" \/>\n\t<meta name=\"twitter:data2\" content=\"3 minutes\" \/>\n<script type=\"application\/ld+json\" class=\"yoast-schema-graph\">{\"@context\":\"https:\/\/schema.org\",\"@graph\":[{\"@type\":\"Article\",\"@id\":\"https:\/\/www.africa-press.net\/niger\/toutes-les-actualites\/niger-une-epidemie-de-cholera-fait-12-deces-ministre-de-la-sante-publique#article\",\"isPartOf\":{\"@id\":\"https:\/\/www.africa-press.net\/niger\/toutes-les-actualites\/niger-une-epidemie-de-cholera-fait-12-deces-ministre-de-la-sante-publique\"},\"author\":{\"name\":\"cfeditorfr\",\"@id\":\"https:\/\/www.africa-press.net\/niger\/#\/schema\/person\/2b1cf3cd81a31e3cd26889ca66d677f1\"},\"headline\":\"Une \u00e9pid\u00e9mie de chol\u00e9ra fait 12 d\u00e9c\u00e8s (Ministre de la Sant\u00e9 Publique)\",\"datePublished\":\"2021-08-09T17:38:31+00:00\",\"dateModified\":\"2021-08-09T17:55:58+00:00\",\"mainEntityOfPage\":{\"@id\":\"https:\/\/www.africa-press.net\/niger\/toutes-les-actualites\/niger-une-epidemie-de-cholera-fait-12-deces-ministre-de-la-sante-publique\"},\"wordCount\":696,\"commentCount\":0,\"image\":{\"@id\":\"https:\/\/www.africa-press.net\/niger\/toutes-les-actualites\/niger-une-epidemie-de-cholera-fait-12-deces-ministre-de-la-sante-publique#primaryimage\"},\"thumbnailUrl\":\"https:\/\/static.africa-press.net\/niger\/sites\/40\/2021\/08\/img-611163cf4d127.jpg\",\"keywords\":[\"Africa Press\",\"Africa Press-Niger\",\"Niger\"],\"articleSection\":[\"Communaut\u00e9\",\"homepage-french\",\"Top Nouvelles\",\"Toutes les actualit\u00e9s\"],\"inLanguage\":\"fr-FR\",\"potentialAction\":[{\"@type\":\"CommentAction\",\"name\":\"Comment\",\"target\":[\"https:\/\/www.africa-press.net\/niger\/toutes-les-actualites\/niger-une-epidemie-de-cholera-fait-12-deces-ministre-de-la-sante-publique#respond\"]}]},{\"@type\":\"WebPage\",\"@id\":\"https:\/\/www.africa-press.net\/niger\/toutes-les-actualites\/niger-une-epidemie-de-cholera-fait-12-deces-ministre-de-la-sante-publique\",\"url\":\"https:\/\/www.africa-press.net\/niger\/toutes-les-actualites\/niger-une-epidemie-de-cholera-fait-12-deces-ministre-de-la-sante-publique\",\"name\":\"Une \u00e9pid\u00e9mie de chol\u00e9ra fait 12 d\u00e9c\u00e8s (Ministre de la Sant\u00e9 Publique) - niger\",\"isPartOf\":{\"@id\":\"https:\/\/www.africa-press.net\/niger\/#website\"},\"primaryImageOfPage\":{\"@id\":\"https:\/\/www.africa-press.net\/niger\/toutes-les-actualites\/niger-une-epidemie-de-cholera-fait-12-deces-ministre-de-la-sante-publique#primaryimage\"},\"image\":{\"@id\":\"https:\/\/www.africa-press.net\/niger\/toutes-les-actualites\/niger-une-epidemie-de-cholera-fait-12-deces-ministre-de-la-sante-publique#primaryimage\"},\"thumbnailUrl\":\"https:\/\/static.africa-press.net\/niger\/sites\/40\/2021\/08\/img-611163cf4d127.jpg\",\"datePublished\":\"2021-08-09T17:38:31+00:00\",\"dateModified\":\"2021-08-09T17:55:58+00:00\",\"author\":{\"@id\":\"https:\/\/www.africa-press.net\/niger\/#\/schema\/person\/2b1cf3cd81a31e3cd26889ca66d677f1\"},\"description\":\", 09 Ao\u00fbt (ANP) - Au Niger, une \u00e9pid\u00e9mie de chol\u00e9ra a caus\u00e9 12 morts, a annonc\u00e9 le Ministre de la Sant\u00e9 Publique, Dr Idi ...\",\"breadcrumb\":{\"@id\":\"https:\/\/www.africa-press.net\/niger\/toutes-les-actualites\/niger-une-epidemie-de-cholera-fait-12-deces-ministre-de-la-sante-publique#breadcrumb\"},\"inLanguage\":\"fr-FR\",\"potentialAction\":[{\"@type\":\"ReadAction\",\"target\":[\"https:\/\/www.africa-press.net\/niger\/toutes-les-actualites\/niger-une-epidemie-de-cholera-fait-12-deces-ministre-de-la-sante-publique\"]}]},{\"@type\":\"ImageObject\",\"inLanguage\":\"fr-FR\",\"@id\":\"https:\/\/www.africa-press.net\/niger\/toutes-les-actualites\/niger-une-epidemie-de-cholera-fait-12-deces-ministre-de-la-sante-publique#primaryimage\",\"url\":\"https:\/\/static.africa-press.net\/niger\/sites\/40\/2021\/08\/img-611163cf4d127.jpg\",\"contentUrl\":\"https:\/\/static.africa-press.net\/niger\/sites\/40\/2021\/08\/img-611163cf4d127.jpg\",\"width\":976,\"height\":549,\"caption\":\"Niger\u00a0: Une \u00e9pid\u00e9mie de chol\u00e9ra fait 12 d\u00e9c\u00e8s (Ministre de la Sant\u00e9 Publique)\"},{\"@type\":\"BreadcrumbList\",\"@id\":\"https:\/\/www.africa-press.net\/niger\/toutes-les-actualites\/niger-une-epidemie-de-cholera-fait-12-deces-ministre-de-la-sante-publique#breadcrumb\",\"itemListElement\":[{\"@type\":\"ListItem\",\"position\":1,\"name\":\"Accueil\",\"item\":\"https:\/\/www.africa-press.net\/niger\/\"},{\"@type\":\"ListItem\",\"position\":2,\"name\":\"Une \u00e9pid\u00e9mie de chol\u00e9ra fait 12 d\u00e9c\u00e8s (Ministre de la Sant\u00e9 Publique)\"}]},{\"@type\":\"WebSite\",\"@id\":\"https:\/\/www.africa-press.net\/niger\/#website\",\"url\":\"https:\/\/www.africa-press.net\/niger\/\",\"name\":\"niger\",\"description\":\"Just another Africa News Agency Sites site\",\"potentialAction\":[{\"@type\":\"SearchAction\",\"target\":{\"@type\":\"EntryPoint\",\"urlTemplate\":\"https:\/\/www.africa-press.net\/niger\/?s={search_term_string}\"},\"query-input\":{\"@type\":\"PropertyValueSpecification\",\"valueRequired\":true,\"valueName\":\"search_term_string\"}}],\"inLanguage\":\"fr-FR\"},{\"@type\":\"Person\",\"@id\":\"https:\/\/www.africa-press.net\/niger\/#\/schema\/person\/2b1cf3cd81a31e3cd26889ca66d677f1\",\"name\":\"cfeditorfr\"}]}<\/script>\n<!-- \/ Yoast SEO Premium plugin. -->","yoast_head_json":{"title":"Une \u00e9pid\u00e9mie de chol\u00e9ra fait 12 d\u00e9c\u00e8s (Ministre de la Sant\u00e9 Publique) - niger","description":", 09 Ao\u00fbt (ANP) - Au Niger, une \u00e9pid\u00e9mie de chol\u00e9ra a caus\u00e9 12 morts, a annonc\u00e9 le Ministre de la Sant\u00e9 Publique, Dr Idi ...","robots":{"index":"index","follow":"follow","max-snippet":"max-snippet:-1","max-image-preview":"max-image-preview:large","max-video-preview":"max-video-preview:-1"},"canonical":"https:\/\/www.africa-press.net\/niger\/toutes-les-actualites\/niger-une-epidemie-de-cholera-fait-12-deces-ministre-de-la-sante-publique","og_locale":"fr_FR","og_type":"article","og_title":"Une \u00e9pid\u00e9mie de chol\u00e9ra fait 12 d\u00e9c\u00e8s (Ministre de la Sant\u00e9 Publique)","og_description":", 09 Ao\u00fbt (ANP) - Au Niger, une \u00e9pid\u00e9mie de chol\u00e9ra a caus\u00e9 12 morts, a annonc\u00e9 le Ministre de la Sant\u00e9 Publique, Dr Idi ...","og_url":"https:\/\/www.africa-press.net\/niger\/toutes-les-actualites\/niger-une-epidemie-de-cholera-fait-12-deces-ministre-de-la-sante-publique","og_site_name":"niger","article_published_time":"2021-08-09T17:38:31+00:00","article_modified_time":"2021-08-09T17:55:58+00:00","og_image":[{"width":976,"height":549,"url":"https:\/\/static.africa-press.net\/niger\/sites\/40\/2021\/08\/img-611163cf4d127.jpg","type":"image\/jpeg"}],"author":"cfeditorfr","twitter_card":"summary_large_image","twitter_misc":{"\u00c9crit par":"cfeditorfr","Dur\u00e9e de lecture estim\u00e9e":"3 minutes"},"schema":{"@context":"https:\/\/schema.org","@graph":[{"@type":"Article","@id":"https:\/\/www.africa-press.net\/niger\/toutes-les-actualites\/niger-une-epidemie-de-cholera-fait-12-deces-ministre-de-la-sante-publique#article","isPartOf":{"@id":"https:\/\/www.africa-press.net\/niger\/toutes-les-actualites\/niger-une-epidemie-de-cholera-fait-12-deces-ministre-de-la-sante-publique"},"author":{"name":"cfeditorfr","@id":"https:\/\/www.africa-press.net\/niger\/#\/schema\/person\/2b1cf3cd81a31e3cd26889ca66d677f1"},"headline":"Une \u00e9pid\u00e9mie de chol\u00e9ra fait 12 d\u00e9c\u00e8s (Ministre de la Sant\u00e9 Publique)","datePublished":"2021-08-09T17:38:31+00:00","dateModified":"2021-08-09T17:55:58+00:00","mainEntityOfPage":{"@id":"https:\/\/www.africa-press.net\/niger\/toutes-les-actualites\/niger-une-epidemie-de-cholera-fait-12-deces-ministre-de-la-sante-publique"},"wordCount":696,"commentCount":0,"image":{"@id":"https:\/\/www.africa-press.net\/niger\/toutes-les-actualites\/niger-une-epidemie-de-cholera-fait-12-deces-ministre-de-la-sante-publique#primaryimage"},"thumbnailUrl":"https:\/\/static.africa-press.net\/niger\/sites\/40\/2021\/08\/img-611163cf4d127.jpg","keywords":["Africa Press","Africa Press-Niger","Niger"],"articleSection":["Communaut\u00e9","homepage-french","Top Nouvelles","Toutes les actualit\u00e9s"],"inLanguage":"fr-FR","potentialAction":[{"@type":"CommentAction","name":"Comment","target":["https:\/\/www.africa-press.net\/niger\/toutes-les-actualites\/niger-une-epidemie-de-cholera-fait-12-deces-ministre-de-la-sante-publique#respond"]}]},{"@type":"WebPage","@id":"https:\/\/www.africa-press.net\/niger\/toutes-les-actualites\/niger-une-epidemie-de-cholera-fait-12-deces-ministre-de-la-sante-publique","url":"https:\/\/www.africa-press.net\/niger\/toutes-les-actualites\/niger-une-epidemie-de-cholera-fait-12-deces-ministre-de-la-sante-publique","name":"Une \u00e9pid\u00e9mie de chol\u00e9ra fait 12 d\u00e9c\u00e8s (Ministre de la Sant\u00e9 Publique) - niger","isPartOf":{"@id":"https:\/\/www.africa-press.net\/niger\/#website"},"primaryImageOfPage":{"@id":"https:\/\/www.africa-press.net\/niger\/toutes-les-actualites\/niger-une-epidemie-de-cholera-fait-12-deces-ministre-de-la-sante-publique#primaryimage"},"image":{"@id":"https:\/\/www.africa-press.net\/niger\/toutes-les-actualites\/niger-une-epidemie-de-cholera-fait-12-deces-ministre-de-la-sante-publique#primaryimage"},"thumbnailUrl":"https:\/\/static.africa-press.net\/niger\/sites\/40\/2021\/08\/img-611163cf4d127.jpg","datePublished":"2021-08-09T17:38:31+00:00","dateModified":"2021-08-09T17:55:58+00:00","author":{"@id":"https:\/\/www.africa-press.net\/niger\/#\/schema\/person\/2b1cf3cd81a31e3cd26889ca66d677f1"},"description":", 09 Ao\u00fbt (ANP) - Au Niger, une \u00e9pid\u00e9mie de chol\u00e9ra a caus\u00e9 12 morts, a annonc\u00e9 le Ministre de la Sant\u00e9 Publique, Dr Idi ...","breadcrumb":{"@id":"https:\/\/www.africa-press.net\/niger\/toutes-les-actualites\/niger-une-epidemie-de-cholera-fait-12-deces-ministre-de-la-sante-publique#breadcrumb"},"inLanguage":"fr-FR","potentialAction":[{"@type":"ReadAction","target":["https:\/\/www.africa-press.net\/niger\/toutes-les-actualites\/niger-une-epidemie-de-cholera-fait-12-deces-ministre-de-la-sante-publique"]}]},{"@type":"ImageObject","inLanguage":"fr-FR","@id":"https:\/\/www.africa-press.net\/niger\/toutes-les-actualites\/niger-une-epidemie-de-cholera-fait-12-deces-ministre-de-la-sante-publique#primaryimage","url":"https:\/\/static.africa-press.net\/niger\/sites\/40\/2021\/08\/img-611163cf4d127.jpg","contentUrl":"https:\/\/static.africa-press.net\/niger\/sites\/40\/2021\/08\/img-611163cf4d127.jpg","width":976,"height":549,"caption":"Niger\u00a0: Une \u00e9pid\u00e9mie de chol\u00e9ra fait 12 d\u00e9c\u00e8s (Ministre de la Sant\u00e9 Publique)"},{"@type":"BreadcrumbList","@id":"https:\/\/www.africa-press.net\/niger\/toutes-les-actualites\/niger-une-epidemie-de-cholera-fait-12-deces-ministre-de-la-sante-publique#breadcrumb","itemListElement":[{"@type":"ListItem","position":1,"name":"Accueil","item":"https:\/\/www.africa-press.net\/niger\/"},{"@type":"ListItem","position":2,"name":"Une \u00e9pid\u00e9mie de chol\u00e9ra fait 12 d\u00e9c\u00e8s (Ministre de la Sant\u00e9 Publique)"}]},{"@type":"WebSite","@id":"https:\/\/www.africa-press.net\/niger\/#website","url":"https:\/\/www.africa-press.net\/niger\/","name":"niger","description":"Just another Africa News Agency Sites site","potentialAction":[{"@type":"SearchAction","target":{"@type":"EntryPoint","urlTemplate":"https:\/\/www.africa-press.net\/niger\/?s={search_term_string}"},"query-input":{"@type":"PropertyValueSpecification","valueRequired":true,"valueName":"search_term_string"}}],"inLanguage":"fr-FR"},{"@type":"Person","@id":"https:\/\/www.africa-press.net\/niger\/#\/schema\/person\/2b1cf3cd81a31e3cd26889ca66d677f1","name":"cfeditorfr"}]}},"_links":{"self":[{"href":"https:\/\/www.africa-press.net\/niger\/wp-json\/wp\/v2\/posts\/9768","targetHints":{"allow":["GET"]}}],"collection":[{"href":"https:\/\/www.africa-press.net\/niger\/wp-json\/wp\/v2\/posts"}],"about":[{"href":"https:\/\/www.africa-press.net\/niger\/wp-json\/wp\/v2\/types\/post"}],"author":[{"embeddable":true,"href":"https:\/\/www.africa-press.net\/niger\/wp-json\/wp\/v2\/users\/82"}],"replies":[{"embeddable":true,"href":"https:\/\/www.africa-press.net\/niger\/wp-json\/wp\/v2\/comments?post=9768"}],"version-history":[{"count":0,"href":"https:\/\/www.africa-press.net\/niger\/wp-json\/wp\/v2\/posts\/9768\/revisions"}],"wp:featuredmedia":[{"embeddable":true,"href":"https:\/\/www.africa-press.net\/niger\/wp-json\/wp\/v2\/media\/9767"}],"wp:attachment":[{"href":"https:\/\/www.africa-press.net\/niger\/wp-json\/wp\/v2\/media?parent=9768"}],"wp:term":[{"taxonomy":"category","embeddable":true,"href":"https:\/\/www.africa-press.net\/niger\/wp-json\/wp\/v2\/categories?post=9768"},{"taxonomy":"post_tag","embeddable":true,"href":"https:\/\/www.africa-press.net\/niger\/wp-json\/wp\/v2\/tags?post=9768"}],"curies":[{"name":"wp","href":"https:\/\/api.w.org\/{rel}","templated":true}]}}