{"id":9774,"date":"2021-08-09T17:54:47","date_gmt":"2021-08-09T17:54:47","guid":{"rendered":"https:\/\/www.africa-press.net\/niger\/?p=9774"},"modified":"2021-08-09T17:56:14","modified_gmt":"2021-08-09T17:56:14","slug":"niger-le-ministre-des-affaires-etrangeres-participe-a-une-visioconference-du-conseil-de-securite-sur-la-securite-maritime","status":"publish","type":"post","link":"https:\/\/www.africa-press.net\/niger\/politique\/niger-le-ministre-des-affaires-etrangeres-participe-a-une-visioconference-du-conseil-de-securite-sur-la-securite-maritime","title":{"rendered":"Le Ministre des Affaires Etrang\u00e8res participe \u00e0 une visioconf\u00e9rence du Conseil de S\u00e9curit\u00e9 sur la S\u00e9curit\u00e9 maritime"},"content":{"rendered":"<p><span style=\"color: #ff6600\"><strong><a href=\"https:\/\/www.africa-press.net\/\">Africa-Press<\/a> &#8211; <a href=\"https:\/\/www.africa-press.net\/niger\">Niger<\/a>.\u00a0 <\/strong><\/span>\u00a0Le Ministre d\u2019Etat, ministre des Affaires Etrang\u00e8res et de la Coop\u00e9ration, M. Massoudou Hassoumi, a pris part, ce lundi 9 ao\u00fbt, \u00e0 une r\u00e9union virtuelle du Conseil de S\u00e9curit\u00e9 des Nations Unies ax\u00e9e sur la \u00ab\u00a0S\u00e9curit\u00e9 maritime\u00a0\u00bb.<\/p>\n<p>La mer et les oc\u00e9ans repr\u00e9sentent plus de deux tiers de la surface de la plan\u00e8te. Ils constituent un secteur majeur de l\u2019\u00e9conomie mondiale dont des milliards de personnes en d\u00e9pendent pour leur substance.<\/p>\n<p>Aujourd\u2019hui, pr\u00e8s de 90% des \u00e9changes commerciaux mondiaux s\u2019effectuent par les voies maritimes. Celles-ci sont non seulement des zones de passages strat\u00e9giques, mais aussi des espaces privil\u00e9gi\u00e9s pour la p\u00eache ou l\u2019extraction des hydrocarbures et autres minerais.<\/p>\n<p>C\u2019est pourquoi \u00ab nous consid\u00e9rons que cette question appelle un renforcement de la coop\u00e9ration et une meilleure gestion de sa prosp\u00e9rit\u00e9 subs\u00e9quente \u00bb a annonc\u00e9 Hassoumi Massoudou dans le discours qu\u2019il a lu au cours de cette r\u00e9union.<\/p>\n<p>\u00ab Nous avons donc le devoir imp\u00e9rieux de sauvegarder la s\u00e9curit\u00e9 maritime qui est un gage important pour la paix et le d\u00e9veloppement international \u00bb a ajout\u00e9 le ministre d\u2019Etat en charge des Affaires Etrang\u00e8res.<\/p>\n<p>La s\u00e9curit\u00e9 maritime, rappelle le ministre, \u00ab reste pr\u00e9caire malgr\u00e9 les efforts inlassables que nous d\u00e9ployons pour la pr\u00e9server. En effet, la prolif\u00e9ration et la sophistication d\u2019actes criminels en milieu marin sont devenues une menace persistante pour la paix et la s\u00e9curit\u00e9 internationales \u00bb. Ces actes ont un effet d\u00e9sastreux sur les activit\u00e9s \u00e9conomiques et alimentent les flux financiers ill\u00e9gaux des pays affect\u00e9s par ce ph\u00e9nom\u00e8ne.<\/p>\n<p>Le continent africain paie un lourd tribut du fait de \u00ab ces actes criminels perp\u00e9tr\u00e9s en haute mer. \u00ab si dans les ann\u00e9es 2000 c\u2019\u00e9taient les c\u00f4tes somaliennes et le Golfe d\u2019Aden qui \u00e9taient l\u2019\u00e9picentre de d\u00e9tournements des navires marchands, l\u2019ins\u00e9curit\u00e9 maritime a pris de l\u2019ampleur pour atteindre, depuis une d\u00e9cennie, le Golfe de Guin\u00e9e \u00bb poursuit le ministre d\u2019Etat Hassoumi. Dans cette r\u00e9gion, le piratage, tout particuli\u00e8rement dans l\u2019industrie p\u00e9troli\u00e8re, les prises d\u2019otages pour ran\u00e7on e le trafic de drogue et d\u2019\u00eatres humains, sont devenus pratiques courantes.<\/p>\n<p>Le Niger, pays enclav\u00e9, dont le port d\u2019entr\u00e9e le plus proche se trouve \u00e0 plus de 1000 km de Niamey, sa capitale, \u00ab subit pleinement l\u2019impact de toute d\u00e9t\u00e9rioration du climat s\u00e9curitaire sur les c\u00f4tes de ses voisins dot\u00e9s de littoral maritime, dont les installations portuaires lui servent de point de transit pour son commerce international \u00bb.<\/p>\n<p>Le Ministre d\u2019Etat, ministre des Affaires Etrang\u00e8res et de la Coop\u00e9ration a formul\u00e9 des recommandations qui peuvent contribuer au renforcement de la s\u00e9curit\u00e9 maritime, \u00e0 l\u2019endroit du Conseil de s\u00e9curit\u00e9. La premi\u00e8re est d\u2019ordre politique, qui consiste \u00e0 consolider la coop\u00e9ration en privil\u00e9giant sa dimension multilat\u00e9rale et globale, avec l\u2019ONU comme fer de lance.<\/p>\n<p>La deuxi\u00e8me qui est d\u2019ordre juridique en assurant une d\u00e9finition commune de la s\u00e9curit\u00e9 maritime englobant le vaste \u00e9ventail de crimes perp\u00e9tr\u00e9s en milieu marin.<\/p>\n<p>Pour la troisi\u00e8me recommandation, le ministre a invit\u00e9 les partenaires \u00ab \u00e0 investir les partenaires \u00e0 investir davantage dans les projets et initiatives de d\u00e9veloppement, de fa\u00e7on \u00e0 cr\u00e9er des opportunit\u00e9s pour les jeunes dans les pays ou r\u00e9gions le plus en proie au fl\u00e9au de l\u2019ins\u00e9curit\u00e9 maritime \u00bb.<\/p>\n<p>Cette r\u00e9union virtuelle a \u00e9t\u00e9 pr\u00e9sid\u00e9e par la R\u00e9publique d\u2019inde, qui assure la pr\u00e9sidence tournante pour ce mois d\u2019ao\u00fbt.<\/p>\n<p>&nbsp;<\/p>\n","protected":false},"excerpt":{"rendered":"<p>Africa-Press &#8211; Niger.\u00a0 \u00a0Le Ministre d\u2019Etat, ministre des Affaires Etrang\u00e8res et de la Coop\u00e9ration, M. Massoudou Hassoumi, a pris part, ce lundi 9 ao\u00fbt, \u00e0 une r\u00e9union virtuelle du Conseil de S\u00e9curit\u00e9 des Nations Unies ax\u00e9e sur la \u00ab\u00a0S\u00e9curit\u00e9 maritime\u00a0\u00bb. La mer et les oc\u00e9ans repr\u00e9sentent plus de deux tiers de la surface de la [&hellip;]<\/p>\n","protected":false},"author":82,"featured_media":9773,"comment_status":"open","ping_status":"closed","sticky":false,"template":"","format":"standard","meta":{"footnotes":""},"categories":[11,2,20,10],"tags":[55,60,29],"class_list":["post-9774","post","type-post","status-publish","format-standard","has-post-thumbnail","hentry","category-homepage-french","category-politique","category-top-nouvelles","category-toutes-les-actualites","tag-africa-press","tag-africa-press-niger","tag-niger"],"yoast_head":"<!-- This site is optimized with the Yoast SEO Premium plugin v26.1 (Yoast SEO v27.0) - https:\/\/yoast.com\/product\/yoast-seo-premium-wordpress\/ -->\n<title>Le Ministre des Affaires Etrang\u00e8res participe \u00e0 une visioconf\u00e9rence du Conseil de S\u00e9curit\u00e9 sur la S\u00e9curit\u00e9 maritime - niger<\/title>\n<meta name=\"description\" content=\", 9 ao\u00fbt (ANP) \u2013 Le Ministre d\u2019Etat, ministre des Affaires Etrang\u00e8res et de la Coop\u00e9ration, M. Massoudou Hassoumi, a pri ...\" \/>\n<meta name=\"robots\" content=\"index, follow, max-snippet:-1, max-image-preview:large, max-video-preview:-1\" \/>\n<link rel=\"canonical\" href=\"https:\/\/www.africa-press.net\/niger\/politique\/niger-le-ministre-des-affaires-etrangeres-participe-a-une-visioconference-du-conseil-de-securite-sur-la-securite-maritime\" \/>\n<meta property=\"og:locale\" content=\"fr_FR\" \/>\n<meta property=\"og:type\" content=\"article\" \/>\n<meta property=\"og:title\" content=\"Le Ministre des Affaires Etrang\u00e8res participe \u00e0 une visioconf\u00e9rence du Conseil de S\u00e9curit\u00e9 sur la S\u00e9curit\u00e9 maritime\" \/>\n<meta property=\"og:description\" content=\", 9 ao\u00fbt (ANP) \u2013 Le Ministre d\u2019Etat, ministre des Affaires Etrang\u00e8res et de la Coop\u00e9ration, M. Massoudou Hassoumi, a pri ...\" \/>\n<meta property=\"og:url\" content=\"https:\/\/www.africa-press.net\/niger\/politique\/niger-le-ministre-des-affaires-etrangeres-participe-a-une-visioconference-du-conseil-de-securite-sur-la-securite-maritime\" \/>\n<meta property=\"og:site_name\" content=\"niger\" \/>\n<meta property=\"article:published_time\" content=\"2021-08-09T17:54:47+00:00\" \/>\n<meta property=\"article:modified_time\" content=\"2021-08-09T17:56:14+00:00\" \/>\n<meta property=\"og:image\" content=\"https:\/\/static.africa-press.net\/niger\/sites\/40\/2021\/08\/img-6111641c18b31.jpg\" \/>\n\t<meta property=\"og:image:width\" content=\"1920\" \/>\n\t<meta property=\"og:image:height\" content=\"1280\" \/>\n\t<meta property=\"og:image:type\" content=\"image\/jpeg\" \/>\n<meta name=\"author\" content=\"cfeditorfr\" \/>\n<meta name=\"twitter:card\" content=\"summary_large_image\" \/>\n<meta name=\"twitter:label1\" content=\"\u00c9crit par\" \/>\n\t<meta name=\"twitter:data1\" content=\"cfeditorfr\" \/>\n\t<meta name=\"twitter:label2\" content=\"Dur\u00e9e de lecture estim\u00e9e\" \/>\n\t<meta name=\"twitter:data2\" content=\"3 minutes\" \/>\n<script type=\"application\/ld+json\" class=\"yoast-schema-graph\">{\"@context\":\"https:\/\/schema.org\",\"@graph\":[{\"@type\":\"Article\",\"@id\":\"https:\/\/www.africa-press.net\/niger\/politique\/niger-le-ministre-des-affaires-etrangeres-participe-a-une-visioconference-du-conseil-de-securite-sur-la-securite-maritime#article\",\"isPartOf\":{\"@id\":\"https:\/\/www.africa-press.net\/niger\/politique\/niger-le-ministre-des-affaires-etrangeres-participe-a-une-visioconference-du-conseil-de-securite-sur-la-securite-maritime\"},\"author\":{\"name\":\"cfeditorfr\",\"@id\":\"https:\/\/www.africa-press.net\/niger\/#\/schema\/person\/2b1cf3cd81a31e3cd26889ca66d677f1\"},\"headline\":\"Le Ministre des Affaires Etrang\u00e8res participe \u00e0 une visioconf\u00e9rence du Conseil de S\u00e9curit\u00e9 sur la S\u00e9curit\u00e9 maritime\",\"datePublished\":\"2021-08-09T17:54:47+00:00\",\"dateModified\":\"2021-08-09T17:56:14+00:00\",\"mainEntityOfPage\":{\"@id\":\"https:\/\/www.africa-press.net\/niger\/politique\/niger-le-ministre-des-affaires-etrangeres-participe-a-une-visioconference-du-conseil-de-securite-sur-la-securite-maritime\"},\"wordCount\":650,\"commentCount\":0,\"image\":{\"@id\":\"https:\/\/www.africa-press.net\/niger\/politique\/niger-le-ministre-des-affaires-etrangeres-participe-a-une-visioconference-du-conseil-de-securite-sur-la-securite-maritime#primaryimage\"},\"thumbnailUrl\":\"https:\/\/static.africa-press.net\/niger\/sites\/40\/2021\/08\/img-6111641c18b31.jpg\",\"keywords\":[\"Africa Press\",\"Africa Press-Niger\",\"Niger\"],\"articleSection\":[\"homepage-french\",\"Politique\",\"Top Nouvelles\",\"Toutes les actualit\u00e9s\"],\"inLanguage\":\"fr-FR\",\"potentialAction\":[{\"@type\":\"CommentAction\",\"name\":\"Comment\",\"target\":[\"https:\/\/www.africa-press.net\/niger\/politique\/niger-le-ministre-des-affaires-etrangeres-participe-a-une-visioconference-du-conseil-de-securite-sur-la-securite-maritime#respond\"]}]},{\"@type\":\"WebPage\",\"@id\":\"https:\/\/www.africa-press.net\/niger\/politique\/niger-le-ministre-des-affaires-etrangeres-participe-a-une-visioconference-du-conseil-de-securite-sur-la-securite-maritime\",\"url\":\"https:\/\/www.africa-press.net\/niger\/politique\/niger-le-ministre-des-affaires-etrangeres-participe-a-une-visioconference-du-conseil-de-securite-sur-la-securite-maritime\",\"name\":\"Le Ministre des Affaires Etrang\u00e8res participe \u00e0 une visioconf\u00e9rence du Conseil de S\u00e9curit\u00e9 sur la S\u00e9curit\u00e9 maritime - niger\",\"isPartOf\":{\"@id\":\"https:\/\/www.africa-press.net\/niger\/#website\"},\"primaryImageOfPage\":{\"@id\":\"https:\/\/www.africa-press.net\/niger\/politique\/niger-le-ministre-des-affaires-etrangeres-participe-a-une-visioconference-du-conseil-de-securite-sur-la-securite-maritime#primaryimage\"},\"image\":{\"@id\":\"https:\/\/www.africa-press.net\/niger\/politique\/niger-le-ministre-des-affaires-etrangeres-participe-a-une-visioconference-du-conseil-de-securite-sur-la-securite-maritime#primaryimage\"},\"thumbnailUrl\":\"https:\/\/static.africa-press.net\/niger\/sites\/40\/2021\/08\/img-6111641c18b31.jpg\",\"datePublished\":\"2021-08-09T17:54:47+00:00\",\"dateModified\":\"2021-08-09T17:56:14+00:00\",\"author\":{\"@id\":\"https:\/\/www.africa-press.net\/niger\/#\/schema\/person\/2b1cf3cd81a31e3cd26889ca66d677f1\"},\"description\":\", 9 ao\u00fbt (ANP) \u2013 Le Ministre d\u2019Etat, ministre des Affaires Etrang\u00e8res et de la Coop\u00e9ration, M. Massoudou Hassoumi, a pri ...\",\"breadcrumb\":{\"@id\":\"https:\/\/www.africa-press.net\/niger\/politique\/niger-le-ministre-des-affaires-etrangeres-participe-a-une-visioconference-du-conseil-de-securite-sur-la-securite-maritime#breadcrumb\"},\"inLanguage\":\"fr-FR\",\"potentialAction\":[{\"@type\":\"ReadAction\",\"target\":[\"https:\/\/www.africa-press.net\/niger\/politique\/niger-le-ministre-des-affaires-etrangeres-participe-a-une-visioconference-du-conseil-de-securite-sur-la-securite-maritime\"]}]},{\"@type\":\"ImageObject\",\"inLanguage\":\"fr-FR\",\"@id\":\"https:\/\/www.africa-press.net\/niger\/politique\/niger-le-ministre-des-affaires-etrangeres-participe-a-une-visioconference-du-conseil-de-securite-sur-la-securite-maritime#primaryimage\",\"url\":\"https:\/\/static.africa-press.net\/niger\/sites\/40\/2021\/08\/img-6111641c18b31.jpg\",\"contentUrl\":\"https:\/\/static.africa-press.net\/niger\/sites\/40\/2021\/08\/img-6111641c18b31.jpg\",\"width\":1920,\"height\":1280,\"caption\":\"Niger : Le Ministre des Affaires Etrang\u00e8res participe \u00e0 une visioconf\u00e9rence du Conseil de S\u00e9curit\u00e9 sur la S\u00e9curit\u00e9 maritime\"},{\"@type\":\"BreadcrumbList\",\"@id\":\"https:\/\/www.africa-press.net\/niger\/politique\/niger-le-ministre-des-affaires-etrangeres-participe-a-une-visioconference-du-conseil-de-securite-sur-la-securite-maritime#breadcrumb\",\"itemListElement\":[{\"@type\":\"ListItem\",\"position\":1,\"name\":\"Accueil\",\"item\":\"https:\/\/www.africa-press.net\/niger\/\"},{\"@type\":\"ListItem\",\"position\":2,\"name\":\"Le Ministre des Affaires Etrang\u00e8res participe \u00e0 une visioconf\u00e9rence du Conseil de S\u00e9curit\u00e9 sur la S\u00e9curit\u00e9 maritime\"}]},{\"@type\":\"WebSite\",\"@id\":\"https:\/\/www.africa-press.net\/niger\/#website\",\"url\":\"https:\/\/www.africa-press.net\/niger\/\",\"name\":\"niger\",\"description\":\"Just another Africa News Agency Sites site\",\"potentialAction\":[{\"@type\":\"SearchAction\",\"target\":{\"@type\":\"EntryPoint\",\"urlTemplate\":\"https:\/\/www.africa-press.net\/niger\/?s={search_term_string}\"},\"query-input\":{\"@type\":\"PropertyValueSpecification\",\"valueRequired\":true,\"valueName\":\"search_term_string\"}}],\"inLanguage\":\"fr-FR\"},{\"@type\":\"Person\",\"@id\":\"https:\/\/www.africa-press.net\/niger\/#\/schema\/person\/2b1cf3cd81a31e3cd26889ca66d677f1\",\"name\":\"cfeditorfr\"}]}<\/script>\n<!-- \/ Yoast SEO Premium plugin. -->","yoast_head_json":{"title":"Le Ministre des Affaires Etrang\u00e8res participe \u00e0 une visioconf\u00e9rence du Conseil de S\u00e9curit\u00e9 sur la S\u00e9curit\u00e9 maritime - niger","description":", 9 ao\u00fbt (ANP) \u2013 Le Ministre d\u2019Etat, ministre des Affaires Etrang\u00e8res et de la Coop\u00e9ration, M. Massoudou Hassoumi, a pri ...","robots":{"index":"index","follow":"follow","max-snippet":"max-snippet:-1","max-image-preview":"max-image-preview:large","max-video-preview":"max-video-preview:-1"},"canonical":"https:\/\/www.africa-press.net\/niger\/politique\/niger-le-ministre-des-affaires-etrangeres-participe-a-une-visioconference-du-conseil-de-securite-sur-la-securite-maritime","og_locale":"fr_FR","og_type":"article","og_title":"Le Ministre des Affaires Etrang\u00e8res participe \u00e0 une visioconf\u00e9rence du Conseil de S\u00e9curit\u00e9 sur la S\u00e9curit\u00e9 maritime","og_description":", 9 ao\u00fbt (ANP) \u2013 Le Ministre d\u2019Etat, ministre des Affaires Etrang\u00e8res et de la Coop\u00e9ration, M. Massoudou Hassoumi, a pri ...","og_url":"https:\/\/www.africa-press.net\/niger\/politique\/niger-le-ministre-des-affaires-etrangeres-participe-a-une-visioconference-du-conseil-de-securite-sur-la-securite-maritime","og_site_name":"niger","article_published_time":"2021-08-09T17:54:47+00:00","article_modified_time":"2021-08-09T17:56:14+00:00","og_image":[{"width":1920,"height":1280,"url":"https:\/\/static.africa-press.net\/niger\/sites\/40\/2021\/08\/img-6111641c18b31.jpg","type":"image\/jpeg"}],"author":"cfeditorfr","twitter_card":"summary_large_image","twitter_misc":{"\u00c9crit par":"cfeditorfr","Dur\u00e9e de lecture estim\u00e9e":"3 minutes"},"schema":{"@context":"https:\/\/schema.org","@graph":[{"@type":"Article","@id":"https:\/\/www.africa-press.net\/niger\/politique\/niger-le-ministre-des-affaires-etrangeres-participe-a-une-visioconference-du-conseil-de-securite-sur-la-securite-maritime#article","isPartOf":{"@id":"https:\/\/www.africa-press.net\/niger\/politique\/niger-le-ministre-des-affaires-etrangeres-participe-a-une-visioconference-du-conseil-de-securite-sur-la-securite-maritime"},"author":{"name":"cfeditorfr","@id":"https:\/\/www.africa-press.net\/niger\/#\/schema\/person\/2b1cf3cd81a31e3cd26889ca66d677f1"},"headline":"Le Ministre des Affaires Etrang\u00e8res participe \u00e0 une visioconf\u00e9rence du Conseil de S\u00e9curit\u00e9 sur la S\u00e9curit\u00e9 maritime","datePublished":"2021-08-09T17:54:47+00:00","dateModified":"2021-08-09T17:56:14+00:00","mainEntityOfPage":{"@id":"https:\/\/www.africa-press.net\/niger\/politique\/niger-le-ministre-des-affaires-etrangeres-participe-a-une-visioconference-du-conseil-de-securite-sur-la-securite-maritime"},"wordCount":650,"commentCount":0,"image":{"@id":"https:\/\/www.africa-press.net\/niger\/politique\/niger-le-ministre-des-affaires-etrangeres-participe-a-une-visioconference-du-conseil-de-securite-sur-la-securite-maritime#primaryimage"},"thumbnailUrl":"https:\/\/static.africa-press.net\/niger\/sites\/40\/2021\/08\/img-6111641c18b31.jpg","keywords":["Africa Press","Africa Press-Niger","Niger"],"articleSection":["homepage-french","Politique","Top Nouvelles","Toutes les actualit\u00e9s"],"inLanguage":"fr-FR","potentialAction":[{"@type":"CommentAction","name":"Comment","target":["https:\/\/www.africa-press.net\/niger\/politique\/niger-le-ministre-des-affaires-etrangeres-participe-a-une-visioconference-du-conseil-de-securite-sur-la-securite-maritime#respond"]}]},{"@type":"WebPage","@id":"https:\/\/www.africa-press.net\/niger\/politique\/niger-le-ministre-des-affaires-etrangeres-participe-a-une-visioconference-du-conseil-de-securite-sur-la-securite-maritime","url":"https:\/\/www.africa-press.net\/niger\/politique\/niger-le-ministre-des-affaires-etrangeres-participe-a-une-visioconference-du-conseil-de-securite-sur-la-securite-maritime","name":"Le Ministre des Affaires Etrang\u00e8res participe \u00e0 une visioconf\u00e9rence du Conseil de S\u00e9curit\u00e9 sur la S\u00e9curit\u00e9 maritime - niger","isPartOf":{"@id":"https:\/\/www.africa-press.net\/niger\/#website"},"primaryImageOfPage":{"@id":"https:\/\/www.africa-press.net\/niger\/politique\/niger-le-ministre-des-affaires-etrangeres-participe-a-une-visioconference-du-conseil-de-securite-sur-la-securite-maritime#primaryimage"},"image":{"@id":"https:\/\/www.africa-press.net\/niger\/politique\/niger-le-ministre-des-affaires-etrangeres-participe-a-une-visioconference-du-conseil-de-securite-sur-la-securite-maritime#primaryimage"},"thumbnailUrl":"https:\/\/static.africa-press.net\/niger\/sites\/40\/2021\/08\/img-6111641c18b31.jpg","datePublished":"2021-08-09T17:54:47+00:00","dateModified":"2021-08-09T17:56:14+00:00","author":{"@id":"https:\/\/www.africa-press.net\/niger\/#\/schema\/person\/2b1cf3cd81a31e3cd26889ca66d677f1"},"description":", 9 ao\u00fbt (ANP) \u2013 Le Ministre d\u2019Etat, ministre des Affaires Etrang\u00e8res et de la Coop\u00e9ration, M. Massoudou Hassoumi, a pri ...","breadcrumb":{"@id":"https:\/\/www.africa-press.net\/niger\/politique\/niger-le-ministre-des-affaires-etrangeres-participe-a-une-visioconference-du-conseil-de-securite-sur-la-securite-maritime#breadcrumb"},"inLanguage":"fr-FR","potentialAction":[{"@type":"ReadAction","target":["https:\/\/www.africa-press.net\/niger\/politique\/niger-le-ministre-des-affaires-etrangeres-participe-a-une-visioconference-du-conseil-de-securite-sur-la-securite-maritime"]}]},{"@type":"ImageObject","inLanguage":"fr-FR","@id":"https:\/\/www.africa-press.net\/niger\/politique\/niger-le-ministre-des-affaires-etrangeres-participe-a-une-visioconference-du-conseil-de-securite-sur-la-securite-maritime#primaryimage","url":"https:\/\/static.africa-press.net\/niger\/sites\/40\/2021\/08\/img-6111641c18b31.jpg","contentUrl":"https:\/\/static.africa-press.net\/niger\/sites\/40\/2021\/08\/img-6111641c18b31.jpg","width":1920,"height":1280,"caption":"Niger : Le Ministre des Affaires Etrang\u00e8res participe \u00e0 une visioconf\u00e9rence du Conseil de S\u00e9curit\u00e9 sur la S\u00e9curit\u00e9 maritime"},{"@type":"BreadcrumbList","@id":"https:\/\/www.africa-press.net\/niger\/politique\/niger-le-ministre-des-affaires-etrangeres-participe-a-une-visioconference-du-conseil-de-securite-sur-la-securite-maritime#breadcrumb","itemListElement":[{"@type":"ListItem","position":1,"name":"Accueil","item":"https:\/\/www.africa-press.net\/niger\/"},{"@type":"ListItem","position":2,"name":"Le Ministre des Affaires Etrang\u00e8res participe \u00e0 une visioconf\u00e9rence du Conseil de S\u00e9curit\u00e9 sur la S\u00e9curit\u00e9 maritime"}]},{"@type":"WebSite","@id":"https:\/\/www.africa-press.net\/niger\/#website","url":"https:\/\/www.africa-press.net\/niger\/","name":"niger","description":"Just another Africa News Agency Sites site","potentialAction":[{"@type":"SearchAction","target":{"@type":"EntryPoint","urlTemplate":"https:\/\/www.africa-press.net\/niger\/?s={search_term_string}"},"query-input":{"@type":"PropertyValueSpecification","valueRequired":true,"valueName":"search_term_string"}}],"inLanguage":"fr-FR"},{"@type":"Person","@id":"https:\/\/www.africa-press.net\/niger\/#\/schema\/person\/2b1cf3cd81a31e3cd26889ca66d677f1","name":"cfeditorfr"}]}},"_links":{"self":[{"href":"https:\/\/www.africa-press.net\/niger\/wp-json\/wp\/v2\/posts\/9774","targetHints":{"allow":["GET"]}}],"collection":[{"href":"https:\/\/www.africa-press.net\/niger\/wp-json\/wp\/v2\/posts"}],"about":[{"href":"https:\/\/www.africa-press.net\/niger\/wp-json\/wp\/v2\/types\/post"}],"author":[{"embeddable":true,"href":"https:\/\/www.africa-press.net\/niger\/wp-json\/wp\/v2\/users\/82"}],"replies":[{"embeddable":true,"href":"https:\/\/www.africa-press.net\/niger\/wp-json\/wp\/v2\/comments?post=9774"}],"version-history":[{"count":0,"href":"https:\/\/www.africa-press.net\/niger\/wp-json\/wp\/v2\/posts\/9774\/revisions"}],"wp:featuredmedia":[{"embeddable":true,"href":"https:\/\/www.africa-press.net\/niger\/wp-json\/wp\/v2\/media\/9773"}],"wp:attachment":[{"href":"https:\/\/www.africa-press.net\/niger\/wp-json\/wp\/v2\/media?parent=9774"}],"wp:term":[{"taxonomy":"category","embeddable":true,"href":"https:\/\/www.africa-press.net\/niger\/wp-json\/wp\/v2\/categories?post=9774"},{"taxonomy":"post_tag","embeddable":true,"href":"https:\/\/www.africa-press.net\/niger\/wp-json\/wp\/v2\/tags?post=9774"}],"curies":[{"name":"wp","href":"https:\/\/api.w.org\/{rel}","templated":true}]}}