{"id":9789,"date":"2021-08-10T13:37:29","date_gmt":"2021-08-10T13:37:29","guid":{"rendered":"https:\/\/www.africa-press.net\/niger\/?p=9789"},"modified":"2021-08-11T20:28:24","modified_gmt":"2021-08-11T20:28:24","slug":"une-delegation-de-la-diaspora-nigerienne-vivant-au-togo-recue-par-le-chef-de-letat","status":"publish","type":"post","link":"https:\/\/www.africa-press.net\/niger\/politique\/une-delegation-de-la-diaspora-nigerienne-vivant-au-togo-recue-par-le-chef-de-letat","title":{"rendered":"Une d\u00e9l\u00e9gation de la Diaspora nig\u00e9rienne vivant au Togo re\u00e7ue par le Chef de l&rsquo;Etat"},"content":{"rendered":"<p><span style=\"color: #ff6600\"><strong><a href=\"https:\/\/www.africa-press.net\/\">Africa-Press<\/a> &#8211; <a href=\"https:\/\/www.africa-press.net\/niger\">Niger<\/a>. <\/strong><\/span>\u00a0Une d\u00e9l\u00e9gation de la Diaspora nig\u00e9rienne vivant au Togo a \u00e9t\u00e9 re\u00e7ue, ce lundi 09 ao\u00fbt 2021 en fin d&rsquo;apr\u00e8s midi, par le Chef de l&rsquo;Etat Mohamed Bazoum.<\/p>\n<p>\u00ab\u00a0L&rsquo;objet de cette audience est de faire part au Pr\u00e9sident de la R\u00e9publique du motif de notre s\u00e9jour \u00e0 Niamey, qui est la remise d&rsquo;un don de vivres de pr\u00e8s de 40 millions de Fcfa \u00e0 l&rsquo;endroit de nos compatriotes victimes d&rsquo;attaques terroristes dans les r\u00e9gions de Diffa, Tahoua et Tillab\u00e9ry\u00a0\u00bb, a indiqu\u00e9 M. Boubacar Nouhou, le Secr\u00e9taire G\u00e9n\u00e9ral du Haut Conseil des Nig\u00e9riens vivant au Togo.<\/p>\n<p>Aussi, a-t-il fait savoir, \u00ab on a f\u00e9licit\u00e9 le Pr\u00e9sident et on lui a transmis nos vifs remerciements pour les actes qu\u2019il a pos\u00e9s durant les premiers mois de son mandat \u00bb.<\/p>\n<p>\u00ab Nous avons \u00e9galement profit\u00e9 de cette audience pour lui transmettre nos dol\u00e9ances par rapport \u00e0 nos conditions de vie au Togo, dol\u00e9ances auxquelles il a r\u00e9pondu favorablement et nous a promis que des dispositions n\u00e9cessaires seront prises \u00bb, a-t-il ajout\u00e9, avant de lancer un appel \u00e0 l&rsquo;ensemble des ressortissants nig\u00e9riens des autres pays \u00e0 multiplier les efforts pour aider ces populations victimes d&rsquo;attaques terroristes.<\/p>\n<p>&nbsp;<\/p>\n","protected":false},"excerpt":{"rendered":"<p>Africa-Press &#8211; Niger. \u00a0Une d\u00e9l\u00e9gation de la Diaspora nig\u00e9rienne vivant au Togo a \u00e9t\u00e9 re\u00e7ue, ce lundi 09 ao\u00fbt 2021 en fin d&rsquo;apr\u00e8s midi, par le Chef de l&rsquo;Etat Mohamed Bazoum. \u00ab\u00a0L&rsquo;objet de cette audience est de faire part au Pr\u00e9sident de la R\u00e9publique du motif de notre s\u00e9jour \u00e0 Niamey, qui est la remise [&hellip;]<\/p>\n","protected":false},"author":82,"featured_media":9541,"comment_status":"open","ping_status":"closed","sticky":false,"template":"","format":"standard","meta":{"footnotes":""},"categories":[11,2,10],"tags":[55,60,29],"class_list":["post-9789","post","type-post","status-publish","format-standard","has-post-thumbnail","hentry","category-homepage-french","category-politique","category-toutes-les-actualites","tag-africa-press","tag-africa-press-niger","tag-niger"],"yoast_head":"<!-- This site is optimized with the Yoast SEO Premium plugin v26.1 (Yoast SEO v27.0) - https:\/\/yoast.com\/product\/yoast-seo-premium-wordpress\/ -->\n<title>Une d\u00e9l\u00e9gation de la Diaspora nig\u00e9rienne vivant au Togo re\u00e7ue par le Chef de l&#039;Etat - niger<\/title>\n<meta name=\"description\" content=\", 09 ao\u00fbt (ANP) - Une d\u00e9l\u00e9gation de la Diaspora nig\u00e9rienne vivant au Togo a \u00e9t\u00e9 re\u00e7ue, ce lundi 09 ao\u00fbt 2021 en fin d&#039;ap ...\" \/>\n<meta name=\"robots\" content=\"index, follow, max-snippet:-1, max-image-preview:large, max-video-preview:-1\" \/>\n<link rel=\"canonical\" href=\"https:\/\/www.africa-press.net\/niger\/politique\/une-delegation-de-la-diaspora-nigerienne-vivant-au-togo-recue-par-le-chef-de-letat\" \/>\n<meta property=\"og:locale\" content=\"fr_FR\" \/>\n<meta property=\"og:type\" content=\"article\" \/>\n<meta property=\"og:title\" content=\"Une d\u00e9l\u00e9gation de la Diaspora nig\u00e9rienne vivant au Togo re\u00e7ue par le Chef de l&#039;Etat\" \/>\n<meta property=\"og:description\" content=\", 09 ao\u00fbt (ANP) - Une d\u00e9l\u00e9gation de la Diaspora nig\u00e9rienne vivant au Togo a \u00e9t\u00e9 re\u00e7ue, ce lundi 09 ao\u00fbt 2021 en fin d&#039;ap ...\" \/>\n<meta property=\"og:url\" content=\"https:\/\/www.africa-press.net\/niger\/politique\/une-delegation-de-la-diaspora-nigerienne-vivant-au-togo-recue-par-le-chef-de-letat\" \/>\n<meta property=\"og:site_name\" content=\"niger\" \/>\n<meta property=\"article:published_time\" content=\"2021-08-10T13:37:29+00:00\" \/>\n<meta property=\"article:modified_time\" content=\"2021-08-11T20:28:24+00:00\" \/>\n<meta property=\"og:image\" content=\"https:\/\/static.africa-press.net\/niger\/sites\/40\/2021\/08\/img-610947e1cd58b.jpg\" \/>\n\t<meta property=\"og:image:width\" content=\"1000\" \/>\n\t<meta property=\"og:image:height\" content=\"1294\" \/>\n\t<meta property=\"og:image:type\" content=\"image\/jpeg\" \/>\n<meta name=\"author\" content=\"cfeditorfr\" \/>\n<meta name=\"twitter:card\" content=\"summary_large_image\" \/>\n<meta name=\"twitter:label1\" content=\"\u00c9crit par\" \/>\n\t<meta name=\"twitter:data1\" content=\"cfeditorfr\" \/>\n\t<meta name=\"twitter:label2\" content=\"Dur\u00e9e de lecture estim\u00e9e\" \/>\n\t<meta name=\"twitter:data2\" content=\"1 minute\" \/>\n<script type=\"application\/ld+json\" class=\"yoast-schema-graph\">{\"@context\":\"https:\/\/schema.org\",\"@graph\":[{\"@type\":\"Article\",\"@id\":\"https:\/\/www.africa-press.net\/niger\/politique\/une-delegation-de-la-diaspora-nigerienne-vivant-au-togo-recue-par-le-chef-de-letat#article\",\"isPartOf\":{\"@id\":\"https:\/\/www.africa-press.net\/niger\/politique\/une-delegation-de-la-diaspora-nigerienne-vivant-au-togo-recue-par-le-chef-de-letat\"},\"author\":{\"name\":\"cfeditorfr\",\"@id\":\"https:\/\/www.africa-press.net\/niger\/#\/schema\/person\/2b1cf3cd81a31e3cd26889ca66d677f1\"},\"headline\":\"Une d\u00e9l\u00e9gation de la Diaspora nig\u00e9rienne vivant au Togo re\u00e7ue par le Chef de l&rsquo;Etat\",\"datePublished\":\"2021-08-10T13:37:29+00:00\",\"dateModified\":\"2021-08-11T20:28:24+00:00\",\"mainEntityOfPage\":{\"@id\":\"https:\/\/www.africa-press.net\/niger\/politique\/une-delegation-de-la-diaspora-nigerienne-vivant-au-togo-recue-par-le-chef-de-letat\"},\"wordCount\":237,\"commentCount\":0,\"image\":{\"@id\":\"https:\/\/www.africa-press.net\/niger\/politique\/une-delegation-de-la-diaspora-nigerienne-vivant-au-togo-recue-par-le-chef-de-letat#primaryimage\"},\"thumbnailUrl\":\"https:\/\/static.africa-press.net\/niger\/sites\/40\/2021\/08\/img-610947e1cd58b.jpg\",\"keywords\":[\"Africa Press\",\"Africa Press-Niger\",\"Niger\"],\"articleSection\":[\"homepage-french\",\"Politique\",\"Toutes les actualit\u00e9s\"],\"inLanguage\":\"fr-FR\",\"potentialAction\":[{\"@type\":\"CommentAction\",\"name\":\"Comment\",\"target\":[\"https:\/\/www.africa-press.net\/niger\/politique\/une-delegation-de-la-diaspora-nigerienne-vivant-au-togo-recue-par-le-chef-de-letat#respond\"]}]},{\"@type\":\"WebPage\",\"@id\":\"https:\/\/www.africa-press.net\/niger\/politique\/une-delegation-de-la-diaspora-nigerienne-vivant-au-togo-recue-par-le-chef-de-letat\",\"url\":\"https:\/\/www.africa-press.net\/niger\/politique\/une-delegation-de-la-diaspora-nigerienne-vivant-au-togo-recue-par-le-chef-de-letat\",\"name\":\"Une d\u00e9l\u00e9gation de la Diaspora nig\u00e9rienne vivant au Togo re\u00e7ue par le Chef de l'Etat - niger\",\"isPartOf\":{\"@id\":\"https:\/\/www.africa-press.net\/niger\/#website\"},\"primaryImageOfPage\":{\"@id\":\"https:\/\/www.africa-press.net\/niger\/politique\/une-delegation-de-la-diaspora-nigerienne-vivant-au-togo-recue-par-le-chef-de-letat#primaryimage\"},\"image\":{\"@id\":\"https:\/\/www.africa-press.net\/niger\/politique\/une-delegation-de-la-diaspora-nigerienne-vivant-au-togo-recue-par-le-chef-de-letat#primaryimage\"},\"thumbnailUrl\":\"https:\/\/static.africa-press.net\/niger\/sites\/40\/2021\/08\/img-610947e1cd58b.jpg\",\"datePublished\":\"2021-08-10T13:37:29+00:00\",\"dateModified\":\"2021-08-11T20:28:24+00:00\",\"author\":{\"@id\":\"https:\/\/www.africa-press.net\/niger\/#\/schema\/person\/2b1cf3cd81a31e3cd26889ca66d677f1\"},\"description\":\", 09 ao\u00fbt (ANP) - Une d\u00e9l\u00e9gation de la Diaspora nig\u00e9rienne vivant au Togo a \u00e9t\u00e9 re\u00e7ue, ce lundi 09 ao\u00fbt 2021 en fin d'ap ...\",\"breadcrumb\":{\"@id\":\"https:\/\/www.africa-press.net\/niger\/politique\/une-delegation-de-la-diaspora-nigerienne-vivant-au-togo-recue-par-le-chef-de-letat#breadcrumb\"},\"inLanguage\":\"fr-FR\",\"potentialAction\":[{\"@type\":\"ReadAction\",\"target\":[\"https:\/\/www.africa-press.net\/niger\/politique\/une-delegation-de-la-diaspora-nigerienne-vivant-au-togo-recue-par-le-chef-de-letat\"]}]},{\"@type\":\"ImageObject\",\"inLanguage\":\"fr-FR\",\"@id\":\"https:\/\/www.africa-press.net\/niger\/politique\/une-delegation-de-la-diaspora-nigerienne-vivant-au-togo-recue-par-le-chef-de-letat#primaryimage\",\"url\":\"https:\/\/static.africa-press.net\/niger\/sites\/40\/2021\/08\/img-610947e1cd58b.jpg\",\"contentUrl\":\"https:\/\/static.africa-press.net\/niger\/sites\/40\/2021\/08\/img-610947e1cd58b.jpg\",\"width\":1000,\"height\":1294,\"caption\":\"\"},{\"@type\":\"BreadcrumbList\",\"@id\":\"https:\/\/www.africa-press.net\/niger\/politique\/une-delegation-de-la-diaspora-nigerienne-vivant-au-togo-recue-par-le-chef-de-letat#breadcrumb\",\"itemListElement\":[{\"@type\":\"ListItem\",\"position\":1,\"name\":\"Accueil\",\"item\":\"https:\/\/www.africa-press.net\/niger\/\"},{\"@type\":\"ListItem\",\"position\":2,\"name\":\"Une d\u00e9l\u00e9gation de la Diaspora nig\u00e9rienne vivant au Togo re\u00e7ue par le Chef de l&#8217;Etat\"}]},{\"@type\":\"WebSite\",\"@id\":\"https:\/\/www.africa-press.net\/niger\/#website\",\"url\":\"https:\/\/www.africa-press.net\/niger\/\",\"name\":\"niger\",\"description\":\"Just another Africa News Agency Sites site\",\"potentialAction\":[{\"@type\":\"SearchAction\",\"target\":{\"@type\":\"EntryPoint\",\"urlTemplate\":\"https:\/\/www.africa-press.net\/niger\/?s={search_term_string}\"},\"query-input\":{\"@type\":\"PropertyValueSpecification\",\"valueRequired\":true,\"valueName\":\"search_term_string\"}}],\"inLanguage\":\"fr-FR\"},{\"@type\":\"Person\",\"@id\":\"https:\/\/www.africa-press.net\/niger\/#\/schema\/person\/2b1cf3cd81a31e3cd26889ca66d677f1\",\"name\":\"cfeditorfr\"}]}<\/script>\n<!-- \/ Yoast SEO Premium plugin. -->","yoast_head_json":{"title":"Une d\u00e9l\u00e9gation de la Diaspora nig\u00e9rienne vivant au Togo re\u00e7ue par le Chef de l'Etat - niger","description":", 09 ao\u00fbt (ANP) - Une d\u00e9l\u00e9gation de la Diaspora nig\u00e9rienne vivant au Togo a \u00e9t\u00e9 re\u00e7ue, ce lundi 09 ao\u00fbt 2021 en fin d'ap ...","robots":{"index":"index","follow":"follow","max-snippet":"max-snippet:-1","max-image-preview":"max-image-preview:large","max-video-preview":"max-video-preview:-1"},"canonical":"https:\/\/www.africa-press.net\/niger\/politique\/une-delegation-de-la-diaspora-nigerienne-vivant-au-togo-recue-par-le-chef-de-letat","og_locale":"fr_FR","og_type":"article","og_title":"Une d\u00e9l\u00e9gation de la Diaspora nig\u00e9rienne vivant au Togo re\u00e7ue par le Chef de l'Etat","og_description":", 09 ao\u00fbt (ANP) - Une d\u00e9l\u00e9gation de la Diaspora nig\u00e9rienne vivant au Togo a \u00e9t\u00e9 re\u00e7ue, ce lundi 09 ao\u00fbt 2021 en fin d'ap ...","og_url":"https:\/\/www.africa-press.net\/niger\/politique\/une-delegation-de-la-diaspora-nigerienne-vivant-au-togo-recue-par-le-chef-de-letat","og_site_name":"niger","article_published_time":"2021-08-10T13:37:29+00:00","article_modified_time":"2021-08-11T20:28:24+00:00","og_image":[{"width":1000,"height":1294,"url":"https:\/\/static.africa-press.net\/niger\/sites\/40\/2021\/08\/img-610947e1cd58b.jpg","type":"image\/jpeg"}],"author":"cfeditorfr","twitter_card":"summary_large_image","twitter_misc":{"\u00c9crit par":"cfeditorfr","Dur\u00e9e de lecture estim\u00e9e":"1 minute"},"schema":{"@context":"https:\/\/schema.org","@graph":[{"@type":"Article","@id":"https:\/\/www.africa-press.net\/niger\/politique\/une-delegation-de-la-diaspora-nigerienne-vivant-au-togo-recue-par-le-chef-de-letat#article","isPartOf":{"@id":"https:\/\/www.africa-press.net\/niger\/politique\/une-delegation-de-la-diaspora-nigerienne-vivant-au-togo-recue-par-le-chef-de-letat"},"author":{"name":"cfeditorfr","@id":"https:\/\/www.africa-press.net\/niger\/#\/schema\/person\/2b1cf3cd81a31e3cd26889ca66d677f1"},"headline":"Une d\u00e9l\u00e9gation de la Diaspora nig\u00e9rienne vivant au Togo re\u00e7ue par le Chef de l&rsquo;Etat","datePublished":"2021-08-10T13:37:29+00:00","dateModified":"2021-08-11T20:28:24+00:00","mainEntityOfPage":{"@id":"https:\/\/www.africa-press.net\/niger\/politique\/une-delegation-de-la-diaspora-nigerienne-vivant-au-togo-recue-par-le-chef-de-letat"},"wordCount":237,"commentCount":0,"image":{"@id":"https:\/\/www.africa-press.net\/niger\/politique\/une-delegation-de-la-diaspora-nigerienne-vivant-au-togo-recue-par-le-chef-de-letat#primaryimage"},"thumbnailUrl":"https:\/\/static.africa-press.net\/niger\/sites\/40\/2021\/08\/img-610947e1cd58b.jpg","keywords":["Africa Press","Africa Press-Niger","Niger"],"articleSection":["homepage-french","Politique","Toutes les actualit\u00e9s"],"inLanguage":"fr-FR","potentialAction":[{"@type":"CommentAction","name":"Comment","target":["https:\/\/www.africa-press.net\/niger\/politique\/une-delegation-de-la-diaspora-nigerienne-vivant-au-togo-recue-par-le-chef-de-letat#respond"]}]},{"@type":"WebPage","@id":"https:\/\/www.africa-press.net\/niger\/politique\/une-delegation-de-la-diaspora-nigerienne-vivant-au-togo-recue-par-le-chef-de-letat","url":"https:\/\/www.africa-press.net\/niger\/politique\/une-delegation-de-la-diaspora-nigerienne-vivant-au-togo-recue-par-le-chef-de-letat","name":"Une d\u00e9l\u00e9gation de la Diaspora nig\u00e9rienne vivant au Togo re\u00e7ue par le Chef de l'Etat - niger","isPartOf":{"@id":"https:\/\/www.africa-press.net\/niger\/#website"},"primaryImageOfPage":{"@id":"https:\/\/www.africa-press.net\/niger\/politique\/une-delegation-de-la-diaspora-nigerienne-vivant-au-togo-recue-par-le-chef-de-letat#primaryimage"},"image":{"@id":"https:\/\/www.africa-press.net\/niger\/politique\/une-delegation-de-la-diaspora-nigerienne-vivant-au-togo-recue-par-le-chef-de-letat#primaryimage"},"thumbnailUrl":"https:\/\/static.africa-press.net\/niger\/sites\/40\/2021\/08\/img-610947e1cd58b.jpg","datePublished":"2021-08-10T13:37:29+00:00","dateModified":"2021-08-11T20:28:24+00:00","author":{"@id":"https:\/\/www.africa-press.net\/niger\/#\/schema\/person\/2b1cf3cd81a31e3cd26889ca66d677f1"},"description":", 09 ao\u00fbt (ANP) - Une d\u00e9l\u00e9gation de la Diaspora nig\u00e9rienne vivant au Togo a \u00e9t\u00e9 re\u00e7ue, ce lundi 09 ao\u00fbt 2021 en fin d'ap ...","breadcrumb":{"@id":"https:\/\/www.africa-press.net\/niger\/politique\/une-delegation-de-la-diaspora-nigerienne-vivant-au-togo-recue-par-le-chef-de-letat#breadcrumb"},"inLanguage":"fr-FR","potentialAction":[{"@type":"ReadAction","target":["https:\/\/www.africa-press.net\/niger\/politique\/une-delegation-de-la-diaspora-nigerienne-vivant-au-togo-recue-par-le-chef-de-letat"]}]},{"@type":"ImageObject","inLanguage":"fr-FR","@id":"https:\/\/www.africa-press.net\/niger\/politique\/une-delegation-de-la-diaspora-nigerienne-vivant-au-togo-recue-par-le-chef-de-letat#primaryimage","url":"https:\/\/static.africa-press.net\/niger\/sites\/40\/2021\/08\/img-610947e1cd58b.jpg","contentUrl":"https:\/\/static.africa-press.net\/niger\/sites\/40\/2021\/08\/img-610947e1cd58b.jpg","width":1000,"height":1294,"caption":""},{"@type":"BreadcrumbList","@id":"https:\/\/www.africa-press.net\/niger\/politique\/une-delegation-de-la-diaspora-nigerienne-vivant-au-togo-recue-par-le-chef-de-letat#breadcrumb","itemListElement":[{"@type":"ListItem","position":1,"name":"Accueil","item":"https:\/\/www.africa-press.net\/niger\/"},{"@type":"ListItem","position":2,"name":"Une d\u00e9l\u00e9gation de la Diaspora nig\u00e9rienne vivant au Togo re\u00e7ue par le Chef de l&#8217;Etat"}]},{"@type":"WebSite","@id":"https:\/\/www.africa-press.net\/niger\/#website","url":"https:\/\/www.africa-press.net\/niger\/","name":"niger","description":"Just another Africa News Agency Sites site","potentialAction":[{"@type":"SearchAction","target":{"@type":"EntryPoint","urlTemplate":"https:\/\/www.africa-press.net\/niger\/?s={search_term_string}"},"query-input":{"@type":"PropertyValueSpecification","valueRequired":true,"valueName":"search_term_string"}}],"inLanguage":"fr-FR"},{"@type":"Person","@id":"https:\/\/www.africa-press.net\/niger\/#\/schema\/person\/2b1cf3cd81a31e3cd26889ca66d677f1","name":"cfeditorfr"}]}},"_links":{"self":[{"href":"https:\/\/www.africa-press.net\/niger\/wp-json\/wp\/v2\/posts\/9789","targetHints":{"allow":["GET"]}}],"collection":[{"href":"https:\/\/www.africa-press.net\/niger\/wp-json\/wp\/v2\/posts"}],"about":[{"href":"https:\/\/www.africa-press.net\/niger\/wp-json\/wp\/v2\/types\/post"}],"author":[{"embeddable":true,"href":"https:\/\/www.africa-press.net\/niger\/wp-json\/wp\/v2\/users\/82"}],"replies":[{"embeddable":true,"href":"https:\/\/www.africa-press.net\/niger\/wp-json\/wp\/v2\/comments?post=9789"}],"version-history":[{"count":0,"href":"https:\/\/www.africa-press.net\/niger\/wp-json\/wp\/v2\/posts\/9789\/revisions"}],"wp:featuredmedia":[{"embeddable":true,"href":"https:\/\/www.africa-press.net\/niger\/wp-json\/wp\/v2\/media\/9541"}],"wp:attachment":[{"href":"https:\/\/www.africa-press.net\/niger\/wp-json\/wp\/v2\/media?parent=9789"}],"wp:term":[{"taxonomy":"category","embeddable":true,"href":"https:\/\/www.africa-press.net\/niger\/wp-json\/wp\/v2\/categories?post=9789"},{"taxonomy":"post_tag","embeddable":true,"href":"https:\/\/www.africa-press.net\/niger\/wp-json\/wp\/v2\/tags?post=9789"}],"curies":[{"name":"wp","href":"https:\/\/api.w.org\/{rel}","templated":true}]}}