{"id":9792,"date":"2021-08-10T13:45:24","date_gmt":"2021-08-10T13:45:24","guid":{"rendered":"https:\/\/www.africa-press.net\/niger\/?p=9792"},"modified":"2021-08-11T20:28:37","modified_gmt":"2021-08-11T20:28:37","slug":"demain-soeuvre-a-abidjan-une-reunion-delocalisee-du-parlement-de-la-cedao-sur-lefficacite-energetique-en-afrique-de-louest","status":"publish","type":"post","link":"https:\/\/www.africa-press.net\/niger\/politique\/demain-soeuvre-a-abidjan-une-reunion-delocalisee-du-parlement-de-la-cedao-sur-lefficacite-energetique-en-afrique-de-louest","title":{"rendered":"Demain s\u2019\u0153uvre \u00e0 Abidjan une r\u00e9union d\u00e9localis\u00e9e du Parlement de la CEDAO sur l\u2019efficacit\u00e9 \u00e9nerg\u00e9tique en Afrique de l\u2019Ouest"},"content":{"rendered":"<p><span style=\"color: #ff6600\"><strong><a href=\"https:\/\/www.africa-press.net\/\">Africa-Press<\/a> &#8211; <a href=\"https:\/\/www.africa-press.net\/niger\">Niger<\/a>. <\/strong><\/span>La commission mixte \u00e9nergie et mines, industrie et secteur priv\u00e9 du parlement de la communaut\u00e9 \u00e9conomique des Etats de l\u2019Afrique de l\u2019Ouest (CEDEAO) tiendra, \u00e0 partir du mardi 10 ao\u00fbt 2021 \u00e0 Abidjan en C\u00f4te d\u2019Ivoire, une r\u00e9union d\u00e9localis\u00e9e sur la probl\u00e9matique de l\u2019efficacit\u00e9 \u00e9nerg\u00e9tique en Afrique de l\u2019Ouest.<\/p>\n<p>Cette r\u00e9union, dont le th\u00e8me est \u2018\u2019assurer l\u2019efficacit\u00e9 \u00e9nerg\u00e9tique en Afrique de l\u2019Ouest en mettant l\u2019accent sur l\u2019innovation, l\u2019implication active du secteur priv\u00e9 et la participation citoyenne, vise \u00e0 discuter de cette probl\u00e9matique de l\u2019\u00e9nergie dans l\u2019espace communautaire et voir comment associer tous les acteurs du domaine dans la recherche de cette efficacit\u00e9 pour le bien-\u00eatre des populations de l\u2019espace communautaire.<\/p>\n<p>La CEDEAO est un regroupement de 15 pays ouest africains qui \u0153uvrent ensemble pour une int\u00e9gration sous r\u00e9gionale r\u00e9ussie, et ce, dans tous les domaine, rappelle-t-on.<\/p>\n","protected":false},"excerpt":{"rendered":"<p>Africa-Press &#8211; Niger. La commission mixte \u00e9nergie et mines, industrie et secteur priv\u00e9 du parlement de la communaut\u00e9 \u00e9conomique des Etats de l\u2019Afrique de l\u2019Ouest (CEDEAO) tiendra, \u00e0 partir du mardi 10 ao\u00fbt 2021 \u00e0 Abidjan en C\u00f4te d\u2019Ivoire, une r\u00e9union d\u00e9localis\u00e9e sur la probl\u00e9matique de l\u2019efficacit\u00e9 \u00e9nerg\u00e9tique en Afrique de l\u2019Ouest. Cette r\u00e9union, dont [&hellip;]<\/p>\n","protected":false},"author":82,"featured_media":9791,"comment_status":"open","ping_status":"closed","sticky":false,"template":"","format":"standard","meta":{"footnotes":""},"categories":[11,2,10],"tags":[55,60,29],"class_list":["post-9792","post","type-post","status-publish","format-standard","has-post-thumbnail","hentry","category-homepage-french","category-politique","category-toutes-les-actualites","tag-africa-press","tag-africa-press-niger","tag-niger"],"yoast_head":"<!-- This site is optimized with the Yoast SEO Premium plugin v26.1 (Yoast SEO v27.0) - https:\/\/yoast.com\/product\/yoast-seo-premium-wordpress\/ -->\n<title>Demain s\u2019\u0153uvre \u00e0 Abidjan une r\u00e9union d\u00e9localis\u00e9e du Parlement de la CEDAO sur l\u2019efficacit\u00e9 \u00e9nerg\u00e9tique en Afrique de l\u2019Ouest - niger<\/title>\n<meta name=\"description\" content=\"La commission mixte \u00e9nergie et mines, industrie et secteur priv\u00e9 du parlement de la communaut\u00e9 \u00e9conomique des Etats de l ...\" \/>\n<meta name=\"robots\" content=\"index, follow, max-snippet:-1, max-image-preview:large, max-video-preview:-1\" \/>\n<link rel=\"canonical\" href=\"https:\/\/www.africa-press.net\/niger\/politique\/demain-soeuvre-a-abidjan-une-reunion-delocalisee-du-parlement-de-la-cedao-sur-lefficacite-energetique-en-afrique-de-louest\" \/>\n<meta property=\"og:locale\" content=\"fr_FR\" \/>\n<meta property=\"og:type\" content=\"article\" \/>\n<meta property=\"og:title\" content=\"Demain s\u2019\u0153uvre \u00e0 Abidjan une r\u00e9union d\u00e9localis\u00e9e du Parlement de la CEDAO sur l\u2019efficacit\u00e9 \u00e9nerg\u00e9tique en Afrique de l\u2019Ouest\" \/>\n<meta property=\"og:description\" content=\"La commission mixte \u00e9nergie et mines, industrie et secteur priv\u00e9 du parlement de la communaut\u00e9 \u00e9conomique des Etats de l ...\" \/>\n<meta property=\"og:url\" content=\"https:\/\/www.africa-press.net\/niger\/politique\/demain-soeuvre-a-abidjan-une-reunion-delocalisee-du-parlement-de-la-cedao-sur-lefficacite-energetique-en-afrique-de-louest\" \/>\n<meta property=\"og:site_name\" content=\"niger\" \/>\n<meta property=\"article:published_time\" content=\"2021-08-10T13:45:24+00:00\" \/>\n<meta property=\"article:modified_time\" content=\"2021-08-11T20:28:37+00:00\" \/>\n<meta property=\"og:image\" content=\"https:\/\/static.africa-press.net\/niger\/sites\/40\/2021\/08\/img-61128090aa42e.jpg\" \/>\n\t<meta property=\"og:image:width\" content=\"720\" \/>\n\t<meta property=\"og:image:height\" content=\"833\" \/>\n\t<meta property=\"og:image:type\" content=\"image\/jpeg\" \/>\n<meta name=\"author\" content=\"cfeditorfr\" \/>\n<meta name=\"twitter:card\" content=\"summary_large_image\" \/>\n<meta name=\"twitter:label1\" content=\"\u00c9crit par\" \/>\n\t<meta name=\"twitter:data1\" content=\"cfeditorfr\" \/>\n\t<meta name=\"twitter:label2\" content=\"Dur\u00e9e de lecture estim\u00e9e\" \/>\n\t<meta name=\"twitter:data2\" content=\"1 minute\" \/>\n<script type=\"application\/ld+json\" class=\"yoast-schema-graph\">{\"@context\":\"https:\/\/schema.org\",\"@graph\":[{\"@type\":\"Article\",\"@id\":\"https:\/\/www.africa-press.net\/niger\/politique\/demain-soeuvre-a-abidjan-une-reunion-delocalisee-du-parlement-de-la-cedao-sur-lefficacite-energetique-en-afrique-de-louest#article\",\"isPartOf\":{\"@id\":\"https:\/\/www.africa-press.net\/niger\/politique\/demain-soeuvre-a-abidjan-une-reunion-delocalisee-du-parlement-de-la-cedao-sur-lefficacite-energetique-en-afrique-de-louest\"},\"author\":{\"name\":\"cfeditorfr\",\"@id\":\"https:\/\/www.africa-press.net\/niger\/#\/schema\/person\/2b1cf3cd81a31e3cd26889ca66d677f1\"},\"headline\":\"Demain s\u2019\u0153uvre \u00e0 Abidjan une r\u00e9union d\u00e9localis\u00e9e du Parlement de la CEDAO sur l\u2019efficacit\u00e9 \u00e9nerg\u00e9tique en Afrique de l\u2019Ouest\",\"datePublished\":\"2021-08-10T13:45:24+00:00\",\"dateModified\":\"2021-08-11T20:28:37+00:00\",\"mainEntityOfPage\":{\"@id\":\"https:\/\/www.africa-press.net\/niger\/politique\/demain-soeuvre-a-abidjan-une-reunion-delocalisee-du-parlement-de-la-cedao-sur-lefficacite-energetique-en-afrique-de-louest\"},\"wordCount\":186,\"commentCount\":0,\"image\":{\"@id\":\"https:\/\/www.africa-press.net\/niger\/politique\/demain-soeuvre-a-abidjan-une-reunion-delocalisee-du-parlement-de-la-cedao-sur-lefficacite-energetique-en-afrique-de-louest#primaryimage\"},\"thumbnailUrl\":\"https:\/\/static.africa-press.net\/niger\/sites\/40\/2021\/08\/img-61128090aa42e.jpg\",\"keywords\":[\"Africa Press\",\"Africa Press-Niger\",\"Niger\"],\"articleSection\":[\"homepage-french\",\"Politique\",\"Toutes les actualit\u00e9s\"],\"inLanguage\":\"fr-FR\",\"potentialAction\":[{\"@type\":\"CommentAction\",\"name\":\"Comment\",\"target\":[\"https:\/\/www.africa-press.net\/niger\/politique\/demain-soeuvre-a-abidjan-une-reunion-delocalisee-du-parlement-de-la-cedao-sur-lefficacite-energetique-en-afrique-de-louest#respond\"]}]},{\"@type\":\"WebPage\",\"@id\":\"https:\/\/www.africa-press.net\/niger\/politique\/demain-soeuvre-a-abidjan-une-reunion-delocalisee-du-parlement-de-la-cedao-sur-lefficacite-energetique-en-afrique-de-louest\",\"url\":\"https:\/\/www.africa-press.net\/niger\/politique\/demain-soeuvre-a-abidjan-une-reunion-delocalisee-du-parlement-de-la-cedao-sur-lefficacite-energetique-en-afrique-de-louest\",\"name\":\"Demain s\u2019\u0153uvre \u00e0 Abidjan une r\u00e9union d\u00e9localis\u00e9e du Parlement de la CEDAO sur l\u2019efficacit\u00e9 \u00e9nerg\u00e9tique en Afrique de l\u2019Ouest - niger\",\"isPartOf\":{\"@id\":\"https:\/\/www.africa-press.net\/niger\/#website\"},\"primaryImageOfPage\":{\"@id\":\"https:\/\/www.africa-press.net\/niger\/politique\/demain-soeuvre-a-abidjan-une-reunion-delocalisee-du-parlement-de-la-cedao-sur-lefficacite-energetique-en-afrique-de-louest#primaryimage\"},\"image\":{\"@id\":\"https:\/\/www.africa-press.net\/niger\/politique\/demain-soeuvre-a-abidjan-une-reunion-delocalisee-du-parlement-de-la-cedao-sur-lefficacite-energetique-en-afrique-de-louest#primaryimage\"},\"thumbnailUrl\":\"https:\/\/static.africa-press.net\/niger\/sites\/40\/2021\/08\/img-61128090aa42e.jpg\",\"datePublished\":\"2021-08-10T13:45:24+00:00\",\"dateModified\":\"2021-08-11T20:28:37+00:00\",\"author\":{\"@id\":\"https:\/\/www.africa-press.net\/niger\/#\/schema\/person\/2b1cf3cd81a31e3cd26889ca66d677f1\"},\"description\":\"La commission mixte \u00e9nergie et mines, industrie et secteur priv\u00e9 du parlement de la communaut\u00e9 \u00e9conomique des Etats de l ...\",\"breadcrumb\":{\"@id\":\"https:\/\/www.africa-press.net\/niger\/politique\/demain-soeuvre-a-abidjan-une-reunion-delocalisee-du-parlement-de-la-cedao-sur-lefficacite-energetique-en-afrique-de-louest#breadcrumb\"},\"inLanguage\":\"fr-FR\",\"potentialAction\":[{\"@type\":\"ReadAction\",\"target\":[\"https:\/\/www.africa-press.net\/niger\/politique\/demain-soeuvre-a-abidjan-une-reunion-delocalisee-du-parlement-de-la-cedao-sur-lefficacite-energetique-en-afrique-de-louest\"]}]},{\"@type\":\"ImageObject\",\"inLanguage\":\"fr-FR\",\"@id\":\"https:\/\/www.africa-press.net\/niger\/politique\/demain-soeuvre-a-abidjan-une-reunion-delocalisee-du-parlement-de-la-cedao-sur-lefficacite-energetique-en-afrique-de-louest#primaryimage\",\"url\":\"https:\/\/static.africa-press.net\/niger\/sites\/40\/2021\/08\/img-61128090aa42e.jpg\",\"contentUrl\":\"https:\/\/static.africa-press.net\/niger\/sites\/40\/2021\/08\/img-61128090aa42e.jpg\",\"width\":720,\"height\":833,\"caption\":\"Demain s\u2019\u0153uvre \u00e0 Abidjan une r\u00e9union d\u00e9localis\u00e9e du Parlement de la CEDAO sur l\u2019efficacit\u00e9 \u00e9nerg\u00e9tique en Afrique de l\u2019Ouest\"},{\"@type\":\"BreadcrumbList\",\"@id\":\"https:\/\/www.africa-press.net\/niger\/politique\/demain-soeuvre-a-abidjan-une-reunion-delocalisee-du-parlement-de-la-cedao-sur-lefficacite-energetique-en-afrique-de-louest#breadcrumb\",\"itemListElement\":[{\"@type\":\"ListItem\",\"position\":1,\"name\":\"Accueil\",\"item\":\"https:\/\/www.africa-press.net\/niger\/\"},{\"@type\":\"ListItem\",\"position\":2,\"name\":\"Demain s\u2019\u0153uvre \u00e0 Abidjan une r\u00e9union d\u00e9localis\u00e9e du Parlement de la CEDAO sur l\u2019efficacit\u00e9 \u00e9nerg\u00e9tique en Afrique de l\u2019Ouest\"}]},{\"@type\":\"WebSite\",\"@id\":\"https:\/\/www.africa-press.net\/niger\/#website\",\"url\":\"https:\/\/www.africa-press.net\/niger\/\",\"name\":\"niger\",\"description\":\"Just another Africa News Agency Sites site\",\"potentialAction\":[{\"@type\":\"SearchAction\",\"target\":{\"@type\":\"EntryPoint\",\"urlTemplate\":\"https:\/\/www.africa-press.net\/niger\/?s={search_term_string}\"},\"query-input\":{\"@type\":\"PropertyValueSpecification\",\"valueRequired\":true,\"valueName\":\"search_term_string\"}}],\"inLanguage\":\"fr-FR\"},{\"@type\":\"Person\",\"@id\":\"https:\/\/www.africa-press.net\/niger\/#\/schema\/person\/2b1cf3cd81a31e3cd26889ca66d677f1\",\"name\":\"cfeditorfr\"}]}<\/script>\n<!-- \/ Yoast SEO Premium plugin. -->","yoast_head_json":{"title":"Demain s\u2019\u0153uvre \u00e0 Abidjan une r\u00e9union d\u00e9localis\u00e9e du Parlement de la CEDAO sur l\u2019efficacit\u00e9 \u00e9nerg\u00e9tique en Afrique de l\u2019Ouest - niger","description":"La commission mixte \u00e9nergie et mines, industrie et secteur priv\u00e9 du parlement de la communaut\u00e9 \u00e9conomique des Etats de l ...","robots":{"index":"index","follow":"follow","max-snippet":"max-snippet:-1","max-image-preview":"max-image-preview:large","max-video-preview":"max-video-preview:-1"},"canonical":"https:\/\/www.africa-press.net\/niger\/politique\/demain-soeuvre-a-abidjan-une-reunion-delocalisee-du-parlement-de-la-cedao-sur-lefficacite-energetique-en-afrique-de-louest","og_locale":"fr_FR","og_type":"article","og_title":"Demain s\u2019\u0153uvre \u00e0 Abidjan une r\u00e9union d\u00e9localis\u00e9e du Parlement de la CEDAO sur l\u2019efficacit\u00e9 \u00e9nerg\u00e9tique en Afrique de l\u2019Ouest","og_description":"La commission mixte \u00e9nergie et mines, industrie et secteur priv\u00e9 du parlement de la communaut\u00e9 \u00e9conomique des Etats de l ...","og_url":"https:\/\/www.africa-press.net\/niger\/politique\/demain-soeuvre-a-abidjan-une-reunion-delocalisee-du-parlement-de-la-cedao-sur-lefficacite-energetique-en-afrique-de-louest","og_site_name":"niger","article_published_time":"2021-08-10T13:45:24+00:00","article_modified_time":"2021-08-11T20:28:37+00:00","og_image":[{"width":720,"height":833,"url":"https:\/\/static.africa-press.net\/niger\/sites\/40\/2021\/08\/img-61128090aa42e.jpg","type":"image\/jpeg"}],"author":"cfeditorfr","twitter_card":"summary_large_image","twitter_misc":{"\u00c9crit par":"cfeditorfr","Dur\u00e9e de lecture estim\u00e9e":"1 minute"},"schema":{"@context":"https:\/\/schema.org","@graph":[{"@type":"Article","@id":"https:\/\/www.africa-press.net\/niger\/politique\/demain-soeuvre-a-abidjan-une-reunion-delocalisee-du-parlement-de-la-cedao-sur-lefficacite-energetique-en-afrique-de-louest#article","isPartOf":{"@id":"https:\/\/www.africa-press.net\/niger\/politique\/demain-soeuvre-a-abidjan-une-reunion-delocalisee-du-parlement-de-la-cedao-sur-lefficacite-energetique-en-afrique-de-louest"},"author":{"name":"cfeditorfr","@id":"https:\/\/www.africa-press.net\/niger\/#\/schema\/person\/2b1cf3cd81a31e3cd26889ca66d677f1"},"headline":"Demain s\u2019\u0153uvre \u00e0 Abidjan une r\u00e9union d\u00e9localis\u00e9e du Parlement de la CEDAO sur l\u2019efficacit\u00e9 \u00e9nerg\u00e9tique en Afrique de l\u2019Ouest","datePublished":"2021-08-10T13:45:24+00:00","dateModified":"2021-08-11T20:28:37+00:00","mainEntityOfPage":{"@id":"https:\/\/www.africa-press.net\/niger\/politique\/demain-soeuvre-a-abidjan-une-reunion-delocalisee-du-parlement-de-la-cedao-sur-lefficacite-energetique-en-afrique-de-louest"},"wordCount":186,"commentCount":0,"image":{"@id":"https:\/\/www.africa-press.net\/niger\/politique\/demain-soeuvre-a-abidjan-une-reunion-delocalisee-du-parlement-de-la-cedao-sur-lefficacite-energetique-en-afrique-de-louest#primaryimage"},"thumbnailUrl":"https:\/\/static.africa-press.net\/niger\/sites\/40\/2021\/08\/img-61128090aa42e.jpg","keywords":["Africa Press","Africa Press-Niger","Niger"],"articleSection":["homepage-french","Politique","Toutes les actualit\u00e9s"],"inLanguage":"fr-FR","potentialAction":[{"@type":"CommentAction","name":"Comment","target":["https:\/\/www.africa-press.net\/niger\/politique\/demain-soeuvre-a-abidjan-une-reunion-delocalisee-du-parlement-de-la-cedao-sur-lefficacite-energetique-en-afrique-de-louest#respond"]}]},{"@type":"WebPage","@id":"https:\/\/www.africa-press.net\/niger\/politique\/demain-soeuvre-a-abidjan-une-reunion-delocalisee-du-parlement-de-la-cedao-sur-lefficacite-energetique-en-afrique-de-louest","url":"https:\/\/www.africa-press.net\/niger\/politique\/demain-soeuvre-a-abidjan-une-reunion-delocalisee-du-parlement-de-la-cedao-sur-lefficacite-energetique-en-afrique-de-louest","name":"Demain s\u2019\u0153uvre \u00e0 Abidjan une r\u00e9union d\u00e9localis\u00e9e du Parlement de la CEDAO sur l\u2019efficacit\u00e9 \u00e9nerg\u00e9tique en Afrique de l\u2019Ouest - niger","isPartOf":{"@id":"https:\/\/www.africa-press.net\/niger\/#website"},"primaryImageOfPage":{"@id":"https:\/\/www.africa-press.net\/niger\/politique\/demain-soeuvre-a-abidjan-une-reunion-delocalisee-du-parlement-de-la-cedao-sur-lefficacite-energetique-en-afrique-de-louest#primaryimage"},"image":{"@id":"https:\/\/www.africa-press.net\/niger\/politique\/demain-soeuvre-a-abidjan-une-reunion-delocalisee-du-parlement-de-la-cedao-sur-lefficacite-energetique-en-afrique-de-louest#primaryimage"},"thumbnailUrl":"https:\/\/static.africa-press.net\/niger\/sites\/40\/2021\/08\/img-61128090aa42e.jpg","datePublished":"2021-08-10T13:45:24+00:00","dateModified":"2021-08-11T20:28:37+00:00","author":{"@id":"https:\/\/www.africa-press.net\/niger\/#\/schema\/person\/2b1cf3cd81a31e3cd26889ca66d677f1"},"description":"La commission mixte \u00e9nergie et mines, industrie et secteur priv\u00e9 du parlement de la communaut\u00e9 \u00e9conomique des Etats de l ...","breadcrumb":{"@id":"https:\/\/www.africa-press.net\/niger\/politique\/demain-soeuvre-a-abidjan-une-reunion-delocalisee-du-parlement-de-la-cedao-sur-lefficacite-energetique-en-afrique-de-louest#breadcrumb"},"inLanguage":"fr-FR","potentialAction":[{"@type":"ReadAction","target":["https:\/\/www.africa-press.net\/niger\/politique\/demain-soeuvre-a-abidjan-une-reunion-delocalisee-du-parlement-de-la-cedao-sur-lefficacite-energetique-en-afrique-de-louest"]}]},{"@type":"ImageObject","inLanguage":"fr-FR","@id":"https:\/\/www.africa-press.net\/niger\/politique\/demain-soeuvre-a-abidjan-une-reunion-delocalisee-du-parlement-de-la-cedao-sur-lefficacite-energetique-en-afrique-de-louest#primaryimage","url":"https:\/\/static.africa-press.net\/niger\/sites\/40\/2021\/08\/img-61128090aa42e.jpg","contentUrl":"https:\/\/static.africa-press.net\/niger\/sites\/40\/2021\/08\/img-61128090aa42e.jpg","width":720,"height":833,"caption":"Demain s\u2019\u0153uvre \u00e0 Abidjan une r\u00e9union d\u00e9localis\u00e9e du Parlement de la CEDAO sur l\u2019efficacit\u00e9 \u00e9nerg\u00e9tique en Afrique de l\u2019Ouest"},{"@type":"BreadcrumbList","@id":"https:\/\/www.africa-press.net\/niger\/politique\/demain-soeuvre-a-abidjan-une-reunion-delocalisee-du-parlement-de-la-cedao-sur-lefficacite-energetique-en-afrique-de-louest#breadcrumb","itemListElement":[{"@type":"ListItem","position":1,"name":"Accueil","item":"https:\/\/www.africa-press.net\/niger\/"},{"@type":"ListItem","position":2,"name":"Demain s\u2019\u0153uvre \u00e0 Abidjan une r\u00e9union d\u00e9localis\u00e9e du Parlement de la CEDAO sur l\u2019efficacit\u00e9 \u00e9nerg\u00e9tique en Afrique de l\u2019Ouest"}]},{"@type":"WebSite","@id":"https:\/\/www.africa-press.net\/niger\/#website","url":"https:\/\/www.africa-press.net\/niger\/","name":"niger","description":"Just another Africa News Agency Sites site","potentialAction":[{"@type":"SearchAction","target":{"@type":"EntryPoint","urlTemplate":"https:\/\/www.africa-press.net\/niger\/?s={search_term_string}"},"query-input":{"@type":"PropertyValueSpecification","valueRequired":true,"valueName":"search_term_string"}}],"inLanguage":"fr-FR"},{"@type":"Person","@id":"https:\/\/www.africa-press.net\/niger\/#\/schema\/person\/2b1cf3cd81a31e3cd26889ca66d677f1","name":"cfeditorfr"}]}},"_links":{"self":[{"href":"https:\/\/www.africa-press.net\/niger\/wp-json\/wp\/v2\/posts\/9792","targetHints":{"allow":["GET"]}}],"collection":[{"href":"https:\/\/www.africa-press.net\/niger\/wp-json\/wp\/v2\/posts"}],"about":[{"href":"https:\/\/www.africa-press.net\/niger\/wp-json\/wp\/v2\/types\/post"}],"author":[{"embeddable":true,"href":"https:\/\/www.africa-press.net\/niger\/wp-json\/wp\/v2\/users\/82"}],"replies":[{"embeddable":true,"href":"https:\/\/www.africa-press.net\/niger\/wp-json\/wp\/v2\/comments?post=9792"}],"version-history":[{"count":0,"href":"https:\/\/www.africa-press.net\/niger\/wp-json\/wp\/v2\/posts\/9792\/revisions"}],"wp:featuredmedia":[{"embeddable":true,"href":"https:\/\/www.africa-press.net\/niger\/wp-json\/wp\/v2\/media\/9791"}],"wp:attachment":[{"href":"https:\/\/www.africa-press.net\/niger\/wp-json\/wp\/v2\/media?parent=9792"}],"wp:term":[{"taxonomy":"category","embeddable":true,"href":"https:\/\/www.africa-press.net\/niger\/wp-json\/wp\/v2\/categories?post=9792"},{"taxonomy":"post_tag","embeddable":true,"href":"https:\/\/www.africa-press.net\/niger\/wp-json\/wp\/v2\/tags?post=9792"}],"curies":[{"name":"wp","href":"https:\/\/api.w.org\/{rel}","templated":true}]}}