{"id":9798,"date":"2021-08-10T14:00:43","date_gmt":"2021-08-10T14:00:43","guid":{"rendered":"https:\/\/www.africa-press.net\/niger\/?p=9798"},"modified":"2021-08-11T20:31:26","modified_gmt":"2021-08-11T20:31:26","slug":"les-parlements-du-niger-et-du-pakistanais-signent-un-memorandum-dentente","status":"publish","type":"post","link":"https:\/\/www.africa-press.net\/niger\/politique\/les-parlements-du-niger-et-du-pakistanais-signent-un-memorandum-dentente","title":{"rendered":"Les Parlements du Niger et du Pakistanais signent un M\u00e9morandum d\u2019entente"},"content":{"rendered":"<p><span style=\"color: #ff6600\"><strong><a href=\"https:\/\/www.africa-press.net\/\">Africa-Press<\/a> &#8211; <a href=\"https:\/\/www.africa-press.net\/niger\">Niger<\/a>.\u00a0 <\/strong><\/span>Le Pr\u00e9sident de l\u2019Assembl\u00e9e Nationale du Niger, M. Se\u00efni Oumarou, et son homologue du Pakistan, M. Asad Qaiser, ont proc\u00e9d\u00e9, en marge de la visite officielle du Pr\u00e9sident de l\u2019Assembl\u00e9e Nationale du Niger \u00e0 Islamabad, \u00e0 la signature d\u2019un M\u00e9morandum d\u2019entente entre l\u2019Assembl\u00e9e nationale du Pakistan et celle du Niger.<\/p>\n<p>Cet accord pr\u00e9voit, entre autres, le renforcement de la coop\u00e9ration dans toutes les sph\u00e8res du d\u00e9veloppement parlementaire telles que les proc\u00e9dures l\u00e9gislatives, les lois, le travail en commission et le r\u00f4le de contr\u00f4le et le partage d\u2019exp\u00e9rience dans le domaine du Parlement vert. Ce M\u00e9morandum tend \u00e9galement \u00e0 renforcer les contacts interparlementaires par la cr\u00e9ation de groupes d\u2019amiti\u00e9 dans les Assembl\u00e9es nationales de deux pays, par un \u00e9change soutenu de visites bilat\u00e9rales, par la coop\u00e9ration, la consultation et le soutien mutuel dans tous les forums parlementaires multilat\u00e9raux tout en respectant les positions exprim\u00e9es par les uns et les autres sur les questions r\u00e9gionales et mondiales et par un partage d\u2019exp\u00e9riences en mati\u00e8re de renforcement de capacit\u00e9s des parlementaires et des officiels en organisant des ateliers conjoints, des s\u00e9minaires et des conf\u00e9rences.<\/p>\n<p>M. Se\u00efni Oumarou \u00e9tait auparavant \u00e0 T\u00e9h\u00e9ran en Iran, o\u00f9 il avait repr\u00e9sent\u00e9 le Pr\u00e9sident de la R\u00e9publique Bazoum Mohamed \u00e0 la c\u00e9r\u00e9monie de prestation de serment du nouveau Pr\u00e9sident de la R\u00e9publique Islamique d\u2019Iran, M. Ebrahim Ra\u00efssa.<\/p>\n<p>M. Se\u00efni Oumarou et la d\u00e9l\u00e9gation qui l\u2019accompagne se sont rendus, dans l\u2019apr\u00e8s-midi du 06 ao\u00fbt, \u00e0 l&rsquo;Assembl\u00e9e nationale pakistanaise qui est la chambre basse et qui forme, avec le S\u00e9nat, l&rsquo;organe l\u00e9gislatif f\u00e9d\u00e9ral. Elle a \u00e9t\u00e9 fond\u00e9e le 15 ao\u00fbt 1947, au moment de l&rsquo;ind\u00e9pendance du pays.<\/p>\n<p>Le Pr\u00e9sident de l\u2019Assembl\u00e9e Nationale pakistanaise, SEM Asad Qaiser, a rendu un vibrant hommage \u00e0 la coop\u00e9ration entre les deux pays au cours d\u2019une r\u00e9union de travail qui a r\u00e9uni les deux parties.<\/p>\n<p>En r\u00e9ponse, M. Se\u00efni Oumarou a remerci\u00e9 le pr\u00e9sident du Parlement pakistanais pour son invitation et pour toutes les commodit\u00e9s offertes durant le s\u00e9jour.<\/p>\n<p>Il a aussi \u00e9voqu\u00e9 le contexte d\u2019ins\u00e9curit\u00e9 li\u00e9 au terrorisme auquel font face les deux pays tout en souhaitant une large solidarit\u00e9 dans ce cadre car \u00ab nous partageons la m\u00eame Oumah islamique \u00bb a-t-il soulign\u00e9.<\/p>\n<p>Le Pr\u00e9sident de l\u2019Assembl\u00e9e nationale du Niger a aussi parl\u00e9 des riches potentialit\u00e9s de son pays, en termes de ressources en eau, de terres cultivables et de ressources humaines. \u00ab Nous souhaiterions un transfert de technologies pour exploiter nos potentialit\u00e9s \u00bb, avait-il d\u00e9clar\u00e9 \u00e0 l\u2019endroit des d\u00e9put\u00e9s pakistanais.<\/p>\n<p>&nbsp;<\/p>\n","protected":false},"excerpt":{"rendered":"<p>Africa-Press &#8211; Niger.\u00a0 Le Pr\u00e9sident de l\u2019Assembl\u00e9e Nationale du Niger, M. Se\u00efni Oumarou, et son homologue du Pakistan, M. Asad Qaiser, ont proc\u00e9d\u00e9, en marge de la visite officielle du Pr\u00e9sident de l\u2019Assembl\u00e9e Nationale du Niger \u00e0 Islamabad, \u00e0 la signature d\u2019un M\u00e9morandum d\u2019entente entre l\u2019Assembl\u00e9e nationale du Pakistan et celle du Niger. Cet accord [&hellip;]<\/p>\n","protected":false},"author":82,"featured_media":9797,"comment_status":"open","ping_status":"closed","sticky":false,"template":"","format":"standard","meta":{"footnotes":""},"categories":[11,2,20,10],"tags":[55,60,29],"class_list":["post-9798","post","type-post","status-publish","format-standard","has-post-thumbnail","hentry","category-homepage-french","category-politique","category-top-nouvelles","category-toutes-les-actualites","tag-africa-press","tag-africa-press-niger","tag-niger"],"yoast_head":"<!-- This site is optimized with the Yoast SEO Premium plugin v26.1 (Yoast SEO v27.0) - https:\/\/yoast.com\/product\/yoast-seo-premium-wordpress\/ -->\n<title>Les Parlements du Niger et du Pakistanais signent un M\u00e9morandum d\u2019entente - niger<\/title>\n<meta name=\"description\" content=\", 9 Ao\u00fbt (ANP) - Le Pr\u00e9sident de l\u2019Assembl\u00e9e Nationale du Niger, M. Se\u00efni Oumarou, et son homologue du Pakistan, M. Asad ...\" \/>\n<meta name=\"robots\" content=\"index, follow, max-snippet:-1, max-image-preview:large, max-video-preview:-1\" \/>\n<link rel=\"canonical\" href=\"https:\/\/www.africa-press.net\/niger\/politique\/les-parlements-du-niger-et-du-pakistanais-signent-un-memorandum-dentente\" \/>\n<meta property=\"og:locale\" content=\"fr_FR\" \/>\n<meta property=\"og:type\" content=\"article\" \/>\n<meta property=\"og:title\" content=\"Les Parlements du Niger et du Pakistanais signent un M\u00e9morandum d\u2019entente\" \/>\n<meta property=\"og:description\" content=\", 9 Ao\u00fbt (ANP) - Le Pr\u00e9sident de l\u2019Assembl\u00e9e Nationale du Niger, M. Se\u00efni Oumarou, et son homologue du Pakistan, M. Asad ...\" \/>\n<meta property=\"og:url\" content=\"https:\/\/www.africa-press.net\/niger\/politique\/les-parlements-du-niger-et-du-pakistanais-signent-un-memorandum-dentente\" \/>\n<meta property=\"og:site_name\" content=\"niger\" \/>\n<meta property=\"article:published_time\" content=\"2021-08-10T14:00:43+00:00\" \/>\n<meta property=\"article:modified_time\" content=\"2021-08-11T20:31:26+00:00\" \/>\n<meta property=\"og:image\" content=\"https:\/\/static.africa-press.net\/niger\/sites\/40\/2021\/08\/img-611280de5ef48.jpg\" \/>\n\t<meta property=\"og:image:width\" content=\"1280\" \/>\n\t<meta property=\"og:image:height\" content=\"960\" \/>\n\t<meta property=\"og:image:type\" content=\"image\/jpeg\" \/>\n<meta name=\"author\" content=\"cfeditorfr\" \/>\n<meta name=\"twitter:card\" content=\"summary_large_image\" \/>\n<meta name=\"twitter:label1\" content=\"\u00c9crit par\" \/>\n\t<meta name=\"twitter:data1\" content=\"cfeditorfr\" \/>\n\t<meta name=\"twitter:label2\" content=\"Dur\u00e9e de lecture estim\u00e9e\" \/>\n\t<meta name=\"twitter:data2\" content=\"2 minutes\" \/>\n<script type=\"application\/ld+json\" class=\"yoast-schema-graph\">{\"@context\":\"https:\/\/schema.org\",\"@graph\":[{\"@type\":\"Article\",\"@id\":\"https:\/\/www.africa-press.net\/niger\/politique\/les-parlements-du-niger-et-du-pakistanais-signent-un-memorandum-dentente#article\",\"isPartOf\":{\"@id\":\"https:\/\/www.africa-press.net\/niger\/politique\/les-parlements-du-niger-et-du-pakistanais-signent-un-memorandum-dentente\"},\"author\":{\"name\":\"cfeditorfr\",\"@id\":\"https:\/\/www.africa-press.net\/niger\/#\/schema\/person\/2b1cf3cd81a31e3cd26889ca66d677f1\"},\"headline\":\"Les Parlements du Niger et du Pakistanais signent un M\u00e9morandum d\u2019entente\",\"datePublished\":\"2021-08-10T14:00:43+00:00\",\"dateModified\":\"2021-08-11T20:31:26+00:00\",\"mainEntityOfPage\":{\"@id\":\"https:\/\/www.africa-press.net\/niger\/politique\/les-parlements-du-niger-et-du-pakistanais-signent-un-memorandum-dentente\"},\"wordCount\":502,\"commentCount\":0,\"image\":{\"@id\":\"https:\/\/www.africa-press.net\/niger\/politique\/les-parlements-du-niger-et-du-pakistanais-signent-un-memorandum-dentente#primaryimage\"},\"thumbnailUrl\":\"https:\/\/static.africa-press.net\/niger\/sites\/40\/2021\/08\/img-611280de5ef48.jpg\",\"keywords\":[\"Africa Press\",\"Africa Press-Niger\",\"Niger\"],\"articleSection\":[\"homepage-french\",\"Politique\",\"Top Nouvelles\",\"Toutes les actualit\u00e9s\"],\"inLanguage\":\"fr-FR\",\"potentialAction\":[{\"@type\":\"CommentAction\",\"name\":\"Comment\",\"target\":[\"https:\/\/www.africa-press.net\/niger\/politique\/les-parlements-du-niger-et-du-pakistanais-signent-un-memorandum-dentente#respond\"]}]},{\"@type\":\"WebPage\",\"@id\":\"https:\/\/www.africa-press.net\/niger\/politique\/les-parlements-du-niger-et-du-pakistanais-signent-un-memorandum-dentente\",\"url\":\"https:\/\/www.africa-press.net\/niger\/politique\/les-parlements-du-niger-et-du-pakistanais-signent-un-memorandum-dentente\",\"name\":\"Les Parlements du Niger et du Pakistanais signent un M\u00e9morandum d\u2019entente - niger\",\"isPartOf\":{\"@id\":\"https:\/\/www.africa-press.net\/niger\/#website\"},\"primaryImageOfPage\":{\"@id\":\"https:\/\/www.africa-press.net\/niger\/politique\/les-parlements-du-niger-et-du-pakistanais-signent-un-memorandum-dentente#primaryimage\"},\"image\":{\"@id\":\"https:\/\/www.africa-press.net\/niger\/politique\/les-parlements-du-niger-et-du-pakistanais-signent-un-memorandum-dentente#primaryimage\"},\"thumbnailUrl\":\"https:\/\/static.africa-press.net\/niger\/sites\/40\/2021\/08\/img-611280de5ef48.jpg\",\"datePublished\":\"2021-08-10T14:00:43+00:00\",\"dateModified\":\"2021-08-11T20:31:26+00:00\",\"author\":{\"@id\":\"https:\/\/www.africa-press.net\/niger\/#\/schema\/person\/2b1cf3cd81a31e3cd26889ca66d677f1\"},\"description\":\", 9 Ao\u00fbt (ANP) - Le Pr\u00e9sident de l\u2019Assembl\u00e9e Nationale du Niger, M. Se\u00efni Oumarou, et son homologue du Pakistan, M. Asad ...\",\"breadcrumb\":{\"@id\":\"https:\/\/www.africa-press.net\/niger\/politique\/les-parlements-du-niger-et-du-pakistanais-signent-un-memorandum-dentente#breadcrumb\"},\"inLanguage\":\"fr-FR\",\"potentialAction\":[{\"@type\":\"ReadAction\",\"target\":[\"https:\/\/www.africa-press.net\/niger\/politique\/les-parlements-du-niger-et-du-pakistanais-signent-un-memorandum-dentente\"]}]},{\"@type\":\"ImageObject\",\"inLanguage\":\"fr-FR\",\"@id\":\"https:\/\/www.africa-press.net\/niger\/politique\/les-parlements-du-niger-et-du-pakistanais-signent-un-memorandum-dentente#primaryimage\",\"url\":\"https:\/\/static.africa-press.net\/niger\/sites\/40\/2021\/08\/img-611280de5ef48.jpg\",\"contentUrl\":\"https:\/\/static.africa-press.net\/niger\/sites\/40\/2021\/08\/img-611280de5ef48.jpg\",\"width\":1280,\"height\":960,\"caption\":\"Les Parlements du Niger et du Pakistanais signent un M\u00e9morandum d\u2019entente\"},{\"@type\":\"BreadcrumbList\",\"@id\":\"https:\/\/www.africa-press.net\/niger\/politique\/les-parlements-du-niger-et-du-pakistanais-signent-un-memorandum-dentente#breadcrumb\",\"itemListElement\":[{\"@type\":\"ListItem\",\"position\":1,\"name\":\"Accueil\",\"item\":\"https:\/\/www.africa-press.net\/niger\/\"},{\"@type\":\"ListItem\",\"position\":2,\"name\":\"Les Parlements du Niger et du Pakistanais signent un M\u00e9morandum d\u2019entente\"}]},{\"@type\":\"WebSite\",\"@id\":\"https:\/\/www.africa-press.net\/niger\/#website\",\"url\":\"https:\/\/www.africa-press.net\/niger\/\",\"name\":\"niger\",\"description\":\"Just another Africa News Agency Sites site\",\"potentialAction\":[{\"@type\":\"SearchAction\",\"target\":{\"@type\":\"EntryPoint\",\"urlTemplate\":\"https:\/\/www.africa-press.net\/niger\/?s={search_term_string}\"},\"query-input\":{\"@type\":\"PropertyValueSpecification\",\"valueRequired\":true,\"valueName\":\"search_term_string\"}}],\"inLanguage\":\"fr-FR\"},{\"@type\":\"Person\",\"@id\":\"https:\/\/www.africa-press.net\/niger\/#\/schema\/person\/2b1cf3cd81a31e3cd26889ca66d677f1\",\"name\":\"cfeditorfr\"}]}<\/script>\n<!-- \/ Yoast SEO Premium plugin. -->","yoast_head_json":{"title":"Les Parlements du Niger et du Pakistanais signent un M\u00e9morandum d\u2019entente - niger","description":", 9 Ao\u00fbt (ANP) - Le Pr\u00e9sident de l\u2019Assembl\u00e9e Nationale du Niger, M. Se\u00efni Oumarou, et son homologue du Pakistan, M. Asad ...","robots":{"index":"index","follow":"follow","max-snippet":"max-snippet:-1","max-image-preview":"max-image-preview:large","max-video-preview":"max-video-preview:-1"},"canonical":"https:\/\/www.africa-press.net\/niger\/politique\/les-parlements-du-niger-et-du-pakistanais-signent-un-memorandum-dentente","og_locale":"fr_FR","og_type":"article","og_title":"Les Parlements du Niger et du Pakistanais signent un M\u00e9morandum d\u2019entente","og_description":", 9 Ao\u00fbt (ANP) - Le Pr\u00e9sident de l\u2019Assembl\u00e9e Nationale du Niger, M. Se\u00efni Oumarou, et son homologue du Pakistan, M. Asad ...","og_url":"https:\/\/www.africa-press.net\/niger\/politique\/les-parlements-du-niger-et-du-pakistanais-signent-un-memorandum-dentente","og_site_name":"niger","article_published_time":"2021-08-10T14:00:43+00:00","article_modified_time":"2021-08-11T20:31:26+00:00","og_image":[{"width":1280,"height":960,"url":"https:\/\/static.africa-press.net\/niger\/sites\/40\/2021\/08\/img-611280de5ef48.jpg","type":"image\/jpeg"}],"author":"cfeditorfr","twitter_card":"summary_large_image","twitter_misc":{"\u00c9crit par":"cfeditorfr","Dur\u00e9e de lecture estim\u00e9e":"2 minutes"},"schema":{"@context":"https:\/\/schema.org","@graph":[{"@type":"Article","@id":"https:\/\/www.africa-press.net\/niger\/politique\/les-parlements-du-niger-et-du-pakistanais-signent-un-memorandum-dentente#article","isPartOf":{"@id":"https:\/\/www.africa-press.net\/niger\/politique\/les-parlements-du-niger-et-du-pakistanais-signent-un-memorandum-dentente"},"author":{"name":"cfeditorfr","@id":"https:\/\/www.africa-press.net\/niger\/#\/schema\/person\/2b1cf3cd81a31e3cd26889ca66d677f1"},"headline":"Les Parlements du Niger et du Pakistanais signent un M\u00e9morandum d\u2019entente","datePublished":"2021-08-10T14:00:43+00:00","dateModified":"2021-08-11T20:31:26+00:00","mainEntityOfPage":{"@id":"https:\/\/www.africa-press.net\/niger\/politique\/les-parlements-du-niger-et-du-pakistanais-signent-un-memorandum-dentente"},"wordCount":502,"commentCount":0,"image":{"@id":"https:\/\/www.africa-press.net\/niger\/politique\/les-parlements-du-niger-et-du-pakistanais-signent-un-memorandum-dentente#primaryimage"},"thumbnailUrl":"https:\/\/static.africa-press.net\/niger\/sites\/40\/2021\/08\/img-611280de5ef48.jpg","keywords":["Africa Press","Africa Press-Niger","Niger"],"articleSection":["homepage-french","Politique","Top Nouvelles","Toutes les actualit\u00e9s"],"inLanguage":"fr-FR","potentialAction":[{"@type":"CommentAction","name":"Comment","target":["https:\/\/www.africa-press.net\/niger\/politique\/les-parlements-du-niger-et-du-pakistanais-signent-un-memorandum-dentente#respond"]}]},{"@type":"WebPage","@id":"https:\/\/www.africa-press.net\/niger\/politique\/les-parlements-du-niger-et-du-pakistanais-signent-un-memorandum-dentente","url":"https:\/\/www.africa-press.net\/niger\/politique\/les-parlements-du-niger-et-du-pakistanais-signent-un-memorandum-dentente","name":"Les Parlements du Niger et du Pakistanais signent un M\u00e9morandum d\u2019entente - niger","isPartOf":{"@id":"https:\/\/www.africa-press.net\/niger\/#website"},"primaryImageOfPage":{"@id":"https:\/\/www.africa-press.net\/niger\/politique\/les-parlements-du-niger-et-du-pakistanais-signent-un-memorandum-dentente#primaryimage"},"image":{"@id":"https:\/\/www.africa-press.net\/niger\/politique\/les-parlements-du-niger-et-du-pakistanais-signent-un-memorandum-dentente#primaryimage"},"thumbnailUrl":"https:\/\/static.africa-press.net\/niger\/sites\/40\/2021\/08\/img-611280de5ef48.jpg","datePublished":"2021-08-10T14:00:43+00:00","dateModified":"2021-08-11T20:31:26+00:00","author":{"@id":"https:\/\/www.africa-press.net\/niger\/#\/schema\/person\/2b1cf3cd81a31e3cd26889ca66d677f1"},"description":", 9 Ao\u00fbt (ANP) - Le Pr\u00e9sident de l\u2019Assembl\u00e9e Nationale du Niger, M. Se\u00efni Oumarou, et son homologue du Pakistan, M. Asad ...","breadcrumb":{"@id":"https:\/\/www.africa-press.net\/niger\/politique\/les-parlements-du-niger-et-du-pakistanais-signent-un-memorandum-dentente#breadcrumb"},"inLanguage":"fr-FR","potentialAction":[{"@type":"ReadAction","target":["https:\/\/www.africa-press.net\/niger\/politique\/les-parlements-du-niger-et-du-pakistanais-signent-un-memorandum-dentente"]}]},{"@type":"ImageObject","inLanguage":"fr-FR","@id":"https:\/\/www.africa-press.net\/niger\/politique\/les-parlements-du-niger-et-du-pakistanais-signent-un-memorandum-dentente#primaryimage","url":"https:\/\/static.africa-press.net\/niger\/sites\/40\/2021\/08\/img-611280de5ef48.jpg","contentUrl":"https:\/\/static.africa-press.net\/niger\/sites\/40\/2021\/08\/img-611280de5ef48.jpg","width":1280,"height":960,"caption":"Les Parlements du Niger et du Pakistanais signent un M\u00e9morandum d\u2019entente"},{"@type":"BreadcrumbList","@id":"https:\/\/www.africa-press.net\/niger\/politique\/les-parlements-du-niger-et-du-pakistanais-signent-un-memorandum-dentente#breadcrumb","itemListElement":[{"@type":"ListItem","position":1,"name":"Accueil","item":"https:\/\/www.africa-press.net\/niger\/"},{"@type":"ListItem","position":2,"name":"Les Parlements du Niger et du Pakistanais signent un M\u00e9morandum d\u2019entente"}]},{"@type":"WebSite","@id":"https:\/\/www.africa-press.net\/niger\/#website","url":"https:\/\/www.africa-press.net\/niger\/","name":"niger","description":"Just another Africa News Agency Sites site","potentialAction":[{"@type":"SearchAction","target":{"@type":"EntryPoint","urlTemplate":"https:\/\/www.africa-press.net\/niger\/?s={search_term_string}"},"query-input":{"@type":"PropertyValueSpecification","valueRequired":true,"valueName":"search_term_string"}}],"inLanguage":"fr-FR"},{"@type":"Person","@id":"https:\/\/www.africa-press.net\/niger\/#\/schema\/person\/2b1cf3cd81a31e3cd26889ca66d677f1","name":"cfeditorfr"}]}},"_links":{"self":[{"href":"https:\/\/www.africa-press.net\/niger\/wp-json\/wp\/v2\/posts\/9798","targetHints":{"allow":["GET"]}}],"collection":[{"href":"https:\/\/www.africa-press.net\/niger\/wp-json\/wp\/v2\/posts"}],"about":[{"href":"https:\/\/www.africa-press.net\/niger\/wp-json\/wp\/v2\/types\/post"}],"author":[{"embeddable":true,"href":"https:\/\/www.africa-press.net\/niger\/wp-json\/wp\/v2\/users\/82"}],"replies":[{"embeddable":true,"href":"https:\/\/www.africa-press.net\/niger\/wp-json\/wp\/v2\/comments?post=9798"}],"version-history":[{"count":0,"href":"https:\/\/www.africa-press.net\/niger\/wp-json\/wp\/v2\/posts\/9798\/revisions"}],"wp:featuredmedia":[{"embeddable":true,"href":"https:\/\/www.africa-press.net\/niger\/wp-json\/wp\/v2\/media\/9797"}],"wp:attachment":[{"href":"https:\/\/www.africa-press.net\/niger\/wp-json\/wp\/v2\/media?parent=9798"}],"wp:term":[{"taxonomy":"category","embeddable":true,"href":"https:\/\/www.africa-press.net\/niger\/wp-json\/wp\/v2\/categories?post=9798"},{"taxonomy":"post_tag","embeddable":true,"href":"https:\/\/www.africa-press.net\/niger\/wp-json\/wp\/v2\/tags?post=9798"}],"curies":[{"name":"wp","href":"https:\/\/api.w.org\/{rel}","templated":true}]}}