{"id":9804,"date":"2021-08-10T14:16:35","date_gmt":"2021-08-10T14:16:35","guid":{"rendered":"https:\/\/www.africa-press.net\/niger\/?p=9804"},"modified":"2021-08-10T13:38:49","modified_gmt":"2021-08-10T13:38:49","slug":"attaque-de-civils-au-mali-la-population-terrorisee-par-des-groupes-djihadistes","status":"publish","type":"post","link":"https:\/\/www.africa-press.net\/niger\/politique\/attaque-de-civils-au-mali-la-population-terrorisee-par-des-groupes-djihadistes","title":{"rendered":"Attaque de civils au Mali\u00a0: la population terroris\u00e9e par des groupes djihadistes"},"content":{"rendered":"<p><span style=\"color: #ff6600\"><strong><a href=\"https:\/\/www.africa-press.net\/\">Africa-Press<\/a> &#8211; <a href=\"https:\/\/www.africa-press.net\/niger\">Niger<\/a>. <\/strong><\/span><b>\u00ab Ils ont abattu tous ceux qu\u2019ils ont rencontr\u00e9s sur leur passage \u00bb,<\/b><\/p>\n<p>confie, sous le choc, Waly Sissoko, pr\u00e9fet du cercle d\u2019Ansongo, une circonscription situ\u00e9e \u00e0 l\u2019est du Mali, non loin des fronti\u00e8res avec le Niger et le Burkina Faso. Dimanche 8 ao\u00fbt, vers 18 heures, au moins 51 civils ont \u00e9t\u00e9 tu\u00e9s dans des attaques simultan\u00e9es men\u00e9es dans quatre villages de la commune de Ouatagouna par un groupe terroriste. Un bilan provisoire, dress\u00e9 par la pr\u00e9fecture.<\/p>\n<p>Si le motif de cette tuerie reste encore flou, plusieurs sources s\u00e9curitaires estiment que les djihadistes ont men\u00e9 une \u00ab exp\u00e9dition punitive \u00bb, en repr\u00e9sailles \u00e0 l\u2019arrestation r\u00e9cente de \u00ab plusieurs cadres djihadistes \u00bb, \u00e0 proximit\u00e9 de Ouatagouna. \u00ab Quand l\u2019arm\u00e9e arr\u00eate un terroriste, ce sont nous, les civils, qui trinquons, se d\u00e9sesp\u00e8re Ali (le pr\u00e9nom a \u00e9t\u00e9 chang\u00e9), un ressortissant du cercle d\u2019Ansongo. Les terroristes pensent que nous informons l\u2019arm\u00e9e sur leurs positions, alors ils nous massacrent. \u00bb<\/p>\n<p>D\u2019apr\u00e8s cet habitant, cela fait pourtant plusieurs mois que plus aucun civil de la zone n\u2019ose \u00e9changer avec les forces arm\u00e9es, qu\u2019elles soient compos\u00e9es de casques bleus d\u00e9ploy\u00e9s au sein de la Mission des Nations unies pour la stabilisation au Mali (Minusma), des forces arm\u00e9es maliennes (FAMa) ou de militaires fran\u00e7ais (de l\u2019op\u00e9ration antiterroriste \u00ab Barkhane \u00bb). Depuis le d\u00e9but de la guerre d\u00e9clench\u00e9e au nord du Mali en 2012, aucune ne parvient \u00e0 enrayer la progression des conflits djihadistes qui m\u00e9tastasent vers le sud, au point de d\u00e9stabiliser les Etats voisins.<\/p>\n<p><b>Ch\u00e2timents cruels<\/b><\/p>\n<p>Dans le cercle d\u2019Ansongo, deux groupes terrorisent la population : le Groupe de soutien de l\u2019islam et des musulmans (GSIM, affili\u00e9 \u00e0 Al-Qaida) et l\u2019organisation Etat islamique au grand Sahara (EIGS, qui a pr\u00eat\u00e9 all\u00e9geance \u00e0 l\u2019Etat islamique). Les attaques simultan\u00e9es de Ouatagouna n\u2019ont pour l\u2019instant pas \u00e9t\u00e9 revendiqu\u00e9es mais plusieurs sources les attribuent \u00e0 l\u2019EIGS au vu du mode op\u00e9ratoire employ\u00e9. Plus sanguinaire que le GSIM, qui cible davantage les militaires, l\u2019EIGS n\u2019h\u00e9site pas, au contraire, \u00e0 frapper massivement les civils. Ou \u00e0 infliger des ch\u00e2timents cruels.<\/p>\n<p><b>\u00ab L\u00e0-bas, l\u2019EIGS et le GSIM font la loi \u00bb, soutient une source s\u00e9curitaire<\/b><\/p>\n<p>Le 2 mai, \u00e0 une cinquantaine de kilom\u00e8tres au nord de Ouatagouna, des membres de l\u2019EIGS ont amput\u00e9, en public, la main droite et le pied gauche de trois pr\u00e9sum\u00e9s voleurs. Le 15 mai, \u00e0 Tessit, toujours dans le cercle d\u2019Ansongo, le groupe s\u2019\u00e9tait attaqu\u00e9 aux soldats maliens, tuant quinze d\u2019entre eux.<\/p>\n<p><b>\u00ab L\u00e0-bas, l\u2019EIGS et le GSIM font la loi \u00bb<\/b><\/p>\n<p>, soutient une source s\u00e9curitaire. La for\u00eat d\u2019Ansongo, qui s\u00e9pare le Mali du Niger, est une zone de repli strat\u00e9gique pour les groupes terroristes op\u00e9rant au Liptako-Gourma, dans cette zone dite des trois fronti\u00e8res, \u00e0 cheval sur le Mali, le Niger et le Burkina Faso. Mal \u00e9quip\u00e9es et mal form\u00e9es, les FAMa peinent \u00e0 acc\u00e9der et plus encore \u00e0 contr\u00f4ler cette for\u00eat. Au point qu\u2019en novembre 2019, l\u2019arm\u00e9e malienne, d\u00e9j\u00e0 harcel\u00e9e par les djihadistes, avait annonc\u00e9 sa d\u00e9cision de se replier de certains camps situ\u00e9s aux abords des bois.<\/p>\n<p><b>Fuite des repr\u00e9sentants de l\u2019Etat<\/b><\/p>\n<p>Depuis, la brousse de l\u2019ensemble du cercle est largement gouvern\u00e9e par l\u2019ennemi et les attaques persistent : plus de 385 personnes ont \u00e9t\u00e9 tu\u00e9es dans le cercle d\u2019Ansongo lors d\u2019une centaine d\u2019incidents depuis ao\u00fbt 2020, selon l\u2019ONG Armed Conflict Location and Event Data Project. Esseul\u00e9s face \u00e0 la menace djihadiste, les repr\u00e9sentants de l\u2019Etat ont massivement fui. Plus des trois quarts des maires du cercle ne sont actuellement pas \u00e0 leur poste, selon nos informations.<\/p>\n<p>Pourtant, la zone des trois fronti\u00e8res concentre l\u2019essentiel de la lutte antiterroriste. Force conjointe du G5 Sahel, force europ\u00e9enne \u00ab Takuba \u00bb, \u00ab Barkhane \u00bb, Minusma et FAMa y sont pr\u00e9sents. A la suite de l\u2019annonce d\u2019Emmanuel Macron de la \u00ab transformation profonde \u00bb de la pr\u00e9sence militaire fran\u00e7aise au Sahel formul\u00e9e le 10 juin, la priorit\u00e9 de l\u2019intervention antiterroriste fran\u00e7aise dans la r\u00e9gion a aussi \u00e9t\u00e9 recentr\u00e9e sur le Liptako-Gourma.<\/p>\n<p>L\u2019EIGS, l\u2019ennemi num\u00e9ro un de la France au Sahel depuis le sommet de Pau (en janvier 2020), y a \u00e9t\u00e9 durement frapp\u00e9. Fin juillet, le cabinet de la ministre des arm\u00e9es, Florence Parly, annon\u00e7ait la \u00ab neutralisation \u00bb de deux cadres de l\u2019organisation par l\u2019arm\u00e9e fran\u00e7aise dans la r\u00e9gion de M\u00e9naka, voisine d\u2019Ansongo.<\/p>\n<p><b>\u00ab La priorit\u00e9 des forces arm\u00e9es devrait \u00eatre de prot\u00e9ger les civils et non de d\u00e9capiter les terroristes car les t\u00eates repoussent \u00bb,<\/b><\/p>\n<p>analyse une chercheuse sah\u00e9lienne qui souhaite rester anonyme. A Ouatagouna, ni l\u2019arm\u00e9e fran\u00e7aise, ni la Minusma, ni les FAMa n\u2019ont pu emp\u00eacher le massacre du 8 ao\u00fbt. Plusieurs sources locales soutiennent pourtant avoir alert\u00e9 les autorit\u00e9s. En vain.<\/p>\n","protected":false},"excerpt":{"rendered":"<p>Africa-Press &#8211; Niger. \u00ab Ils ont abattu tous ceux qu\u2019ils ont rencontr\u00e9s sur leur passage \u00bb, confie, sous le choc, Waly Sissoko, pr\u00e9fet du cercle d\u2019Ansongo, une circonscription situ\u00e9e \u00e0 l\u2019est du Mali, non loin des fronti\u00e8res avec le Niger et le Burkina Faso. Dimanche 8 ao\u00fbt, vers 18 heures, au moins 51 civils ont [&hellip;]<\/p>\n","protected":false},"author":82,"featured_media":9803,"comment_status":"open","ping_status":"closed","sticky":false,"template":"","format":"standard","meta":{"footnotes":""},"categories":[11,2,20,10],"tags":[55,60,29],"class_list":["post-9804","post","type-post","status-publish","format-standard","has-post-thumbnail","hentry","category-homepage-french","category-politique","category-top-nouvelles","category-toutes-les-actualites","tag-africa-press","tag-africa-press-niger","tag-niger"],"yoast_head":"<!-- This site is optimized with the Yoast SEO Premium plugin v26.1 (Yoast SEO v27.0) - https:\/\/yoast.com\/product\/yoast-seo-premium-wordpress\/ -->\n<title>Attaque de civils au Mali\u00a0: la population terroris\u00e9e par des groupes djihadistes - niger<\/title>\n<meta name=\"description\" content=\"\u00ab Ils ont abattu tous ceux qu\u2019ils ont rencontr\u00e9s sur leur passage \u00bb, confie, sous le choc, Waly Sissoko, pr\u00e9fet ...\" \/>\n<meta name=\"robots\" content=\"index, follow, max-snippet:-1, max-image-preview:large, max-video-preview:-1\" \/>\n<link rel=\"canonical\" href=\"https:\/\/www.africa-press.net\/niger\/politique\/attaque-de-civils-au-mali-la-population-terrorisee-par-des-groupes-djihadistes\" \/>\n<meta property=\"og:locale\" content=\"fr_FR\" \/>\n<meta property=\"og:type\" content=\"article\" \/>\n<meta property=\"og:title\" content=\"Attaque de civils au Mali\u00a0: la population terroris\u00e9e par des groupes djihadistes\" \/>\n<meta property=\"og:description\" content=\"\u00ab Ils ont abattu tous ceux qu\u2019ils ont rencontr\u00e9s sur leur passage \u00bb, confie, sous le choc, Waly Sissoko, pr\u00e9fet ...\" \/>\n<meta property=\"og:url\" content=\"https:\/\/www.africa-press.net\/niger\/politique\/attaque-de-civils-au-mali-la-population-terrorisee-par-des-groupes-djihadistes\" \/>\n<meta property=\"og:site_name\" content=\"niger\" \/>\n<meta property=\"article:published_time\" content=\"2021-08-10T14:16:35+00:00\" \/>\n<meta property=\"og:image\" content=\"https:\/\/static.africa-press.net\/niger\/sites\/40\/2021\/08\/img-6112814f585ed.jpg\" \/>\n\t<meta property=\"og:image:width\" content=\"1440\" \/>\n\t<meta property=\"og:image:height\" content=\"720\" \/>\n\t<meta property=\"og:image:type\" content=\"image\/jpeg\" \/>\n<meta name=\"author\" content=\"cfeditorfr\" \/>\n<meta name=\"twitter:card\" content=\"summary_large_image\" \/>\n<meta name=\"twitter:label1\" content=\"\u00c9crit par\" \/>\n\t<meta name=\"twitter:data1\" content=\"cfeditorfr\" \/>\n\t<meta name=\"twitter:label2\" content=\"Dur\u00e9e de lecture estim\u00e9e\" \/>\n\t<meta name=\"twitter:data2\" content=\"4 minutes\" \/>\n<script type=\"application\/ld+json\" class=\"yoast-schema-graph\">{\"@context\":\"https:\/\/schema.org\",\"@graph\":[{\"@type\":\"Article\",\"@id\":\"https:\/\/www.africa-press.net\/niger\/politique\/attaque-de-civils-au-mali-la-population-terrorisee-par-des-groupes-djihadistes#article\",\"isPartOf\":{\"@id\":\"https:\/\/www.africa-press.net\/niger\/politique\/attaque-de-civils-au-mali-la-population-terrorisee-par-des-groupes-djihadistes\"},\"author\":{\"name\":\"cfeditorfr\",\"@id\":\"https:\/\/www.africa-press.net\/niger\/#\/schema\/person\/2b1cf3cd81a31e3cd26889ca66d677f1\"},\"headline\":\"Attaque de civils au Mali\u00a0: la population terroris\u00e9e par des groupes djihadistes\",\"datePublished\":\"2021-08-10T14:16:35+00:00\",\"mainEntityOfPage\":{\"@id\":\"https:\/\/www.africa-press.net\/niger\/politique\/attaque-de-civils-au-mali-la-population-terrorisee-par-des-groupes-djihadistes\"},\"wordCount\":872,\"commentCount\":0,\"image\":{\"@id\":\"https:\/\/www.africa-press.net\/niger\/politique\/attaque-de-civils-au-mali-la-population-terrorisee-par-des-groupes-djihadistes#primaryimage\"},\"thumbnailUrl\":\"https:\/\/static.africa-press.net\/niger\/sites\/40\/2021\/08\/img-6112814f585ed.jpg\",\"keywords\":[\"Africa Press\",\"Africa Press-Niger\",\"Niger\"],\"articleSection\":[\"homepage-french\",\"Politique\",\"Top Nouvelles\",\"Toutes les actualit\u00e9s\"],\"inLanguage\":\"fr-FR\",\"potentialAction\":[{\"@type\":\"CommentAction\",\"name\":\"Comment\",\"target\":[\"https:\/\/www.africa-press.net\/niger\/politique\/attaque-de-civils-au-mali-la-population-terrorisee-par-des-groupes-djihadistes#respond\"]}]},{\"@type\":\"WebPage\",\"@id\":\"https:\/\/www.africa-press.net\/niger\/politique\/attaque-de-civils-au-mali-la-population-terrorisee-par-des-groupes-djihadistes\",\"url\":\"https:\/\/www.africa-press.net\/niger\/politique\/attaque-de-civils-au-mali-la-population-terrorisee-par-des-groupes-djihadistes\",\"name\":\"Attaque de civils au Mali\u00a0: la population terroris\u00e9e par des groupes djihadistes - niger\",\"isPartOf\":{\"@id\":\"https:\/\/www.africa-press.net\/niger\/#website\"},\"primaryImageOfPage\":{\"@id\":\"https:\/\/www.africa-press.net\/niger\/politique\/attaque-de-civils-au-mali-la-population-terrorisee-par-des-groupes-djihadistes#primaryimage\"},\"image\":{\"@id\":\"https:\/\/www.africa-press.net\/niger\/politique\/attaque-de-civils-au-mali-la-population-terrorisee-par-des-groupes-djihadistes#primaryimage\"},\"thumbnailUrl\":\"https:\/\/static.africa-press.net\/niger\/sites\/40\/2021\/08\/img-6112814f585ed.jpg\",\"datePublished\":\"2021-08-10T14:16:35+00:00\",\"author\":{\"@id\":\"https:\/\/www.africa-press.net\/niger\/#\/schema\/person\/2b1cf3cd81a31e3cd26889ca66d677f1\"},\"description\":\"\u00ab Ils ont abattu tous ceux qu\u2019ils ont rencontr\u00e9s sur leur passage \u00bb, confie, sous le choc, Waly Sissoko, pr\u00e9fet ...\",\"breadcrumb\":{\"@id\":\"https:\/\/www.africa-press.net\/niger\/politique\/attaque-de-civils-au-mali-la-population-terrorisee-par-des-groupes-djihadistes#breadcrumb\"},\"inLanguage\":\"fr-FR\",\"potentialAction\":[{\"@type\":\"ReadAction\",\"target\":[\"https:\/\/www.africa-press.net\/niger\/politique\/attaque-de-civils-au-mali-la-population-terrorisee-par-des-groupes-djihadistes\"]}]},{\"@type\":\"ImageObject\",\"inLanguage\":\"fr-FR\",\"@id\":\"https:\/\/www.africa-press.net\/niger\/politique\/attaque-de-civils-au-mali-la-population-terrorisee-par-des-groupes-djihadistes#primaryimage\",\"url\":\"https:\/\/static.africa-press.net\/niger\/sites\/40\/2021\/08\/img-6112814f585ed.jpg\",\"contentUrl\":\"https:\/\/static.africa-press.net\/niger\/sites\/40\/2021\/08\/img-6112814f585ed.jpg\",\"width\":1440,\"height\":720,\"caption\":\"Attaque de civils au Mali\u00a0: la population terroris\u00e9e par des groupes djihadistes\"},{\"@type\":\"BreadcrumbList\",\"@id\":\"https:\/\/www.africa-press.net\/niger\/politique\/attaque-de-civils-au-mali-la-population-terrorisee-par-des-groupes-djihadistes#breadcrumb\",\"itemListElement\":[{\"@type\":\"ListItem\",\"position\":1,\"name\":\"Accueil\",\"item\":\"https:\/\/www.africa-press.net\/niger\/\"},{\"@type\":\"ListItem\",\"position\":2,\"name\":\"Attaque de civils au Mali\u00a0: la population terroris\u00e9e par des groupes djihadistes\"}]},{\"@type\":\"WebSite\",\"@id\":\"https:\/\/www.africa-press.net\/niger\/#website\",\"url\":\"https:\/\/www.africa-press.net\/niger\/\",\"name\":\"niger\",\"description\":\"Just another Africa News Agency Sites site\",\"potentialAction\":[{\"@type\":\"SearchAction\",\"target\":{\"@type\":\"EntryPoint\",\"urlTemplate\":\"https:\/\/www.africa-press.net\/niger\/?s={search_term_string}\"},\"query-input\":{\"@type\":\"PropertyValueSpecification\",\"valueRequired\":true,\"valueName\":\"search_term_string\"}}],\"inLanguage\":\"fr-FR\"},{\"@type\":\"Person\",\"@id\":\"https:\/\/www.africa-press.net\/niger\/#\/schema\/person\/2b1cf3cd81a31e3cd26889ca66d677f1\",\"name\":\"cfeditorfr\"}]}<\/script>\n<!-- \/ Yoast SEO Premium plugin. -->","yoast_head_json":{"title":"Attaque de civils au Mali\u00a0: la population terroris\u00e9e par des groupes djihadistes - niger","description":"\u00ab Ils ont abattu tous ceux qu\u2019ils ont rencontr\u00e9s sur leur passage \u00bb, confie, sous le choc, Waly Sissoko, pr\u00e9fet ...","robots":{"index":"index","follow":"follow","max-snippet":"max-snippet:-1","max-image-preview":"max-image-preview:large","max-video-preview":"max-video-preview:-1"},"canonical":"https:\/\/www.africa-press.net\/niger\/politique\/attaque-de-civils-au-mali-la-population-terrorisee-par-des-groupes-djihadistes","og_locale":"fr_FR","og_type":"article","og_title":"Attaque de civils au Mali\u00a0: la population terroris\u00e9e par des groupes djihadistes","og_description":"\u00ab Ils ont abattu tous ceux qu\u2019ils ont rencontr\u00e9s sur leur passage \u00bb, confie, sous le choc, Waly Sissoko, pr\u00e9fet ...","og_url":"https:\/\/www.africa-press.net\/niger\/politique\/attaque-de-civils-au-mali-la-population-terrorisee-par-des-groupes-djihadistes","og_site_name":"niger","article_published_time":"2021-08-10T14:16:35+00:00","og_image":[{"width":1440,"height":720,"url":"https:\/\/static.africa-press.net\/niger\/sites\/40\/2021\/08\/img-6112814f585ed.jpg","type":"image\/jpeg"}],"author":"cfeditorfr","twitter_card":"summary_large_image","twitter_misc":{"\u00c9crit par":"cfeditorfr","Dur\u00e9e de lecture estim\u00e9e":"4 minutes"},"schema":{"@context":"https:\/\/schema.org","@graph":[{"@type":"Article","@id":"https:\/\/www.africa-press.net\/niger\/politique\/attaque-de-civils-au-mali-la-population-terrorisee-par-des-groupes-djihadistes#article","isPartOf":{"@id":"https:\/\/www.africa-press.net\/niger\/politique\/attaque-de-civils-au-mali-la-population-terrorisee-par-des-groupes-djihadistes"},"author":{"name":"cfeditorfr","@id":"https:\/\/www.africa-press.net\/niger\/#\/schema\/person\/2b1cf3cd81a31e3cd26889ca66d677f1"},"headline":"Attaque de civils au Mali\u00a0: la population terroris\u00e9e par des groupes djihadistes","datePublished":"2021-08-10T14:16:35+00:00","mainEntityOfPage":{"@id":"https:\/\/www.africa-press.net\/niger\/politique\/attaque-de-civils-au-mali-la-population-terrorisee-par-des-groupes-djihadistes"},"wordCount":872,"commentCount":0,"image":{"@id":"https:\/\/www.africa-press.net\/niger\/politique\/attaque-de-civils-au-mali-la-population-terrorisee-par-des-groupes-djihadistes#primaryimage"},"thumbnailUrl":"https:\/\/static.africa-press.net\/niger\/sites\/40\/2021\/08\/img-6112814f585ed.jpg","keywords":["Africa Press","Africa Press-Niger","Niger"],"articleSection":["homepage-french","Politique","Top Nouvelles","Toutes les actualit\u00e9s"],"inLanguage":"fr-FR","potentialAction":[{"@type":"CommentAction","name":"Comment","target":["https:\/\/www.africa-press.net\/niger\/politique\/attaque-de-civils-au-mali-la-population-terrorisee-par-des-groupes-djihadistes#respond"]}]},{"@type":"WebPage","@id":"https:\/\/www.africa-press.net\/niger\/politique\/attaque-de-civils-au-mali-la-population-terrorisee-par-des-groupes-djihadistes","url":"https:\/\/www.africa-press.net\/niger\/politique\/attaque-de-civils-au-mali-la-population-terrorisee-par-des-groupes-djihadistes","name":"Attaque de civils au Mali\u00a0: la population terroris\u00e9e par des groupes djihadistes - niger","isPartOf":{"@id":"https:\/\/www.africa-press.net\/niger\/#website"},"primaryImageOfPage":{"@id":"https:\/\/www.africa-press.net\/niger\/politique\/attaque-de-civils-au-mali-la-population-terrorisee-par-des-groupes-djihadistes#primaryimage"},"image":{"@id":"https:\/\/www.africa-press.net\/niger\/politique\/attaque-de-civils-au-mali-la-population-terrorisee-par-des-groupes-djihadistes#primaryimage"},"thumbnailUrl":"https:\/\/static.africa-press.net\/niger\/sites\/40\/2021\/08\/img-6112814f585ed.jpg","datePublished":"2021-08-10T14:16:35+00:00","author":{"@id":"https:\/\/www.africa-press.net\/niger\/#\/schema\/person\/2b1cf3cd81a31e3cd26889ca66d677f1"},"description":"\u00ab Ils ont abattu tous ceux qu\u2019ils ont rencontr\u00e9s sur leur passage \u00bb, confie, sous le choc, Waly Sissoko, pr\u00e9fet ...","breadcrumb":{"@id":"https:\/\/www.africa-press.net\/niger\/politique\/attaque-de-civils-au-mali-la-population-terrorisee-par-des-groupes-djihadistes#breadcrumb"},"inLanguage":"fr-FR","potentialAction":[{"@type":"ReadAction","target":["https:\/\/www.africa-press.net\/niger\/politique\/attaque-de-civils-au-mali-la-population-terrorisee-par-des-groupes-djihadistes"]}]},{"@type":"ImageObject","inLanguage":"fr-FR","@id":"https:\/\/www.africa-press.net\/niger\/politique\/attaque-de-civils-au-mali-la-population-terrorisee-par-des-groupes-djihadistes#primaryimage","url":"https:\/\/static.africa-press.net\/niger\/sites\/40\/2021\/08\/img-6112814f585ed.jpg","contentUrl":"https:\/\/static.africa-press.net\/niger\/sites\/40\/2021\/08\/img-6112814f585ed.jpg","width":1440,"height":720,"caption":"Attaque de civils au Mali\u00a0: la population terroris\u00e9e par des groupes djihadistes"},{"@type":"BreadcrumbList","@id":"https:\/\/www.africa-press.net\/niger\/politique\/attaque-de-civils-au-mali-la-population-terrorisee-par-des-groupes-djihadistes#breadcrumb","itemListElement":[{"@type":"ListItem","position":1,"name":"Accueil","item":"https:\/\/www.africa-press.net\/niger\/"},{"@type":"ListItem","position":2,"name":"Attaque de civils au Mali\u00a0: la population terroris\u00e9e par des groupes djihadistes"}]},{"@type":"WebSite","@id":"https:\/\/www.africa-press.net\/niger\/#website","url":"https:\/\/www.africa-press.net\/niger\/","name":"niger","description":"Just another Africa News Agency Sites site","potentialAction":[{"@type":"SearchAction","target":{"@type":"EntryPoint","urlTemplate":"https:\/\/www.africa-press.net\/niger\/?s={search_term_string}"},"query-input":{"@type":"PropertyValueSpecification","valueRequired":true,"valueName":"search_term_string"}}],"inLanguage":"fr-FR"},{"@type":"Person","@id":"https:\/\/www.africa-press.net\/niger\/#\/schema\/person\/2b1cf3cd81a31e3cd26889ca66d677f1","name":"cfeditorfr"}]}},"_links":{"self":[{"href":"https:\/\/www.africa-press.net\/niger\/wp-json\/wp\/v2\/posts\/9804","targetHints":{"allow":["GET"]}}],"collection":[{"href":"https:\/\/www.africa-press.net\/niger\/wp-json\/wp\/v2\/posts"}],"about":[{"href":"https:\/\/www.africa-press.net\/niger\/wp-json\/wp\/v2\/types\/post"}],"author":[{"embeddable":true,"href":"https:\/\/www.africa-press.net\/niger\/wp-json\/wp\/v2\/users\/82"}],"replies":[{"embeddable":true,"href":"https:\/\/www.africa-press.net\/niger\/wp-json\/wp\/v2\/comments?post=9804"}],"version-history":[{"count":0,"href":"https:\/\/www.africa-press.net\/niger\/wp-json\/wp\/v2\/posts\/9804\/revisions"}],"wp:featuredmedia":[{"embeddable":true,"href":"https:\/\/www.africa-press.net\/niger\/wp-json\/wp\/v2\/media\/9803"}],"wp:attachment":[{"href":"https:\/\/www.africa-press.net\/niger\/wp-json\/wp\/v2\/media?parent=9804"}],"wp:term":[{"taxonomy":"category","embeddable":true,"href":"https:\/\/www.africa-press.net\/niger\/wp-json\/wp\/v2\/categories?post=9804"},{"taxonomy":"post_tag","embeddable":true,"href":"https:\/\/www.africa-press.net\/niger\/wp-json\/wp\/v2\/tags?post=9804"}],"curies":[{"name":"wp","href":"https:\/\/api.w.org\/{rel}","templated":true}]}}