{"id":9828,"date":"2021-08-11T11:36:03","date_gmt":"2021-08-11T11:36:03","guid":{"rendered":"https:\/\/www.africa-press.net\/niger\/?p=9828"},"modified":"2021-08-11T20:25:17","modified_gmt":"2021-08-11T20:25:17","slug":"ouverture-a-niamey-dun-forum-national-sur-lacces-a-linformation-pour-une-gouvernance-transparente-et-responsable-au-niger","status":"publish","type":"post","link":"https:\/\/www.africa-press.net\/niger\/politique\/ouverture-a-niamey-dun-forum-national-sur-lacces-a-linformation-pour-une-gouvernance-transparente-et-responsable-au-niger","title":{"rendered":"Ouverture \u00e0 Niamey d&rsquo;un forum national sur l&rsquo;Acc\u00e8s \u00e0 l&rsquo;information pour une Gouvernance Transparente et Responsable au Niger"},"content":{"rendered":"<p><span style=\"color: #ff6600\"><strong><a href=\"https:\/\/www.africa-press.net\/\">Africa-Press<\/a> &#8211; <a href=\"https:\/\/www.africa-press.net\/niger\">Niger<\/a>.\u00a0 <\/strong><\/span>L&rsquo;observatoire Nig\u00e9rien Ind\u00e9pendant des M\u00e9dias pour l&rsquo;Ethique et la D\u00e9ontologie (ONIMED) et la Fondation des m\u00e9dias pour l&rsquo;Afrique de l&rsquo;Ouest (MFWA) organisent, ce mardi 10 Ao\u00fbt 2021 \u00e0 la Maison de la Presse de Niamey, un Forum national sur le R\u00f4le de l&rsquo;acc\u00e8s \u00e0 l&rsquo;information pour une gouvernance transparente et responsable au Niger.<\/p>\n<p>Ce forum s&rsquo;inscrit dans le cadre des efforts visant \u00e0 am\u00e9liorer les connaissances et l&rsquo;utilisation par les journalistes et les citoyens de la charte portant sur l&rsquo;acc\u00e8s \u00e0 l&rsquo;information et aux documents administratifs.<\/p>\n<p>Dans son discours d&rsquo;ouverture, M. Ali Seydou, repr\u00e9sentant le Ministre de la Communication charg\u00e9 des Relations avec les Institutions, a indiqu\u00e9 que \u00ab\u00a0ce forum public intervient \u00e0 un moment o\u00f9 la question d&rsquo;acc\u00e8s \u00e0 l&rsquo;information est au centre des \u00e9changes et d\u00e9bats quotidiens malgr\u00e9 l&rsquo;existence d&rsquo;une ordonnance en la mati\u00e8re\u00a0\u00bb.<\/p>\n<p>Pour Ali Seydou, la rencontre de ce jour est sans nul doute une occasion idoine pour les diff\u00e9rentes parties prenantes de mener de profondes r\u00e9flexions devant faciliter l&rsquo;acc\u00e8s \u00e0 l&rsquo;information et aux documents administratifs aux hommes et femmes des m\u00e9dias.<\/p>\n<p>Pour rappel, le Pr\u00e9sident de la R\u00e9publique Mohamed Bazoum, lors de son discours d&rsquo;investiture, a mis en exergue toute l&rsquo;importance capitale qu&rsquo;il accorde \u00e0 la libert\u00e9 de la presse dont l&rsquo;acc\u00e8s \u00e0 l&rsquo;information demeure un des piliers fondamentaux.<\/p>\n<p>Aussi, a indiqu\u00e9 M. Ali Seydou, le Minist\u00e8re de la Communication ne m\u00e9nagera aucun effort pour cr\u00e9er les conditions de la mise en \u0153uvre de l&rsquo;ordonnance sur l&rsquo;acc\u00e8s \u00e0 l&rsquo;information et aux documents administratifs au Niger.<\/p>\n<p>Selon lui, en effet, ce forum servira \u00e9galement de plateforme pour le lancement du Manuel pour les journalistes sur l&rsquo;acc\u00e8s \u00e0 l&rsquo;information au Niger \u00e9labor\u00e9 par l&rsquo;ONIMED qu\u2019il a tenu \u00e0 f\u00e9liciter et remercier vivement pour tous les efforts que cette organisation ne cesse de d\u00e9ployer pour renforcer les capacit\u00e9s des journalistes et promouvoir l&rsquo;\u00e9thique et la d\u00e9ontologie.<\/p>\n<p>Notons qu&rsquo;auparavant, le repr\u00e9sentant du M\u00e9diateur de R\u00e9publique, M. Moustapha Kadi, le Pr\u00e9sident de l&rsquo;ONIMED, M. Maman Jaharou, et le repr\u00e9sentant de la Fondation des m\u00e9dias pour l&rsquo; Afrique de l&rsquo;ouest bas\u00e9e au Ghana, M. Rachad Bani, ont tour \u00e0 tour pris la parole pour souhaiter pleins succ\u00e8s aux travaux de ce forum qui est un cadre d&rsquo;\u00e9changes afin de lever certains obstacles et incompr\u00e9hensions sur l&rsquo;acc\u00e8s des m\u00e9dias \u00e0 l&rsquo;information publique.<\/p>\n<p>&nbsp;<\/p>\n","protected":false},"excerpt":{"rendered":"<p>Africa-Press &#8211; Niger.\u00a0 L&rsquo;observatoire Nig\u00e9rien Ind\u00e9pendant des M\u00e9dias pour l&rsquo;Ethique et la D\u00e9ontologie (ONIMED) et la Fondation des m\u00e9dias pour l&rsquo;Afrique de l&rsquo;Ouest (MFWA) organisent, ce mardi 10 Ao\u00fbt 2021 \u00e0 la Maison de la Presse de Niamey, un Forum national sur le R\u00f4le de l&rsquo;acc\u00e8s \u00e0 l&rsquo;information pour une gouvernance transparente et responsable au [&hellip;]<\/p>\n","protected":false},"author":82,"featured_media":9827,"comment_status":"open","ping_status":"closed","sticky":false,"template":"","format":"standard","meta":{"footnotes":""},"categories":[11,2,20,10],"tags":[55,60,29],"class_list":["post-9828","post","type-post","status-publish","format-standard","has-post-thumbnail","hentry","category-homepage-french","category-politique","category-top-nouvelles","category-toutes-les-actualites","tag-africa-press","tag-africa-press-niger","tag-niger"],"yoast_head":"<!-- This site is optimized with the Yoast SEO Premium plugin v26.1 (Yoast SEO v27.0) - https:\/\/yoast.com\/product\/yoast-seo-premium-wordpress\/ -->\n<title>Ouverture \u00e0 Niamey d&#039;un forum national sur l&#039;Acc\u00e8s \u00e0 l&#039;information pour une Gouvernance Transparente et Responsable au Niger - niger<\/title>\n<meta name=\"description\" content=\", 10 ao\u00fbt (ANP) - L&#039;observatoire Nig\u00e9rien Ind\u00e9pendant des M\u00e9dias pour l&#039;Ethique et la D\u00e9ontologie (ONIMED) et la Fondati ...\" \/>\n<meta name=\"robots\" content=\"index, follow, max-snippet:-1, max-image-preview:large, max-video-preview:-1\" \/>\n<link rel=\"canonical\" href=\"https:\/\/www.africa-press.net\/niger\/politique\/ouverture-a-niamey-dun-forum-national-sur-lacces-a-linformation-pour-une-gouvernance-transparente-et-responsable-au-niger\" \/>\n<meta property=\"og:locale\" content=\"fr_FR\" \/>\n<meta property=\"og:type\" content=\"article\" \/>\n<meta property=\"og:title\" content=\"Ouverture \u00e0 Niamey d&#039;un forum national sur l&#039;Acc\u00e8s \u00e0 l&#039;information pour une Gouvernance Transparente et Responsable au Niger\" \/>\n<meta property=\"og:description\" content=\", 10 ao\u00fbt (ANP) - L&#039;observatoire Nig\u00e9rien Ind\u00e9pendant des M\u00e9dias pour l&#039;Ethique et la D\u00e9ontologie (ONIMED) et la Fondati ...\" \/>\n<meta property=\"og:url\" content=\"https:\/\/www.africa-press.net\/niger\/politique\/ouverture-a-niamey-dun-forum-national-sur-lacces-a-linformation-pour-une-gouvernance-transparente-et-responsable-au-niger\" \/>\n<meta property=\"og:site_name\" content=\"niger\" \/>\n<meta property=\"article:published_time\" content=\"2021-08-11T11:36:03+00:00\" \/>\n<meta property=\"article:modified_time\" content=\"2021-08-11T20:25:17+00:00\" \/>\n<meta property=\"og:image\" content=\"https:\/\/static.africa-press.net\/niger\/sites\/40\/2021\/08\/img-6113b4e8bf1bd.jpg\" \/>\n\t<meta property=\"og:image:width\" content=\"1080\" \/>\n\t<meta property=\"og:image:height\" content=\"720\" \/>\n\t<meta property=\"og:image:type\" content=\"image\/jpeg\" \/>\n<meta name=\"author\" content=\"cfeditorfr\" \/>\n<meta name=\"twitter:card\" content=\"summary_large_image\" \/>\n<meta name=\"twitter:label1\" content=\"\u00c9crit par\" \/>\n\t<meta name=\"twitter:data1\" content=\"cfeditorfr\" \/>\n\t<meta name=\"twitter:label2\" content=\"Dur\u00e9e de lecture estim\u00e9e\" \/>\n\t<meta name=\"twitter:data2\" content=\"2 minutes\" \/>\n<script type=\"application\/ld+json\" class=\"yoast-schema-graph\">{\"@context\":\"https:\/\/schema.org\",\"@graph\":[{\"@type\":\"Article\",\"@id\":\"https:\/\/www.africa-press.net\/niger\/politique\/ouverture-a-niamey-dun-forum-national-sur-lacces-a-linformation-pour-une-gouvernance-transparente-et-responsable-au-niger#article\",\"isPartOf\":{\"@id\":\"https:\/\/www.africa-press.net\/niger\/politique\/ouverture-a-niamey-dun-forum-national-sur-lacces-a-linformation-pour-une-gouvernance-transparente-et-responsable-au-niger\"},\"author\":{\"name\":\"cfeditorfr\",\"@id\":\"https:\/\/www.africa-press.net\/niger\/#\/schema\/person\/2b1cf3cd81a31e3cd26889ca66d677f1\"},\"headline\":\"Ouverture \u00e0 Niamey d&rsquo;un forum national sur l&rsquo;Acc\u00e8s \u00e0 l&rsquo;information pour une Gouvernance Transparente et Responsable au Niger\",\"datePublished\":\"2021-08-11T11:36:03+00:00\",\"dateModified\":\"2021-08-11T20:25:17+00:00\",\"mainEntityOfPage\":{\"@id\":\"https:\/\/www.africa-press.net\/niger\/politique\/ouverture-a-niamey-dun-forum-national-sur-lacces-a-linformation-pour-une-gouvernance-transparente-et-responsable-au-niger\"},\"wordCount\":465,\"commentCount\":0,\"image\":{\"@id\":\"https:\/\/www.africa-press.net\/niger\/politique\/ouverture-a-niamey-dun-forum-national-sur-lacces-a-linformation-pour-une-gouvernance-transparente-et-responsable-au-niger#primaryimage\"},\"thumbnailUrl\":\"https:\/\/static.africa-press.net\/niger\/sites\/40\/2021\/08\/img-6113b4e8bf1bd.jpg\",\"keywords\":[\"Africa Press\",\"Africa Press-Niger\",\"Niger\"],\"articleSection\":[\"homepage-french\",\"Politique\",\"Top Nouvelles\",\"Toutes les actualit\u00e9s\"],\"inLanguage\":\"fr-FR\",\"potentialAction\":[{\"@type\":\"CommentAction\",\"name\":\"Comment\",\"target\":[\"https:\/\/www.africa-press.net\/niger\/politique\/ouverture-a-niamey-dun-forum-national-sur-lacces-a-linformation-pour-une-gouvernance-transparente-et-responsable-au-niger#respond\"]}]},{\"@type\":\"WebPage\",\"@id\":\"https:\/\/www.africa-press.net\/niger\/politique\/ouverture-a-niamey-dun-forum-national-sur-lacces-a-linformation-pour-une-gouvernance-transparente-et-responsable-au-niger\",\"url\":\"https:\/\/www.africa-press.net\/niger\/politique\/ouverture-a-niamey-dun-forum-national-sur-lacces-a-linformation-pour-une-gouvernance-transparente-et-responsable-au-niger\",\"name\":\"Ouverture \u00e0 Niamey d'un forum national sur l'Acc\u00e8s \u00e0 l'information pour une Gouvernance Transparente et Responsable au Niger - niger\",\"isPartOf\":{\"@id\":\"https:\/\/www.africa-press.net\/niger\/#website\"},\"primaryImageOfPage\":{\"@id\":\"https:\/\/www.africa-press.net\/niger\/politique\/ouverture-a-niamey-dun-forum-national-sur-lacces-a-linformation-pour-une-gouvernance-transparente-et-responsable-au-niger#primaryimage\"},\"image\":{\"@id\":\"https:\/\/www.africa-press.net\/niger\/politique\/ouverture-a-niamey-dun-forum-national-sur-lacces-a-linformation-pour-une-gouvernance-transparente-et-responsable-au-niger#primaryimage\"},\"thumbnailUrl\":\"https:\/\/static.africa-press.net\/niger\/sites\/40\/2021\/08\/img-6113b4e8bf1bd.jpg\",\"datePublished\":\"2021-08-11T11:36:03+00:00\",\"dateModified\":\"2021-08-11T20:25:17+00:00\",\"author\":{\"@id\":\"https:\/\/www.africa-press.net\/niger\/#\/schema\/person\/2b1cf3cd81a31e3cd26889ca66d677f1\"},\"description\":\", 10 ao\u00fbt (ANP) - L'observatoire Nig\u00e9rien Ind\u00e9pendant des M\u00e9dias pour l'Ethique et la D\u00e9ontologie (ONIMED) et la Fondati ...\",\"breadcrumb\":{\"@id\":\"https:\/\/www.africa-press.net\/niger\/politique\/ouverture-a-niamey-dun-forum-national-sur-lacces-a-linformation-pour-une-gouvernance-transparente-et-responsable-au-niger#breadcrumb\"},\"inLanguage\":\"fr-FR\",\"potentialAction\":[{\"@type\":\"ReadAction\",\"target\":[\"https:\/\/www.africa-press.net\/niger\/politique\/ouverture-a-niamey-dun-forum-national-sur-lacces-a-linformation-pour-une-gouvernance-transparente-et-responsable-au-niger\"]}]},{\"@type\":\"ImageObject\",\"inLanguage\":\"fr-FR\",\"@id\":\"https:\/\/www.africa-press.net\/niger\/politique\/ouverture-a-niamey-dun-forum-national-sur-lacces-a-linformation-pour-une-gouvernance-transparente-et-responsable-au-niger#primaryimage\",\"url\":\"https:\/\/static.africa-press.net\/niger\/sites\/40\/2021\/08\/img-6113b4e8bf1bd.jpg\",\"contentUrl\":\"https:\/\/static.africa-press.net\/niger\/sites\/40\/2021\/08\/img-6113b4e8bf1bd.jpg\",\"width\":1080,\"height\":720,\"caption\":\"Ouverture \u00e0 Niamey d'un forum national sur l'Acc\u00e8s \u00e0 l'information pour une Gouvernance Transparente et Responsable au Niger\"},{\"@type\":\"BreadcrumbList\",\"@id\":\"https:\/\/www.africa-press.net\/niger\/politique\/ouverture-a-niamey-dun-forum-national-sur-lacces-a-linformation-pour-une-gouvernance-transparente-et-responsable-au-niger#breadcrumb\",\"itemListElement\":[{\"@type\":\"ListItem\",\"position\":1,\"name\":\"Accueil\",\"item\":\"https:\/\/www.africa-press.net\/niger\/\"},{\"@type\":\"ListItem\",\"position\":2,\"name\":\"Ouverture \u00e0 Niamey d&#8217;un forum national sur l&#8217;Acc\u00e8s \u00e0 l&#8217;information pour une Gouvernance Transparente et Responsable au Niger\"}]},{\"@type\":\"WebSite\",\"@id\":\"https:\/\/www.africa-press.net\/niger\/#website\",\"url\":\"https:\/\/www.africa-press.net\/niger\/\",\"name\":\"niger\",\"description\":\"Just another Africa News Agency Sites site\",\"potentialAction\":[{\"@type\":\"SearchAction\",\"target\":{\"@type\":\"EntryPoint\",\"urlTemplate\":\"https:\/\/www.africa-press.net\/niger\/?s={search_term_string}\"},\"query-input\":{\"@type\":\"PropertyValueSpecification\",\"valueRequired\":true,\"valueName\":\"search_term_string\"}}],\"inLanguage\":\"fr-FR\"},{\"@type\":\"Person\",\"@id\":\"https:\/\/www.africa-press.net\/niger\/#\/schema\/person\/2b1cf3cd81a31e3cd26889ca66d677f1\",\"name\":\"cfeditorfr\"}]}<\/script>\n<!-- \/ Yoast SEO Premium plugin. -->","yoast_head_json":{"title":"Ouverture \u00e0 Niamey d'un forum national sur l'Acc\u00e8s \u00e0 l'information pour une Gouvernance Transparente et Responsable au Niger - niger","description":", 10 ao\u00fbt (ANP) - L'observatoire Nig\u00e9rien Ind\u00e9pendant des M\u00e9dias pour l'Ethique et la D\u00e9ontologie (ONIMED) et la Fondati ...","robots":{"index":"index","follow":"follow","max-snippet":"max-snippet:-1","max-image-preview":"max-image-preview:large","max-video-preview":"max-video-preview:-1"},"canonical":"https:\/\/www.africa-press.net\/niger\/politique\/ouverture-a-niamey-dun-forum-national-sur-lacces-a-linformation-pour-une-gouvernance-transparente-et-responsable-au-niger","og_locale":"fr_FR","og_type":"article","og_title":"Ouverture \u00e0 Niamey d'un forum national sur l'Acc\u00e8s \u00e0 l'information pour une Gouvernance Transparente et Responsable au Niger","og_description":", 10 ao\u00fbt (ANP) - L'observatoire Nig\u00e9rien Ind\u00e9pendant des M\u00e9dias pour l'Ethique et la D\u00e9ontologie (ONIMED) et la Fondati ...","og_url":"https:\/\/www.africa-press.net\/niger\/politique\/ouverture-a-niamey-dun-forum-national-sur-lacces-a-linformation-pour-une-gouvernance-transparente-et-responsable-au-niger","og_site_name":"niger","article_published_time":"2021-08-11T11:36:03+00:00","article_modified_time":"2021-08-11T20:25:17+00:00","og_image":[{"width":1080,"height":720,"url":"https:\/\/static.africa-press.net\/niger\/sites\/40\/2021\/08\/img-6113b4e8bf1bd.jpg","type":"image\/jpeg"}],"author":"cfeditorfr","twitter_card":"summary_large_image","twitter_misc":{"\u00c9crit par":"cfeditorfr","Dur\u00e9e de lecture estim\u00e9e":"2 minutes"},"schema":{"@context":"https:\/\/schema.org","@graph":[{"@type":"Article","@id":"https:\/\/www.africa-press.net\/niger\/politique\/ouverture-a-niamey-dun-forum-national-sur-lacces-a-linformation-pour-une-gouvernance-transparente-et-responsable-au-niger#article","isPartOf":{"@id":"https:\/\/www.africa-press.net\/niger\/politique\/ouverture-a-niamey-dun-forum-national-sur-lacces-a-linformation-pour-une-gouvernance-transparente-et-responsable-au-niger"},"author":{"name":"cfeditorfr","@id":"https:\/\/www.africa-press.net\/niger\/#\/schema\/person\/2b1cf3cd81a31e3cd26889ca66d677f1"},"headline":"Ouverture \u00e0 Niamey d&rsquo;un forum national sur l&rsquo;Acc\u00e8s \u00e0 l&rsquo;information pour une Gouvernance Transparente et Responsable au Niger","datePublished":"2021-08-11T11:36:03+00:00","dateModified":"2021-08-11T20:25:17+00:00","mainEntityOfPage":{"@id":"https:\/\/www.africa-press.net\/niger\/politique\/ouverture-a-niamey-dun-forum-national-sur-lacces-a-linformation-pour-une-gouvernance-transparente-et-responsable-au-niger"},"wordCount":465,"commentCount":0,"image":{"@id":"https:\/\/www.africa-press.net\/niger\/politique\/ouverture-a-niamey-dun-forum-national-sur-lacces-a-linformation-pour-une-gouvernance-transparente-et-responsable-au-niger#primaryimage"},"thumbnailUrl":"https:\/\/static.africa-press.net\/niger\/sites\/40\/2021\/08\/img-6113b4e8bf1bd.jpg","keywords":["Africa Press","Africa Press-Niger","Niger"],"articleSection":["homepage-french","Politique","Top Nouvelles","Toutes les actualit\u00e9s"],"inLanguage":"fr-FR","potentialAction":[{"@type":"CommentAction","name":"Comment","target":["https:\/\/www.africa-press.net\/niger\/politique\/ouverture-a-niamey-dun-forum-national-sur-lacces-a-linformation-pour-une-gouvernance-transparente-et-responsable-au-niger#respond"]}]},{"@type":"WebPage","@id":"https:\/\/www.africa-press.net\/niger\/politique\/ouverture-a-niamey-dun-forum-national-sur-lacces-a-linformation-pour-une-gouvernance-transparente-et-responsable-au-niger","url":"https:\/\/www.africa-press.net\/niger\/politique\/ouverture-a-niamey-dun-forum-national-sur-lacces-a-linformation-pour-une-gouvernance-transparente-et-responsable-au-niger","name":"Ouverture \u00e0 Niamey d'un forum national sur l'Acc\u00e8s \u00e0 l'information pour une Gouvernance Transparente et Responsable au Niger - niger","isPartOf":{"@id":"https:\/\/www.africa-press.net\/niger\/#website"},"primaryImageOfPage":{"@id":"https:\/\/www.africa-press.net\/niger\/politique\/ouverture-a-niamey-dun-forum-national-sur-lacces-a-linformation-pour-une-gouvernance-transparente-et-responsable-au-niger#primaryimage"},"image":{"@id":"https:\/\/www.africa-press.net\/niger\/politique\/ouverture-a-niamey-dun-forum-national-sur-lacces-a-linformation-pour-une-gouvernance-transparente-et-responsable-au-niger#primaryimage"},"thumbnailUrl":"https:\/\/static.africa-press.net\/niger\/sites\/40\/2021\/08\/img-6113b4e8bf1bd.jpg","datePublished":"2021-08-11T11:36:03+00:00","dateModified":"2021-08-11T20:25:17+00:00","author":{"@id":"https:\/\/www.africa-press.net\/niger\/#\/schema\/person\/2b1cf3cd81a31e3cd26889ca66d677f1"},"description":", 10 ao\u00fbt (ANP) - L'observatoire Nig\u00e9rien Ind\u00e9pendant des M\u00e9dias pour l'Ethique et la D\u00e9ontologie (ONIMED) et la Fondati ...","breadcrumb":{"@id":"https:\/\/www.africa-press.net\/niger\/politique\/ouverture-a-niamey-dun-forum-national-sur-lacces-a-linformation-pour-une-gouvernance-transparente-et-responsable-au-niger#breadcrumb"},"inLanguage":"fr-FR","potentialAction":[{"@type":"ReadAction","target":["https:\/\/www.africa-press.net\/niger\/politique\/ouverture-a-niamey-dun-forum-national-sur-lacces-a-linformation-pour-une-gouvernance-transparente-et-responsable-au-niger"]}]},{"@type":"ImageObject","inLanguage":"fr-FR","@id":"https:\/\/www.africa-press.net\/niger\/politique\/ouverture-a-niamey-dun-forum-national-sur-lacces-a-linformation-pour-une-gouvernance-transparente-et-responsable-au-niger#primaryimage","url":"https:\/\/static.africa-press.net\/niger\/sites\/40\/2021\/08\/img-6113b4e8bf1bd.jpg","contentUrl":"https:\/\/static.africa-press.net\/niger\/sites\/40\/2021\/08\/img-6113b4e8bf1bd.jpg","width":1080,"height":720,"caption":"Ouverture \u00e0 Niamey d'un forum national sur l'Acc\u00e8s \u00e0 l'information pour une Gouvernance Transparente et Responsable au Niger"},{"@type":"BreadcrumbList","@id":"https:\/\/www.africa-press.net\/niger\/politique\/ouverture-a-niamey-dun-forum-national-sur-lacces-a-linformation-pour-une-gouvernance-transparente-et-responsable-au-niger#breadcrumb","itemListElement":[{"@type":"ListItem","position":1,"name":"Accueil","item":"https:\/\/www.africa-press.net\/niger\/"},{"@type":"ListItem","position":2,"name":"Ouverture \u00e0 Niamey d&#8217;un forum national sur l&#8217;Acc\u00e8s \u00e0 l&#8217;information pour une Gouvernance Transparente et Responsable au Niger"}]},{"@type":"WebSite","@id":"https:\/\/www.africa-press.net\/niger\/#website","url":"https:\/\/www.africa-press.net\/niger\/","name":"niger","description":"Just another Africa News Agency Sites site","potentialAction":[{"@type":"SearchAction","target":{"@type":"EntryPoint","urlTemplate":"https:\/\/www.africa-press.net\/niger\/?s={search_term_string}"},"query-input":{"@type":"PropertyValueSpecification","valueRequired":true,"valueName":"search_term_string"}}],"inLanguage":"fr-FR"},{"@type":"Person","@id":"https:\/\/www.africa-press.net\/niger\/#\/schema\/person\/2b1cf3cd81a31e3cd26889ca66d677f1","name":"cfeditorfr"}]}},"_links":{"self":[{"href":"https:\/\/www.africa-press.net\/niger\/wp-json\/wp\/v2\/posts\/9828","targetHints":{"allow":["GET"]}}],"collection":[{"href":"https:\/\/www.africa-press.net\/niger\/wp-json\/wp\/v2\/posts"}],"about":[{"href":"https:\/\/www.africa-press.net\/niger\/wp-json\/wp\/v2\/types\/post"}],"author":[{"embeddable":true,"href":"https:\/\/www.africa-press.net\/niger\/wp-json\/wp\/v2\/users\/82"}],"replies":[{"embeddable":true,"href":"https:\/\/www.africa-press.net\/niger\/wp-json\/wp\/v2\/comments?post=9828"}],"version-history":[{"count":0,"href":"https:\/\/www.africa-press.net\/niger\/wp-json\/wp\/v2\/posts\/9828\/revisions"}],"wp:featuredmedia":[{"embeddable":true,"href":"https:\/\/www.africa-press.net\/niger\/wp-json\/wp\/v2\/media\/9827"}],"wp:attachment":[{"href":"https:\/\/www.africa-press.net\/niger\/wp-json\/wp\/v2\/media?parent=9828"}],"wp:term":[{"taxonomy":"category","embeddable":true,"href":"https:\/\/www.africa-press.net\/niger\/wp-json\/wp\/v2\/categories?post=9828"},{"taxonomy":"post_tag","embeddable":true,"href":"https:\/\/www.africa-press.net\/niger\/wp-json\/wp\/v2\/tags?post=9828"}],"curies":[{"name":"wp","href":"https:\/\/api.w.org\/{rel}","templated":true}]}}