{"id":9834,"date":"2021-08-11T11:52:07","date_gmt":"2021-08-11T11:52:07","guid":{"rendered":"https:\/\/www.africa-press.net\/niger\/?p=9834"},"modified":"2021-08-11T20:25:58","modified_gmt":"2021-08-11T20:25:58","slug":"cooperation-parlementaire-reunion-du-groupe-damitie-niger-pakistan-a-islamabad","status":"publish","type":"post","link":"https:\/\/www.africa-press.net\/niger\/politique\/cooperation-parlementaire-reunion-du-groupe-damitie-niger-pakistan-a-islamabad","title":{"rendered":"Coop\u00e9ration parlementaire : R\u00e9union du Groupe d&rsquo;amiti\u00e9 Niger-Pakistan \u00e0 Islamabad"},"content":{"rendered":"<p><span style=\"color: #ff6600\"><strong><a href=\"https:\/\/www.africa-press.net\/\">Africa-Press<\/a> &#8211; <a href=\"https:\/\/www.africa-press.net\/niger\">Niger<\/a>. <\/strong><\/span>\u00a0La d\u00e9l\u00e9gation des d\u00e9put\u00e9s nig\u00e9riens, en visite d&rsquo;amiti\u00e9 et de travail au Pakistan, a eu, le mardi 10 ao\u00fbt 2021 au Parlement pakistanais, une s\u00e9ance de travail dans le cadre du Groupe d&rsquo;amiti\u00e9 Niger-Pakistan.<\/p>\n<p>La d\u00e9l\u00e9gation nig\u00e9rienne est conduite par la d\u00e9put\u00e9e Fatima Doubou, Secr\u00e9taire parlementaire. Elle est compos\u00e9e de M. Rabiou Ma\u00efna, Pr\u00e9sident du Groupe parlementaire \u00ab\u00a0Les R\u00e9publicains\u00a0\u00bb, M. Abdallah Mahamadou, Pr\u00e9sident du Groupe d\u2019amiti\u00e9 Niger-Pakistan, de M. Lamido Moumouni Harouna, Directeur de Cabinet du Pr\u00e9sident de l&rsquo;Assembl\u00e9e Nationale et de M. Boubakar Tiemogo, Secr\u00e9taire g\u00e9n\u00e9ral de l&rsquo;Assembl\u00e9e Nationale.<\/p>\n<p>Les deux parties ont pos\u00e9 les jalons d&rsquo;une coop\u00e9ration parlementaire efficiente. D&rsquo;ores et d\u00e9j\u00e0, une mission de parlementaires pakistanais est attendue \u00e0 Niamey dans le cadre de ce Groupe d&rsquo;amiti\u00e9 Niger-Pakistan.<\/p>\n<p>La d\u00e9l\u00e9gation s&rsquo;est ensuite rendue au sein de l&rsquo;h\u00e9micycle pour assister \u00e0 une session-pl\u00e9ni\u00e8re du Parlement Pakistanais.<\/p>\n<p>&nbsp;<\/p>\n","protected":false},"excerpt":{"rendered":"<p>Africa-Press &#8211; Niger. \u00a0La d\u00e9l\u00e9gation des d\u00e9put\u00e9s nig\u00e9riens, en visite d&rsquo;amiti\u00e9 et de travail au Pakistan, a eu, le mardi 10 ao\u00fbt 2021 au Parlement pakistanais, une s\u00e9ance de travail dans le cadre du Groupe d&rsquo;amiti\u00e9 Niger-Pakistan. La d\u00e9l\u00e9gation nig\u00e9rienne est conduite par la d\u00e9put\u00e9e Fatima Doubou, Secr\u00e9taire parlementaire. Elle est compos\u00e9e de M. Rabiou [&hellip;]<\/p>\n","protected":false},"author":82,"featured_media":9833,"comment_status":"open","ping_status":"closed","sticky":false,"template":"","format":"standard","meta":{"footnotes":""},"categories":[11,2,10],"tags":[55,60,29],"class_list":["post-9834","post","type-post","status-publish","format-standard","has-post-thumbnail","hentry","category-homepage-french","category-politique","category-toutes-les-actualites","tag-africa-press","tag-africa-press-niger","tag-niger"],"yoast_head":"<!-- This site is optimized with the Yoast SEO Premium plugin v26.1 (Yoast SEO v27.0) - https:\/\/yoast.com\/product\/yoast-seo-premium-wordpress\/ -->\n<title>Coop\u00e9ration parlementaire : R\u00e9union du Groupe d&#039;amiti\u00e9 Niger-Pakistan \u00e0 Islamabad - niger<\/title>\n<meta name=\"description\" content=\", 11 Ao\u00fbt (ANP) - La d\u00e9l\u00e9gation des d\u00e9put\u00e9s nig\u00e9riens, en visite d&#039;amiti\u00e9 et de travail au Pakistan, a eu, le mardi 10 a ...\" \/>\n<meta name=\"robots\" content=\"index, follow, max-snippet:-1, max-image-preview:large, max-video-preview:-1\" \/>\n<link rel=\"canonical\" href=\"https:\/\/www.africa-press.net\/niger\/politique\/cooperation-parlementaire-reunion-du-groupe-damitie-niger-pakistan-a-islamabad\" \/>\n<meta property=\"og:locale\" content=\"fr_FR\" \/>\n<meta property=\"og:type\" content=\"article\" \/>\n<meta property=\"og:title\" content=\"Coop\u00e9ration parlementaire : R\u00e9union du Groupe d&#039;amiti\u00e9 Niger-Pakistan \u00e0 Islamabad\" \/>\n<meta property=\"og:description\" content=\", 11 Ao\u00fbt (ANP) - La d\u00e9l\u00e9gation des d\u00e9put\u00e9s nig\u00e9riens, en visite d&#039;amiti\u00e9 et de travail au Pakistan, a eu, le mardi 10 a ...\" \/>\n<meta property=\"og:url\" content=\"https:\/\/www.africa-press.net\/niger\/politique\/cooperation-parlementaire-reunion-du-groupe-damitie-niger-pakistan-a-islamabad\" \/>\n<meta property=\"og:site_name\" content=\"niger\" \/>\n<meta property=\"article:published_time\" content=\"2021-08-11T11:52:07+00:00\" \/>\n<meta property=\"article:modified_time\" content=\"2021-08-11T20:25:58+00:00\" \/>\n<meta property=\"og:image\" content=\"https:\/\/static.africa-press.net\/niger\/sites\/40\/2021\/08\/img-6113b566ec467.jpg\" \/>\n\t<meta property=\"og:image:width\" content=\"750\" \/>\n\t<meta property=\"og:image:height\" content=\"498\" \/>\n\t<meta property=\"og:image:type\" content=\"image\/jpeg\" \/>\n<meta name=\"author\" content=\"cfeditorfr\" \/>\n<meta name=\"twitter:card\" content=\"summary_large_image\" \/>\n<meta name=\"twitter:label1\" content=\"\u00c9crit par\" \/>\n\t<meta name=\"twitter:data1\" content=\"cfeditorfr\" \/>\n\t<meta name=\"twitter:label2\" content=\"Dur\u00e9e de lecture estim\u00e9e\" \/>\n\t<meta name=\"twitter:data2\" content=\"1 minute\" \/>\n<script type=\"application\/ld+json\" class=\"yoast-schema-graph\">{\"@context\":\"https:\/\/schema.org\",\"@graph\":[{\"@type\":\"Article\",\"@id\":\"https:\/\/www.africa-press.net\/niger\/politique\/cooperation-parlementaire-reunion-du-groupe-damitie-niger-pakistan-a-islamabad#article\",\"isPartOf\":{\"@id\":\"https:\/\/www.africa-press.net\/niger\/politique\/cooperation-parlementaire-reunion-du-groupe-damitie-niger-pakistan-a-islamabad\"},\"author\":{\"name\":\"cfeditorfr\",\"@id\":\"https:\/\/www.africa-press.net\/niger\/#\/schema\/person\/2b1cf3cd81a31e3cd26889ca66d677f1\"},\"headline\":\"Coop\u00e9ration parlementaire : R\u00e9union du Groupe d&rsquo;amiti\u00e9 Niger-Pakistan \u00e0 Islamabad\",\"datePublished\":\"2021-08-11T11:52:07+00:00\",\"dateModified\":\"2021-08-11T20:25:58+00:00\",\"mainEntityOfPage\":{\"@id\":\"https:\/\/www.africa-press.net\/niger\/politique\/cooperation-parlementaire-reunion-du-groupe-damitie-niger-pakistan-a-islamabad\"},\"wordCount\":190,\"commentCount\":0,\"image\":{\"@id\":\"https:\/\/www.africa-press.net\/niger\/politique\/cooperation-parlementaire-reunion-du-groupe-damitie-niger-pakistan-a-islamabad#primaryimage\"},\"thumbnailUrl\":\"https:\/\/static.africa-press.net\/niger\/sites\/40\/2021\/08\/img-6113b566ec467.jpg\",\"keywords\":[\"Africa Press\",\"Africa Press-Niger\",\"Niger\"],\"articleSection\":[\"homepage-french\",\"Politique\",\"Toutes les actualit\u00e9s\"],\"inLanguage\":\"fr-FR\",\"potentialAction\":[{\"@type\":\"CommentAction\",\"name\":\"Comment\",\"target\":[\"https:\/\/www.africa-press.net\/niger\/politique\/cooperation-parlementaire-reunion-du-groupe-damitie-niger-pakistan-a-islamabad#respond\"]}]},{\"@type\":\"WebPage\",\"@id\":\"https:\/\/www.africa-press.net\/niger\/politique\/cooperation-parlementaire-reunion-du-groupe-damitie-niger-pakistan-a-islamabad\",\"url\":\"https:\/\/www.africa-press.net\/niger\/politique\/cooperation-parlementaire-reunion-du-groupe-damitie-niger-pakistan-a-islamabad\",\"name\":\"Coop\u00e9ration parlementaire : R\u00e9union du Groupe d'amiti\u00e9 Niger-Pakistan \u00e0 Islamabad - niger\",\"isPartOf\":{\"@id\":\"https:\/\/www.africa-press.net\/niger\/#website\"},\"primaryImageOfPage\":{\"@id\":\"https:\/\/www.africa-press.net\/niger\/politique\/cooperation-parlementaire-reunion-du-groupe-damitie-niger-pakistan-a-islamabad#primaryimage\"},\"image\":{\"@id\":\"https:\/\/www.africa-press.net\/niger\/politique\/cooperation-parlementaire-reunion-du-groupe-damitie-niger-pakistan-a-islamabad#primaryimage\"},\"thumbnailUrl\":\"https:\/\/static.africa-press.net\/niger\/sites\/40\/2021\/08\/img-6113b566ec467.jpg\",\"datePublished\":\"2021-08-11T11:52:07+00:00\",\"dateModified\":\"2021-08-11T20:25:58+00:00\",\"author\":{\"@id\":\"https:\/\/www.africa-press.net\/niger\/#\/schema\/person\/2b1cf3cd81a31e3cd26889ca66d677f1\"},\"description\":\", 11 Ao\u00fbt (ANP) - La d\u00e9l\u00e9gation des d\u00e9put\u00e9s nig\u00e9riens, en visite d'amiti\u00e9 et de travail au Pakistan, a eu, le mardi 10 a ...\",\"breadcrumb\":{\"@id\":\"https:\/\/www.africa-press.net\/niger\/politique\/cooperation-parlementaire-reunion-du-groupe-damitie-niger-pakistan-a-islamabad#breadcrumb\"},\"inLanguage\":\"fr-FR\",\"potentialAction\":[{\"@type\":\"ReadAction\",\"target\":[\"https:\/\/www.africa-press.net\/niger\/politique\/cooperation-parlementaire-reunion-du-groupe-damitie-niger-pakistan-a-islamabad\"]}]},{\"@type\":\"ImageObject\",\"inLanguage\":\"fr-FR\",\"@id\":\"https:\/\/www.africa-press.net\/niger\/politique\/cooperation-parlementaire-reunion-du-groupe-damitie-niger-pakistan-a-islamabad#primaryimage\",\"url\":\"https:\/\/static.africa-press.net\/niger\/sites\/40\/2021\/08\/img-6113b566ec467.jpg\",\"contentUrl\":\"https:\/\/static.africa-press.net\/niger\/sites\/40\/2021\/08\/img-6113b566ec467.jpg\",\"width\":750,\"height\":498,\"caption\":\"Coop\u00e9ration parlementaire : R\u00e9union du Groupe d'amiti\u00e9 Niger-Pakistan \u00e0 Islamabad\"},{\"@type\":\"BreadcrumbList\",\"@id\":\"https:\/\/www.africa-press.net\/niger\/politique\/cooperation-parlementaire-reunion-du-groupe-damitie-niger-pakistan-a-islamabad#breadcrumb\",\"itemListElement\":[{\"@type\":\"ListItem\",\"position\":1,\"name\":\"Accueil\",\"item\":\"https:\/\/www.africa-press.net\/niger\/\"},{\"@type\":\"ListItem\",\"position\":2,\"name\":\"Coop\u00e9ration parlementaire : R\u00e9union du Groupe d&#8217;amiti\u00e9 Niger-Pakistan \u00e0 Islamabad\"}]},{\"@type\":\"WebSite\",\"@id\":\"https:\/\/www.africa-press.net\/niger\/#website\",\"url\":\"https:\/\/www.africa-press.net\/niger\/\",\"name\":\"niger\",\"description\":\"Just another Africa News Agency Sites site\",\"potentialAction\":[{\"@type\":\"SearchAction\",\"target\":{\"@type\":\"EntryPoint\",\"urlTemplate\":\"https:\/\/www.africa-press.net\/niger\/?s={search_term_string}\"},\"query-input\":{\"@type\":\"PropertyValueSpecification\",\"valueRequired\":true,\"valueName\":\"search_term_string\"}}],\"inLanguage\":\"fr-FR\"},{\"@type\":\"Person\",\"@id\":\"https:\/\/www.africa-press.net\/niger\/#\/schema\/person\/2b1cf3cd81a31e3cd26889ca66d677f1\",\"name\":\"cfeditorfr\"}]}<\/script>\n<!-- \/ Yoast SEO Premium plugin. -->","yoast_head_json":{"title":"Coop\u00e9ration parlementaire : R\u00e9union du Groupe d'amiti\u00e9 Niger-Pakistan \u00e0 Islamabad - niger","description":", 11 Ao\u00fbt (ANP) - La d\u00e9l\u00e9gation des d\u00e9put\u00e9s nig\u00e9riens, en visite d'amiti\u00e9 et de travail au Pakistan, a eu, le mardi 10 a ...","robots":{"index":"index","follow":"follow","max-snippet":"max-snippet:-1","max-image-preview":"max-image-preview:large","max-video-preview":"max-video-preview:-1"},"canonical":"https:\/\/www.africa-press.net\/niger\/politique\/cooperation-parlementaire-reunion-du-groupe-damitie-niger-pakistan-a-islamabad","og_locale":"fr_FR","og_type":"article","og_title":"Coop\u00e9ration parlementaire : R\u00e9union du Groupe d'amiti\u00e9 Niger-Pakistan \u00e0 Islamabad","og_description":", 11 Ao\u00fbt (ANP) - La d\u00e9l\u00e9gation des d\u00e9put\u00e9s nig\u00e9riens, en visite d'amiti\u00e9 et de travail au Pakistan, a eu, le mardi 10 a ...","og_url":"https:\/\/www.africa-press.net\/niger\/politique\/cooperation-parlementaire-reunion-du-groupe-damitie-niger-pakistan-a-islamabad","og_site_name":"niger","article_published_time":"2021-08-11T11:52:07+00:00","article_modified_time":"2021-08-11T20:25:58+00:00","og_image":[{"width":750,"height":498,"url":"https:\/\/static.africa-press.net\/niger\/sites\/40\/2021\/08\/img-6113b566ec467.jpg","type":"image\/jpeg"}],"author":"cfeditorfr","twitter_card":"summary_large_image","twitter_misc":{"\u00c9crit par":"cfeditorfr","Dur\u00e9e de lecture estim\u00e9e":"1 minute"},"schema":{"@context":"https:\/\/schema.org","@graph":[{"@type":"Article","@id":"https:\/\/www.africa-press.net\/niger\/politique\/cooperation-parlementaire-reunion-du-groupe-damitie-niger-pakistan-a-islamabad#article","isPartOf":{"@id":"https:\/\/www.africa-press.net\/niger\/politique\/cooperation-parlementaire-reunion-du-groupe-damitie-niger-pakistan-a-islamabad"},"author":{"name":"cfeditorfr","@id":"https:\/\/www.africa-press.net\/niger\/#\/schema\/person\/2b1cf3cd81a31e3cd26889ca66d677f1"},"headline":"Coop\u00e9ration parlementaire : R\u00e9union du Groupe d&rsquo;amiti\u00e9 Niger-Pakistan \u00e0 Islamabad","datePublished":"2021-08-11T11:52:07+00:00","dateModified":"2021-08-11T20:25:58+00:00","mainEntityOfPage":{"@id":"https:\/\/www.africa-press.net\/niger\/politique\/cooperation-parlementaire-reunion-du-groupe-damitie-niger-pakistan-a-islamabad"},"wordCount":190,"commentCount":0,"image":{"@id":"https:\/\/www.africa-press.net\/niger\/politique\/cooperation-parlementaire-reunion-du-groupe-damitie-niger-pakistan-a-islamabad#primaryimage"},"thumbnailUrl":"https:\/\/static.africa-press.net\/niger\/sites\/40\/2021\/08\/img-6113b566ec467.jpg","keywords":["Africa Press","Africa Press-Niger","Niger"],"articleSection":["homepage-french","Politique","Toutes les actualit\u00e9s"],"inLanguage":"fr-FR","potentialAction":[{"@type":"CommentAction","name":"Comment","target":["https:\/\/www.africa-press.net\/niger\/politique\/cooperation-parlementaire-reunion-du-groupe-damitie-niger-pakistan-a-islamabad#respond"]}]},{"@type":"WebPage","@id":"https:\/\/www.africa-press.net\/niger\/politique\/cooperation-parlementaire-reunion-du-groupe-damitie-niger-pakistan-a-islamabad","url":"https:\/\/www.africa-press.net\/niger\/politique\/cooperation-parlementaire-reunion-du-groupe-damitie-niger-pakistan-a-islamabad","name":"Coop\u00e9ration parlementaire : R\u00e9union du Groupe d'amiti\u00e9 Niger-Pakistan \u00e0 Islamabad - niger","isPartOf":{"@id":"https:\/\/www.africa-press.net\/niger\/#website"},"primaryImageOfPage":{"@id":"https:\/\/www.africa-press.net\/niger\/politique\/cooperation-parlementaire-reunion-du-groupe-damitie-niger-pakistan-a-islamabad#primaryimage"},"image":{"@id":"https:\/\/www.africa-press.net\/niger\/politique\/cooperation-parlementaire-reunion-du-groupe-damitie-niger-pakistan-a-islamabad#primaryimage"},"thumbnailUrl":"https:\/\/static.africa-press.net\/niger\/sites\/40\/2021\/08\/img-6113b566ec467.jpg","datePublished":"2021-08-11T11:52:07+00:00","dateModified":"2021-08-11T20:25:58+00:00","author":{"@id":"https:\/\/www.africa-press.net\/niger\/#\/schema\/person\/2b1cf3cd81a31e3cd26889ca66d677f1"},"description":", 11 Ao\u00fbt (ANP) - La d\u00e9l\u00e9gation des d\u00e9put\u00e9s nig\u00e9riens, en visite d'amiti\u00e9 et de travail au Pakistan, a eu, le mardi 10 a ...","breadcrumb":{"@id":"https:\/\/www.africa-press.net\/niger\/politique\/cooperation-parlementaire-reunion-du-groupe-damitie-niger-pakistan-a-islamabad#breadcrumb"},"inLanguage":"fr-FR","potentialAction":[{"@type":"ReadAction","target":["https:\/\/www.africa-press.net\/niger\/politique\/cooperation-parlementaire-reunion-du-groupe-damitie-niger-pakistan-a-islamabad"]}]},{"@type":"ImageObject","inLanguage":"fr-FR","@id":"https:\/\/www.africa-press.net\/niger\/politique\/cooperation-parlementaire-reunion-du-groupe-damitie-niger-pakistan-a-islamabad#primaryimage","url":"https:\/\/static.africa-press.net\/niger\/sites\/40\/2021\/08\/img-6113b566ec467.jpg","contentUrl":"https:\/\/static.africa-press.net\/niger\/sites\/40\/2021\/08\/img-6113b566ec467.jpg","width":750,"height":498,"caption":"Coop\u00e9ration parlementaire : R\u00e9union du Groupe d'amiti\u00e9 Niger-Pakistan \u00e0 Islamabad"},{"@type":"BreadcrumbList","@id":"https:\/\/www.africa-press.net\/niger\/politique\/cooperation-parlementaire-reunion-du-groupe-damitie-niger-pakistan-a-islamabad#breadcrumb","itemListElement":[{"@type":"ListItem","position":1,"name":"Accueil","item":"https:\/\/www.africa-press.net\/niger\/"},{"@type":"ListItem","position":2,"name":"Coop\u00e9ration parlementaire : R\u00e9union du Groupe d&#8217;amiti\u00e9 Niger-Pakistan \u00e0 Islamabad"}]},{"@type":"WebSite","@id":"https:\/\/www.africa-press.net\/niger\/#website","url":"https:\/\/www.africa-press.net\/niger\/","name":"niger","description":"Just another Africa News Agency Sites site","potentialAction":[{"@type":"SearchAction","target":{"@type":"EntryPoint","urlTemplate":"https:\/\/www.africa-press.net\/niger\/?s={search_term_string}"},"query-input":{"@type":"PropertyValueSpecification","valueRequired":true,"valueName":"search_term_string"}}],"inLanguage":"fr-FR"},{"@type":"Person","@id":"https:\/\/www.africa-press.net\/niger\/#\/schema\/person\/2b1cf3cd81a31e3cd26889ca66d677f1","name":"cfeditorfr"}]}},"_links":{"self":[{"href":"https:\/\/www.africa-press.net\/niger\/wp-json\/wp\/v2\/posts\/9834","targetHints":{"allow":["GET"]}}],"collection":[{"href":"https:\/\/www.africa-press.net\/niger\/wp-json\/wp\/v2\/posts"}],"about":[{"href":"https:\/\/www.africa-press.net\/niger\/wp-json\/wp\/v2\/types\/post"}],"author":[{"embeddable":true,"href":"https:\/\/www.africa-press.net\/niger\/wp-json\/wp\/v2\/users\/82"}],"replies":[{"embeddable":true,"href":"https:\/\/www.africa-press.net\/niger\/wp-json\/wp\/v2\/comments?post=9834"}],"version-history":[{"count":0,"href":"https:\/\/www.africa-press.net\/niger\/wp-json\/wp\/v2\/posts\/9834\/revisions"}],"wp:featuredmedia":[{"embeddable":true,"href":"https:\/\/www.africa-press.net\/niger\/wp-json\/wp\/v2\/media\/9833"}],"wp:attachment":[{"href":"https:\/\/www.africa-press.net\/niger\/wp-json\/wp\/v2\/media?parent=9834"}],"wp:term":[{"taxonomy":"category","embeddable":true,"href":"https:\/\/www.africa-press.net\/niger\/wp-json\/wp\/v2\/categories?post=9834"},{"taxonomy":"post_tag","embeddable":true,"href":"https:\/\/www.africa-press.net\/niger\/wp-json\/wp\/v2\/tags?post=9834"}],"curies":[{"name":"wp","href":"https:\/\/api.w.org\/{rel}","templated":true}]}}