{"id":9837,"date":"2021-08-11T12:00:32","date_gmt":"2021-08-11T12:00:32","guid":{"rendered":"https:\/\/www.africa-press.net\/niger\/?p=9837"},"modified":"2021-08-11T20:26:17","modified_gmt":"2021-08-11T20:26:17","slug":"en-visite-au-pakistan-le-president-de-lassemblee-nationale-du-niger-discute-de-la-cooperation-avec-plusieurs-autorites","status":"publish","type":"post","link":"https:\/\/www.africa-press.net\/niger\/politique\/en-visite-au-pakistan-le-president-de-lassemblee-nationale-du-niger-discute-de-la-cooperation-avec-plusieurs-autorites","title":{"rendered":"En visite au Pakistan, le Pr\u00e9sident de l\u2019Assembl\u00e9e Nationale du Niger discute de la coop\u00e9ration avec plusieurs autorit\u00e9s"},"content":{"rendered":"<p><span style=\"color: #ff6600\"><strong><a href=\"https:\/\/www.africa-press.net\/\">Africa-Press<\/a> &#8211; <a href=\"https:\/\/www.africa-press.net\/niger\">Niger<\/a>. <\/strong><\/span>\u00a0Le Pr\u00e9sident de l\u2019Assembl\u00e9e Nationale du Niger, M. Se\u00efni Oumarou, en visite de travail au Pakistan, a eu, le mardi 10 Ao\u00fbt 2021 \u00e0 Aiwan-e-Sadr, la R\u00e9sidence officielle d&rsquo;Islamabad du Pr\u00e9sident de la R\u00e9publique Islamique du Pakistan, un entretien avec le Chef de l\u2019Etat pakistanais, M. Arif Alvi.<\/p>\n<p>Le Pr\u00e9sident du Parlement nig\u00e9rien est venu transmettre un message du Pr\u00e9sident de la R\u00e9publique Mohamed Bazoum \u00e0 son homologue du Pakistan. Les deux personnalit\u00e9s ont profit\u00e9 de l\u2019occasion pour \u00e9voquer le contexte d\u2019ins\u00e9curit\u00e9 qui mine leurs deux pays.<\/p>\n<p>M. Se\u00efni Oumarou a aussi fait cas des \u00e9normes potentialit\u00e9s du Niger, notamment en termes de terres irrigables, qui n\u2019attendent qu\u2019un transfert de technologie pour \u00eatre mises en valeur, tout en situant le cadre de sa visite en terre hospitali\u00e8re du Pakistan.<\/p>\n<p>Le Pr\u00e9sident Arif Alvi, note-t-on, est le Chef de l\u2019\u00c9tat du Pakistan depuis le 9 septembre 2018. Il est la figure repr\u00e9sentant l&rsquo;unit\u00e9 de l\u2019\u00c9tat et ses pouvoirs sont principalement honorifiques et symboliques. Il joue un r\u00f4le mineur dans l&rsquo;exercice du pouvoir politique, d\u00e9tenu principalement par le Premier ministre, SEM Imran Khan.<\/p>\n<p>Dans la m\u00eame journ\u00e9e, le Pr\u00e9sident de l\u2019Assembl\u00e9e Nationale du Niger a rencontr\u00e9 le Ministre des Affaires Etrang\u00e8res du Pakistan, M. Makhdoom Shah Mehmood Qureshi, avec qui ils ont conduit une r\u00e9union de travail sur les relations entre les deux pays.<\/p>\n<p>Le Ministre des Affaires \u00e9trang\u00e8res du Pakistan a tenu \u00e0 saluer la d\u00e9mocratie nig\u00e9rienne et \u00e0 remercier les autorit\u00e9s de ce pays pour leur soutien constant. Il a salu\u00e9 la singularit\u00e9 de la coop\u00e9ration bilat\u00e9rale entre les deux pays qui offre beaucoup d\u2019opportunit\u00e9s aux investisseurs pakistanais.<\/p>\n<p>Le Ministre a explicitement \u00e9voqu\u00e9 le probl\u00e8me de Visa avec le Niger qui handicape beaucoup le d\u00e9veloppement du commerce entre les deux pays. Il a souhait\u00e9 que le Niger ouvre une ambassade \u00e0 Islamabad pour renforcer les \u00e9changes.<\/p>\n<p>M. Makhdoom Shah Mehmood Qureshi a aussi rappel\u00e9 que, sur le plan de l\u2019\u00e9ducation, le Pakistan a octroy\u00e9 100 bourses d\u2019\u00e9tudes au Niger. Sur le plan militaire, il a \u00e9voqu\u00e9 une large coop\u00e9ration avec ce pays ouest-africain.<\/p>\n<p>\u00ab Le Pakistan souhaite promouvoir davantage la coop\u00e9ration bilat\u00e9rale dans le domaine commercial par les d\u00e9placements r\u00e9guliers des op\u00e9rateurs \u00e9conomiques et hommes d\u2019affaires entre nos deux pays \u00bb, a-t-il insist\u00e9.<\/p>\n<p>En r\u00e9ponse, M. Seini Oumarou a d\u2019abord tenu \u00e0 remercier le Ministre des Affaires Etrang\u00e8res Makhdoom Shah Mehmood Qureshi pour avoir fait le d\u00e9placement de Niamey pour repr\u00e9senter le Pr\u00e9sident de la R\u00e9publique Islamique du Pakistan \u00e0 l\u2019investiture du Pr\u00e9sident Mohamed Bazoum.<\/p>\n<p>\u00ab Notre pays a r\u00e9ussi son alternance d\u00e9mocratique consacr\u00e9e par le passage de t\u00e9moin d\u2019un Pr\u00e9sident civil \u00e0 un autre. Cela a \u00e9t\u00e9 rendu possible gr\u00e2ce au leadership du Pr\u00e9sident sortant, M. Issoufou Mahamadou, qui a volontairement renonc\u00e9 \u00e0 faire un 3\u00e8me mandat \u00bb, a ensuite rappel\u00e9 le Pr\u00e9sident de l\u2019Assembl\u00e9e Nationale, avant de se f\u00e9liciter du fait que \u00ab toutes nos institutions sont aujourd\u2019hui install\u00e9es. Il ne nous reste plus qu\u2019\u00e0 travailler \u00bb.<\/p>\n<p>M. Se\u00efni Oumarou a enfin salu\u00e9 la visite des investisseurs pakistanais qui se sont montr\u00e9s tr\u00e8s int\u00e9ress\u00e9s par les potentialit\u00e9s du Niger.<\/p>\n<p>Le pr\u00e9sident de l\u2019Assembl\u00e9e Nationale du Niger s\u2019est ensuite rendu, dans l\u2019apr\u00e8s-midi, au Centre National de Recherche Agronomique du Pakistan (NARC), o\u00f9 il a \u00e9t\u00e9 accueilli par le Ministre de la S\u00e9curit\u00e9 alimentaire nationale et de la Recherche, M. Syed FAKHAR IMAM.<\/p>\n<p>Il s\u2019en est suivi une s\u00e9ance de travail tr\u00e8s constructive entre les deux parties. Le Centre national de recherche agricole (NARC), \u00e0 Islamabad, cr\u00e9\u00e9 en 1984, est le plus grand centre de recherche du Conseil de recherche agricole du Pakistan (PARC). Le NARC, d&rsquo;une superficie totale d&rsquo;environ 1400 hectares, est situ\u00e9 pr\u00e8s de RawalLake, \u00e0 six kilom\u00e8tres au sud-est d&rsquo;Islamabad.<\/p>\n<p>Des installations physiques en termes de champs exp\u00e9rimentaux, laboratoires, serres, banque de g\u00e8nes, biblioth\u00e8que\/documentation, auditorium, ateliers de r\u00e9paration de machines et d&rsquo;\u00e9quipements de laboratoire, magasins, auberges, caf\u00e9t\u00e9ria, studios audiovisuels, sont \u00e9galement disponibles au NARC. SEM Se\u00efni Oumarou a visit\u00e9 un champ exp\u00e9rimental de rizi\u00e8res exploit\u00e9es sur le site avant de proc\u00e9der \u00e0 la plantation d\u2019un arbre.<\/p>\n<p>&nbsp;<\/p>\n","protected":false},"excerpt":{"rendered":"<p>Africa-Press &#8211; Niger. \u00a0Le Pr\u00e9sident de l\u2019Assembl\u00e9e Nationale du Niger, M. Se\u00efni Oumarou, en visite de travail au Pakistan, a eu, le mardi 10 Ao\u00fbt 2021 \u00e0 Aiwan-e-Sadr, la R\u00e9sidence officielle d&rsquo;Islamabad du Pr\u00e9sident de la R\u00e9publique Islamique du Pakistan, un entretien avec le Chef de l\u2019Etat pakistanais, M. Arif Alvi. Le Pr\u00e9sident du Parlement [&hellip;]<\/p>\n","protected":false},"author":82,"featured_media":9836,"comment_status":"open","ping_status":"closed","sticky":false,"template":"","format":"standard","meta":{"footnotes":""},"categories":[11,2,20,10],"tags":[55,60,29],"class_list":["post-9837","post","type-post","status-publish","format-standard","has-post-thumbnail","hentry","category-homepage-french","category-politique","category-top-nouvelles","category-toutes-les-actualites","tag-africa-press","tag-africa-press-niger","tag-niger"],"yoast_head":"<!-- This site is optimized with the Yoast SEO Premium plugin v26.1 (Yoast SEO v27.0) - https:\/\/yoast.com\/product\/yoast-seo-premium-wordpress\/ -->\n<title>En visite au Pakistan, le Pr\u00e9sident de l\u2019Assembl\u00e9e Nationale du Niger discute de la coop\u00e9ration avec plusieurs autorit\u00e9s - niger<\/title>\n<meta name=\"description\" content=\", 11 Ao\u00fbt (ANP) - Le Pr\u00e9sident de l\u2019Assembl\u00e9e Nationale du Niger, M. Se\u00efni Oumarou, en visite de travail au Pakistan, a ...\" \/>\n<meta name=\"robots\" content=\"index, follow, max-snippet:-1, max-image-preview:large, max-video-preview:-1\" \/>\n<link rel=\"canonical\" href=\"https:\/\/www.africa-press.net\/niger\/politique\/en-visite-au-pakistan-le-president-de-lassemblee-nationale-du-niger-discute-de-la-cooperation-avec-plusieurs-autorites\" \/>\n<meta property=\"og:locale\" content=\"fr_FR\" \/>\n<meta property=\"og:type\" content=\"article\" \/>\n<meta property=\"og:title\" content=\"En visite au Pakistan, le Pr\u00e9sident de l\u2019Assembl\u00e9e Nationale du Niger discute de la coop\u00e9ration avec plusieurs autorit\u00e9s\" \/>\n<meta property=\"og:description\" content=\", 11 Ao\u00fbt (ANP) - Le Pr\u00e9sident de l\u2019Assembl\u00e9e Nationale du Niger, M. Se\u00efni Oumarou, en visite de travail au Pakistan, a ...\" \/>\n<meta property=\"og:url\" content=\"https:\/\/www.africa-press.net\/niger\/politique\/en-visite-au-pakistan-le-president-de-lassemblee-nationale-du-niger-discute-de-la-cooperation-avec-plusieurs-autorites\" \/>\n<meta property=\"og:site_name\" content=\"niger\" \/>\n<meta property=\"article:published_time\" content=\"2021-08-11T12:00:32+00:00\" \/>\n<meta property=\"article:modified_time\" content=\"2021-08-11T20:26:17+00:00\" \/>\n<meta property=\"og:image\" content=\"https:\/\/static.africa-press.net\/niger\/sites\/40\/2021\/08\/img-6113b66f158f3.jpg\" \/>\n\t<meta property=\"og:image:width\" content=\"750\" \/>\n\t<meta property=\"og:image:height\" content=\"577\" \/>\n\t<meta property=\"og:image:type\" content=\"image\/jpeg\" \/>\n<meta name=\"author\" content=\"cfeditorfr\" \/>\n<meta name=\"twitter:card\" content=\"summary_large_image\" \/>\n<meta name=\"twitter:label1\" content=\"\u00c9crit par\" \/>\n\t<meta name=\"twitter:data1\" content=\"cfeditorfr\" \/>\n\t<meta name=\"twitter:label2\" content=\"Dur\u00e9e de lecture estim\u00e9e\" \/>\n\t<meta name=\"twitter:data2\" content=\"3 minutes\" \/>\n<script type=\"application\/ld+json\" class=\"yoast-schema-graph\">{\"@context\":\"https:\/\/schema.org\",\"@graph\":[{\"@type\":\"Article\",\"@id\":\"https:\/\/www.africa-press.net\/niger\/politique\/en-visite-au-pakistan-le-president-de-lassemblee-nationale-du-niger-discute-de-la-cooperation-avec-plusieurs-autorites#article\",\"isPartOf\":{\"@id\":\"https:\/\/www.africa-press.net\/niger\/politique\/en-visite-au-pakistan-le-president-de-lassemblee-nationale-du-niger-discute-de-la-cooperation-avec-plusieurs-autorites\"},\"author\":{\"name\":\"cfeditorfr\",\"@id\":\"https:\/\/www.africa-press.net\/niger\/#\/schema\/person\/2b1cf3cd81a31e3cd26889ca66d677f1\"},\"headline\":\"En visite au Pakistan, le Pr\u00e9sident de l\u2019Assembl\u00e9e Nationale du Niger discute de la coop\u00e9ration avec plusieurs autorit\u00e9s\",\"datePublished\":\"2021-08-11T12:00:32+00:00\",\"dateModified\":\"2021-08-11T20:26:17+00:00\",\"mainEntityOfPage\":{\"@id\":\"https:\/\/www.africa-press.net\/niger\/politique\/en-visite-au-pakistan-le-president-de-lassemblee-nationale-du-niger-discute-de-la-cooperation-avec-plusieurs-autorites\"},\"wordCount\":786,\"commentCount\":0,\"image\":{\"@id\":\"https:\/\/www.africa-press.net\/niger\/politique\/en-visite-au-pakistan-le-president-de-lassemblee-nationale-du-niger-discute-de-la-cooperation-avec-plusieurs-autorites#primaryimage\"},\"thumbnailUrl\":\"https:\/\/static.africa-press.net\/niger\/sites\/40\/2021\/08\/img-6113b66f158f3.jpg\",\"keywords\":[\"Africa Press\",\"Africa Press-Niger\",\"Niger\"],\"articleSection\":[\"homepage-french\",\"Politique\",\"Top Nouvelles\",\"Toutes les actualit\u00e9s\"],\"inLanguage\":\"fr-FR\",\"potentialAction\":[{\"@type\":\"CommentAction\",\"name\":\"Comment\",\"target\":[\"https:\/\/www.africa-press.net\/niger\/politique\/en-visite-au-pakistan-le-president-de-lassemblee-nationale-du-niger-discute-de-la-cooperation-avec-plusieurs-autorites#respond\"]}]},{\"@type\":\"WebPage\",\"@id\":\"https:\/\/www.africa-press.net\/niger\/politique\/en-visite-au-pakistan-le-president-de-lassemblee-nationale-du-niger-discute-de-la-cooperation-avec-plusieurs-autorites\",\"url\":\"https:\/\/www.africa-press.net\/niger\/politique\/en-visite-au-pakistan-le-president-de-lassemblee-nationale-du-niger-discute-de-la-cooperation-avec-plusieurs-autorites\",\"name\":\"En visite au Pakistan, le Pr\u00e9sident de l\u2019Assembl\u00e9e Nationale du Niger discute de la coop\u00e9ration avec plusieurs autorit\u00e9s - niger\",\"isPartOf\":{\"@id\":\"https:\/\/www.africa-press.net\/niger\/#website\"},\"primaryImageOfPage\":{\"@id\":\"https:\/\/www.africa-press.net\/niger\/politique\/en-visite-au-pakistan-le-president-de-lassemblee-nationale-du-niger-discute-de-la-cooperation-avec-plusieurs-autorites#primaryimage\"},\"image\":{\"@id\":\"https:\/\/www.africa-press.net\/niger\/politique\/en-visite-au-pakistan-le-president-de-lassemblee-nationale-du-niger-discute-de-la-cooperation-avec-plusieurs-autorites#primaryimage\"},\"thumbnailUrl\":\"https:\/\/static.africa-press.net\/niger\/sites\/40\/2021\/08\/img-6113b66f158f3.jpg\",\"datePublished\":\"2021-08-11T12:00:32+00:00\",\"dateModified\":\"2021-08-11T20:26:17+00:00\",\"author\":{\"@id\":\"https:\/\/www.africa-press.net\/niger\/#\/schema\/person\/2b1cf3cd81a31e3cd26889ca66d677f1\"},\"description\":\", 11 Ao\u00fbt (ANP) - Le Pr\u00e9sident de l\u2019Assembl\u00e9e Nationale du Niger, M. Se\u00efni Oumarou, en visite de travail au Pakistan, a ...\",\"breadcrumb\":{\"@id\":\"https:\/\/www.africa-press.net\/niger\/politique\/en-visite-au-pakistan-le-president-de-lassemblee-nationale-du-niger-discute-de-la-cooperation-avec-plusieurs-autorites#breadcrumb\"},\"inLanguage\":\"fr-FR\",\"potentialAction\":[{\"@type\":\"ReadAction\",\"target\":[\"https:\/\/www.africa-press.net\/niger\/politique\/en-visite-au-pakistan-le-president-de-lassemblee-nationale-du-niger-discute-de-la-cooperation-avec-plusieurs-autorites\"]}]},{\"@type\":\"ImageObject\",\"inLanguage\":\"fr-FR\",\"@id\":\"https:\/\/www.africa-press.net\/niger\/politique\/en-visite-au-pakistan-le-president-de-lassemblee-nationale-du-niger-discute-de-la-cooperation-avec-plusieurs-autorites#primaryimage\",\"url\":\"https:\/\/static.africa-press.net\/niger\/sites\/40\/2021\/08\/img-6113b66f158f3.jpg\",\"contentUrl\":\"https:\/\/static.africa-press.net\/niger\/sites\/40\/2021\/08\/img-6113b66f158f3.jpg\",\"width\":750,\"height\":577,\"caption\":\"En visite au Pakistan, le Pr\u00e9sident de l\u2019Assembl\u00e9e Nationale du Niger discute de la coop\u00e9ration avec plusieurs autorit\u00e9s\"},{\"@type\":\"BreadcrumbList\",\"@id\":\"https:\/\/www.africa-press.net\/niger\/politique\/en-visite-au-pakistan-le-president-de-lassemblee-nationale-du-niger-discute-de-la-cooperation-avec-plusieurs-autorites#breadcrumb\",\"itemListElement\":[{\"@type\":\"ListItem\",\"position\":1,\"name\":\"Accueil\",\"item\":\"https:\/\/www.africa-press.net\/niger\/\"},{\"@type\":\"ListItem\",\"position\":2,\"name\":\"En visite au Pakistan, le Pr\u00e9sident de l\u2019Assembl\u00e9e Nationale du Niger discute de la coop\u00e9ration avec plusieurs autorit\u00e9s\"}]},{\"@type\":\"WebSite\",\"@id\":\"https:\/\/www.africa-press.net\/niger\/#website\",\"url\":\"https:\/\/www.africa-press.net\/niger\/\",\"name\":\"niger\",\"description\":\"Just another Africa News Agency Sites site\",\"potentialAction\":[{\"@type\":\"SearchAction\",\"target\":{\"@type\":\"EntryPoint\",\"urlTemplate\":\"https:\/\/www.africa-press.net\/niger\/?s={search_term_string}\"},\"query-input\":{\"@type\":\"PropertyValueSpecification\",\"valueRequired\":true,\"valueName\":\"search_term_string\"}}],\"inLanguage\":\"fr-FR\"},{\"@type\":\"Person\",\"@id\":\"https:\/\/www.africa-press.net\/niger\/#\/schema\/person\/2b1cf3cd81a31e3cd26889ca66d677f1\",\"name\":\"cfeditorfr\"}]}<\/script>\n<!-- \/ Yoast SEO Premium plugin. -->","yoast_head_json":{"title":"En visite au Pakistan, le Pr\u00e9sident de l\u2019Assembl\u00e9e Nationale du Niger discute de la coop\u00e9ration avec plusieurs autorit\u00e9s - niger","description":", 11 Ao\u00fbt (ANP) - Le Pr\u00e9sident de l\u2019Assembl\u00e9e Nationale du Niger, M. Se\u00efni Oumarou, en visite de travail au Pakistan, a ...","robots":{"index":"index","follow":"follow","max-snippet":"max-snippet:-1","max-image-preview":"max-image-preview:large","max-video-preview":"max-video-preview:-1"},"canonical":"https:\/\/www.africa-press.net\/niger\/politique\/en-visite-au-pakistan-le-president-de-lassemblee-nationale-du-niger-discute-de-la-cooperation-avec-plusieurs-autorites","og_locale":"fr_FR","og_type":"article","og_title":"En visite au Pakistan, le Pr\u00e9sident de l\u2019Assembl\u00e9e Nationale du Niger discute de la coop\u00e9ration avec plusieurs autorit\u00e9s","og_description":", 11 Ao\u00fbt (ANP) - Le Pr\u00e9sident de l\u2019Assembl\u00e9e Nationale du Niger, M. Se\u00efni Oumarou, en visite de travail au Pakistan, a ...","og_url":"https:\/\/www.africa-press.net\/niger\/politique\/en-visite-au-pakistan-le-president-de-lassemblee-nationale-du-niger-discute-de-la-cooperation-avec-plusieurs-autorites","og_site_name":"niger","article_published_time":"2021-08-11T12:00:32+00:00","article_modified_time":"2021-08-11T20:26:17+00:00","og_image":[{"width":750,"height":577,"url":"https:\/\/static.africa-press.net\/niger\/sites\/40\/2021\/08\/img-6113b66f158f3.jpg","type":"image\/jpeg"}],"author":"cfeditorfr","twitter_card":"summary_large_image","twitter_misc":{"\u00c9crit par":"cfeditorfr","Dur\u00e9e de lecture estim\u00e9e":"3 minutes"},"schema":{"@context":"https:\/\/schema.org","@graph":[{"@type":"Article","@id":"https:\/\/www.africa-press.net\/niger\/politique\/en-visite-au-pakistan-le-president-de-lassemblee-nationale-du-niger-discute-de-la-cooperation-avec-plusieurs-autorites#article","isPartOf":{"@id":"https:\/\/www.africa-press.net\/niger\/politique\/en-visite-au-pakistan-le-president-de-lassemblee-nationale-du-niger-discute-de-la-cooperation-avec-plusieurs-autorites"},"author":{"name":"cfeditorfr","@id":"https:\/\/www.africa-press.net\/niger\/#\/schema\/person\/2b1cf3cd81a31e3cd26889ca66d677f1"},"headline":"En visite au Pakistan, le Pr\u00e9sident de l\u2019Assembl\u00e9e Nationale du Niger discute de la coop\u00e9ration avec plusieurs autorit\u00e9s","datePublished":"2021-08-11T12:00:32+00:00","dateModified":"2021-08-11T20:26:17+00:00","mainEntityOfPage":{"@id":"https:\/\/www.africa-press.net\/niger\/politique\/en-visite-au-pakistan-le-president-de-lassemblee-nationale-du-niger-discute-de-la-cooperation-avec-plusieurs-autorites"},"wordCount":786,"commentCount":0,"image":{"@id":"https:\/\/www.africa-press.net\/niger\/politique\/en-visite-au-pakistan-le-president-de-lassemblee-nationale-du-niger-discute-de-la-cooperation-avec-plusieurs-autorites#primaryimage"},"thumbnailUrl":"https:\/\/static.africa-press.net\/niger\/sites\/40\/2021\/08\/img-6113b66f158f3.jpg","keywords":["Africa Press","Africa Press-Niger","Niger"],"articleSection":["homepage-french","Politique","Top Nouvelles","Toutes les actualit\u00e9s"],"inLanguage":"fr-FR","potentialAction":[{"@type":"CommentAction","name":"Comment","target":["https:\/\/www.africa-press.net\/niger\/politique\/en-visite-au-pakistan-le-president-de-lassemblee-nationale-du-niger-discute-de-la-cooperation-avec-plusieurs-autorites#respond"]}]},{"@type":"WebPage","@id":"https:\/\/www.africa-press.net\/niger\/politique\/en-visite-au-pakistan-le-president-de-lassemblee-nationale-du-niger-discute-de-la-cooperation-avec-plusieurs-autorites","url":"https:\/\/www.africa-press.net\/niger\/politique\/en-visite-au-pakistan-le-president-de-lassemblee-nationale-du-niger-discute-de-la-cooperation-avec-plusieurs-autorites","name":"En visite au Pakistan, le Pr\u00e9sident de l\u2019Assembl\u00e9e Nationale du Niger discute de la coop\u00e9ration avec plusieurs autorit\u00e9s - niger","isPartOf":{"@id":"https:\/\/www.africa-press.net\/niger\/#website"},"primaryImageOfPage":{"@id":"https:\/\/www.africa-press.net\/niger\/politique\/en-visite-au-pakistan-le-president-de-lassemblee-nationale-du-niger-discute-de-la-cooperation-avec-plusieurs-autorites#primaryimage"},"image":{"@id":"https:\/\/www.africa-press.net\/niger\/politique\/en-visite-au-pakistan-le-president-de-lassemblee-nationale-du-niger-discute-de-la-cooperation-avec-plusieurs-autorites#primaryimage"},"thumbnailUrl":"https:\/\/static.africa-press.net\/niger\/sites\/40\/2021\/08\/img-6113b66f158f3.jpg","datePublished":"2021-08-11T12:00:32+00:00","dateModified":"2021-08-11T20:26:17+00:00","author":{"@id":"https:\/\/www.africa-press.net\/niger\/#\/schema\/person\/2b1cf3cd81a31e3cd26889ca66d677f1"},"description":", 11 Ao\u00fbt (ANP) - Le Pr\u00e9sident de l\u2019Assembl\u00e9e Nationale du Niger, M. Se\u00efni Oumarou, en visite de travail au Pakistan, a ...","breadcrumb":{"@id":"https:\/\/www.africa-press.net\/niger\/politique\/en-visite-au-pakistan-le-president-de-lassemblee-nationale-du-niger-discute-de-la-cooperation-avec-plusieurs-autorites#breadcrumb"},"inLanguage":"fr-FR","potentialAction":[{"@type":"ReadAction","target":["https:\/\/www.africa-press.net\/niger\/politique\/en-visite-au-pakistan-le-president-de-lassemblee-nationale-du-niger-discute-de-la-cooperation-avec-plusieurs-autorites"]}]},{"@type":"ImageObject","inLanguage":"fr-FR","@id":"https:\/\/www.africa-press.net\/niger\/politique\/en-visite-au-pakistan-le-president-de-lassemblee-nationale-du-niger-discute-de-la-cooperation-avec-plusieurs-autorites#primaryimage","url":"https:\/\/static.africa-press.net\/niger\/sites\/40\/2021\/08\/img-6113b66f158f3.jpg","contentUrl":"https:\/\/static.africa-press.net\/niger\/sites\/40\/2021\/08\/img-6113b66f158f3.jpg","width":750,"height":577,"caption":"En visite au Pakistan, le Pr\u00e9sident de l\u2019Assembl\u00e9e Nationale du Niger discute de la coop\u00e9ration avec plusieurs autorit\u00e9s"},{"@type":"BreadcrumbList","@id":"https:\/\/www.africa-press.net\/niger\/politique\/en-visite-au-pakistan-le-president-de-lassemblee-nationale-du-niger-discute-de-la-cooperation-avec-plusieurs-autorites#breadcrumb","itemListElement":[{"@type":"ListItem","position":1,"name":"Accueil","item":"https:\/\/www.africa-press.net\/niger\/"},{"@type":"ListItem","position":2,"name":"En visite au Pakistan, le Pr\u00e9sident de l\u2019Assembl\u00e9e Nationale du Niger discute de la coop\u00e9ration avec plusieurs autorit\u00e9s"}]},{"@type":"WebSite","@id":"https:\/\/www.africa-press.net\/niger\/#website","url":"https:\/\/www.africa-press.net\/niger\/","name":"niger","description":"Just another Africa News Agency Sites site","potentialAction":[{"@type":"SearchAction","target":{"@type":"EntryPoint","urlTemplate":"https:\/\/www.africa-press.net\/niger\/?s={search_term_string}"},"query-input":{"@type":"PropertyValueSpecification","valueRequired":true,"valueName":"search_term_string"}}],"inLanguage":"fr-FR"},{"@type":"Person","@id":"https:\/\/www.africa-press.net\/niger\/#\/schema\/person\/2b1cf3cd81a31e3cd26889ca66d677f1","name":"cfeditorfr"}]}},"_links":{"self":[{"href":"https:\/\/www.africa-press.net\/niger\/wp-json\/wp\/v2\/posts\/9837","targetHints":{"allow":["GET"]}}],"collection":[{"href":"https:\/\/www.africa-press.net\/niger\/wp-json\/wp\/v2\/posts"}],"about":[{"href":"https:\/\/www.africa-press.net\/niger\/wp-json\/wp\/v2\/types\/post"}],"author":[{"embeddable":true,"href":"https:\/\/www.africa-press.net\/niger\/wp-json\/wp\/v2\/users\/82"}],"replies":[{"embeddable":true,"href":"https:\/\/www.africa-press.net\/niger\/wp-json\/wp\/v2\/comments?post=9837"}],"version-history":[{"count":0,"href":"https:\/\/www.africa-press.net\/niger\/wp-json\/wp\/v2\/posts\/9837\/revisions"}],"wp:featuredmedia":[{"embeddable":true,"href":"https:\/\/www.africa-press.net\/niger\/wp-json\/wp\/v2\/media\/9836"}],"wp:attachment":[{"href":"https:\/\/www.africa-press.net\/niger\/wp-json\/wp\/v2\/media?parent=9837"}],"wp:term":[{"taxonomy":"category","embeddable":true,"href":"https:\/\/www.africa-press.net\/niger\/wp-json\/wp\/v2\/categories?post=9837"},{"taxonomy":"post_tag","embeddable":true,"href":"https:\/\/www.africa-press.net\/niger\/wp-json\/wp\/v2\/tags?post=9837"}],"curies":[{"name":"wp","href":"https:\/\/api.w.org\/{rel}","templated":true}]}}