{"id":9840,"date":"2021-08-11T12:10:29","date_gmt":"2021-08-11T12:10:29","guid":{"rendered":"https:\/\/www.africa-press.net\/niger\/?p=9840"},"modified":"2021-08-11T20:26:37","modified_gmt":"2021-08-11T20:26:37","slug":"le-plan-directeur-de-la-cedeao-pour-le-developpement-des-moyens-de-production-et-de-transport-de-lenergie-detaille-devant-les-deputes-communautaires","status":"publish","type":"post","link":"https:\/\/www.africa-press.net\/niger\/economie\/le-plan-directeur-de-la-cedeao-pour-le-developpement-des-moyens-de-production-et-de-transport-de-lenergie-detaille-devant-les-deputes-communautaires","title":{"rendered":"Le plan directeur de la CEDEAO pour le d\u00e9veloppement des moyens de production et de transport de l\u2019\u00e9nergie d\u00e9taill\u00e9 devant les d\u00e9put\u00e9s communautaires"},"content":{"rendered":"<p><span style=\"color: #ff6600\"><strong><a href=\"https:\/\/www.africa-press.net\/\">Africa-Press<\/a> &#8211; <a href=\"https:\/\/www.africa-press.net\/niger\">Niger<\/a>. <\/strong><\/span>Les d\u00e9put\u00e9s du parlement de la communaut\u00e9 \u00e9conomique des Etats de l\u2019Afrique de l\u2019Ouest (CEDEAO) ont pris connaissance, ce mardi 10 ao\u00fbt 2021, des d\u00e9tails du plan directeur de la CEDEAO pour le d\u00e9veloppement des moyens r\u00e9gionaux de production et de transport d\u2019\u00e9nergie \u00e9lectrique pour la p\u00e9riode 2019-2033.<\/p>\n<p>Ce plan directeur mis en \u0153uvre par le WAPP\/EEEOA, une institution sp\u00e9cialis\u00e9e de la CEDEAO, dont la mission est de promouvoir et d\u00e9velopper les infrastructures de production et de transport d\u2019\u00e9nergie \u00e9lectrique et aussi d\u2019assurer la coordination des \u00e9changes d\u2019\u00e9nergie \u00e9lectrique entre les Etats membres de la CEDEAO, a engrang\u00e9 d\u00e9j\u00e0 un certain nombre de r\u00e9sultats.<\/p>\n<p>Il s\u2019agit de la mise en \u0153uvre des 75 projets r\u00e9gionaux prioritaires pour la p\u00e9riode 2019-2033 dont 28 dans le domaine du transport et 47 dans la production de l\u2019\u00e9nergie, l\u2019objectif \u00e9tant d\u2019achever l\u2019int\u00e9gration des pays continentaux de l\u2019espace communautaire, de renforcer le r\u00e9seau r\u00e9gional, d\u2019augmenter la proportion de l\u2019\u00e9nergie renouvelable, surtout solaire, dans le mix \u00e9nerg\u00e9tique, et enfin, d\u2019adresser les d\u00e9fis li\u00e9s \u00e0 l\u2019intermittence de l\u2019\u00e9nergie solaire.<\/p>\n<p>C\u2019est ainsi que plusieurs r\u00e9alisations faites dans ce cadre ont \u00e9t\u00e9 expos\u00e9es aux parlementaires au cours d\u2019un expos\u00e9.<\/p>\n<p>Il s\u2019agit des travaux de renforcement du r\u00e9seau r\u00e9gional pour accroitre sa stabilit\u00e9, et d\u2019augmentation de la proportion des r\u00e9seaux dans le mix \u00e9nerg\u00e9tique des pays membres.<\/p>\n<p>La CEDEAO est un regroupement de 15 pays ouest africains o\u00f9 il est observ\u00e9 une disparit\u00e9 dans la disponibilit\u00e9 et la distribution de l\u2019\u00e9nergie \u00e9lectrique, rappelle-t-on.<\/p>\n","protected":false},"excerpt":{"rendered":"<p>Africa-Press &#8211; Niger. Les d\u00e9put\u00e9s du parlement de la communaut\u00e9 \u00e9conomique des Etats de l\u2019Afrique de l\u2019Ouest (CEDEAO) ont pris connaissance, ce mardi 10 ao\u00fbt 2021, des d\u00e9tails du plan directeur de la CEDEAO pour le d\u00e9veloppement des moyens r\u00e9gionaux de production et de transport d\u2019\u00e9nergie \u00e9lectrique pour la p\u00e9riode 2019-2033. Ce plan directeur mis [&hellip;]<\/p>\n","protected":false},"author":82,"featured_media":9839,"comment_status":"open","ping_status":"closed","sticky":false,"template":"","format":"standard","meta":{"footnotes":""},"categories":[3,11,20,10],"tags":[55,60,29],"class_list":["post-9840","post","type-post","status-publish","format-standard","has-post-thumbnail","hentry","category-economie","category-homepage-french","category-top-nouvelles","category-toutes-les-actualites","tag-africa-press","tag-africa-press-niger","tag-niger"],"yoast_head":"<!-- This site is optimized with the Yoast SEO Premium plugin v26.1 (Yoast SEO v27.0) - https:\/\/yoast.com\/product\/yoast-seo-premium-wordpress\/ -->\n<title>Le plan directeur de la CEDEAO pour le d\u00e9veloppement des moyens de production et de transport de l\u2019\u00e9nergie d\u00e9taill\u00e9 devant les d\u00e9put\u00e9s communautaires - niger<\/title>\n<meta name=\"description\" content=\"Les d\u00e9put\u00e9s du parlement de la communaut\u00e9 \u00e9conomique des Etats de l\u2019Afrique de l\u2019Ouest (CEDEAO) ont pris connaissance, c ...\" \/>\n<meta name=\"robots\" content=\"index, follow, max-snippet:-1, max-image-preview:large, max-video-preview:-1\" \/>\n<link rel=\"canonical\" href=\"https:\/\/www.africa-press.net\/niger\/economie\/le-plan-directeur-de-la-cedeao-pour-le-developpement-des-moyens-de-production-et-de-transport-de-lenergie-detaille-devant-les-deputes-communautaires\" \/>\n<meta property=\"og:locale\" content=\"fr_FR\" \/>\n<meta property=\"og:type\" content=\"article\" \/>\n<meta property=\"og:title\" content=\"Le plan directeur de la CEDEAO pour le d\u00e9veloppement des moyens de production et de transport de l\u2019\u00e9nergie d\u00e9taill\u00e9 devant les d\u00e9put\u00e9s communautaires\" \/>\n<meta property=\"og:description\" content=\"Les d\u00e9put\u00e9s du parlement de la communaut\u00e9 \u00e9conomique des Etats de l\u2019Afrique de l\u2019Ouest (CEDEAO) ont pris connaissance, c ...\" \/>\n<meta property=\"og:url\" content=\"https:\/\/www.africa-press.net\/niger\/economie\/le-plan-directeur-de-la-cedeao-pour-le-developpement-des-moyens-de-production-et-de-transport-de-lenergie-detaille-devant-les-deputes-communautaires\" \/>\n<meta property=\"og:site_name\" content=\"niger\" \/>\n<meta property=\"article:published_time\" content=\"2021-08-11T12:10:29+00:00\" \/>\n<meta property=\"article:modified_time\" content=\"2021-08-11T20:26:37+00:00\" \/>\n<meta property=\"og:image\" content=\"https:\/\/static.africa-press.net\/niger\/sites\/40\/2021\/08\/img-6113b6a734f5b.jpg\" \/>\n\t<meta property=\"og:image:width\" content=\"1080\" \/>\n\t<meta property=\"og:image:height\" content=\"720\" \/>\n\t<meta property=\"og:image:type\" content=\"image\/jpeg\" \/>\n<meta name=\"author\" content=\"cfeditorfr\" \/>\n<meta name=\"twitter:card\" content=\"summary_large_image\" \/>\n<meta name=\"twitter:label1\" content=\"\u00c9crit par\" \/>\n\t<meta name=\"twitter:data1\" content=\"cfeditorfr\" \/>\n\t<meta name=\"twitter:label2\" content=\"Dur\u00e9e de lecture estim\u00e9e\" \/>\n\t<meta name=\"twitter:data2\" content=\"1 minute\" \/>\n<script type=\"application\/ld+json\" class=\"yoast-schema-graph\">{\"@context\":\"https:\/\/schema.org\",\"@graph\":[{\"@type\":\"Article\",\"@id\":\"https:\/\/www.africa-press.net\/niger\/economie\/le-plan-directeur-de-la-cedeao-pour-le-developpement-des-moyens-de-production-et-de-transport-de-lenergie-detaille-devant-les-deputes-communautaires#article\",\"isPartOf\":{\"@id\":\"https:\/\/www.africa-press.net\/niger\/economie\/le-plan-directeur-de-la-cedeao-pour-le-developpement-des-moyens-de-production-et-de-transport-de-lenergie-detaille-devant-les-deputes-communautaires\"},\"author\":{\"name\":\"cfeditorfr\",\"@id\":\"https:\/\/www.africa-press.net\/niger\/#\/schema\/person\/2b1cf3cd81a31e3cd26889ca66d677f1\"},\"headline\":\"Le plan directeur de la CEDEAO pour le d\u00e9veloppement des moyens de production et de transport de l\u2019\u00e9nergie d\u00e9taill\u00e9 devant les d\u00e9put\u00e9s communautaires\",\"datePublished\":\"2021-08-11T12:10:29+00:00\",\"dateModified\":\"2021-08-11T20:26:37+00:00\",\"mainEntityOfPage\":{\"@id\":\"https:\/\/www.africa-press.net\/niger\/economie\/le-plan-directeur-de-la-cedeao-pour-le-developpement-des-moyens-de-production-et-de-transport-de-lenergie-detaille-devant-les-deputes-communautaires\"},\"wordCount\":316,\"commentCount\":0,\"image\":{\"@id\":\"https:\/\/www.africa-press.net\/niger\/economie\/le-plan-directeur-de-la-cedeao-pour-le-developpement-des-moyens-de-production-et-de-transport-de-lenergie-detaille-devant-les-deputes-communautaires#primaryimage\"},\"thumbnailUrl\":\"https:\/\/static.africa-press.net\/niger\/sites\/40\/2021\/08\/img-6113b6a734f5b.jpg\",\"keywords\":[\"Africa Press\",\"Africa Press-Niger\",\"Niger\"],\"articleSection\":[\"\u00c9conomie\",\"homepage-french\",\"Top Nouvelles\",\"Toutes les actualit\u00e9s\"],\"inLanguage\":\"fr-FR\",\"potentialAction\":[{\"@type\":\"CommentAction\",\"name\":\"Comment\",\"target\":[\"https:\/\/www.africa-press.net\/niger\/economie\/le-plan-directeur-de-la-cedeao-pour-le-developpement-des-moyens-de-production-et-de-transport-de-lenergie-detaille-devant-les-deputes-communautaires#respond\"]}]},{\"@type\":\"WebPage\",\"@id\":\"https:\/\/www.africa-press.net\/niger\/economie\/le-plan-directeur-de-la-cedeao-pour-le-developpement-des-moyens-de-production-et-de-transport-de-lenergie-detaille-devant-les-deputes-communautaires\",\"url\":\"https:\/\/www.africa-press.net\/niger\/economie\/le-plan-directeur-de-la-cedeao-pour-le-developpement-des-moyens-de-production-et-de-transport-de-lenergie-detaille-devant-les-deputes-communautaires\",\"name\":\"Le plan directeur de la CEDEAO pour le d\u00e9veloppement des moyens de production et de transport de l\u2019\u00e9nergie d\u00e9taill\u00e9 devant les d\u00e9put\u00e9s communautaires - niger\",\"isPartOf\":{\"@id\":\"https:\/\/www.africa-press.net\/niger\/#website\"},\"primaryImageOfPage\":{\"@id\":\"https:\/\/www.africa-press.net\/niger\/economie\/le-plan-directeur-de-la-cedeao-pour-le-developpement-des-moyens-de-production-et-de-transport-de-lenergie-detaille-devant-les-deputes-communautaires#primaryimage\"},\"image\":{\"@id\":\"https:\/\/www.africa-press.net\/niger\/economie\/le-plan-directeur-de-la-cedeao-pour-le-developpement-des-moyens-de-production-et-de-transport-de-lenergie-detaille-devant-les-deputes-communautaires#primaryimage\"},\"thumbnailUrl\":\"https:\/\/static.africa-press.net\/niger\/sites\/40\/2021\/08\/img-6113b6a734f5b.jpg\",\"datePublished\":\"2021-08-11T12:10:29+00:00\",\"dateModified\":\"2021-08-11T20:26:37+00:00\",\"author\":{\"@id\":\"https:\/\/www.africa-press.net\/niger\/#\/schema\/person\/2b1cf3cd81a31e3cd26889ca66d677f1\"},\"description\":\"Les d\u00e9put\u00e9s du parlement de la communaut\u00e9 \u00e9conomique des Etats de l\u2019Afrique de l\u2019Ouest (CEDEAO) ont pris connaissance, c ...\",\"breadcrumb\":{\"@id\":\"https:\/\/www.africa-press.net\/niger\/economie\/le-plan-directeur-de-la-cedeao-pour-le-developpement-des-moyens-de-production-et-de-transport-de-lenergie-detaille-devant-les-deputes-communautaires#breadcrumb\"},\"inLanguage\":\"fr-FR\",\"potentialAction\":[{\"@type\":\"ReadAction\",\"target\":[\"https:\/\/www.africa-press.net\/niger\/economie\/le-plan-directeur-de-la-cedeao-pour-le-developpement-des-moyens-de-production-et-de-transport-de-lenergie-detaille-devant-les-deputes-communautaires\"]}]},{\"@type\":\"ImageObject\",\"inLanguage\":\"fr-FR\",\"@id\":\"https:\/\/www.africa-press.net\/niger\/economie\/le-plan-directeur-de-la-cedeao-pour-le-developpement-des-moyens-de-production-et-de-transport-de-lenergie-detaille-devant-les-deputes-communautaires#primaryimage\",\"url\":\"https:\/\/static.africa-press.net\/niger\/sites\/40\/2021\/08\/img-6113b6a734f5b.jpg\",\"contentUrl\":\"https:\/\/static.africa-press.net\/niger\/sites\/40\/2021\/08\/img-6113b6a734f5b.jpg\",\"width\":1080,\"height\":720,\"caption\":\"Le plan directeur de la CEDEAO pour le d\u00e9veloppement des moyens de production et de transport de l\u2019\u00e9nergie d\u00e9taill\u00e9 devant les d\u00e9put\u00e9s communautaires\"},{\"@type\":\"BreadcrumbList\",\"@id\":\"https:\/\/www.africa-press.net\/niger\/economie\/le-plan-directeur-de-la-cedeao-pour-le-developpement-des-moyens-de-production-et-de-transport-de-lenergie-detaille-devant-les-deputes-communautaires#breadcrumb\",\"itemListElement\":[{\"@type\":\"ListItem\",\"position\":1,\"name\":\"Accueil\",\"item\":\"https:\/\/www.africa-press.net\/niger\/\"},{\"@type\":\"ListItem\",\"position\":2,\"name\":\"Le plan directeur de la CEDEAO pour le d\u00e9veloppement des moyens de production et de transport de l\u2019\u00e9nergie d\u00e9taill\u00e9 devant les d\u00e9put\u00e9s communautaires\"}]},{\"@type\":\"WebSite\",\"@id\":\"https:\/\/www.africa-press.net\/niger\/#website\",\"url\":\"https:\/\/www.africa-press.net\/niger\/\",\"name\":\"niger\",\"description\":\"Just another Africa News Agency Sites site\",\"potentialAction\":[{\"@type\":\"SearchAction\",\"target\":{\"@type\":\"EntryPoint\",\"urlTemplate\":\"https:\/\/www.africa-press.net\/niger\/?s={search_term_string}\"},\"query-input\":{\"@type\":\"PropertyValueSpecification\",\"valueRequired\":true,\"valueName\":\"search_term_string\"}}],\"inLanguage\":\"fr-FR\"},{\"@type\":\"Person\",\"@id\":\"https:\/\/www.africa-press.net\/niger\/#\/schema\/person\/2b1cf3cd81a31e3cd26889ca66d677f1\",\"name\":\"cfeditorfr\"}]}<\/script>\n<!-- \/ Yoast SEO Premium plugin. -->","yoast_head_json":{"title":"Le plan directeur de la CEDEAO pour le d\u00e9veloppement des moyens de production et de transport de l\u2019\u00e9nergie d\u00e9taill\u00e9 devant les d\u00e9put\u00e9s communautaires - niger","description":"Les d\u00e9put\u00e9s du parlement de la communaut\u00e9 \u00e9conomique des Etats de l\u2019Afrique de l\u2019Ouest (CEDEAO) ont pris connaissance, c ...","robots":{"index":"index","follow":"follow","max-snippet":"max-snippet:-1","max-image-preview":"max-image-preview:large","max-video-preview":"max-video-preview:-1"},"canonical":"https:\/\/www.africa-press.net\/niger\/economie\/le-plan-directeur-de-la-cedeao-pour-le-developpement-des-moyens-de-production-et-de-transport-de-lenergie-detaille-devant-les-deputes-communautaires","og_locale":"fr_FR","og_type":"article","og_title":"Le plan directeur de la CEDEAO pour le d\u00e9veloppement des moyens de production et de transport de l\u2019\u00e9nergie d\u00e9taill\u00e9 devant les d\u00e9put\u00e9s communautaires","og_description":"Les d\u00e9put\u00e9s du parlement de la communaut\u00e9 \u00e9conomique des Etats de l\u2019Afrique de l\u2019Ouest (CEDEAO) ont pris connaissance, c ...","og_url":"https:\/\/www.africa-press.net\/niger\/economie\/le-plan-directeur-de-la-cedeao-pour-le-developpement-des-moyens-de-production-et-de-transport-de-lenergie-detaille-devant-les-deputes-communautaires","og_site_name":"niger","article_published_time":"2021-08-11T12:10:29+00:00","article_modified_time":"2021-08-11T20:26:37+00:00","og_image":[{"width":1080,"height":720,"url":"https:\/\/static.africa-press.net\/niger\/sites\/40\/2021\/08\/img-6113b6a734f5b.jpg","type":"image\/jpeg"}],"author":"cfeditorfr","twitter_card":"summary_large_image","twitter_misc":{"\u00c9crit par":"cfeditorfr","Dur\u00e9e de lecture estim\u00e9e":"1 minute"},"schema":{"@context":"https:\/\/schema.org","@graph":[{"@type":"Article","@id":"https:\/\/www.africa-press.net\/niger\/economie\/le-plan-directeur-de-la-cedeao-pour-le-developpement-des-moyens-de-production-et-de-transport-de-lenergie-detaille-devant-les-deputes-communautaires#article","isPartOf":{"@id":"https:\/\/www.africa-press.net\/niger\/economie\/le-plan-directeur-de-la-cedeao-pour-le-developpement-des-moyens-de-production-et-de-transport-de-lenergie-detaille-devant-les-deputes-communautaires"},"author":{"name":"cfeditorfr","@id":"https:\/\/www.africa-press.net\/niger\/#\/schema\/person\/2b1cf3cd81a31e3cd26889ca66d677f1"},"headline":"Le plan directeur de la CEDEAO pour le d\u00e9veloppement des moyens de production et de transport de l\u2019\u00e9nergie d\u00e9taill\u00e9 devant les d\u00e9put\u00e9s communautaires","datePublished":"2021-08-11T12:10:29+00:00","dateModified":"2021-08-11T20:26:37+00:00","mainEntityOfPage":{"@id":"https:\/\/www.africa-press.net\/niger\/economie\/le-plan-directeur-de-la-cedeao-pour-le-developpement-des-moyens-de-production-et-de-transport-de-lenergie-detaille-devant-les-deputes-communautaires"},"wordCount":316,"commentCount":0,"image":{"@id":"https:\/\/www.africa-press.net\/niger\/economie\/le-plan-directeur-de-la-cedeao-pour-le-developpement-des-moyens-de-production-et-de-transport-de-lenergie-detaille-devant-les-deputes-communautaires#primaryimage"},"thumbnailUrl":"https:\/\/static.africa-press.net\/niger\/sites\/40\/2021\/08\/img-6113b6a734f5b.jpg","keywords":["Africa Press","Africa Press-Niger","Niger"],"articleSection":["\u00c9conomie","homepage-french","Top Nouvelles","Toutes les actualit\u00e9s"],"inLanguage":"fr-FR","potentialAction":[{"@type":"CommentAction","name":"Comment","target":["https:\/\/www.africa-press.net\/niger\/economie\/le-plan-directeur-de-la-cedeao-pour-le-developpement-des-moyens-de-production-et-de-transport-de-lenergie-detaille-devant-les-deputes-communautaires#respond"]}]},{"@type":"WebPage","@id":"https:\/\/www.africa-press.net\/niger\/economie\/le-plan-directeur-de-la-cedeao-pour-le-developpement-des-moyens-de-production-et-de-transport-de-lenergie-detaille-devant-les-deputes-communautaires","url":"https:\/\/www.africa-press.net\/niger\/economie\/le-plan-directeur-de-la-cedeao-pour-le-developpement-des-moyens-de-production-et-de-transport-de-lenergie-detaille-devant-les-deputes-communautaires","name":"Le plan directeur de la CEDEAO pour le d\u00e9veloppement des moyens de production et de transport de l\u2019\u00e9nergie d\u00e9taill\u00e9 devant les d\u00e9put\u00e9s communautaires - niger","isPartOf":{"@id":"https:\/\/www.africa-press.net\/niger\/#website"},"primaryImageOfPage":{"@id":"https:\/\/www.africa-press.net\/niger\/economie\/le-plan-directeur-de-la-cedeao-pour-le-developpement-des-moyens-de-production-et-de-transport-de-lenergie-detaille-devant-les-deputes-communautaires#primaryimage"},"image":{"@id":"https:\/\/www.africa-press.net\/niger\/economie\/le-plan-directeur-de-la-cedeao-pour-le-developpement-des-moyens-de-production-et-de-transport-de-lenergie-detaille-devant-les-deputes-communautaires#primaryimage"},"thumbnailUrl":"https:\/\/static.africa-press.net\/niger\/sites\/40\/2021\/08\/img-6113b6a734f5b.jpg","datePublished":"2021-08-11T12:10:29+00:00","dateModified":"2021-08-11T20:26:37+00:00","author":{"@id":"https:\/\/www.africa-press.net\/niger\/#\/schema\/person\/2b1cf3cd81a31e3cd26889ca66d677f1"},"description":"Les d\u00e9put\u00e9s du parlement de la communaut\u00e9 \u00e9conomique des Etats de l\u2019Afrique de l\u2019Ouest (CEDEAO) ont pris connaissance, c ...","breadcrumb":{"@id":"https:\/\/www.africa-press.net\/niger\/economie\/le-plan-directeur-de-la-cedeao-pour-le-developpement-des-moyens-de-production-et-de-transport-de-lenergie-detaille-devant-les-deputes-communautaires#breadcrumb"},"inLanguage":"fr-FR","potentialAction":[{"@type":"ReadAction","target":["https:\/\/www.africa-press.net\/niger\/economie\/le-plan-directeur-de-la-cedeao-pour-le-developpement-des-moyens-de-production-et-de-transport-de-lenergie-detaille-devant-les-deputes-communautaires"]}]},{"@type":"ImageObject","inLanguage":"fr-FR","@id":"https:\/\/www.africa-press.net\/niger\/economie\/le-plan-directeur-de-la-cedeao-pour-le-developpement-des-moyens-de-production-et-de-transport-de-lenergie-detaille-devant-les-deputes-communautaires#primaryimage","url":"https:\/\/static.africa-press.net\/niger\/sites\/40\/2021\/08\/img-6113b6a734f5b.jpg","contentUrl":"https:\/\/static.africa-press.net\/niger\/sites\/40\/2021\/08\/img-6113b6a734f5b.jpg","width":1080,"height":720,"caption":"Le plan directeur de la CEDEAO pour le d\u00e9veloppement des moyens de production et de transport de l\u2019\u00e9nergie d\u00e9taill\u00e9 devant les d\u00e9put\u00e9s communautaires"},{"@type":"BreadcrumbList","@id":"https:\/\/www.africa-press.net\/niger\/economie\/le-plan-directeur-de-la-cedeao-pour-le-developpement-des-moyens-de-production-et-de-transport-de-lenergie-detaille-devant-les-deputes-communautaires#breadcrumb","itemListElement":[{"@type":"ListItem","position":1,"name":"Accueil","item":"https:\/\/www.africa-press.net\/niger\/"},{"@type":"ListItem","position":2,"name":"Le plan directeur de la CEDEAO pour le d\u00e9veloppement des moyens de production et de transport de l\u2019\u00e9nergie d\u00e9taill\u00e9 devant les d\u00e9put\u00e9s communautaires"}]},{"@type":"WebSite","@id":"https:\/\/www.africa-press.net\/niger\/#website","url":"https:\/\/www.africa-press.net\/niger\/","name":"niger","description":"Just another Africa News Agency Sites site","potentialAction":[{"@type":"SearchAction","target":{"@type":"EntryPoint","urlTemplate":"https:\/\/www.africa-press.net\/niger\/?s={search_term_string}"},"query-input":{"@type":"PropertyValueSpecification","valueRequired":true,"valueName":"search_term_string"}}],"inLanguage":"fr-FR"},{"@type":"Person","@id":"https:\/\/www.africa-press.net\/niger\/#\/schema\/person\/2b1cf3cd81a31e3cd26889ca66d677f1","name":"cfeditorfr"}]}},"_links":{"self":[{"href":"https:\/\/www.africa-press.net\/niger\/wp-json\/wp\/v2\/posts\/9840","targetHints":{"allow":["GET"]}}],"collection":[{"href":"https:\/\/www.africa-press.net\/niger\/wp-json\/wp\/v2\/posts"}],"about":[{"href":"https:\/\/www.africa-press.net\/niger\/wp-json\/wp\/v2\/types\/post"}],"author":[{"embeddable":true,"href":"https:\/\/www.africa-press.net\/niger\/wp-json\/wp\/v2\/users\/82"}],"replies":[{"embeddable":true,"href":"https:\/\/www.africa-press.net\/niger\/wp-json\/wp\/v2\/comments?post=9840"}],"version-history":[{"count":0,"href":"https:\/\/www.africa-press.net\/niger\/wp-json\/wp\/v2\/posts\/9840\/revisions"}],"wp:featuredmedia":[{"embeddable":true,"href":"https:\/\/www.africa-press.net\/niger\/wp-json\/wp\/v2\/media\/9839"}],"wp:attachment":[{"href":"https:\/\/www.africa-press.net\/niger\/wp-json\/wp\/v2\/media?parent=9840"}],"wp:term":[{"taxonomy":"category","embeddable":true,"href":"https:\/\/www.africa-press.net\/niger\/wp-json\/wp\/v2\/categories?post=9840"},{"taxonomy":"post_tag","embeddable":true,"href":"https:\/\/www.africa-press.net\/niger\/wp-json\/wp\/v2\/tags?post=9840"}],"curies":[{"name":"wp","href":"https:\/\/api.w.org\/{rel}","templated":true}]}}