{"id":9846,"date":"2021-08-11T12:28:00","date_gmt":"2021-08-11T12:28:00","guid":{"rendered":"https:\/\/www.africa-press.net\/niger\/?p=9846"},"modified":"2021-08-11T20:27:09","modified_gmt":"2021-08-11T20:27:09","slug":"ouverture-a-abidjan-de-la-reunion-delocalisee-du-parlement-de-la-cedeao-sur-lefficacite-energetique-en-afrique-de-louest","status":"publish","type":"post","link":"https:\/\/www.africa-press.net\/niger\/politique\/ouverture-a-abidjan-de-la-reunion-delocalisee-du-parlement-de-la-cedeao-sur-lefficacite-energetique-en-afrique-de-louest","title":{"rendered":"Ouverture \u00e0 Abidjan de la r\u00e9union d\u00e9localis\u00e9e du parlement de la CEDEAO sur l\u2019efficacit\u00e9 \u00e9nerg\u00e9tique en Afrique de l\u2019Ouest"},"content":{"rendered":"<p><span style=\"color: #ff6600\"><strong><a href=\"https:\/\/www.africa-press.net\/\">Africa-Press<\/a> &#8211; <a href=\"https:\/\/www.africa-press.net\/niger\">Niger<\/a>. <\/strong><\/span>La commission \u00e9nergie et mines, industrie et secteur priv\u00e9 du parlement de la communaut\u00e9 \u00e9conomique des Etats de l\u2019Afrique de l\u2019Ouest (CEDEAO) organise, ce mardi 10 ao\u00fbt 2021, une r\u00e9union d\u00e9localis\u00e9e \u00e0 Abidjan en C\u00f4te d\u2019Ivoire sur le th\u00e8me \u2018\u2019assurer l\u2019efficacit\u00e9 \u00e9nerg\u00e9tique en Afrique de l\u2019Ouest en mettant l\u2019accent sur l\u2019innovation, l\u2019implication active du secteur priv\u00e9 et de la participation citoyenne.<\/p>\n<p>Cette r\u00e9union vise \u00e0 \u00e9difier les d\u00e9put\u00e9s communautaires des actions de la CEDEAO en mati\u00e8re d\u2019efficacit\u00e9 \u00e9nerg\u00e9tique dans un contexte de persistance de la pand\u00e9mie de la COVID-19<\/p>\n<p>A cet effet, des sujets relatifs \u00e0 cette th\u00e9matique seront d\u00e9velopp\u00e9s \u00e0 l\u2019intention des d\u00e9put\u00e9s par des experts du domaine.<\/p>\n<p>Le parlement de la CEDEAO, conscient de l\u2019importance de l\u2019\u00e9nergie dans le d\u00e9veloppement de l\u2019espace communautaire, relativement \u00e0 sa responsabilit\u00e9 d\u00e9cisionnelle dans la communaut\u00e9 et des d\u00e9fis li\u00e9s \u00e0 ce secteur, a pris la d\u00e9cision d\u2019organiser cette r\u00e9union afin de faire connaitre ce que l\u2019institution fait en la mati\u00e8re.<\/p>\n<p>Selon le parlement de la CEDEAO l\u2019avenir \u00e9nerg\u00e9tique de l\u2019Afrique de l\u2019Ouest devra n\u00e9cessairement accorder une place de choix \u00e0 l\u2019innovation port\u00e9e par le secteur priv\u00e9 qui demeure un acteur cl\u00e9 pour le d\u00e9veloppement des solutions nouvelles dans cette recherche de la performance \u00e9nerg\u00e9tique dans l\u2019espace communautaire.<\/p>\n<p>A l\u2019ouverture de cette r\u00e9union, le pr\u00e9sident du parlement de la CEDEAO, l\u2019honorable Mohamed Sidie Tunis a indiqu\u00e9 que le co\u00fbt exorbitant de l\u2019\u00e9nergie p\u00e8se beaucoup sur l\u2019activit\u00e9 des agriculteurs, des artisans, des \u00e9l\u00e8ves de telle mani\u00e8re que l\u2019\u00e9nergie est devenue \u2018\u2019une question de survie pour les entreprises et pour les populations\u2019\u2019, et ce, en d\u00e9pit des potentialit\u00e9s dont regorge le continent en termes de mati\u00e8res premi\u00e8res.<\/p>\n<p>C\u2019est pourquoi, a-t-il pr\u00e9conis\u00e9, l\u2019exploitation des \u00e9nergies renouvelables qui peut contribuer \u00e0 \u2018\u2019am\u00e9liorer l\u2019efficacit\u00e9 \u00e9nerg\u00e9tique dans la sous-r\u00e9gion\u2019\u2019.<\/p>\n<p>Mohamed Sidie Tunis a \u00e9galement \u00e9voqu\u00e9, dans son intervention, le non-respect des arr\u00eats de la cours de justice de la communaut\u00e9 qui devaient normalement s\u2019imposer \u00e0 tout pays si tant est que chaque pays membre de la CEDEAO a opt\u00e9 pour une gouvernance d\u00e9mocratique.<\/p>\n<p>Quant au pr\u00e9sident de l\u2019assembl\u00e9e nationale de la c\u00f4te d\u2019Ivoire, ouvrant les travaux de cette r\u00e9union, Amadou Soumaouro a soutenu que la question de \u2018\u2019l\u2019\u00e9nergie doit \u00eatre au centre de toutes les politiques publiques de nos Etats\u2019\u2019.<\/p>\n<p>Pour lui, cette r\u00e9union d\u00e9localis\u00e9e du parlement de la CEDEAO est une belle occasion de partages de bonnes pratiques et de discussions concernant la vie des Etats de l\u2019Afrique de l\u2019Ouest.<\/p>\n<p>L\u2019honorable Soumaour\u00e9 a, \u00e0 cet effet, appel\u00e9 les Etats \u00e0 \u2018\u2019un large consensus autour de la question de l\u2019\u00e9nergie dans nos Etats\u2019\u2019.<\/p>\n<p>Cette c\u00e9r\u00e9monie d\u2019ouverture a, \u00e9galement, \u00e9t\u00e9 marqu\u00e9e par plusieurs discours dont des messages de solidarit\u00e9 prononc\u00e9s par la d\u00e9l\u00e9gation des parlementaires ivoiriens au parlement de la CEDEAO, le pr\u00e9sident de la commission mixte, le Ministre de d\u00e9l\u00e9gu\u00e9 ivoirien charg\u00e9 de l\u2019int\u00e9gration africaine, le Ministre des mines de la C\u00f4te d\u2019Ivoire, et l\u2019allocution du pr\u00e9sident de la commission de la CEDEAO, Jean Claude Kassi Brou qui a rappel\u00e9 qu\u2019en Afrique de l\u2019ouest le taux d\u2019acc\u00e8s \u00e0 l\u2019\u00e9lectricit\u00e9 est de 50%, dont moins de 10% en milieu rural, d\u2019o\u00f9 la n\u00e9cessit\u00e9 d\u2019agir vite en vue d\u2019apporter des solutions innovantes \u00e0 ce d\u00e9ficit.<\/p>\n<p>Il a, \u00e0 cette occasion, r\u00e9it\u00e9r\u00e9 l\u2019engagement de la CEDEAO \u00e0 accompagner les efforts tendant rendre plus accessible l\u2019\u00e9lectricit\u00e9 \u00e0 tous les \u00e9chelons de la vie socio\u00e9conomique des populations de l\u2019espace communautaire.<\/p>\n<p>La CEDEAO regroupe 15 Etats ouest africains qui mettent en commun leurs efforts pour atteindre l\u2019objectif d\u2019une int\u00e9gration sous r\u00e9gionale r\u00e9ussie, rappelle-t-on.<\/p>\n","protected":false},"excerpt":{"rendered":"<p>Africa-Press &#8211; Niger. La commission \u00e9nergie et mines, industrie et secteur priv\u00e9 du parlement de la communaut\u00e9 \u00e9conomique des Etats de l\u2019Afrique de l\u2019Ouest (CEDEAO) organise, ce mardi 10 ao\u00fbt 2021, une r\u00e9union d\u00e9localis\u00e9e \u00e0 Abidjan en C\u00f4te d\u2019Ivoire sur le th\u00e8me \u2018\u2019assurer l\u2019efficacit\u00e9 \u00e9nerg\u00e9tique en Afrique de l\u2019Ouest en mettant l\u2019accent sur l\u2019innovation, l\u2019implication [&hellip;]<\/p>\n","protected":false},"author":82,"featured_media":9845,"comment_status":"open","ping_status":"closed","sticky":false,"template":"","format":"standard","meta":{"footnotes":""},"categories":[11,2,10],"tags":[55,60,29],"class_list":["post-9846","post","type-post","status-publish","format-standard","has-post-thumbnail","hentry","category-homepage-french","category-politique","category-toutes-les-actualites","tag-africa-press","tag-africa-press-niger","tag-niger"],"yoast_head":"<!-- This site is optimized with the Yoast SEO Premium plugin v26.1 (Yoast SEO v27.0) - https:\/\/yoast.com\/product\/yoast-seo-premium-wordpress\/ -->\n<title>Ouverture \u00e0 Abidjan de la r\u00e9union d\u00e9localis\u00e9e du parlement de la CEDEAO sur l\u2019efficacit\u00e9 \u00e9nerg\u00e9tique en Afrique de l\u2019Ouest - niger<\/title>\n<meta name=\"description\" content=\"La commission \u00e9nergie et mines, industrie et secteur priv\u00e9 du parlement de la communaut\u00e9 \u00e9conomique des Etats de l\u2019Afriq ...\" \/>\n<meta name=\"robots\" content=\"index, follow, max-snippet:-1, max-image-preview:large, max-video-preview:-1\" \/>\n<link rel=\"canonical\" href=\"https:\/\/www.africa-press.net\/niger\/politique\/ouverture-a-abidjan-de-la-reunion-delocalisee-du-parlement-de-la-cedeao-sur-lefficacite-energetique-en-afrique-de-louest\" \/>\n<meta property=\"og:locale\" content=\"fr_FR\" \/>\n<meta property=\"og:type\" content=\"article\" \/>\n<meta property=\"og:title\" content=\"Ouverture \u00e0 Abidjan de la r\u00e9union d\u00e9localis\u00e9e du parlement de la CEDEAO sur l\u2019efficacit\u00e9 \u00e9nerg\u00e9tique en Afrique de l\u2019Ouest\" \/>\n<meta property=\"og:description\" content=\"La commission \u00e9nergie et mines, industrie et secteur priv\u00e9 du parlement de la communaut\u00e9 \u00e9conomique des Etats de l\u2019Afriq ...\" \/>\n<meta property=\"og:url\" content=\"https:\/\/www.africa-press.net\/niger\/politique\/ouverture-a-abidjan-de-la-reunion-delocalisee-du-parlement-de-la-cedeao-sur-lefficacite-energetique-en-afrique-de-louest\" \/>\n<meta property=\"og:site_name\" content=\"niger\" \/>\n<meta property=\"article:published_time\" content=\"2021-08-11T12:28:00+00:00\" \/>\n<meta property=\"article:modified_time\" content=\"2021-08-11T20:27:09+00:00\" \/>\n<meta property=\"og:image\" content=\"https:\/\/static.africa-press.net\/niger\/sites\/40\/2021\/08\/img-6113b73c59b57.jpg\" \/>\n\t<meta property=\"og:image:width\" content=\"1080\" \/>\n\t<meta property=\"og:image:height\" content=\"810\" \/>\n\t<meta property=\"og:image:type\" content=\"image\/jpeg\" \/>\n<meta name=\"author\" content=\"cfeditorfr\" \/>\n<meta name=\"twitter:card\" content=\"summary_large_image\" \/>\n<meta name=\"twitter:label1\" content=\"\u00c9crit par\" \/>\n\t<meta name=\"twitter:data1\" content=\"cfeditorfr\" \/>\n\t<meta name=\"twitter:label2\" content=\"Dur\u00e9e de lecture estim\u00e9e\" \/>\n\t<meta name=\"twitter:data2\" content=\"3 minutes\" \/>\n<script type=\"application\/ld+json\" class=\"yoast-schema-graph\">{\"@context\":\"https:\/\/schema.org\",\"@graph\":[{\"@type\":\"Article\",\"@id\":\"https:\/\/www.africa-press.net\/niger\/politique\/ouverture-a-abidjan-de-la-reunion-delocalisee-du-parlement-de-la-cedeao-sur-lefficacite-energetique-en-afrique-de-louest#article\",\"isPartOf\":{\"@id\":\"https:\/\/www.africa-press.net\/niger\/politique\/ouverture-a-abidjan-de-la-reunion-delocalisee-du-parlement-de-la-cedeao-sur-lefficacite-energetique-en-afrique-de-louest\"},\"author\":{\"name\":\"cfeditorfr\",\"@id\":\"https:\/\/www.africa-press.net\/niger\/#\/schema\/person\/2b1cf3cd81a31e3cd26889ca66d677f1\"},\"headline\":\"Ouverture \u00e0 Abidjan de la r\u00e9union d\u00e9localis\u00e9e du parlement de la CEDEAO sur l\u2019efficacit\u00e9 \u00e9nerg\u00e9tique en Afrique de l\u2019Ouest\",\"datePublished\":\"2021-08-11T12:28:00+00:00\",\"dateModified\":\"2021-08-11T20:27:09+00:00\",\"mainEntityOfPage\":{\"@id\":\"https:\/\/www.africa-press.net\/niger\/politique\/ouverture-a-abidjan-de-la-reunion-delocalisee-du-parlement-de-la-cedeao-sur-lefficacite-energetique-en-afrique-de-louest\"},\"wordCount\":710,\"commentCount\":0,\"image\":{\"@id\":\"https:\/\/www.africa-press.net\/niger\/politique\/ouverture-a-abidjan-de-la-reunion-delocalisee-du-parlement-de-la-cedeao-sur-lefficacite-energetique-en-afrique-de-louest#primaryimage\"},\"thumbnailUrl\":\"https:\/\/static.africa-press.net\/niger\/sites\/40\/2021\/08\/img-6113b73c59b57.jpg\",\"keywords\":[\"Africa Press\",\"Africa Press-Niger\",\"Niger\"],\"articleSection\":[\"homepage-french\",\"Politique\",\"Toutes les actualit\u00e9s\"],\"inLanguage\":\"fr-FR\",\"potentialAction\":[{\"@type\":\"CommentAction\",\"name\":\"Comment\",\"target\":[\"https:\/\/www.africa-press.net\/niger\/politique\/ouverture-a-abidjan-de-la-reunion-delocalisee-du-parlement-de-la-cedeao-sur-lefficacite-energetique-en-afrique-de-louest#respond\"]}]},{\"@type\":\"WebPage\",\"@id\":\"https:\/\/www.africa-press.net\/niger\/politique\/ouverture-a-abidjan-de-la-reunion-delocalisee-du-parlement-de-la-cedeao-sur-lefficacite-energetique-en-afrique-de-louest\",\"url\":\"https:\/\/www.africa-press.net\/niger\/politique\/ouverture-a-abidjan-de-la-reunion-delocalisee-du-parlement-de-la-cedeao-sur-lefficacite-energetique-en-afrique-de-louest\",\"name\":\"Ouverture \u00e0 Abidjan de la r\u00e9union d\u00e9localis\u00e9e du parlement de la CEDEAO sur l\u2019efficacit\u00e9 \u00e9nerg\u00e9tique en Afrique de l\u2019Ouest - niger\",\"isPartOf\":{\"@id\":\"https:\/\/www.africa-press.net\/niger\/#website\"},\"primaryImageOfPage\":{\"@id\":\"https:\/\/www.africa-press.net\/niger\/politique\/ouverture-a-abidjan-de-la-reunion-delocalisee-du-parlement-de-la-cedeao-sur-lefficacite-energetique-en-afrique-de-louest#primaryimage\"},\"image\":{\"@id\":\"https:\/\/www.africa-press.net\/niger\/politique\/ouverture-a-abidjan-de-la-reunion-delocalisee-du-parlement-de-la-cedeao-sur-lefficacite-energetique-en-afrique-de-louest#primaryimage\"},\"thumbnailUrl\":\"https:\/\/static.africa-press.net\/niger\/sites\/40\/2021\/08\/img-6113b73c59b57.jpg\",\"datePublished\":\"2021-08-11T12:28:00+00:00\",\"dateModified\":\"2021-08-11T20:27:09+00:00\",\"author\":{\"@id\":\"https:\/\/www.africa-press.net\/niger\/#\/schema\/person\/2b1cf3cd81a31e3cd26889ca66d677f1\"},\"description\":\"La commission \u00e9nergie et mines, industrie et secteur priv\u00e9 du parlement de la communaut\u00e9 \u00e9conomique des Etats de l\u2019Afriq ...\",\"breadcrumb\":{\"@id\":\"https:\/\/www.africa-press.net\/niger\/politique\/ouverture-a-abidjan-de-la-reunion-delocalisee-du-parlement-de-la-cedeao-sur-lefficacite-energetique-en-afrique-de-louest#breadcrumb\"},\"inLanguage\":\"fr-FR\",\"potentialAction\":[{\"@type\":\"ReadAction\",\"target\":[\"https:\/\/www.africa-press.net\/niger\/politique\/ouverture-a-abidjan-de-la-reunion-delocalisee-du-parlement-de-la-cedeao-sur-lefficacite-energetique-en-afrique-de-louest\"]}]},{\"@type\":\"ImageObject\",\"inLanguage\":\"fr-FR\",\"@id\":\"https:\/\/www.africa-press.net\/niger\/politique\/ouverture-a-abidjan-de-la-reunion-delocalisee-du-parlement-de-la-cedeao-sur-lefficacite-energetique-en-afrique-de-louest#primaryimage\",\"url\":\"https:\/\/static.africa-press.net\/niger\/sites\/40\/2021\/08\/img-6113b73c59b57.jpg\",\"contentUrl\":\"https:\/\/static.africa-press.net\/niger\/sites\/40\/2021\/08\/img-6113b73c59b57.jpg\",\"width\":1080,\"height\":810,\"caption\":\"Ouverture \u00e0 Abidjan de la r\u00e9union d\u00e9localis\u00e9e du parlement de la CEDEAO sur l\u2019efficacit\u00e9 \u00e9nerg\u00e9tique en Afrique de l\u2019Ouest\"},{\"@type\":\"BreadcrumbList\",\"@id\":\"https:\/\/www.africa-press.net\/niger\/politique\/ouverture-a-abidjan-de-la-reunion-delocalisee-du-parlement-de-la-cedeao-sur-lefficacite-energetique-en-afrique-de-louest#breadcrumb\",\"itemListElement\":[{\"@type\":\"ListItem\",\"position\":1,\"name\":\"Accueil\",\"item\":\"https:\/\/www.africa-press.net\/niger\/\"},{\"@type\":\"ListItem\",\"position\":2,\"name\":\"Ouverture \u00e0 Abidjan de la r\u00e9union d\u00e9localis\u00e9e du parlement de la CEDEAO sur l\u2019efficacit\u00e9 \u00e9nerg\u00e9tique en Afrique de l\u2019Ouest\"}]},{\"@type\":\"WebSite\",\"@id\":\"https:\/\/www.africa-press.net\/niger\/#website\",\"url\":\"https:\/\/www.africa-press.net\/niger\/\",\"name\":\"niger\",\"description\":\"Just another Africa News Agency Sites site\",\"potentialAction\":[{\"@type\":\"SearchAction\",\"target\":{\"@type\":\"EntryPoint\",\"urlTemplate\":\"https:\/\/www.africa-press.net\/niger\/?s={search_term_string}\"},\"query-input\":{\"@type\":\"PropertyValueSpecification\",\"valueRequired\":true,\"valueName\":\"search_term_string\"}}],\"inLanguage\":\"fr-FR\"},{\"@type\":\"Person\",\"@id\":\"https:\/\/www.africa-press.net\/niger\/#\/schema\/person\/2b1cf3cd81a31e3cd26889ca66d677f1\",\"name\":\"cfeditorfr\"}]}<\/script>\n<!-- \/ Yoast SEO Premium plugin. -->","yoast_head_json":{"title":"Ouverture \u00e0 Abidjan de la r\u00e9union d\u00e9localis\u00e9e du parlement de la CEDEAO sur l\u2019efficacit\u00e9 \u00e9nerg\u00e9tique en Afrique de l\u2019Ouest - niger","description":"La commission \u00e9nergie et mines, industrie et secteur priv\u00e9 du parlement de la communaut\u00e9 \u00e9conomique des Etats de l\u2019Afriq ...","robots":{"index":"index","follow":"follow","max-snippet":"max-snippet:-1","max-image-preview":"max-image-preview:large","max-video-preview":"max-video-preview:-1"},"canonical":"https:\/\/www.africa-press.net\/niger\/politique\/ouverture-a-abidjan-de-la-reunion-delocalisee-du-parlement-de-la-cedeao-sur-lefficacite-energetique-en-afrique-de-louest","og_locale":"fr_FR","og_type":"article","og_title":"Ouverture \u00e0 Abidjan de la r\u00e9union d\u00e9localis\u00e9e du parlement de la CEDEAO sur l\u2019efficacit\u00e9 \u00e9nerg\u00e9tique en Afrique de l\u2019Ouest","og_description":"La commission \u00e9nergie et mines, industrie et secteur priv\u00e9 du parlement de la communaut\u00e9 \u00e9conomique des Etats de l\u2019Afriq ...","og_url":"https:\/\/www.africa-press.net\/niger\/politique\/ouverture-a-abidjan-de-la-reunion-delocalisee-du-parlement-de-la-cedeao-sur-lefficacite-energetique-en-afrique-de-louest","og_site_name":"niger","article_published_time":"2021-08-11T12:28:00+00:00","article_modified_time":"2021-08-11T20:27:09+00:00","og_image":[{"width":1080,"height":810,"url":"https:\/\/static.africa-press.net\/niger\/sites\/40\/2021\/08\/img-6113b73c59b57.jpg","type":"image\/jpeg"}],"author":"cfeditorfr","twitter_card":"summary_large_image","twitter_misc":{"\u00c9crit par":"cfeditorfr","Dur\u00e9e de lecture estim\u00e9e":"3 minutes"},"schema":{"@context":"https:\/\/schema.org","@graph":[{"@type":"Article","@id":"https:\/\/www.africa-press.net\/niger\/politique\/ouverture-a-abidjan-de-la-reunion-delocalisee-du-parlement-de-la-cedeao-sur-lefficacite-energetique-en-afrique-de-louest#article","isPartOf":{"@id":"https:\/\/www.africa-press.net\/niger\/politique\/ouverture-a-abidjan-de-la-reunion-delocalisee-du-parlement-de-la-cedeao-sur-lefficacite-energetique-en-afrique-de-louest"},"author":{"name":"cfeditorfr","@id":"https:\/\/www.africa-press.net\/niger\/#\/schema\/person\/2b1cf3cd81a31e3cd26889ca66d677f1"},"headline":"Ouverture \u00e0 Abidjan de la r\u00e9union d\u00e9localis\u00e9e du parlement de la CEDEAO sur l\u2019efficacit\u00e9 \u00e9nerg\u00e9tique en Afrique de l\u2019Ouest","datePublished":"2021-08-11T12:28:00+00:00","dateModified":"2021-08-11T20:27:09+00:00","mainEntityOfPage":{"@id":"https:\/\/www.africa-press.net\/niger\/politique\/ouverture-a-abidjan-de-la-reunion-delocalisee-du-parlement-de-la-cedeao-sur-lefficacite-energetique-en-afrique-de-louest"},"wordCount":710,"commentCount":0,"image":{"@id":"https:\/\/www.africa-press.net\/niger\/politique\/ouverture-a-abidjan-de-la-reunion-delocalisee-du-parlement-de-la-cedeao-sur-lefficacite-energetique-en-afrique-de-louest#primaryimage"},"thumbnailUrl":"https:\/\/static.africa-press.net\/niger\/sites\/40\/2021\/08\/img-6113b73c59b57.jpg","keywords":["Africa Press","Africa Press-Niger","Niger"],"articleSection":["homepage-french","Politique","Toutes les actualit\u00e9s"],"inLanguage":"fr-FR","potentialAction":[{"@type":"CommentAction","name":"Comment","target":["https:\/\/www.africa-press.net\/niger\/politique\/ouverture-a-abidjan-de-la-reunion-delocalisee-du-parlement-de-la-cedeao-sur-lefficacite-energetique-en-afrique-de-louest#respond"]}]},{"@type":"WebPage","@id":"https:\/\/www.africa-press.net\/niger\/politique\/ouverture-a-abidjan-de-la-reunion-delocalisee-du-parlement-de-la-cedeao-sur-lefficacite-energetique-en-afrique-de-louest","url":"https:\/\/www.africa-press.net\/niger\/politique\/ouverture-a-abidjan-de-la-reunion-delocalisee-du-parlement-de-la-cedeao-sur-lefficacite-energetique-en-afrique-de-louest","name":"Ouverture \u00e0 Abidjan de la r\u00e9union d\u00e9localis\u00e9e du parlement de la CEDEAO sur l\u2019efficacit\u00e9 \u00e9nerg\u00e9tique en Afrique de l\u2019Ouest - niger","isPartOf":{"@id":"https:\/\/www.africa-press.net\/niger\/#website"},"primaryImageOfPage":{"@id":"https:\/\/www.africa-press.net\/niger\/politique\/ouverture-a-abidjan-de-la-reunion-delocalisee-du-parlement-de-la-cedeao-sur-lefficacite-energetique-en-afrique-de-louest#primaryimage"},"image":{"@id":"https:\/\/www.africa-press.net\/niger\/politique\/ouverture-a-abidjan-de-la-reunion-delocalisee-du-parlement-de-la-cedeao-sur-lefficacite-energetique-en-afrique-de-louest#primaryimage"},"thumbnailUrl":"https:\/\/static.africa-press.net\/niger\/sites\/40\/2021\/08\/img-6113b73c59b57.jpg","datePublished":"2021-08-11T12:28:00+00:00","dateModified":"2021-08-11T20:27:09+00:00","author":{"@id":"https:\/\/www.africa-press.net\/niger\/#\/schema\/person\/2b1cf3cd81a31e3cd26889ca66d677f1"},"description":"La commission \u00e9nergie et mines, industrie et secteur priv\u00e9 du parlement de la communaut\u00e9 \u00e9conomique des Etats de l\u2019Afriq ...","breadcrumb":{"@id":"https:\/\/www.africa-press.net\/niger\/politique\/ouverture-a-abidjan-de-la-reunion-delocalisee-du-parlement-de-la-cedeao-sur-lefficacite-energetique-en-afrique-de-louest#breadcrumb"},"inLanguage":"fr-FR","potentialAction":[{"@type":"ReadAction","target":["https:\/\/www.africa-press.net\/niger\/politique\/ouverture-a-abidjan-de-la-reunion-delocalisee-du-parlement-de-la-cedeao-sur-lefficacite-energetique-en-afrique-de-louest"]}]},{"@type":"ImageObject","inLanguage":"fr-FR","@id":"https:\/\/www.africa-press.net\/niger\/politique\/ouverture-a-abidjan-de-la-reunion-delocalisee-du-parlement-de-la-cedeao-sur-lefficacite-energetique-en-afrique-de-louest#primaryimage","url":"https:\/\/static.africa-press.net\/niger\/sites\/40\/2021\/08\/img-6113b73c59b57.jpg","contentUrl":"https:\/\/static.africa-press.net\/niger\/sites\/40\/2021\/08\/img-6113b73c59b57.jpg","width":1080,"height":810,"caption":"Ouverture \u00e0 Abidjan de la r\u00e9union d\u00e9localis\u00e9e du parlement de la CEDEAO sur l\u2019efficacit\u00e9 \u00e9nerg\u00e9tique en Afrique de l\u2019Ouest"},{"@type":"BreadcrumbList","@id":"https:\/\/www.africa-press.net\/niger\/politique\/ouverture-a-abidjan-de-la-reunion-delocalisee-du-parlement-de-la-cedeao-sur-lefficacite-energetique-en-afrique-de-louest#breadcrumb","itemListElement":[{"@type":"ListItem","position":1,"name":"Accueil","item":"https:\/\/www.africa-press.net\/niger\/"},{"@type":"ListItem","position":2,"name":"Ouverture \u00e0 Abidjan de la r\u00e9union d\u00e9localis\u00e9e du parlement de la CEDEAO sur l\u2019efficacit\u00e9 \u00e9nerg\u00e9tique en Afrique de l\u2019Ouest"}]},{"@type":"WebSite","@id":"https:\/\/www.africa-press.net\/niger\/#website","url":"https:\/\/www.africa-press.net\/niger\/","name":"niger","description":"Just another Africa News Agency Sites site","potentialAction":[{"@type":"SearchAction","target":{"@type":"EntryPoint","urlTemplate":"https:\/\/www.africa-press.net\/niger\/?s={search_term_string}"},"query-input":{"@type":"PropertyValueSpecification","valueRequired":true,"valueName":"search_term_string"}}],"inLanguage":"fr-FR"},{"@type":"Person","@id":"https:\/\/www.africa-press.net\/niger\/#\/schema\/person\/2b1cf3cd81a31e3cd26889ca66d677f1","name":"cfeditorfr"}]}},"_links":{"self":[{"href":"https:\/\/www.africa-press.net\/niger\/wp-json\/wp\/v2\/posts\/9846","targetHints":{"allow":["GET"]}}],"collection":[{"href":"https:\/\/www.africa-press.net\/niger\/wp-json\/wp\/v2\/posts"}],"about":[{"href":"https:\/\/www.africa-press.net\/niger\/wp-json\/wp\/v2\/types\/post"}],"author":[{"embeddable":true,"href":"https:\/\/www.africa-press.net\/niger\/wp-json\/wp\/v2\/users\/82"}],"replies":[{"embeddable":true,"href":"https:\/\/www.africa-press.net\/niger\/wp-json\/wp\/v2\/comments?post=9846"}],"version-history":[{"count":0,"href":"https:\/\/www.africa-press.net\/niger\/wp-json\/wp\/v2\/posts\/9846\/revisions"}],"wp:featuredmedia":[{"embeddable":true,"href":"https:\/\/www.africa-press.net\/niger\/wp-json\/wp\/v2\/media\/9845"}],"wp:attachment":[{"href":"https:\/\/www.africa-press.net\/niger\/wp-json\/wp\/v2\/media?parent=9846"}],"wp:term":[{"taxonomy":"category","embeddable":true,"href":"https:\/\/www.africa-press.net\/niger\/wp-json\/wp\/v2\/categories?post=9846"},{"taxonomy":"post_tag","embeddable":true,"href":"https:\/\/www.africa-press.net\/niger\/wp-json\/wp\/v2\/tags?post=9846"}],"curies":[{"name":"wp","href":"https:\/\/api.w.org\/{rel}","templated":true}]}}