{"id":9906,"date":"2021-08-12T10:33:25","date_gmt":"2021-08-12T10:33:25","guid":{"rendered":"https:\/\/www.africa-press.net\/niger\/?p=9906"},"modified":"2021-08-12T18:47:26","modified_gmt":"2021-08-12T18:47:26","slug":"quinze-civils-tues-dans-louest-du-niger-pres-du-mali","status":"publish","type":"post","link":"https:\/\/www.africa-press.net\/niger\/politique\/quinze-civils-tues-dans-louest-du-niger-pres-du-mali","title":{"rendered":"Quinze civils tu\u00e9s dans l&rsquo;ouest du Niger, pr\u00e8s du Mali"},"content":{"rendered":"<p><span style=\"color: #ff6600\"><strong><a href=\"https:\/\/www.africa-press.net\/\">Africa-Press<\/a> &#8211; <a href=\"https:\/\/www.africa-press.net\/niger\">Niger<\/a>. <\/strong><\/span><b>Quinze civils ont \u00e9t\u00e9 tu\u00e9s lundi au Niger lors d&rsquo;une attaque dans la zone de Banibangou, pr\u00e8s du Mali, o\u00f9 33 personnes ont \u00e9t\u00e9 assassin\u00e9es fin juillet par des jihadistes pr\u00e9sum\u00e9s.<\/b><\/p>\n<p>Nouveau massacre de civils au Niger. Lundi \u00ab\u00a0aux environs de 14 h, des individus arm\u00e9s non encore identifi\u00e9s ont men\u00e9 une attaque\u00a0\u00bb contre un village du d\u00e9partement de Banibangou, ciblant \u00ab\u00a0des populations travaillant dans un champ\u00a0\u00bb et qui \u00ab\u00a0s&rsquo;est sold\u00e9e par la mort de 15 personnes et deux autres bless\u00e9es\u00a0\u00bb, a indiqu\u00e9, mercredi 11 ao\u00fbt, le minist\u00e8re nig\u00e9rien de l&rsquo;Int\u00e9rieur dans un communiqu\u00e9.<\/p>\n<p>Le d\u00e9partement de Banibangou se trouve dans la r\u00e9gion de Tillab\u00e9ri, zone dite des \u00ab\u00a0trois fronti\u00e8res\u00a0\u00bb entre Niger, Burkina Faso et Mali, th\u00e9\u00e2tre depuis des ann\u00e9es d&rsquo;actions sanglantes de groupes jihadistes li\u00e9s \u00e0 Al-Qa\u00efda et \u00e0 l&rsquo;organisation \u00c9tat islamique.<\/p>\n<p>Le 25 juillet, 14 civils avaient \u00e9t\u00e9 tu\u00e9s dans le village de Wiy\u00e9, et trois jours plus tard, le 28 juillet, 19 personnes avaient \u00e9t\u00e9 massacr\u00e9es dans le village de D\u00e8ye Koukou, dans le m\u00eame d\u00e9partement de Banibangou, selon les autorit\u00e9s. Les assaillants \u00e9taient venus \u00e0 moto et certaines victimes avaient \u00e9t\u00e9 froidement abattues alors qu&rsquo;elles travaillaient dans leurs champs, d&rsquo;apr\u00e8s des t\u00e9moins.<\/p>\n<p>Comme apr\u00e8s ces deux attaques, le minist\u00e8re nig\u00e9rien de l&rsquo;Int\u00e9rieur a assur\u00e9, mercredi, que des \u00ab\u00a0dispositions s\u00e9curitaires et sanitaires\u00a0\u00bb \u00e9taient renforc\u00e9es dans la zone et qu&rsquo;une enqu\u00eate avait \u00e9t\u00e9 ouverte pour retrouver les auteurs de ces tueries.<\/p>\n<p><b>Massacres<\/b><\/p>\n<p>Human rights watch (HRW) a affirm\u00e9, mercredi, que plus de 420 civils avaient \u00e9t\u00e9 tu\u00e9s depuis le d\u00e9but de l&rsquo;ann\u00e9e dans l&rsquo;ouest du Niger dans des attaques men\u00e9es par des groupes jihadistes, qui ont \u00e9galement contraint des dizaines de milliers de personnes \u00e0 fuir.<\/p>\n<p>Selon des bilans officiels, 307 civils ont \u00e9t\u00e9 massacr\u00e9s entre janvier et mars : 100 en janvier \u00e0 Tchoma Bangou et Zaroumadereye, 66 le 15 mars lors d&rsquo;attaques de v\u00e9hicules qui rentraient d&rsquo;un grand march\u00e9 dans la r\u00e9gion de Tillab\u00e9ri, et 141 le 21 mars dans des localit\u00e9s, hameaux et campements de la r\u00e9gion de Tahoua, \u00e9galement proche du Mali. Les r\u00e9gions de Tillab\u00e9ri et Tahoua demeurent instables malgr\u00e9 d&rsquo;importants efforts pour tenter de les s\u00e9curiser.<\/p>\n<p>Un contingent de 1 200 soldats de l&rsquo;arm\u00e9e tchadienne, r\u00e9put\u00e9e la plus aguerrie de la r\u00e9gion, a \u00e9t\u00e9 d\u00e9ploy\u00e9 dans la zone des \u00ab\u00a0trois fronti\u00e8res\u00a0\u00bb, dans le cadre de la force multinationale antijihadiste du \u00ab\u00a0G5 Sahel\u00a0\u00bb regroupant cinq pays (Mauritanie, Mali, Burkina, Niger, Tchad).<\/p>\n<p>Dans le sud-est, le Niger doit \u00e9galement faire face aux atrocit\u00e9s des jihadistes nig\u00e9rians de Boko Haram et du groupe \u00c9tat islamique en Afrique de l&rsquo;Ouest (Iswap).<\/p>\n<p><b>\u00a0<\/b><\/p>\n","protected":false},"excerpt":{"rendered":"<p>Africa-Press &#8211; Niger. Quinze civils ont \u00e9t\u00e9 tu\u00e9s lundi au Niger lors d&rsquo;une attaque dans la zone de Banibangou, pr\u00e8s du Mali, o\u00f9 33 personnes ont \u00e9t\u00e9 assassin\u00e9es fin juillet par des jihadistes pr\u00e9sum\u00e9s. Nouveau massacre de civils au Niger. Lundi \u00ab\u00a0aux environs de 14 h, des individus arm\u00e9s non encore identifi\u00e9s ont men\u00e9 une [&hellip;]<\/p>\n","protected":false},"author":82,"featured_media":9905,"comment_status":"open","ping_status":"closed","sticky":false,"template":"","format":"standard","meta":{"footnotes":""},"categories":[11,2,20,10],"tags":[55,60,66,29,103],"class_list":["post-9906","post","type-post","status-publish","format-standard","has-post-thumbnail","hentry","category-homepage-french","category-politique","category-top-nouvelles","category-toutes-les-actualites","tag-africa-press","tag-africa-press-niger","tag-jihadistes","tag-niger","tag-terrorisme"],"yoast_head":"<!-- This site is optimized with the Yoast SEO Premium plugin v26.1 (Yoast SEO v27.0) - https:\/\/yoast.com\/product\/yoast-seo-premium-wordpress\/ -->\n<title>Quinze civils tu\u00e9s dans l&#039;ouest du Niger, pr\u00e8s du Mali - niger<\/title>\n<meta name=\"description\" content=\"Quinze civils ont \u00e9t\u00e9 tu\u00e9s lundi au Niger lors d&#039;une attaque dans la zone de Banibangou, pr\u00e8s du Mali, o\u00f9 33 personne ...\" \/>\n<meta name=\"robots\" content=\"index, follow, max-snippet:-1, max-image-preview:large, max-video-preview:-1\" \/>\n<link rel=\"canonical\" href=\"https:\/\/www.africa-press.net\/niger\/politique\/quinze-civils-tues-dans-louest-du-niger-pres-du-mali\" \/>\n<meta property=\"og:locale\" content=\"fr_FR\" \/>\n<meta property=\"og:type\" content=\"article\" \/>\n<meta property=\"og:title\" content=\"Quinze civils tu\u00e9s dans l&#039;ouest du Niger, pr\u00e8s du Mali\" \/>\n<meta property=\"og:description\" content=\"Quinze civils ont \u00e9t\u00e9 tu\u00e9s lundi au Niger lors d&#039;une attaque dans la zone de Banibangou, pr\u00e8s du Mali, o\u00f9 33 personne ...\" \/>\n<meta property=\"og:url\" content=\"https:\/\/www.africa-press.net\/niger\/politique\/quinze-civils-tues-dans-louest-du-niger-pres-du-mali\" \/>\n<meta property=\"og:site_name\" content=\"niger\" \/>\n<meta property=\"article:published_time\" content=\"2021-08-12T10:33:25+00:00\" \/>\n<meta property=\"article:modified_time\" content=\"2021-08-12T18:47:26+00:00\" \/>\n<meta property=\"og:image\" content=\"https:\/\/static.africa-press.net\/niger\/sites\/40\/2021\/08\/img-6114f64f4595a.jpg\" \/>\n\t<meta property=\"og:image:width\" content=\"1920\" \/>\n\t<meta property=\"og:image:height\" content=\"1276\" \/>\n\t<meta property=\"og:image:type\" content=\"image\/jpeg\" \/>\n<meta name=\"author\" content=\"cfeditorfr\" \/>\n<meta name=\"twitter:card\" content=\"summary_large_image\" \/>\n<meta name=\"twitter:label1\" content=\"\u00c9crit par\" \/>\n\t<meta name=\"twitter:data1\" content=\"cfeditorfr\" \/>\n\t<meta name=\"twitter:label2\" content=\"Dur\u00e9e de lecture estim\u00e9e\" \/>\n\t<meta name=\"twitter:data2\" content=\"2 minutes\" \/>\n<script type=\"application\/ld+json\" class=\"yoast-schema-graph\">{\"@context\":\"https:\/\/schema.org\",\"@graph\":[{\"@type\":\"Article\",\"@id\":\"https:\/\/www.africa-press.net\/niger\/politique\/quinze-civils-tues-dans-louest-du-niger-pres-du-mali#article\",\"isPartOf\":{\"@id\":\"https:\/\/www.africa-press.net\/niger\/politique\/quinze-civils-tues-dans-louest-du-niger-pres-du-mali\"},\"author\":{\"name\":\"cfeditorfr\",\"@id\":\"https:\/\/www.africa-press.net\/niger\/#\/schema\/person\/2b1cf3cd81a31e3cd26889ca66d677f1\"},\"headline\":\"Quinze civils tu\u00e9s dans l&rsquo;ouest du Niger, pr\u00e8s du Mali\",\"datePublished\":\"2021-08-12T10:33:25+00:00\",\"dateModified\":\"2021-08-12T18:47:26+00:00\",\"mainEntityOfPage\":{\"@id\":\"https:\/\/www.africa-press.net\/niger\/politique\/quinze-civils-tues-dans-louest-du-niger-pres-du-mali\"},\"wordCount\":492,\"commentCount\":0,\"image\":{\"@id\":\"https:\/\/www.africa-press.net\/niger\/politique\/quinze-civils-tues-dans-louest-du-niger-pres-du-mali#primaryimage\"},\"thumbnailUrl\":\"https:\/\/static.africa-press.net\/niger\/sites\/40\/2021\/08\/img-6114f64f4595a.jpg\",\"keywords\":[\"Africa Press\",\"Africa Press-Niger\",\"Jihadistes\",\"Niger\",\"Terrorisme\"],\"articleSection\":[\"homepage-french\",\"Politique\",\"Top Nouvelles\",\"Toutes les actualit\u00e9s\"],\"inLanguage\":\"fr-FR\",\"potentialAction\":[{\"@type\":\"CommentAction\",\"name\":\"Comment\",\"target\":[\"https:\/\/www.africa-press.net\/niger\/politique\/quinze-civils-tues-dans-louest-du-niger-pres-du-mali#respond\"]}]},{\"@type\":\"WebPage\",\"@id\":\"https:\/\/www.africa-press.net\/niger\/politique\/quinze-civils-tues-dans-louest-du-niger-pres-du-mali\",\"url\":\"https:\/\/www.africa-press.net\/niger\/politique\/quinze-civils-tues-dans-louest-du-niger-pres-du-mali\",\"name\":\"Quinze civils tu\u00e9s dans l'ouest du Niger, pr\u00e8s du Mali - niger\",\"isPartOf\":{\"@id\":\"https:\/\/www.africa-press.net\/niger\/#website\"},\"primaryImageOfPage\":{\"@id\":\"https:\/\/www.africa-press.net\/niger\/politique\/quinze-civils-tues-dans-louest-du-niger-pres-du-mali#primaryimage\"},\"image\":{\"@id\":\"https:\/\/www.africa-press.net\/niger\/politique\/quinze-civils-tues-dans-louest-du-niger-pres-du-mali#primaryimage\"},\"thumbnailUrl\":\"https:\/\/static.africa-press.net\/niger\/sites\/40\/2021\/08\/img-6114f64f4595a.jpg\",\"datePublished\":\"2021-08-12T10:33:25+00:00\",\"dateModified\":\"2021-08-12T18:47:26+00:00\",\"author\":{\"@id\":\"https:\/\/www.africa-press.net\/niger\/#\/schema\/person\/2b1cf3cd81a31e3cd26889ca66d677f1\"},\"description\":\"Quinze civils ont \u00e9t\u00e9 tu\u00e9s lundi au Niger lors d'une attaque dans la zone de Banibangou, pr\u00e8s du Mali, o\u00f9 33 personne ...\",\"breadcrumb\":{\"@id\":\"https:\/\/www.africa-press.net\/niger\/politique\/quinze-civils-tues-dans-louest-du-niger-pres-du-mali#breadcrumb\"},\"inLanguage\":\"fr-FR\",\"potentialAction\":[{\"@type\":\"ReadAction\",\"target\":[\"https:\/\/www.africa-press.net\/niger\/politique\/quinze-civils-tues-dans-louest-du-niger-pres-du-mali\"]}]},{\"@type\":\"ImageObject\",\"inLanguage\":\"fr-FR\",\"@id\":\"https:\/\/www.africa-press.net\/niger\/politique\/quinze-civils-tues-dans-louest-du-niger-pres-du-mali#primaryimage\",\"url\":\"https:\/\/static.africa-press.net\/niger\/sites\/40\/2021\/08\/img-6114f64f4595a.jpg\",\"contentUrl\":\"https:\/\/static.africa-press.net\/niger\/sites\/40\/2021\/08\/img-6114f64f4595a.jpg\",\"width\":1920,\"height\":1276,\"caption\":\"Quinze civils tu\u00e9s dans l'ouest du Niger, pr\u00e8s du Mali\"},{\"@type\":\"BreadcrumbList\",\"@id\":\"https:\/\/www.africa-press.net\/niger\/politique\/quinze-civils-tues-dans-louest-du-niger-pres-du-mali#breadcrumb\",\"itemListElement\":[{\"@type\":\"ListItem\",\"position\":1,\"name\":\"Accueil\",\"item\":\"https:\/\/www.africa-press.net\/niger\/\"},{\"@type\":\"ListItem\",\"position\":2,\"name\":\"Quinze civils tu\u00e9s dans l&#8217;ouest du Niger, pr\u00e8s du Mali\"}]},{\"@type\":\"WebSite\",\"@id\":\"https:\/\/www.africa-press.net\/niger\/#website\",\"url\":\"https:\/\/www.africa-press.net\/niger\/\",\"name\":\"niger\",\"description\":\"Just another Africa News Agency Sites site\",\"potentialAction\":[{\"@type\":\"SearchAction\",\"target\":{\"@type\":\"EntryPoint\",\"urlTemplate\":\"https:\/\/www.africa-press.net\/niger\/?s={search_term_string}\"},\"query-input\":{\"@type\":\"PropertyValueSpecification\",\"valueRequired\":true,\"valueName\":\"search_term_string\"}}],\"inLanguage\":\"fr-FR\"},{\"@type\":\"Person\",\"@id\":\"https:\/\/www.africa-press.net\/niger\/#\/schema\/person\/2b1cf3cd81a31e3cd26889ca66d677f1\",\"name\":\"cfeditorfr\"}]}<\/script>\n<!-- \/ Yoast SEO Premium plugin. -->","yoast_head_json":{"title":"Quinze civils tu\u00e9s dans l'ouest du Niger, pr\u00e8s du Mali - niger","description":"Quinze civils ont \u00e9t\u00e9 tu\u00e9s lundi au Niger lors d'une attaque dans la zone de Banibangou, pr\u00e8s du Mali, o\u00f9 33 personne ...","robots":{"index":"index","follow":"follow","max-snippet":"max-snippet:-1","max-image-preview":"max-image-preview:large","max-video-preview":"max-video-preview:-1"},"canonical":"https:\/\/www.africa-press.net\/niger\/politique\/quinze-civils-tues-dans-louest-du-niger-pres-du-mali","og_locale":"fr_FR","og_type":"article","og_title":"Quinze civils tu\u00e9s dans l'ouest du Niger, pr\u00e8s du Mali","og_description":"Quinze civils ont \u00e9t\u00e9 tu\u00e9s lundi au Niger lors d'une attaque dans la zone de Banibangou, pr\u00e8s du Mali, o\u00f9 33 personne ...","og_url":"https:\/\/www.africa-press.net\/niger\/politique\/quinze-civils-tues-dans-louest-du-niger-pres-du-mali","og_site_name":"niger","article_published_time":"2021-08-12T10:33:25+00:00","article_modified_time":"2021-08-12T18:47:26+00:00","og_image":[{"width":1920,"height":1276,"url":"https:\/\/static.africa-press.net\/niger\/sites\/40\/2021\/08\/img-6114f64f4595a.jpg","type":"image\/jpeg"}],"author":"cfeditorfr","twitter_card":"summary_large_image","twitter_misc":{"\u00c9crit par":"cfeditorfr","Dur\u00e9e de lecture estim\u00e9e":"2 minutes"},"schema":{"@context":"https:\/\/schema.org","@graph":[{"@type":"Article","@id":"https:\/\/www.africa-press.net\/niger\/politique\/quinze-civils-tues-dans-louest-du-niger-pres-du-mali#article","isPartOf":{"@id":"https:\/\/www.africa-press.net\/niger\/politique\/quinze-civils-tues-dans-louest-du-niger-pres-du-mali"},"author":{"name":"cfeditorfr","@id":"https:\/\/www.africa-press.net\/niger\/#\/schema\/person\/2b1cf3cd81a31e3cd26889ca66d677f1"},"headline":"Quinze civils tu\u00e9s dans l&rsquo;ouest du Niger, pr\u00e8s du Mali","datePublished":"2021-08-12T10:33:25+00:00","dateModified":"2021-08-12T18:47:26+00:00","mainEntityOfPage":{"@id":"https:\/\/www.africa-press.net\/niger\/politique\/quinze-civils-tues-dans-louest-du-niger-pres-du-mali"},"wordCount":492,"commentCount":0,"image":{"@id":"https:\/\/www.africa-press.net\/niger\/politique\/quinze-civils-tues-dans-louest-du-niger-pres-du-mali#primaryimage"},"thumbnailUrl":"https:\/\/static.africa-press.net\/niger\/sites\/40\/2021\/08\/img-6114f64f4595a.jpg","keywords":["Africa Press","Africa Press-Niger","Jihadistes","Niger","Terrorisme"],"articleSection":["homepage-french","Politique","Top Nouvelles","Toutes les actualit\u00e9s"],"inLanguage":"fr-FR","potentialAction":[{"@type":"CommentAction","name":"Comment","target":["https:\/\/www.africa-press.net\/niger\/politique\/quinze-civils-tues-dans-louest-du-niger-pres-du-mali#respond"]}]},{"@type":"WebPage","@id":"https:\/\/www.africa-press.net\/niger\/politique\/quinze-civils-tues-dans-louest-du-niger-pres-du-mali","url":"https:\/\/www.africa-press.net\/niger\/politique\/quinze-civils-tues-dans-louest-du-niger-pres-du-mali","name":"Quinze civils tu\u00e9s dans l'ouest du Niger, pr\u00e8s du Mali - niger","isPartOf":{"@id":"https:\/\/www.africa-press.net\/niger\/#website"},"primaryImageOfPage":{"@id":"https:\/\/www.africa-press.net\/niger\/politique\/quinze-civils-tues-dans-louest-du-niger-pres-du-mali#primaryimage"},"image":{"@id":"https:\/\/www.africa-press.net\/niger\/politique\/quinze-civils-tues-dans-louest-du-niger-pres-du-mali#primaryimage"},"thumbnailUrl":"https:\/\/static.africa-press.net\/niger\/sites\/40\/2021\/08\/img-6114f64f4595a.jpg","datePublished":"2021-08-12T10:33:25+00:00","dateModified":"2021-08-12T18:47:26+00:00","author":{"@id":"https:\/\/www.africa-press.net\/niger\/#\/schema\/person\/2b1cf3cd81a31e3cd26889ca66d677f1"},"description":"Quinze civils ont \u00e9t\u00e9 tu\u00e9s lundi au Niger lors d'une attaque dans la zone de Banibangou, pr\u00e8s du Mali, o\u00f9 33 personne ...","breadcrumb":{"@id":"https:\/\/www.africa-press.net\/niger\/politique\/quinze-civils-tues-dans-louest-du-niger-pres-du-mali#breadcrumb"},"inLanguage":"fr-FR","potentialAction":[{"@type":"ReadAction","target":["https:\/\/www.africa-press.net\/niger\/politique\/quinze-civils-tues-dans-louest-du-niger-pres-du-mali"]}]},{"@type":"ImageObject","inLanguage":"fr-FR","@id":"https:\/\/www.africa-press.net\/niger\/politique\/quinze-civils-tues-dans-louest-du-niger-pres-du-mali#primaryimage","url":"https:\/\/static.africa-press.net\/niger\/sites\/40\/2021\/08\/img-6114f64f4595a.jpg","contentUrl":"https:\/\/static.africa-press.net\/niger\/sites\/40\/2021\/08\/img-6114f64f4595a.jpg","width":1920,"height":1276,"caption":"Quinze civils tu\u00e9s dans l'ouest du Niger, pr\u00e8s du Mali"},{"@type":"BreadcrumbList","@id":"https:\/\/www.africa-press.net\/niger\/politique\/quinze-civils-tues-dans-louest-du-niger-pres-du-mali#breadcrumb","itemListElement":[{"@type":"ListItem","position":1,"name":"Accueil","item":"https:\/\/www.africa-press.net\/niger\/"},{"@type":"ListItem","position":2,"name":"Quinze civils tu\u00e9s dans l&#8217;ouest du Niger, pr\u00e8s du Mali"}]},{"@type":"WebSite","@id":"https:\/\/www.africa-press.net\/niger\/#website","url":"https:\/\/www.africa-press.net\/niger\/","name":"niger","description":"Just another Africa News Agency Sites site","potentialAction":[{"@type":"SearchAction","target":{"@type":"EntryPoint","urlTemplate":"https:\/\/www.africa-press.net\/niger\/?s={search_term_string}"},"query-input":{"@type":"PropertyValueSpecification","valueRequired":true,"valueName":"search_term_string"}}],"inLanguage":"fr-FR"},{"@type":"Person","@id":"https:\/\/www.africa-press.net\/niger\/#\/schema\/person\/2b1cf3cd81a31e3cd26889ca66d677f1","name":"cfeditorfr"}]}},"_links":{"self":[{"href":"https:\/\/www.africa-press.net\/niger\/wp-json\/wp\/v2\/posts\/9906","targetHints":{"allow":["GET"]}}],"collection":[{"href":"https:\/\/www.africa-press.net\/niger\/wp-json\/wp\/v2\/posts"}],"about":[{"href":"https:\/\/www.africa-press.net\/niger\/wp-json\/wp\/v2\/types\/post"}],"author":[{"embeddable":true,"href":"https:\/\/www.africa-press.net\/niger\/wp-json\/wp\/v2\/users\/82"}],"replies":[{"embeddable":true,"href":"https:\/\/www.africa-press.net\/niger\/wp-json\/wp\/v2\/comments?post=9906"}],"version-history":[{"count":0,"href":"https:\/\/www.africa-press.net\/niger\/wp-json\/wp\/v2\/posts\/9906\/revisions"}],"wp:featuredmedia":[{"embeddable":true,"href":"https:\/\/www.africa-press.net\/niger\/wp-json\/wp\/v2\/media\/9905"}],"wp:attachment":[{"href":"https:\/\/www.africa-press.net\/niger\/wp-json\/wp\/v2\/media?parent=9906"}],"wp:term":[{"taxonomy":"category","embeddable":true,"href":"https:\/\/www.africa-press.net\/niger\/wp-json\/wp\/v2\/categories?post=9906"},{"taxonomy":"post_tag","embeddable":true,"href":"https:\/\/www.africa-press.net\/niger\/wp-json\/wp\/v2\/tags?post=9906"}],"curies":[{"name":"wp","href":"https:\/\/api.w.org\/{rel}","templated":true}]}}