{"id":9912,"date":"2021-08-12T10:49:09","date_gmt":"2021-08-12T10:49:09","guid":{"rendered":"https:\/\/www.africa-press.net\/niger\/?p=9912"},"modified":"2021-08-12T18:48:24","modified_gmt":"2021-08-12T18:48:24","slug":"espace-cedeao-seulement-environ-42-des-plus-de-340-millions-de-personnes-vivant-dans-la-region-ont-acces-a-lelectricite-expert","status":"publish","type":"post","link":"https:\/\/www.africa-press.net\/niger\/economie\/espace-cedeao-seulement-environ-42-des-plus-de-340-millions-de-personnes-vivant-dans-la-region-ont-acces-a-lelectricite-expert","title":{"rendered":"Espace CEDEAO : \u2018\u2019Seulement environ 42% des plus de 340 millions de personnes vivant dans la r\u00e9gion ont acc\u00e8s \u00e0 l\u2019\u00e9lectricit\u00e9 (Expert)"},"content":{"rendered":"<p><span style=\"color: #ff6600\"><strong><a href=\"https:\/\/www.africa-press.net\/\">Africa-Press<\/a> &#8211; <a href=\"https:\/\/www.africa-press.net\/niger\">Niger<\/a>. <\/strong><\/span>Un expos\u00e9 devant les parlementaires de la communaut\u00e9 \u00e9conomique des Etats de l\u2019Afrique de l\u2019Ouest (CEDEAO) sur le r\u00f4le des d\u00e9put\u00e9s dans la promotion de l\u2019efficacit\u00e9 \u00e9nerg\u00e9tique et le d\u00e9veloppement des \u00e9nergies renouvelables dans la communaut\u00e9, a relev\u00e9, ce mercredi 11 ao\u00fbt 2021, qu\u2019en Afrique de l\u2019Ouest, \u2018\u2019 \u2019Seulement environ 42% des plus de 340 millions de personnes vivant dans la r\u00e9gion ont acc\u00e8s \u00e0 l\u2019\u00e9lectricit\u00e9\u2019\u2019.<\/p>\n<p>Monsieur DOMINIC AZIMBE AZUMAH, expert, a, \u00e0 cette occasion, rappel\u00e9 que \u2018\u2019la transformation socio-\u00e9conomique de toute nation repose sur un approvisionnement et une gestion ad\u00e9quats, fiables et durables de l\u2019\u00e9nergie\u2019\u2019 car, a-t-il soutenu, qu\u2019il est av\u00e9r\u00e9 que \u2018\u2019l\u2019utilisation de l\u2019\u00e9nergie est fortement li\u00e9e \u00e0 presque toutes les dimensions perceptibles du d\u00e9veloppement\u2019\u2019, qu\u2019il s\u2019agisse de la richesse, la sant\u00e9, la nutrition, l\u2019eau, les infrastructures, l\u2019\u00e9ducation, et m\u00eame l\u2019esp\u00e9rance de vie qui sont des questions de d\u00e9veloppement qui ne peuvent \u00eatre dissoci\u00e9es de la consommation d\u2019\u00e9nergie.<\/p>\n<p>Pour cela, \u2018\u2019l\u2019\u00e9nergie est une composante incontournable du d\u00e9veloppement humain et doit \u00eatre consid\u00e9r\u00e9e comme un droit fondamental\u2019\u2019 a affirm\u00e9 l\u2019expert Dominic Azimbe.<\/p>\n<p>Cependant, tout n\u2019est pas rose en Afrique de l\u2019ouest o\u00f9 \u2018\u2019seulement environ 42% des plus de 340 millions de personnes vivant dans la r\u00e9gion ont acc\u00e8s \u00e0 l\u2019\u00e9lectricit\u00e9\u2019\u2019 a-t-il indiqu\u00e9.<\/p>\n<p>Selon l\u2019expert, l\u2019Afrique de l\u2019ouest dispose, n\u00e9anmoins, \u2018\u2019d\u2019environ un tiers des ressources p\u00e9troli\u00e8res et gazi\u00e8res du continent africain. En effet, le potentiel hydro\u00e9lectrique est estim\u00e9 \u00e0 25 000 mW, dont seulement 16% sont exploit\u00e9s. La r\u00e9gion est \u00e9galement l\u2019une des plus ensoleill\u00e9es du monde, avec un potentiel de 5 \u00e0 6 kWh\/m2\/jour\u2019\u2019.<\/p>\n<p>A tout cela s\u2019ajoutent une mauvaise r\u00e9partition et une sous exploitation des ressources \u00e9nerg\u00e9tiques. En outre les moyens de production et de transport de l\u2019\u00e9nergie sont insuffisants et v\u00e9tustes pour ceux qui existent.<\/p>\n<p>Face donc \u00e0 cette situation, et compte tenu des \u00e9normes d\u00e9fis auxquels le secteur est confront\u00e9, l\u2019expert a pr\u00e9conis\u00e9 \u2018\u2019d\u2019assurer des changements structurels dans la fa\u00e7on dont l\u2019\u00e9nergie est produite et consomm\u00e9e, afin d\u2019assurer la s\u00e9curit\u00e9 \u00e9nerg\u00e9tique et de r\u00e9duire les \u00e9missions de gaz \u00e0 effet de serre\u2019\u2019.<\/p>\n<p>Il a propos\u00e9 \u00e9galement \u00e0 la CEDEAO \u2018\u2019d\u2019adopter, entre autres, une Politique en mati\u00e8re d\u2019efficacit\u00e9 \u00e9nerg\u00e9tique dont l\u2019objectif global est de doubler l\u2019efficacit\u00e9 \u00e9nerg\u00e9tique annuelle actuelle pour atteindre des niveaux comparables \u00e0 ceux des grandes puissances\u2019\u2019.<\/p>\n<p>Parlant du r\u00f4le du parlementaire de la communaut\u00e9 dans le cadre de l\u2019am\u00e9lioration de l\u2019acc\u00e8s des populations de l\u2019espace CEDEAO \u00e0 l\u2019\u00e9lectricit\u00e9, Monsieur DOMINIC AZIMBE AZUMAH a d\u00e9clar\u00e9 que \u2018\u2019les D\u00e9put\u00e9s disposent de tous les moyens de pression n\u00e9cessaires pour faire avancer les objectifs d\u2019efficacit\u00e9 \u00e9nerg\u00e9tique\u2019\u2019.<\/p>\n<p>\u2018\u2019Ils ont le pouvoir de voter des lois, de fixer des taxes et d\u2019approuver les budgets de l\u2019\u00c9tat ; de contr\u00f4ler l\u2019action du gouvernement et d\u2019avoir un acc\u00e8s direct aux ministres, aux premiers ministres et aux pr\u00e9sidents ; d\u2019influencer la politique nationale, d\u2019\u00e9laborer des cadres juridiques viables, d\u2019orienter les d\u00e9penses vers de nouvelles initiatives ; de formuler des politiques plus strictes et de fixer des objectifs en mati\u00e8re d\u2019efficacit\u00e9 \u00e9nerg\u00e9tique\u2019\u2019 a-t-il pr\u00e9cis\u00e9.<\/p>\n<p>Ils peuvent \u00e9galement, a-t-il indiqu\u00e9, \u2018\u2019proposer ou amender des lois qui permettront de renforcer les r\u00e9gimes juridiques et politiques en faveur de la promotion et de l\u2019adoption de mesures d\u2019efficacit\u00e9 \u00e9nerg\u00e9tique\u2019\u2019.<\/p>\n<p>\u2018\u2019Concr\u00e8tement, les trois fonctions essentielles du Parlement, l\u00e9gislation, contr\u00f4le et repr\u00e9sentation, offrent diff\u00e9rents points de p\u00e9n\u00e9tration \u00e0 l\u2019action parlementaire\u2019\u2019 a-t-il poursuivi.<\/p>\n<p>Monsieur Dominic a termin\u00e9 son expos\u00e9 en proposant au parlement de la CEDEAO et \u00e0 tous les d\u00e9put\u00e9s de \u2018\u2019s\u2019engager r\u00e9solument \u00e0 initier une ambitieuse campagne d\u2019\u00e9lectrification rurale pour fournir de l\u2019\u00e9lectricit\u00e9 et d&rsquo;autres infrastructures \u00e9nerg\u00e9tiques dans les zones rurales d\u00e9favoris\u00e9es\u2019\u2019 de l\u2019espace communautaire.<\/p>\n","protected":false},"excerpt":{"rendered":"<p>Africa-Press &#8211; Niger. Un expos\u00e9 devant les parlementaires de la communaut\u00e9 \u00e9conomique des Etats de l\u2019Afrique de l\u2019Ouest (CEDEAO) sur le r\u00f4le des d\u00e9put\u00e9s dans la promotion de l\u2019efficacit\u00e9 \u00e9nerg\u00e9tique et le d\u00e9veloppement des \u00e9nergies renouvelables dans la communaut\u00e9, a relev\u00e9, ce mercredi 11 ao\u00fbt 2021, qu\u2019en Afrique de l\u2019Ouest, \u2018\u2019 \u2019Seulement environ 42% des [&hellip;]<\/p>\n","protected":false},"author":82,"featured_media":9911,"comment_status":"open","ping_status":"closed","sticky":false,"template":"","format":"standard","meta":{"footnotes":""},"categories":[3,11,10],"tags":[55,60,29],"class_list":["post-9912","post","type-post","status-publish","format-standard","has-post-thumbnail","hentry","category-economie","category-homepage-french","category-toutes-les-actualites","tag-africa-press","tag-africa-press-niger","tag-niger"],"yoast_head":"<!-- This site is optimized with the Yoast SEO Premium plugin v26.1 (Yoast SEO v27.0) - https:\/\/yoast.com\/product\/yoast-seo-premium-wordpress\/ -->\n<title>Espace CEDEAO : \u2018\u2019Seulement environ 42% des plus de 340 millions de personnes vivant dans la r\u00e9gion ont acc\u00e8s \u00e0 l\u2019\u00e9lectricit\u00e9 (Expert) - niger<\/title>\n<meta name=\"description\" content=\"Un expos\u00e9 devant les parlementaires de la communaut\u00e9 \u00e9conomique des Etats de l\u2019Afrique de l\u2019Ouest (CEDEAO) sur le r\u00f4le d ...\" \/>\n<meta name=\"robots\" content=\"index, follow, max-snippet:-1, max-image-preview:large, max-video-preview:-1\" \/>\n<link rel=\"canonical\" href=\"https:\/\/www.africa-press.net\/niger\/economie\/espace-cedeao-seulement-environ-42-des-plus-de-340-millions-de-personnes-vivant-dans-la-region-ont-acces-a-lelectricite-expert\" \/>\n<meta property=\"og:locale\" content=\"fr_FR\" \/>\n<meta property=\"og:type\" content=\"article\" \/>\n<meta property=\"og:title\" content=\"Espace CEDEAO : \u2018\u2019Seulement environ 42% des plus de 340 millions de personnes vivant dans la r\u00e9gion ont acc\u00e8s \u00e0 l\u2019\u00e9lectricit\u00e9 (Expert)\" \/>\n<meta property=\"og:description\" content=\"Un expos\u00e9 devant les parlementaires de la communaut\u00e9 \u00e9conomique des Etats de l\u2019Afrique de l\u2019Ouest (CEDEAO) sur le r\u00f4le d ...\" \/>\n<meta property=\"og:url\" content=\"https:\/\/www.africa-press.net\/niger\/economie\/espace-cedeao-seulement-environ-42-des-plus-de-340-millions-de-personnes-vivant-dans-la-region-ont-acces-a-lelectricite-expert\" \/>\n<meta property=\"og:site_name\" content=\"niger\" \/>\n<meta property=\"article:published_time\" content=\"2021-08-12T10:49:09+00:00\" \/>\n<meta property=\"article:modified_time\" content=\"2021-08-12T18:48:24+00:00\" \/>\n<meta property=\"og:image\" content=\"https:\/\/static.africa-press.net\/niger\/sites\/40\/2021\/08\/img-6114f6b95adc0.jpg\" \/>\n\t<meta property=\"og:image:width\" content=\"1080\" \/>\n\t<meta property=\"og:image:height\" content=\"720\" \/>\n\t<meta property=\"og:image:type\" content=\"image\/jpeg\" \/>\n<meta name=\"author\" content=\"cfeditorfr\" \/>\n<meta name=\"twitter:card\" content=\"summary_large_image\" \/>\n<meta name=\"twitter:label1\" content=\"\u00c9crit par\" \/>\n\t<meta name=\"twitter:data1\" content=\"cfeditorfr\" \/>\n\t<meta name=\"twitter:label2\" content=\"Dur\u00e9e de lecture estim\u00e9e\" \/>\n\t<meta name=\"twitter:data2\" content=\"3 minutes\" \/>\n<script type=\"application\/ld+json\" class=\"yoast-schema-graph\">{\"@context\":\"https:\/\/schema.org\",\"@graph\":[{\"@type\":\"Article\",\"@id\":\"https:\/\/www.africa-press.net\/niger\/economie\/espace-cedeao-seulement-environ-42-des-plus-de-340-millions-de-personnes-vivant-dans-la-region-ont-acces-a-lelectricite-expert#article\",\"isPartOf\":{\"@id\":\"https:\/\/www.africa-press.net\/niger\/economie\/espace-cedeao-seulement-environ-42-des-plus-de-340-millions-de-personnes-vivant-dans-la-region-ont-acces-a-lelectricite-expert\"},\"author\":{\"name\":\"cfeditorfr\",\"@id\":\"https:\/\/www.africa-press.net\/niger\/#\/schema\/person\/2b1cf3cd81a31e3cd26889ca66d677f1\"},\"headline\":\"Espace CEDEAO : \u2018\u2019Seulement environ 42% des plus de 340 millions de personnes vivant dans la r\u00e9gion ont acc\u00e8s \u00e0 l\u2019\u00e9lectricit\u00e9 (Expert)\",\"datePublished\":\"2021-08-12T10:49:09+00:00\",\"dateModified\":\"2021-08-12T18:48:24+00:00\",\"mainEntityOfPage\":{\"@id\":\"https:\/\/www.africa-press.net\/niger\/economie\/espace-cedeao-seulement-environ-42-des-plus-de-340-millions-de-personnes-vivant-dans-la-region-ont-acces-a-lelectricite-expert\"},\"wordCount\":713,\"commentCount\":0,\"image\":{\"@id\":\"https:\/\/www.africa-press.net\/niger\/economie\/espace-cedeao-seulement-environ-42-des-plus-de-340-millions-de-personnes-vivant-dans-la-region-ont-acces-a-lelectricite-expert#primaryimage\"},\"thumbnailUrl\":\"https:\/\/static.africa-press.net\/niger\/sites\/40\/2021\/08\/img-6114f6b95adc0.jpg\",\"keywords\":[\"Africa Press\",\"Africa Press-Niger\",\"Niger\"],\"articleSection\":[\"\u00c9conomie\",\"homepage-french\",\"Toutes les actualit\u00e9s\"],\"inLanguage\":\"fr-FR\",\"potentialAction\":[{\"@type\":\"CommentAction\",\"name\":\"Comment\",\"target\":[\"https:\/\/www.africa-press.net\/niger\/economie\/espace-cedeao-seulement-environ-42-des-plus-de-340-millions-de-personnes-vivant-dans-la-region-ont-acces-a-lelectricite-expert#respond\"]}]},{\"@type\":\"WebPage\",\"@id\":\"https:\/\/www.africa-press.net\/niger\/economie\/espace-cedeao-seulement-environ-42-des-plus-de-340-millions-de-personnes-vivant-dans-la-region-ont-acces-a-lelectricite-expert\",\"url\":\"https:\/\/www.africa-press.net\/niger\/economie\/espace-cedeao-seulement-environ-42-des-plus-de-340-millions-de-personnes-vivant-dans-la-region-ont-acces-a-lelectricite-expert\",\"name\":\"Espace CEDEAO : \u2018\u2019Seulement environ 42% des plus de 340 millions de personnes vivant dans la r\u00e9gion ont acc\u00e8s \u00e0 l\u2019\u00e9lectricit\u00e9 (Expert) - niger\",\"isPartOf\":{\"@id\":\"https:\/\/www.africa-press.net\/niger\/#website\"},\"primaryImageOfPage\":{\"@id\":\"https:\/\/www.africa-press.net\/niger\/economie\/espace-cedeao-seulement-environ-42-des-plus-de-340-millions-de-personnes-vivant-dans-la-region-ont-acces-a-lelectricite-expert#primaryimage\"},\"image\":{\"@id\":\"https:\/\/www.africa-press.net\/niger\/economie\/espace-cedeao-seulement-environ-42-des-plus-de-340-millions-de-personnes-vivant-dans-la-region-ont-acces-a-lelectricite-expert#primaryimage\"},\"thumbnailUrl\":\"https:\/\/static.africa-press.net\/niger\/sites\/40\/2021\/08\/img-6114f6b95adc0.jpg\",\"datePublished\":\"2021-08-12T10:49:09+00:00\",\"dateModified\":\"2021-08-12T18:48:24+00:00\",\"author\":{\"@id\":\"https:\/\/www.africa-press.net\/niger\/#\/schema\/person\/2b1cf3cd81a31e3cd26889ca66d677f1\"},\"description\":\"Un expos\u00e9 devant les parlementaires de la communaut\u00e9 \u00e9conomique des Etats de l\u2019Afrique de l\u2019Ouest (CEDEAO) sur le r\u00f4le d ...\",\"breadcrumb\":{\"@id\":\"https:\/\/www.africa-press.net\/niger\/economie\/espace-cedeao-seulement-environ-42-des-plus-de-340-millions-de-personnes-vivant-dans-la-region-ont-acces-a-lelectricite-expert#breadcrumb\"},\"inLanguage\":\"fr-FR\",\"potentialAction\":[{\"@type\":\"ReadAction\",\"target\":[\"https:\/\/www.africa-press.net\/niger\/economie\/espace-cedeao-seulement-environ-42-des-plus-de-340-millions-de-personnes-vivant-dans-la-region-ont-acces-a-lelectricite-expert\"]}]},{\"@type\":\"ImageObject\",\"inLanguage\":\"fr-FR\",\"@id\":\"https:\/\/www.africa-press.net\/niger\/economie\/espace-cedeao-seulement-environ-42-des-plus-de-340-millions-de-personnes-vivant-dans-la-region-ont-acces-a-lelectricite-expert#primaryimage\",\"url\":\"https:\/\/static.africa-press.net\/niger\/sites\/40\/2021\/08\/img-6114f6b95adc0.jpg\",\"contentUrl\":\"https:\/\/static.africa-press.net\/niger\/sites\/40\/2021\/08\/img-6114f6b95adc0.jpg\",\"width\":1080,\"height\":720,\"caption\":\"Espace CEDEAO : \u2018\u2019Seulement environ 42% des plus de 340 millions de personnes vivant dans la r\u00e9gion ont acc\u00e8s \u00e0 l\u2019\u00e9lectricit\u00e9 (Expert)\"},{\"@type\":\"BreadcrumbList\",\"@id\":\"https:\/\/www.africa-press.net\/niger\/economie\/espace-cedeao-seulement-environ-42-des-plus-de-340-millions-de-personnes-vivant-dans-la-region-ont-acces-a-lelectricite-expert#breadcrumb\",\"itemListElement\":[{\"@type\":\"ListItem\",\"position\":1,\"name\":\"Accueil\",\"item\":\"https:\/\/www.africa-press.net\/niger\/\"},{\"@type\":\"ListItem\",\"position\":2,\"name\":\"Espace CEDEAO : \u2018\u2019Seulement environ 42% des plus de 340 millions de personnes vivant dans la r\u00e9gion ont acc\u00e8s \u00e0 l\u2019\u00e9lectricit\u00e9 (Expert)\"}]},{\"@type\":\"WebSite\",\"@id\":\"https:\/\/www.africa-press.net\/niger\/#website\",\"url\":\"https:\/\/www.africa-press.net\/niger\/\",\"name\":\"niger\",\"description\":\"Just another Africa News Agency Sites site\",\"potentialAction\":[{\"@type\":\"SearchAction\",\"target\":{\"@type\":\"EntryPoint\",\"urlTemplate\":\"https:\/\/www.africa-press.net\/niger\/?s={search_term_string}\"},\"query-input\":{\"@type\":\"PropertyValueSpecification\",\"valueRequired\":true,\"valueName\":\"search_term_string\"}}],\"inLanguage\":\"fr-FR\"},{\"@type\":\"Person\",\"@id\":\"https:\/\/www.africa-press.net\/niger\/#\/schema\/person\/2b1cf3cd81a31e3cd26889ca66d677f1\",\"name\":\"cfeditorfr\"}]}<\/script>\n<!-- \/ Yoast SEO Premium plugin. -->","yoast_head_json":{"title":"Espace CEDEAO : \u2018\u2019Seulement environ 42% des plus de 340 millions de personnes vivant dans la r\u00e9gion ont acc\u00e8s \u00e0 l\u2019\u00e9lectricit\u00e9 (Expert) - niger","description":"Un expos\u00e9 devant les parlementaires de la communaut\u00e9 \u00e9conomique des Etats de l\u2019Afrique de l\u2019Ouest (CEDEAO) sur le r\u00f4le d ...","robots":{"index":"index","follow":"follow","max-snippet":"max-snippet:-1","max-image-preview":"max-image-preview:large","max-video-preview":"max-video-preview:-1"},"canonical":"https:\/\/www.africa-press.net\/niger\/economie\/espace-cedeao-seulement-environ-42-des-plus-de-340-millions-de-personnes-vivant-dans-la-region-ont-acces-a-lelectricite-expert","og_locale":"fr_FR","og_type":"article","og_title":"Espace CEDEAO : \u2018\u2019Seulement environ 42% des plus de 340 millions de personnes vivant dans la r\u00e9gion ont acc\u00e8s \u00e0 l\u2019\u00e9lectricit\u00e9 (Expert)","og_description":"Un expos\u00e9 devant les parlementaires de la communaut\u00e9 \u00e9conomique des Etats de l\u2019Afrique de l\u2019Ouest (CEDEAO) sur le r\u00f4le d ...","og_url":"https:\/\/www.africa-press.net\/niger\/economie\/espace-cedeao-seulement-environ-42-des-plus-de-340-millions-de-personnes-vivant-dans-la-region-ont-acces-a-lelectricite-expert","og_site_name":"niger","article_published_time":"2021-08-12T10:49:09+00:00","article_modified_time":"2021-08-12T18:48:24+00:00","og_image":[{"width":1080,"height":720,"url":"https:\/\/static.africa-press.net\/niger\/sites\/40\/2021\/08\/img-6114f6b95adc0.jpg","type":"image\/jpeg"}],"author":"cfeditorfr","twitter_card":"summary_large_image","twitter_misc":{"\u00c9crit par":"cfeditorfr","Dur\u00e9e de lecture estim\u00e9e":"3 minutes"},"schema":{"@context":"https:\/\/schema.org","@graph":[{"@type":"Article","@id":"https:\/\/www.africa-press.net\/niger\/economie\/espace-cedeao-seulement-environ-42-des-plus-de-340-millions-de-personnes-vivant-dans-la-region-ont-acces-a-lelectricite-expert#article","isPartOf":{"@id":"https:\/\/www.africa-press.net\/niger\/economie\/espace-cedeao-seulement-environ-42-des-plus-de-340-millions-de-personnes-vivant-dans-la-region-ont-acces-a-lelectricite-expert"},"author":{"name":"cfeditorfr","@id":"https:\/\/www.africa-press.net\/niger\/#\/schema\/person\/2b1cf3cd81a31e3cd26889ca66d677f1"},"headline":"Espace CEDEAO : \u2018\u2019Seulement environ 42% des plus de 340 millions de personnes vivant dans la r\u00e9gion ont acc\u00e8s \u00e0 l\u2019\u00e9lectricit\u00e9 (Expert)","datePublished":"2021-08-12T10:49:09+00:00","dateModified":"2021-08-12T18:48:24+00:00","mainEntityOfPage":{"@id":"https:\/\/www.africa-press.net\/niger\/economie\/espace-cedeao-seulement-environ-42-des-plus-de-340-millions-de-personnes-vivant-dans-la-region-ont-acces-a-lelectricite-expert"},"wordCount":713,"commentCount":0,"image":{"@id":"https:\/\/www.africa-press.net\/niger\/economie\/espace-cedeao-seulement-environ-42-des-plus-de-340-millions-de-personnes-vivant-dans-la-region-ont-acces-a-lelectricite-expert#primaryimage"},"thumbnailUrl":"https:\/\/static.africa-press.net\/niger\/sites\/40\/2021\/08\/img-6114f6b95adc0.jpg","keywords":["Africa Press","Africa Press-Niger","Niger"],"articleSection":["\u00c9conomie","homepage-french","Toutes les actualit\u00e9s"],"inLanguage":"fr-FR","potentialAction":[{"@type":"CommentAction","name":"Comment","target":["https:\/\/www.africa-press.net\/niger\/economie\/espace-cedeao-seulement-environ-42-des-plus-de-340-millions-de-personnes-vivant-dans-la-region-ont-acces-a-lelectricite-expert#respond"]}]},{"@type":"WebPage","@id":"https:\/\/www.africa-press.net\/niger\/economie\/espace-cedeao-seulement-environ-42-des-plus-de-340-millions-de-personnes-vivant-dans-la-region-ont-acces-a-lelectricite-expert","url":"https:\/\/www.africa-press.net\/niger\/economie\/espace-cedeao-seulement-environ-42-des-plus-de-340-millions-de-personnes-vivant-dans-la-region-ont-acces-a-lelectricite-expert","name":"Espace CEDEAO : \u2018\u2019Seulement environ 42% des plus de 340 millions de personnes vivant dans la r\u00e9gion ont acc\u00e8s \u00e0 l\u2019\u00e9lectricit\u00e9 (Expert) - niger","isPartOf":{"@id":"https:\/\/www.africa-press.net\/niger\/#website"},"primaryImageOfPage":{"@id":"https:\/\/www.africa-press.net\/niger\/economie\/espace-cedeao-seulement-environ-42-des-plus-de-340-millions-de-personnes-vivant-dans-la-region-ont-acces-a-lelectricite-expert#primaryimage"},"image":{"@id":"https:\/\/www.africa-press.net\/niger\/economie\/espace-cedeao-seulement-environ-42-des-plus-de-340-millions-de-personnes-vivant-dans-la-region-ont-acces-a-lelectricite-expert#primaryimage"},"thumbnailUrl":"https:\/\/static.africa-press.net\/niger\/sites\/40\/2021\/08\/img-6114f6b95adc0.jpg","datePublished":"2021-08-12T10:49:09+00:00","dateModified":"2021-08-12T18:48:24+00:00","author":{"@id":"https:\/\/www.africa-press.net\/niger\/#\/schema\/person\/2b1cf3cd81a31e3cd26889ca66d677f1"},"description":"Un expos\u00e9 devant les parlementaires de la communaut\u00e9 \u00e9conomique des Etats de l\u2019Afrique de l\u2019Ouest (CEDEAO) sur le r\u00f4le d ...","breadcrumb":{"@id":"https:\/\/www.africa-press.net\/niger\/economie\/espace-cedeao-seulement-environ-42-des-plus-de-340-millions-de-personnes-vivant-dans-la-region-ont-acces-a-lelectricite-expert#breadcrumb"},"inLanguage":"fr-FR","potentialAction":[{"@type":"ReadAction","target":["https:\/\/www.africa-press.net\/niger\/economie\/espace-cedeao-seulement-environ-42-des-plus-de-340-millions-de-personnes-vivant-dans-la-region-ont-acces-a-lelectricite-expert"]}]},{"@type":"ImageObject","inLanguage":"fr-FR","@id":"https:\/\/www.africa-press.net\/niger\/economie\/espace-cedeao-seulement-environ-42-des-plus-de-340-millions-de-personnes-vivant-dans-la-region-ont-acces-a-lelectricite-expert#primaryimage","url":"https:\/\/static.africa-press.net\/niger\/sites\/40\/2021\/08\/img-6114f6b95adc0.jpg","contentUrl":"https:\/\/static.africa-press.net\/niger\/sites\/40\/2021\/08\/img-6114f6b95adc0.jpg","width":1080,"height":720,"caption":"Espace CEDEAO : \u2018\u2019Seulement environ 42% des plus de 340 millions de personnes vivant dans la r\u00e9gion ont acc\u00e8s \u00e0 l\u2019\u00e9lectricit\u00e9 (Expert)"},{"@type":"BreadcrumbList","@id":"https:\/\/www.africa-press.net\/niger\/economie\/espace-cedeao-seulement-environ-42-des-plus-de-340-millions-de-personnes-vivant-dans-la-region-ont-acces-a-lelectricite-expert#breadcrumb","itemListElement":[{"@type":"ListItem","position":1,"name":"Accueil","item":"https:\/\/www.africa-press.net\/niger\/"},{"@type":"ListItem","position":2,"name":"Espace CEDEAO : \u2018\u2019Seulement environ 42% des plus de 340 millions de personnes vivant dans la r\u00e9gion ont acc\u00e8s \u00e0 l\u2019\u00e9lectricit\u00e9 (Expert)"}]},{"@type":"WebSite","@id":"https:\/\/www.africa-press.net\/niger\/#website","url":"https:\/\/www.africa-press.net\/niger\/","name":"niger","description":"Just another Africa News Agency Sites site","potentialAction":[{"@type":"SearchAction","target":{"@type":"EntryPoint","urlTemplate":"https:\/\/www.africa-press.net\/niger\/?s={search_term_string}"},"query-input":{"@type":"PropertyValueSpecification","valueRequired":true,"valueName":"search_term_string"}}],"inLanguage":"fr-FR"},{"@type":"Person","@id":"https:\/\/www.africa-press.net\/niger\/#\/schema\/person\/2b1cf3cd81a31e3cd26889ca66d677f1","name":"cfeditorfr"}]}},"_links":{"self":[{"href":"https:\/\/www.africa-press.net\/niger\/wp-json\/wp\/v2\/posts\/9912","targetHints":{"allow":["GET"]}}],"collection":[{"href":"https:\/\/www.africa-press.net\/niger\/wp-json\/wp\/v2\/posts"}],"about":[{"href":"https:\/\/www.africa-press.net\/niger\/wp-json\/wp\/v2\/types\/post"}],"author":[{"embeddable":true,"href":"https:\/\/www.africa-press.net\/niger\/wp-json\/wp\/v2\/users\/82"}],"replies":[{"embeddable":true,"href":"https:\/\/www.africa-press.net\/niger\/wp-json\/wp\/v2\/comments?post=9912"}],"version-history":[{"count":0,"href":"https:\/\/www.africa-press.net\/niger\/wp-json\/wp\/v2\/posts\/9912\/revisions"}],"wp:featuredmedia":[{"embeddable":true,"href":"https:\/\/www.africa-press.net\/niger\/wp-json\/wp\/v2\/media\/9911"}],"wp:attachment":[{"href":"https:\/\/www.africa-press.net\/niger\/wp-json\/wp\/v2\/media?parent=9912"}],"wp:term":[{"taxonomy":"category","embeddable":true,"href":"https:\/\/www.africa-press.net\/niger\/wp-json\/wp\/v2\/categories?post=9912"},{"taxonomy":"post_tag","embeddable":true,"href":"https:\/\/www.africa-press.net\/niger\/wp-json\/wp\/v2\/tags?post=9912"}],"curies":[{"name":"wp","href":"https:\/\/api.w.org\/{rel}","templated":true}]}}